{"id":2920,"date":"2009-08-24T18:03:12","date_gmt":"2009-08-24T16:03:12","guid":{"rendered":"http:\/\/blog.zeit.de\/joerglau\/?p=2920"},"modified":"2009-08-24T18:03:12","modified_gmt":"2009-08-24T16:03:12","slug":"die-taliban-haben-die-wahlen-gewonnen","status":"publish","type":"post","link":"https:\/\/blog.zeit.de\/joerglau\/2009\/08\/24\/die-taliban-haben-die-wahlen-gewonnen_2920","title":{"rendered":"Die Taliban haben die Wahlen gewonnen"},"content":{"rendered":"<p>Meint Leslie H. Gelb im <a href=\"http:\/\/www.thedailybeast.com\/blogs-and-stories\/2009-08-23\/why-the-taliban-won\/?cid=hp:beastoriginalsC2\">&#8222;Daily Beast&#8220;<\/a>:<\/p>\n<p><em>The only ones gloating over this presidential election seem to be the Taliban. They wanted to suppress the voter turnout to demonstrate their power, and they largely did. In southern provinces, the percentage going to the polls fell to under 10. This was a deep wound to Karzai because these areas are overwhelming Pashtun, and he\u2019s a Pashtun who expected upward of 80 percent of that vote. The low participation also demonstrated that U.S. forces, as good as they are, could not afford the protection Afghans felt they needed to cast ballots in the face of Taliban threats. And to some of those who, nonetheless, sported the purple fingers advertising their voting bravery, the Taliban carried out its threat to cut off those fingers.<\/em><\/p>\n","protected":false},"excerpt":{"rendered":"<p>Meint Leslie H. Gelb im &#8222;Daily Beast&#8220;: The only ones gloating over this presidential election seem to be the Taliban. They wanted to suppress the voter turnout to demonstrate their power, and they largely did. In southern provinces, the percentage going to the polls fell to under 10. This was a deep wound to Karzai [&hellip;]<\/p>\n","protected":false},"author":54,"featured_media":0,"comment_status":"open","ping_status":"closed","sticky":false,"template":"","format":"standard","meta":{"jetpack_post_was_ever_published":false,"footnotes":""},"categories":[151,167],"tags":[],"class_list":["post-2920","post","type-post","status-publish","format-standard","hentry","category-afghanistan","category-islamismus-und-terror"],"yoast_head":"<!-- This site is optimized with the Yoast SEO plugin v21.0 - https:\/\/yoast.com\/wordpress\/plugins\/seo\/ -->\n<title>Die Taliban haben die Wahlen gewonnen - J\u00f6rg Lau<\/title>\n<meta name=\"robots\" content=\"index, follow, max-snippet:-1, max-image-preview:large, max-video-preview:-1\" \/>\n<link rel=\"canonical\" href=\"https:\/\/blog.zeit.de\/joerglau\/2009\/08\/24\/die-taliban-haben-die-wahlen-gewonnen_2920\" \/>\n<meta property=\"og:locale\" content=\"de_DE\" \/>\n<meta property=\"og:type\" content=\"article\" \/>\n<meta property=\"og:title\" content=\"Die Taliban haben die Wahlen gewonnen - J\u00f6rg Lau\" \/>\n<meta property=\"og:description\" content=\"Meint Leslie H. Gelb im &#8222;Daily Beast&#8220;: The only ones gloating over this presidential election seem to be the Taliban. They wanted to suppress the voter turnout to demonstrate their power, and they largely did. In southern provinces, the percentage going to the polls fell to under 10. This was a deep wound to Karzai [&hellip;]\" \/>\n<meta property=\"og:url\" content=\"https:\/\/blog.zeit.de\/joerglau\/2009\/08\/24\/die-taliban-haben-die-wahlen-gewonnen_2920\" \/>\n<meta property=\"og:site_name\" content=\"J\u00f6rg Lau\" \/>\n<meta property=\"article:published_time\" content=\"2009-08-24T16:03:12+00:00\" \/>\n<meta name=\"author\" content=\"J\u00f6rg Lau\" \/>\n<meta name=\"twitter:card\" content=\"summary_large_image\" \/>\n<meta name=\"twitter:label1\" content=\"Geschrieben von\" \/>\n\t<meta name=\"twitter:data1\" content=\"J\u00f6rg Lau\" \/>\n\t<meta name=\"twitter:label2\" content=\"Gesch\u00e4tzte Lesezeit\" \/>\n\t<meta name=\"twitter:data2\" content=\"1\u00a0Minute\" \/>\n<script type=\"application\/ld+json\" class=\"yoast-schema-graph\">{\"@context\":\"https:\/\/schema.org\",\"@graph\":[{\"@type\":\"WebPage\",\"@id\":\"https:\/\/blog.zeit.de\/joerglau\/2009\/08\/24\/die-taliban-haben-die-wahlen-gewonnen_2920\",\"url\":\"https:\/\/blog.zeit.de\/joerglau\/2009\/08\/24\/die-taliban-haben-die-wahlen-gewonnen_2920\",\"name\":\"Die Taliban haben die Wahlen gewonnen - J\u00f6rg Lau\",\"isPartOf\":{\"@id\":\"https:\/\/blog.zeit.de\/joerglau\/#website\"},\"datePublished\":\"2009-08-24T16:03:12+00:00\",\"dateModified\":\"2009-08-24T16:03:12+00:00\",\"author\":{\"@id\":\"https:\/\/blog.zeit.de\/joerglau\/#\/schema\/person\/55f0be9bfac24815791fbc852b042f57\"},\"breadcrumb\":{\"@id\":\"https:\/\/blog.zeit.de\/joerglau\/2009\/08\/24\/die-taliban-haben-die-wahlen-gewonnen_2920#breadcrumb\"},\"inLanguage\":\"de\",\"potentialAction\":[{\"@type\":\"ReadAction\",\"target\":[\"https:\/\/blog.zeit.de\/joerglau\/2009\/08\/24\/die-taliban-haben-die-wahlen-gewonnen_2920\"]}]},{\"@type\":\"BreadcrumbList\",\"@id\":\"https:\/\/blog.zeit.de\/joerglau\/2009\/08\/24\/die-taliban-haben-die-wahlen-gewonnen_2920#breadcrumb\",\"itemListElement\":[{\"@type\":\"ListItem\",\"position\":1,\"name\":\"Startseite\",\"item\":\"https:\/\/blog.zeit.de\/joerglau\"},{\"@type\":\"ListItem\",\"position\":2,\"name\":\"Die Taliban haben die Wahlen gewonnen\"}]},{\"@type\":\"WebSite\",\"@id\":\"https:\/\/blog.zeit.de\/joerglau\/#website\",\"url\":\"https:\/\/blog.zeit.de\/joerglau\/\",\"name\":\"J\u00f6rg Lau\",\"description\":\"Ein Blog \u00fcber Religion und Politik\",\"potentialAction\":[{\"@type\":\"SearchAction\",\"target\":{\"@type\":\"EntryPoint\",\"urlTemplate\":\"https:\/\/blog.zeit.de\/joerglau\/?s={search_term_string}\"},\"query-input\":\"required name=search_term_string\"}],\"inLanguage\":\"de\"},{\"@type\":\"Person\",\"@id\":\"https:\/\/blog.zeit.de\/joerglau\/#\/schema\/person\/55f0be9bfac24815791fbc852b042f57\",\"name\":\"J\u00f6rg Lau\",\"image\":{\"@type\":\"ImageObject\",\"inLanguage\":\"de\",\"@id\":\"https:\/\/blog.zeit.de\/joerglau\/#\/schema\/person\/image\/\",\"url\":\"https:\/\/secure.gravatar.com\/avatar\/a5fe39bf4f5335b8bac36eefa0b41467221b1598bfea5f05159a0199e391eed0?s=96&d=mm&r=g\",\"contentUrl\":\"https:\/\/secure.gravatar.com\/avatar\/a5fe39bf4f5335b8bac36eefa0b41467221b1598bfea5f05159a0199e391eed0?s=96&d=mm&r=g\",\"caption\":\"J\u00f6rg Lau\"},\"url\":\"https:\/\/blog.zeit.de\/joerglau\/author\/joerg-lau\"}]}<\/script>\n<!-- \/ Yoast SEO plugin. -->","yoast_head_json":{"title":"Die Taliban haben die Wahlen gewonnen - J\u00f6rg Lau","robots":{"index":"index","follow":"follow","max-snippet":"max-snippet:-1","max-image-preview":"max-image-preview:large","max-video-preview":"max-video-preview:-1"},"canonical":"https:\/\/blog.zeit.de\/joerglau\/2009\/08\/24\/die-taliban-haben-die-wahlen-gewonnen_2920","og_locale":"de_DE","og_type":"article","og_title":"Die Taliban haben die Wahlen gewonnen - J\u00f6rg Lau","og_description":"Meint Leslie H. Gelb im &#8222;Daily Beast&#8220;: The only ones gloating over this presidential election seem to be the Taliban. They wanted to suppress the voter turnout to demonstrate their power, and they largely did. In southern provinces, the percentage going to the polls fell to under 10. This was a deep wound to Karzai [&hellip;]","og_url":"https:\/\/blog.zeit.de\/joerglau\/2009\/08\/24\/die-taliban-haben-die-wahlen-gewonnen_2920","og_site_name":"J\u00f6rg Lau","article_published_time":"2009-08-24T16:03:12+00:00","author":"J\u00f6rg Lau","twitter_card":"summary_large_image","twitter_misc":{"Geschrieben von":"J\u00f6rg Lau","Gesch\u00e4tzte Lesezeit":"1\u00a0Minute"},"schema":{"@context":"https:\/\/schema.org","@graph":[{"@type":"WebPage","@id":"https:\/\/blog.zeit.de\/joerglau\/2009\/08\/24\/die-taliban-haben-die-wahlen-gewonnen_2920","url":"https:\/\/blog.zeit.de\/joerglau\/2009\/08\/24\/die-taliban-haben-die-wahlen-gewonnen_2920","name":"Die Taliban haben die Wahlen gewonnen - J\u00f6rg Lau","isPartOf":{"@id":"https:\/\/blog.zeit.de\/joerglau\/#website"},"datePublished":"2009-08-24T16:03:12+00:00","dateModified":"2009-08-24T16:03:12+00:00","author":{"@id":"https:\/\/blog.zeit.de\/joerglau\/#\/schema\/person\/55f0be9bfac24815791fbc852b042f57"},"breadcrumb":{"@id":"https:\/\/blog.zeit.de\/joerglau\/2009\/08\/24\/die-taliban-haben-die-wahlen-gewonnen_2920#breadcrumb"},"inLanguage":"de","potentialAction":[{"@type":"ReadAction","target":["https:\/\/blog.zeit.de\/joerglau\/2009\/08\/24\/die-taliban-haben-die-wahlen-gewonnen_2920"]}]},{"@type":"BreadcrumbList","@id":"https:\/\/blog.zeit.de\/joerglau\/2009\/08\/24\/die-taliban-haben-die-wahlen-gewonnen_2920#breadcrumb","itemListElement":[{"@type":"ListItem","position":1,"name":"Startseite","item":"https:\/\/blog.zeit.de\/joerglau"},{"@type":"ListItem","position":2,"name":"Die Taliban haben die Wahlen gewonnen"}]},{"@type":"WebSite","@id":"https:\/\/blog.zeit.de\/joerglau\/#website","url":"https:\/\/blog.zeit.de\/joerglau\/","name":"J\u00f6rg Lau","description":"Ein Blog \u00fcber Religion und Politik","potentialAction":[{"@type":"SearchAction","target":{"@type":"EntryPoint","urlTemplate":"https:\/\/blog.zeit.de\/joerglau\/?s={search_term_string}"},"query-input":"required name=search_term_string"}],"inLanguage":"de"},{"@type":"Person","@id":"https:\/\/blog.zeit.de\/joerglau\/#\/schema\/person\/55f0be9bfac24815791fbc852b042f57","name":"J\u00f6rg Lau","image":{"@type":"ImageObject","inLanguage":"de","@id":"https:\/\/blog.zeit.de\/joerglau\/#\/schema\/person\/image\/","url":"https:\/\/secure.gravatar.com\/avatar\/a5fe39bf4f5335b8bac36eefa0b41467221b1598bfea5f05159a0199e391eed0?s=96&d=mm&r=g","contentUrl":"https:\/\/secure.gravatar.com\/avatar\/a5fe39bf4f5335b8bac36eefa0b41467221b1598bfea5f05159a0199e391eed0?s=96&d=mm&r=g","caption":"J\u00f6rg Lau"},"url":"https:\/\/blog.zeit.de\/joerglau\/author\/joerg-lau"}]}},"jetpack_featured_media_url":"","jetpack_sharing_enabled":true,"jetpack_shortlink":"https:\/\/wp.me\/pG02W-L6","_links":{"self":[{"href":"https:\/\/blog.zeit.de\/joerglau\/wp-json\/wp\/v2\/posts\/2920","targetHints":{"allow":["GET"]}}],"collection":[{"href":"https:\/\/blog.zeit.de\/joerglau\/wp-json\/wp\/v2\/posts"}],"about":[{"href":"https:\/\/blog.zeit.de\/joerglau\/wp-json\/wp\/v2\/types\/post"}],"author":[{"embeddable":true,"href":"https:\/\/blog.zeit.de\/joerglau\/wp-json\/wp\/v2\/users\/54"}],"replies":[{"embeddable":true,"href":"https:\/\/blog.zeit.de\/joerglau\/wp-json\/wp\/v2\/comments?post=2920"}],"version-history":[{"count":0,"href":"https:\/\/blog.zeit.de\/joerglau\/wp-json\/wp\/v2\/posts\/2920\/revisions"}],"wp:attachment":[{"href":"https:\/\/blog.zeit.de\/joerglau\/wp-json\/wp\/v2\/media?parent=2920"}],"wp:term":[{"taxonomy":"category","embeddable":true,"href":"https:\/\/blog.zeit.de\/joerglau\/wp-json\/wp\/v2\/categories?post=2920"},{"taxonomy":"post_tag","embeddable":true,"href":"https:\/\/blog.zeit.de\/joerglau\/wp-json\/wp\/v2\/tags?post=2920"}],"curies":[{"name":"wp","href":"https:\/\/api.w.org\/{rel}","templated":true}]}}