{"id":293,"date":"2007-02-21T22:49:07","date_gmt":"2007-02-21T20:49:07","guid":{"rendered":"http:\/\/blog.zeit.de\/joerglau\/2007\/02\/21\/ein-saudischer-intellektueller-verteidigt-den-liberalismus_293"},"modified":"2007-02-21T22:49:07","modified_gmt":"2007-02-21T20:49:07","slug":"ein-saudischer-intellektueller-verteidigt-den-liberalismus","status":"publish","type":"post","link":"https:\/\/blog.zeit.de\/joerglau\/2007\/02\/21\/ein-saudischer-intellektueller-verteidigt-den-liberalismus_293","title":{"rendered":"Ein saudischer Intellektueller verteidigt den Liberalismus"},"content":{"rendered":"<p><img loading=\"lazy\" decoding=\"async\" width=\"203\" height=\"255\" alt=\"turki.jpg\" id=\"image292\" src=\"https:\/\/blog.zeit.de\/joerglau\/files\/2007\/02\/turki.jpg\" \/><\/p>\n<p><em>Dr. Turki Al-Hamad (links)<br \/>\n<\/em><\/p>\n<p><span class=\"txtmn\">Ein erstaunlicher Essay des saudi-arabischen  Intellektuellen Turki Al-Hamad in der f\u00fchrenden arabischen Tageszeitung  <a href=\"http:\/\/www.asharq-e.com\/news.asp?section=2&#038;id=8079\">Asharq Alawsat<\/a> vom 21.2.2007:<\/span><\/p>\n<p><strong>Thoughts on Liberalism<\/strong><\/p>\n<p>&#8222;For some people, the concept of \u2018liberalism\u2019 connotes moral decay and degeneration, an anti-religious attitude and little else. For those who share this perspective, liberalism makes everything permissible and valid leaving no place for religion or morals in a liberal society.<\/p>\n<p>In this view, a liberal society is one built on the pursuit of pleasure and is comprised of individuals who are governed by their physical desires, the love of money and women, instant gratification and nothing more.<\/p>\n<p>(&#8230;)<\/p>\n<p>If indeed Western societies comply with the aforementioned description and yet they were able to dominate the world today, of which we are a part of, then it is <strong>we who are at the core of this dilemma not the West<\/strong>&#8230;<\/p>\n<p><!--more--> But if there are other faces to the truth, why should we reduce them to practices that already exist in our societies and may perhaps even be more than what is happening there. But the prevalent freedom there, which is condemned and absent here allows for us to know what transpires in their states but prohibits us from tarnishing the image of the angels in our countries. <strong>The freedom of choice, even if it involves ethically questionable practices in some respects, also indicates a freedom that lacks suppression, unrestricted freedom for research, freedom of speech without the muffling of mouths, freedom of the press without piloting, freedom of expression without limits, freedom of criticism without taboos and the freedom of belief without repression.<\/strong><\/p>\n<p>In the relationships between liberalism and morality, or liberalism and religion, the emphasis lies on the fact that liberalism is not concerned with the individual\u2019s conduct so long as it does not transgress beyond its own scope of rights and freedoms. If it does cross that line, the consequences become severe. To be morally degenerate is one\u2019s own business as long as the consequences do not harm others, such as getting drunk and driving a car or assaulting a girl in the street, for example \u2013 then it is no longer one\u2019s own business alone. <strong>Choosing to be religious or atheist is one\u2019s own call and it is what all religions have asserted. \u201cThe righteous path has become distinct from the erroneous one, let they who want to believe, believe, and let those who will it, reject.\u201d [Quranic verse]<\/strong><\/p>\n<p>Some may be shocked by such discourse, but the truth eventually imposes itself. Imposing one\u2019s belief on others, whatever the reason may be, may force them into adopting that belief superficially, however, does it penetrate their inner consciousness and transform them? This constitutes the question and is where the difference between liberal, totalitarian, theocratic or authoritarian societies lies; liberalism permits a reconciliation between an individual\u2019s internal and external being whereas all the other forms establish contradiction as the basis of the relationship between those two antipodes within individuals; which yields the phenomenon of hypocrisy.<\/p>\n<p>You may have not been a communist during the days of the Union Soviet Socialist Republic (USSR), you may have even hated communism, however you couldn\u2019t but laud it, the establishments of Lenin, the glories of Stalin, the firmness of Kruschev and the achievements of Brezhnev. <strong>The same applies to Saddam\u2019s Iraq, Assad\u2019s Syria, Qaddafi\u2019s Libya, Castro\u2019s Cuba, Mao\u2019s China, and the Iran of the Shah and Khomeini (same difference)*. Hypocrisy is the prevalent philosophy and the dominant code of conduct in such cases \u2013 and here lies the difference between liberalism and other models. Hypocrisy is absent in liberalism where the internal and external merge and all masks are dropped.&#8220;<\/strong><\/p>\n<p>*Und hier darf nat\u00fcrlich jeder Leser im Geiste erg\u00e4nzen: Das K\u00f6nigtum der Familie Saud.<\/p>\n","protected":false},"excerpt":{"rendered":"<p>Dr. Turki Al-Hamad (links) Ein erstaunlicher Essay des saudi-arabischen Intellektuellen Turki Al-Hamad in der f\u00fchrenden arabischen Tageszeitung Asharq Alawsat vom 21.2.2007: Thoughts on Liberalism &#8222;For some people, the concept of \u2018liberalism\u2019 connotes moral decay and degeneration, an anti-religious attitude and little else. For those who share this perspective, liberalism makes everything permissible and valid leaving [&hellip;]<\/p>\n","protected":false},"author":54,"featured_media":0,"comment_status":"open","ping_status":"closed","sticky":false,"template":"","format":"standard","meta":{"jetpack_post_was_ever_published":false,"footnotes":""},"categories":[155,157],"tags":[],"class_list":["post-293","post","type-post","status-publish","format-standard","hentry","category-debatte","category-die-freunde-und-die-feinde-des-islams"],"yoast_head":"<!-- This site is optimized with the Yoast SEO plugin v21.0 - https:\/\/yoast.com\/wordpress\/plugins\/seo\/ -->\n<title>Ein saudischer Intellektueller verteidigt den Liberalismus - J\u00f6rg Lau<\/title>\n<meta name=\"robots\" content=\"index, follow, max-snippet:-1, max-image-preview:large, max-video-preview:-1\" \/>\n<link rel=\"canonical\" href=\"https:\/\/blog.zeit.de\/joerglau\/2007\/02\/21\/ein-saudischer-intellektueller-verteidigt-den-liberalismus_293\" \/>\n<meta property=\"og:locale\" content=\"de_DE\" \/>\n<meta property=\"og:type\" content=\"article\" \/>\n<meta property=\"og:title\" content=\"Ein saudischer Intellektueller verteidigt den Liberalismus - J\u00f6rg Lau\" \/>\n<meta property=\"og:description\" content=\"Dr. Turki Al-Hamad (links) Ein erstaunlicher Essay des saudi-arabischen Intellektuellen Turki Al-Hamad in der f\u00fchrenden arabischen Tageszeitung Asharq Alawsat vom 21.2.2007: Thoughts on Liberalism &#8222;For some people, the concept of \u2018liberalism\u2019 connotes moral decay and degeneration, an anti-religious attitude and little else. For those who share this perspective, liberalism makes everything permissible and valid leaving [&hellip;]\" \/>\n<meta property=\"og:url\" content=\"https:\/\/blog.zeit.de\/joerglau\/2007\/02\/21\/ein-saudischer-intellektueller-verteidigt-den-liberalismus_293\" \/>\n<meta property=\"og:site_name\" content=\"J\u00f6rg Lau\" \/>\n<meta property=\"article:published_time\" content=\"2007-02-21T20:49:07+00:00\" \/>\n<meta property=\"og:image\" content=\"https:\/\/blog.zeit.de\/joerglau\/files\/2007\/02\/turki.jpg\" \/>\n<meta name=\"author\" content=\"J\u00f6rg Lau\" \/>\n<meta name=\"twitter:card\" content=\"summary_large_image\" \/>\n<meta name=\"twitter:label1\" content=\"Geschrieben von\" \/>\n\t<meta name=\"twitter:data1\" content=\"J\u00f6rg Lau\" \/>\n\t<meta name=\"twitter:label2\" content=\"Gesch\u00e4tzte Lesezeit\" \/>\n\t<meta name=\"twitter:data2\" content=\"3\u00a0Minuten\" \/>\n<script type=\"application\/ld+json\" class=\"yoast-schema-graph\">{\"@context\":\"https:\/\/schema.org\",\"@graph\":[{\"@type\":\"WebPage\",\"@id\":\"https:\/\/blog.zeit.de\/joerglau\/2007\/02\/21\/ein-saudischer-intellektueller-verteidigt-den-liberalismus_293\",\"url\":\"https:\/\/blog.zeit.de\/joerglau\/2007\/02\/21\/ein-saudischer-intellektueller-verteidigt-den-liberalismus_293\",\"name\":\"Ein saudischer Intellektueller verteidigt den Liberalismus - J\u00f6rg Lau\",\"isPartOf\":{\"@id\":\"https:\/\/blog.zeit.de\/joerglau\/#website\"},\"datePublished\":\"2007-02-21T20:49:07+00:00\",\"dateModified\":\"2007-02-21T20:49:07+00:00\",\"author\":{\"@id\":\"https:\/\/blog.zeit.de\/joerglau\/#\/schema\/person\/55f0be9bfac24815791fbc852b042f57\"},\"breadcrumb\":{\"@id\":\"https:\/\/blog.zeit.de\/joerglau\/2007\/02\/21\/ein-saudischer-intellektueller-verteidigt-den-liberalismus_293#breadcrumb\"},\"inLanguage\":\"de\",\"potentialAction\":[{\"@type\":\"ReadAction\",\"target\":[\"https:\/\/blog.zeit.de\/joerglau\/2007\/02\/21\/ein-saudischer-intellektueller-verteidigt-den-liberalismus_293\"]}]},{\"@type\":\"BreadcrumbList\",\"@id\":\"https:\/\/blog.zeit.de\/joerglau\/2007\/02\/21\/ein-saudischer-intellektueller-verteidigt-den-liberalismus_293#breadcrumb\",\"itemListElement\":[{\"@type\":\"ListItem\",\"position\":1,\"name\":\"Startseite\",\"item\":\"https:\/\/blog.zeit.de\/joerglau\"},{\"@type\":\"ListItem\",\"position\":2,\"name\":\"Ein saudischer Intellektueller verteidigt den Liberalismus\"}]},{\"@type\":\"WebSite\",\"@id\":\"https:\/\/blog.zeit.de\/joerglau\/#website\",\"url\":\"https:\/\/blog.zeit.de\/joerglau\/\",\"name\":\"J\u00f6rg Lau\",\"description\":\"Ein Blog \u00fcber Religion und Politik\",\"potentialAction\":[{\"@type\":\"SearchAction\",\"target\":{\"@type\":\"EntryPoint\",\"urlTemplate\":\"https:\/\/blog.zeit.de\/joerglau\/?s={search_term_string}\"},\"query-input\":\"required name=search_term_string\"}],\"inLanguage\":\"de\"},{\"@type\":\"Person\",\"@id\":\"https:\/\/blog.zeit.de\/joerglau\/#\/schema\/person\/55f0be9bfac24815791fbc852b042f57\",\"name\":\"J\u00f6rg Lau\",\"image\":{\"@type\":\"ImageObject\",\"inLanguage\":\"de\",\"@id\":\"https:\/\/blog.zeit.de\/joerglau\/#\/schema\/person\/image\/\",\"url\":\"https:\/\/secure.gravatar.com\/avatar\/a5fe39bf4f5335b8bac36eefa0b41467221b1598bfea5f05159a0199e391eed0?s=96&d=mm&r=g\",\"contentUrl\":\"https:\/\/secure.gravatar.com\/avatar\/a5fe39bf4f5335b8bac36eefa0b41467221b1598bfea5f05159a0199e391eed0?s=96&d=mm&r=g\",\"caption\":\"J\u00f6rg Lau\"},\"url\":\"https:\/\/blog.zeit.de\/joerglau\/author\/joerg-lau\"}]}<\/script>\n<!-- \/ Yoast SEO plugin. -->","yoast_head_json":{"title":"Ein saudischer Intellektueller verteidigt den Liberalismus - J\u00f6rg Lau","robots":{"index":"index","follow":"follow","max-snippet":"max-snippet:-1","max-image-preview":"max-image-preview:large","max-video-preview":"max-video-preview:-1"},"canonical":"https:\/\/blog.zeit.de\/joerglau\/2007\/02\/21\/ein-saudischer-intellektueller-verteidigt-den-liberalismus_293","og_locale":"de_DE","og_type":"article","og_title":"Ein saudischer Intellektueller verteidigt den Liberalismus - J\u00f6rg Lau","og_description":"Dr. Turki Al-Hamad (links) Ein erstaunlicher Essay des saudi-arabischen Intellektuellen Turki Al-Hamad in der f\u00fchrenden arabischen Tageszeitung Asharq Alawsat vom 21.2.2007: Thoughts on Liberalism &#8222;For some people, the concept of \u2018liberalism\u2019 connotes moral decay and degeneration, an anti-religious attitude and little else. For those who share this perspective, liberalism makes everything permissible and valid leaving [&hellip;]","og_url":"https:\/\/blog.zeit.de\/joerglau\/2007\/02\/21\/ein-saudischer-intellektueller-verteidigt-den-liberalismus_293","og_site_name":"J\u00f6rg Lau","article_published_time":"2007-02-21T20:49:07+00:00","og_image":[{"url":"https:\/\/blog.zeit.de\/joerglau\/files\/2007\/02\/turki.jpg"}],"author":"J\u00f6rg Lau","twitter_card":"summary_large_image","twitter_misc":{"Geschrieben von":"J\u00f6rg Lau","Gesch\u00e4tzte Lesezeit":"3\u00a0Minuten"},"schema":{"@context":"https:\/\/schema.org","@graph":[{"@type":"WebPage","@id":"https:\/\/blog.zeit.de\/joerglau\/2007\/02\/21\/ein-saudischer-intellektueller-verteidigt-den-liberalismus_293","url":"https:\/\/blog.zeit.de\/joerglau\/2007\/02\/21\/ein-saudischer-intellektueller-verteidigt-den-liberalismus_293","name":"Ein saudischer Intellektueller verteidigt den Liberalismus - J\u00f6rg Lau","isPartOf":{"@id":"https:\/\/blog.zeit.de\/joerglau\/#website"},"datePublished":"2007-02-21T20:49:07+00:00","dateModified":"2007-02-21T20:49:07+00:00","author":{"@id":"https:\/\/blog.zeit.de\/joerglau\/#\/schema\/person\/55f0be9bfac24815791fbc852b042f57"},"breadcrumb":{"@id":"https:\/\/blog.zeit.de\/joerglau\/2007\/02\/21\/ein-saudischer-intellektueller-verteidigt-den-liberalismus_293#breadcrumb"},"inLanguage":"de","potentialAction":[{"@type":"ReadAction","target":["https:\/\/blog.zeit.de\/joerglau\/2007\/02\/21\/ein-saudischer-intellektueller-verteidigt-den-liberalismus_293"]}]},{"@type":"BreadcrumbList","@id":"https:\/\/blog.zeit.de\/joerglau\/2007\/02\/21\/ein-saudischer-intellektueller-verteidigt-den-liberalismus_293#breadcrumb","itemListElement":[{"@type":"ListItem","position":1,"name":"Startseite","item":"https:\/\/blog.zeit.de\/joerglau"},{"@type":"ListItem","position":2,"name":"Ein saudischer Intellektueller verteidigt den Liberalismus"}]},{"@type":"WebSite","@id":"https:\/\/blog.zeit.de\/joerglau\/#website","url":"https:\/\/blog.zeit.de\/joerglau\/","name":"J\u00f6rg Lau","description":"Ein Blog \u00fcber Religion und Politik","potentialAction":[{"@type":"SearchAction","target":{"@type":"EntryPoint","urlTemplate":"https:\/\/blog.zeit.de\/joerglau\/?s={search_term_string}"},"query-input":"required name=search_term_string"}],"inLanguage":"de"},{"@type":"Person","@id":"https:\/\/blog.zeit.de\/joerglau\/#\/schema\/person\/55f0be9bfac24815791fbc852b042f57","name":"J\u00f6rg Lau","image":{"@type":"ImageObject","inLanguage":"de","@id":"https:\/\/blog.zeit.de\/joerglau\/#\/schema\/person\/image\/","url":"https:\/\/secure.gravatar.com\/avatar\/a5fe39bf4f5335b8bac36eefa0b41467221b1598bfea5f05159a0199e391eed0?s=96&d=mm&r=g","contentUrl":"https:\/\/secure.gravatar.com\/avatar\/a5fe39bf4f5335b8bac36eefa0b41467221b1598bfea5f05159a0199e391eed0?s=96&d=mm&r=g","caption":"J\u00f6rg Lau"},"url":"https:\/\/blog.zeit.de\/joerglau\/author\/joerg-lau"}]}},"jetpack_featured_media_url":"","jetpack_sharing_enabled":true,"jetpack_shortlink":"https:\/\/wp.me\/pG02W-4J","_links":{"self":[{"href":"https:\/\/blog.zeit.de\/joerglau\/wp-json\/wp\/v2\/posts\/293","targetHints":{"allow":["GET"]}}],"collection":[{"href":"https:\/\/blog.zeit.de\/joerglau\/wp-json\/wp\/v2\/posts"}],"about":[{"href":"https:\/\/blog.zeit.de\/joerglau\/wp-json\/wp\/v2\/types\/post"}],"author":[{"embeddable":true,"href":"https:\/\/blog.zeit.de\/joerglau\/wp-json\/wp\/v2\/users\/54"}],"replies":[{"embeddable":true,"href":"https:\/\/blog.zeit.de\/joerglau\/wp-json\/wp\/v2\/comments?post=293"}],"version-history":[{"count":0,"href":"https:\/\/blog.zeit.de\/joerglau\/wp-json\/wp\/v2\/posts\/293\/revisions"}],"wp:attachment":[{"href":"https:\/\/blog.zeit.de\/joerglau\/wp-json\/wp\/v2\/media?parent=293"}],"wp:term":[{"taxonomy":"category","embeddable":true,"href":"https:\/\/blog.zeit.de\/joerglau\/wp-json\/wp\/v2\/categories?post=293"},{"taxonomy":"post_tag","embeddable":true,"href":"https:\/\/blog.zeit.de\/joerglau\/wp-json\/wp\/v2\/tags?post=293"}],"curies":[{"name":"wp","href":"https:\/\/api.w.org\/{rel}","templated":true}]}}