{"id":2970,"date":"2009-09-07T17:46:20","date_gmt":"2009-09-07T15:46:20","guid":{"rendered":"http:\/\/blog.zeit.de\/joerglau\/?p=2970"},"modified":"2009-09-07T17:46:20","modified_gmt":"2009-09-07T15:46:20","slug":"afghanistan-die-potemkinsche-wahl","status":"publish","type":"post","link":"https:\/\/blog.zeit.de\/joerglau\/2009\/09\/07\/afghanistan-die-potemkinsche-wahl_2970","title":{"rendered":"Afghanistan: Die potemkinsche Wahl"},"content":{"rendered":"<p>Angesichts dieser Meldung wiederhole ich meine Frage von letzter Woche: Was eigentlich unterscheidet die afghanische Wahl noch &#8211; was ihre (Il)Legitimit\u00e4t angeht, von der iranischen?<\/p>\n<p><em>DPA: Neue Vorw\u00fcrfe \u00fcber massiven Wahlbetrug in Afghanistan: Nach einem Bericht der \u00abNew York Times\u00bb haben Anh\u00e4nger von Pr\u00e4sident Hamid Karsai bei der Abstimmung am 20. August bis zu 800 \u00abPhantom-Wahllokale\u00bb eingerichtet, in denen in Wirklichkeit niemand seine Stimme abgab. Aus den fiktiven Wahllokalen seien aber jeweils tausende Stimmen f\u00fcr Karsai registriert worden, berichtete das Blatt am Montag unter Berufung auf Diplomaten. \u00abWir gehen davon aus, dass 15 Prozent der Wahllokale am Wahltag niemals ge\u00f6ffnet hatten\u00bb, zitiert die Zeitung einen westlichen Diplomaten. \u00abDennoch meldeten sie tausende Stimmen f\u00fcr Karsai.\u00bb Bereits zuvor hatte es immer wieder Berichte \u00fcber Wahlbetrug zugunsten Karsais gegeben, der nach offiziellen Ausz\u00e4hlungen in F\u00fchrung liegt.<\/em><\/p>\n<p>Mehr <a href=\"http:\/\/www.nytimes.com\/2009\/09\/07\/world\/asia\/07fraud.html?_r=1&amp;ref=global-home&amp;pagewanted=print\">hier<\/a>.<\/p>\n","protected":false},"excerpt":{"rendered":"<p>Angesichts dieser Meldung wiederhole ich meine Frage von letzter Woche: Was eigentlich unterscheidet die afghanische Wahl noch &#8211; was ihre (Il)Legitimit\u00e4t angeht, von der iranischen? DPA: Neue Vorw\u00fcrfe \u00fcber massiven Wahlbetrug in Afghanistan: Nach einem Bericht der \u00abNew York Times\u00bb haben Anh\u00e4nger von Pr\u00e4sident Hamid Karsai bei der Abstimmung am 20. August bis zu 800 [&hellip;]<\/p>\n","protected":false},"author":54,"featured_media":0,"comment_status":"open","ping_status":"closed","sticky":false,"template":"","format":"standard","meta":{"jetpack_post_was_ever_published":false,"footnotes":""},"categories":[151],"tags":[],"class_list":["post-2970","post","type-post","status-publish","format-standard","hentry","category-afghanistan"],"yoast_head":"<!-- This site is optimized with the Yoast SEO plugin v21.0 - https:\/\/yoast.com\/wordpress\/plugins\/seo\/ -->\n<title>Afghanistan: Die potemkinsche Wahl - J\u00f6rg Lau<\/title>\n<meta name=\"robots\" content=\"index, follow, max-snippet:-1, max-image-preview:large, max-video-preview:-1\" \/>\n<link rel=\"canonical\" href=\"https:\/\/blog.zeit.de\/joerglau\/2009\/09\/07\/afghanistan-die-potemkinsche-wahl_2970\" \/>\n<meta property=\"og:locale\" content=\"de_DE\" \/>\n<meta property=\"og:type\" content=\"article\" \/>\n<meta property=\"og:title\" content=\"Afghanistan: Die potemkinsche Wahl - J\u00f6rg Lau\" \/>\n<meta property=\"og:description\" content=\"Angesichts dieser Meldung wiederhole ich meine Frage von letzter Woche: Was eigentlich unterscheidet die afghanische Wahl noch &#8211; was ihre (Il)Legitimit\u00e4t angeht, von der iranischen? DPA: Neue Vorw\u00fcrfe \u00fcber massiven Wahlbetrug in Afghanistan: Nach einem Bericht der \u00abNew York Times\u00bb haben Anh\u00e4nger von Pr\u00e4sident Hamid Karsai bei der Abstimmung am 20. August bis zu 800 [&hellip;]\" \/>\n<meta property=\"og:url\" content=\"https:\/\/blog.zeit.de\/joerglau\/2009\/09\/07\/afghanistan-die-potemkinsche-wahl_2970\" \/>\n<meta property=\"og:site_name\" content=\"J\u00f6rg Lau\" \/>\n<meta property=\"article:published_time\" content=\"2009-09-07T15:46:20+00:00\" \/>\n<meta name=\"author\" content=\"J\u00f6rg Lau\" \/>\n<meta name=\"twitter:card\" content=\"summary_large_image\" \/>\n<meta name=\"twitter:label1\" content=\"Geschrieben von\" \/>\n\t<meta name=\"twitter:data1\" content=\"J\u00f6rg Lau\" \/>\n\t<meta name=\"twitter:label2\" content=\"Gesch\u00e4tzte Lesezeit\" \/>\n\t<meta name=\"twitter:data2\" content=\"1\u00a0Minute\" \/>\n<script type=\"application\/ld+json\" class=\"yoast-schema-graph\">{\"@context\":\"https:\/\/schema.org\",\"@graph\":[{\"@type\":\"WebPage\",\"@id\":\"https:\/\/blog.zeit.de\/joerglau\/2009\/09\/07\/afghanistan-die-potemkinsche-wahl_2970\",\"url\":\"https:\/\/blog.zeit.de\/joerglau\/2009\/09\/07\/afghanistan-die-potemkinsche-wahl_2970\",\"name\":\"Afghanistan: Die potemkinsche Wahl - J\u00f6rg Lau\",\"isPartOf\":{\"@id\":\"https:\/\/blog.zeit.de\/joerglau\/#website\"},\"datePublished\":\"2009-09-07T15:46:20+00:00\",\"dateModified\":\"2009-09-07T15:46:20+00:00\",\"author\":{\"@id\":\"https:\/\/blog.zeit.de\/joerglau\/#\/schema\/person\/55f0be9bfac24815791fbc852b042f57\"},\"breadcrumb\":{\"@id\":\"https:\/\/blog.zeit.de\/joerglau\/2009\/09\/07\/afghanistan-die-potemkinsche-wahl_2970#breadcrumb\"},\"inLanguage\":\"de\",\"potentialAction\":[{\"@type\":\"ReadAction\",\"target\":[\"https:\/\/blog.zeit.de\/joerglau\/2009\/09\/07\/afghanistan-die-potemkinsche-wahl_2970\"]}]},{\"@type\":\"BreadcrumbList\",\"@id\":\"https:\/\/blog.zeit.de\/joerglau\/2009\/09\/07\/afghanistan-die-potemkinsche-wahl_2970#breadcrumb\",\"itemListElement\":[{\"@type\":\"ListItem\",\"position\":1,\"name\":\"Startseite\",\"item\":\"https:\/\/blog.zeit.de\/joerglau\"},{\"@type\":\"ListItem\",\"position\":2,\"name\":\"Afghanistan: Die potemkinsche Wahl\"}]},{\"@type\":\"WebSite\",\"@id\":\"https:\/\/blog.zeit.de\/joerglau\/#website\",\"url\":\"https:\/\/blog.zeit.de\/joerglau\/\",\"name\":\"J\u00f6rg Lau\",\"description\":\"Ein Blog \u00fcber Religion und Politik\",\"potentialAction\":[{\"@type\":\"SearchAction\",\"target\":{\"@type\":\"EntryPoint\",\"urlTemplate\":\"https:\/\/blog.zeit.de\/joerglau\/?s={search_term_string}\"},\"query-input\":\"required name=search_term_string\"}],\"inLanguage\":\"de\"},{\"@type\":\"Person\",\"@id\":\"https:\/\/blog.zeit.de\/joerglau\/#\/schema\/person\/55f0be9bfac24815791fbc852b042f57\",\"name\":\"J\u00f6rg Lau\",\"image\":{\"@type\":\"ImageObject\",\"inLanguage\":\"de\",\"@id\":\"https:\/\/blog.zeit.de\/joerglau\/#\/schema\/person\/image\/\",\"url\":\"https:\/\/secure.gravatar.com\/avatar\/a5fe39bf4f5335b8bac36eefa0b41467221b1598bfea5f05159a0199e391eed0?s=96&d=mm&r=g\",\"contentUrl\":\"https:\/\/secure.gravatar.com\/avatar\/a5fe39bf4f5335b8bac36eefa0b41467221b1598bfea5f05159a0199e391eed0?s=96&d=mm&r=g\",\"caption\":\"J\u00f6rg Lau\"},\"url\":\"https:\/\/blog.zeit.de\/joerglau\/author\/joerg-lau\"}]}<\/script>\n<!-- \/ Yoast SEO plugin. -->","yoast_head_json":{"title":"Afghanistan: Die potemkinsche Wahl - J\u00f6rg Lau","robots":{"index":"index","follow":"follow","max-snippet":"max-snippet:-1","max-image-preview":"max-image-preview:large","max-video-preview":"max-video-preview:-1"},"canonical":"https:\/\/blog.zeit.de\/joerglau\/2009\/09\/07\/afghanistan-die-potemkinsche-wahl_2970","og_locale":"de_DE","og_type":"article","og_title":"Afghanistan: Die potemkinsche Wahl - J\u00f6rg Lau","og_description":"Angesichts dieser Meldung wiederhole ich meine Frage von letzter Woche: Was eigentlich unterscheidet die afghanische Wahl noch &#8211; was ihre (Il)Legitimit\u00e4t angeht, von der iranischen? DPA: Neue Vorw\u00fcrfe \u00fcber massiven Wahlbetrug in Afghanistan: Nach einem Bericht der \u00abNew York Times\u00bb haben Anh\u00e4nger von Pr\u00e4sident Hamid Karsai bei der Abstimmung am 20. August bis zu 800 [&hellip;]","og_url":"https:\/\/blog.zeit.de\/joerglau\/2009\/09\/07\/afghanistan-die-potemkinsche-wahl_2970","og_site_name":"J\u00f6rg Lau","article_published_time":"2009-09-07T15:46:20+00:00","author":"J\u00f6rg Lau","twitter_card":"summary_large_image","twitter_misc":{"Geschrieben von":"J\u00f6rg Lau","Gesch\u00e4tzte Lesezeit":"1\u00a0Minute"},"schema":{"@context":"https:\/\/schema.org","@graph":[{"@type":"WebPage","@id":"https:\/\/blog.zeit.de\/joerglau\/2009\/09\/07\/afghanistan-die-potemkinsche-wahl_2970","url":"https:\/\/blog.zeit.de\/joerglau\/2009\/09\/07\/afghanistan-die-potemkinsche-wahl_2970","name":"Afghanistan: Die potemkinsche Wahl - J\u00f6rg Lau","isPartOf":{"@id":"https:\/\/blog.zeit.de\/joerglau\/#website"},"datePublished":"2009-09-07T15:46:20+00:00","dateModified":"2009-09-07T15:46:20+00:00","author":{"@id":"https:\/\/blog.zeit.de\/joerglau\/#\/schema\/person\/55f0be9bfac24815791fbc852b042f57"},"breadcrumb":{"@id":"https:\/\/blog.zeit.de\/joerglau\/2009\/09\/07\/afghanistan-die-potemkinsche-wahl_2970#breadcrumb"},"inLanguage":"de","potentialAction":[{"@type":"ReadAction","target":["https:\/\/blog.zeit.de\/joerglau\/2009\/09\/07\/afghanistan-die-potemkinsche-wahl_2970"]}]},{"@type":"BreadcrumbList","@id":"https:\/\/blog.zeit.de\/joerglau\/2009\/09\/07\/afghanistan-die-potemkinsche-wahl_2970#breadcrumb","itemListElement":[{"@type":"ListItem","position":1,"name":"Startseite","item":"https:\/\/blog.zeit.de\/joerglau"},{"@type":"ListItem","position":2,"name":"Afghanistan: Die potemkinsche Wahl"}]},{"@type":"WebSite","@id":"https:\/\/blog.zeit.de\/joerglau\/#website","url":"https:\/\/blog.zeit.de\/joerglau\/","name":"J\u00f6rg Lau","description":"Ein Blog \u00fcber Religion und Politik","potentialAction":[{"@type":"SearchAction","target":{"@type":"EntryPoint","urlTemplate":"https:\/\/blog.zeit.de\/joerglau\/?s={search_term_string}"},"query-input":"required name=search_term_string"}],"inLanguage":"de"},{"@type":"Person","@id":"https:\/\/blog.zeit.de\/joerglau\/#\/schema\/person\/55f0be9bfac24815791fbc852b042f57","name":"J\u00f6rg Lau","image":{"@type":"ImageObject","inLanguage":"de","@id":"https:\/\/blog.zeit.de\/joerglau\/#\/schema\/person\/image\/","url":"https:\/\/secure.gravatar.com\/avatar\/a5fe39bf4f5335b8bac36eefa0b41467221b1598bfea5f05159a0199e391eed0?s=96&d=mm&r=g","contentUrl":"https:\/\/secure.gravatar.com\/avatar\/a5fe39bf4f5335b8bac36eefa0b41467221b1598bfea5f05159a0199e391eed0?s=96&d=mm&r=g","caption":"J\u00f6rg Lau"},"url":"https:\/\/blog.zeit.de\/joerglau\/author\/joerg-lau"}]}},"jetpack_featured_media_url":"","jetpack_sharing_enabled":true,"jetpack_shortlink":"https:\/\/wp.me\/pG02W-LU","_links":{"self":[{"href":"https:\/\/blog.zeit.de\/joerglau\/wp-json\/wp\/v2\/posts\/2970","targetHints":{"allow":["GET"]}}],"collection":[{"href":"https:\/\/blog.zeit.de\/joerglau\/wp-json\/wp\/v2\/posts"}],"about":[{"href":"https:\/\/blog.zeit.de\/joerglau\/wp-json\/wp\/v2\/types\/post"}],"author":[{"embeddable":true,"href":"https:\/\/blog.zeit.de\/joerglau\/wp-json\/wp\/v2\/users\/54"}],"replies":[{"embeddable":true,"href":"https:\/\/blog.zeit.de\/joerglau\/wp-json\/wp\/v2\/comments?post=2970"}],"version-history":[{"count":0,"href":"https:\/\/blog.zeit.de\/joerglau\/wp-json\/wp\/v2\/posts\/2970\/revisions"}],"wp:attachment":[{"href":"https:\/\/blog.zeit.de\/joerglau\/wp-json\/wp\/v2\/media?parent=2970"}],"wp:term":[{"taxonomy":"category","embeddable":true,"href":"https:\/\/blog.zeit.de\/joerglau\/wp-json\/wp\/v2\/categories?post=2970"},{"taxonomy":"post_tag","embeddable":true,"href":"https:\/\/blog.zeit.de\/joerglau\/wp-json\/wp\/v2\/tags?post=2970"}],"curies":[{"name":"wp","href":"https:\/\/api.w.org\/{rel}","templated":true}]}}