{"id":3033,"date":"2009-09-16T17:22:36","date_gmt":"2009-09-16T15:22:36","guid":{"rendered":"http:\/\/blog.zeit.de\/joerglau\/?p=3033"},"modified":"2009-09-16T17:22:36","modified_gmt":"2009-09-16T15:22:36","slug":"warum-wir-jetzt-gerade-mit-iran-reden-mussen","status":"publish","type":"post","link":"https:\/\/blog.zeit.de\/joerglau\/2009\/09\/16\/warum-wir-jetzt-gerade-mit-iran-reden-mussen_3033","title":{"rendered":"Warum wir jetzt gerade mit Iran reden m\u00fcssen"},"content":{"rendered":"<p>Bezieungsweise nicht wir, die das immer schon getan haben, sondern die Amerikaner, die in 30 Jahren Diplomatiepause nichts, nichts und wieder nichts dagegen haben tun k\u00f6nnen, dass Iran zur regionalen Vormacht aufsteigt. Nicht einmal die Unterst\u00fctzung eines Krieges gegen Iran hat geholfen.<\/p>\n<p>Unterdessen haben die Amerikaner sei drei Jahrzehnten kein direktes Wissen \u00fcber Iran aus eigenen Kontakten. Alles l\u00e4uft \u00fcber Mittelsm\u00e4nner wie die Europ\u00e4er und die Schweizer im Besonderen. Geheimdienstinformationen aus Iran sind nahe Null, weil ohne Botschaft auch das Spionage-Gesch\u00e4ft leidet.<\/p>\n<p>Alle Infos \u00fcber das Nuklearprogramm kommen von Oppostionsgruppen und \u00dcberl\u00e4ufern. Und man weiss in den USA eben nicht mehr, wie man mit Iranern \u00fcberhaupt umgehen soll.<\/p>\n<p>Das wird sich nun bald \u00e4ndern, nachdem die amerikanische Regierung das Angebot der Iraner angenommen hat, im n\u00e4chsten Monat\u00a0 in Gespr\u00e4che einzusteigen.<\/p>\n<p>Roger Cohen, der w\u00e4hrend der brutalen Unterdr\u00fcckung nach den Wahlen im Land war,<a href=\"http:\/\/www.nytimes.com\/2009\/09\/17\/opinion\/17iht-edcohen.html?ref=global&amp;pagewanted=print\"> unterst\u00fctzt dies<\/a> mit Bauchschmerzen:<\/p>\n<p><em>&#8222;This is an ugly moment for diplomacy; the clampdown in Iran continues. But then nor were the situations in the Soviet Union or China propitious when breakthroughs were achieved. America must continue to press for the release of political prisoners and respect of human rights in Iran.<\/em><\/p>\n<p><em>In the end, talks are essential because there is no viable alternative. Benjamin Netanyahu, the Israeli prime minister, said recently that \u201cnow is the time to start harsh sanctions against Iran.\u201d But Iran is inured to sanctions after years of living with them and knows that its years of cultivating Russia and China (no mention of the plight of Chechen or Uighur Muslims) will pay. Iran is in effect a Russian ally.<\/em><\/p>\n<p><em> I cannot see any deal that will not at some point trade controlled Iranian enrichment on its soil against insistence that Iran accept the vigorous inspections of the I.A.E.A. Additional Protocol and a 24\/7 I.A.E.A. presence. The time is approaching for the United States and its allies to abandon \u201czero enrichment\u201d as a goal \u2014 it\u2019s no longer feasible \u2014 and concentrate on how to exclude weaponization, cap enrichment and ensure Iran believes the price for breaking any accord will be heavy.&#8220;<\/em><\/p>\n","protected":false},"excerpt":{"rendered":"<p>Bezieungsweise nicht wir, die das immer schon getan haben, sondern die Amerikaner, die in 30 Jahren Diplomatiepause nichts, nichts und wieder nichts dagegen haben tun k\u00f6nnen, dass Iran zur regionalen Vormacht aufsteigt. Nicht einmal die Unterst\u00fctzung eines Krieges gegen Iran hat geholfen. Unterdessen haben die Amerikaner sei drei Jahrzehnten kein direktes Wissen \u00fcber Iran aus [&hellip;]<\/p>\n","protected":false},"author":54,"featured_media":0,"comment_status":"open","ping_status":"closed","sticky":false,"template":"","format":"standard","meta":{"jetpack_post_was_ever_published":false,"footnotes":""},"categories":[166,125],"tags":[],"class_list":["post-3033","post","type-post","status-publish","format-standard","hentry","category-iran","category-usa"],"yoast_head":"<!-- This site is optimized with the Yoast SEO plugin v21.0 - https:\/\/yoast.com\/wordpress\/plugins\/seo\/ -->\n<title>Warum wir jetzt gerade mit Iran reden m\u00fcssen - J\u00f6rg Lau<\/title>\n<meta name=\"robots\" content=\"index, follow, max-snippet:-1, max-image-preview:large, max-video-preview:-1\" \/>\n<link rel=\"canonical\" href=\"https:\/\/blog.zeit.de\/joerglau\/2009\/09\/16\/warum-wir-jetzt-gerade-mit-iran-reden-mussen_3033\" \/>\n<meta property=\"og:locale\" content=\"de_DE\" \/>\n<meta property=\"og:type\" content=\"article\" \/>\n<meta property=\"og:title\" content=\"Warum wir jetzt gerade mit Iran reden m\u00fcssen - J\u00f6rg Lau\" \/>\n<meta property=\"og:description\" content=\"Bezieungsweise nicht wir, die das immer schon getan haben, sondern die Amerikaner, die in 30 Jahren Diplomatiepause nichts, nichts und wieder nichts dagegen haben tun k\u00f6nnen, dass Iran zur regionalen Vormacht aufsteigt. Nicht einmal die Unterst\u00fctzung eines Krieges gegen Iran hat geholfen. Unterdessen haben die Amerikaner sei drei Jahrzehnten kein direktes Wissen \u00fcber Iran aus [&hellip;]\" \/>\n<meta property=\"og:url\" content=\"https:\/\/blog.zeit.de\/joerglau\/2009\/09\/16\/warum-wir-jetzt-gerade-mit-iran-reden-mussen_3033\" \/>\n<meta property=\"og:site_name\" content=\"J\u00f6rg Lau\" \/>\n<meta property=\"article:published_time\" content=\"2009-09-16T15:22:36+00:00\" \/>\n<meta name=\"author\" content=\"J\u00f6rg Lau\" \/>\n<meta name=\"twitter:card\" content=\"summary_large_image\" \/>\n<meta name=\"twitter:label1\" content=\"Geschrieben von\" \/>\n\t<meta name=\"twitter:data1\" content=\"J\u00f6rg Lau\" \/>\n\t<meta name=\"twitter:label2\" content=\"Gesch\u00e4tzte Lesezeit\" \/>\n\t<meta name=\"twitter:data2\" content=\"2\u00a0Minuten\" \/>\n<script type=\"application\/ld+json\" class=\"yoast-schema-graph\">{\"@context\":\"https:\/\/schema.org\",\"@graph\":[{\"@type\":\"WebPage\",\"@id\":\"https:\/\/blog.zeit.de\/joerglau\/2009\/09\/16\/warum-wir-jetzt-gerade-mit-iran-reden-mussen_3033\",\"url\":\"https:\/\/blog.zeit.de\/joerglau\/2009\/09\/16\/warum-wir-jetzt-gerade-mit-iran-reden-mussen_3033\",\"name\":\"Warum wir jetzt gerade mit Iran reden m\u00fcssen - J\u00f6rg Lau\",\"isPartOf\":{\"@id\":\"https:\/\/blog.zeit.de\/joerglau\/#website\"},\"datePublished\":\"2009-09-16T15:22:36+00:00\",\"dateModified\":\"2009-09-16T15:22:36+00:00\",\"author\":{\"@id\":\"https:\/\/blog.zeit.de\/joerglau\/#\/schema\/person\/55f0be9bfac24815791fbc852b042f57\"},\"breadcrumb\":{\"@id\":\"https:\/\/blog.zeit.de\/joerglau\/2009\/09\/16\/warum-wir-jetzt-gerade-mit-iran-reden-mussen_3033#breadcrumb\"},\"inLanguage\":\"de\",\"potentialAction\":[{\"@type\":\"ReadAction\",\"target\":[\"https:\/\/blog.zeit.de\/joerglau\/2009\/09\/16\/warum-wir-jetzt-gerade-mit-iran-reden-mussen_3033\"]}]},{\"@type\":\"BreadcrumbList\",\"@id\":\"https:\/\/blog.zeit.de\/joerglau\/2009\/09\/16\/warum-wir-jetzt-gerade-mit-iran-reden-mussen_3033#breadcrumb\",\"itemListElement\":[{\"@type\":\"ListItem\",\"position\":1,\"name\":\"Startseite\",\"item\":\"https:\/\/blog.zeit.de\/joerglau\"},{\"@type\":\"ListItem\",\"position\":2,\"name\":\"Warum wir jetzt gerade mit Iran reden m\u00fcssen\"}]},{\"@type\":\"WebSite\",\"@id\":\"https:\/\/blog.zeit.de\/joerglau\/#website\",\"url\":\"https:\/\/blog.zeit.de\/joerglau\/\",\"name\":\"J\u00f6rg Lau\",\"description\":\"Ein Blog \u00fcber Religion und Politik\",\"potentialAction\":[{\"@type\":\"SearchAction\",\"target\":{\"@type\":\"EntryPoint\",\"urlTemplate\":\"https:\/\/blog.zeit.de\/joerglau\/?s={search_term_string}\"},\"query-input\":\"required name=search_term_string\"}],\"inLanguage\":\"de\"},{\"@type\":\"Person\",\"@id\":\"https:\/\/blog.zeit.de\/joerglau\/#\/schema\/person\/55f0be9bfac24815791fbc852b042f57\",\"name\":\"J\u00f6rg Lau\",\"image\":{\"@type\":\"ImageObject\",\"inLanguage\":\"de\",\"@id\":\"https:\/\/blog.zeit.de\/joerglau\/#\/schema\/person\/image\/\",\"url\":\"https:\/\/secure.gravatar.com\/avatar\/a5fe39bf4f5335b8bac36eefa0b41467221b1598bfea5f05159a0199e391eed0?s=96&d=mm&r=g\",\"contentUrl\":\"https:\/\/secure.gravatar.com\/avatar\/a5fe39bf4f5335b8bac36eefa0b41467221b1598bfea5f05159a0199e391eed0?s=96&d=mm&r=g\",\"caption\":\"J\u00f6rg Lau\"},\"url\":\"https:\/\/blog.zeit.de\/joerglau\/author\/joerg-lau\"}]}<\/script>\n<!-- \/ Yoast SEO plugin. -->","yoast_head_json":{"title":"Warum wir jetzt gerade mit Iran reden m\u00fcssen - J\u00f6rg Lau","robots":{"index":"index","follow":"follow","max-snippet":"max-snippet:-1","max-image-preview":"max-image-preview:large","max-video-preview":"max-video-preview:-1"},"canonical":"https:\/\/blog.zeit.de\/joerglau\/2009\/09\/16\/warum-wir-jetzt-gerade-mit-iran-reden-mussen_3033","og_locale":"de_DE","og_type":"article","og_title":"Warum wir jetzt gerade mit Iran reden m\u00fcssen - J\u00f6rg Lau","og_description":"Bezieungsweise nicht wir, die das immer schon getan haben, sondern die Amerikaner, die in 30 Jahren Diplomatiepause nichts, nichts und wieder nichts dagegen haben tun k\u00f6nnen, dass Iran zur regionalen Vormacht aufsteigt. Nicht einmal die Unterst\u00fctzung eines Krieges gegen Iran hat geholfen. Unterdessen haben die Amerikaner sei drei Jahrzehnten kein direktes Wissen \u00fcber Iran aus [&hellip;]","og_url":"https:\/\/blog.zeit.de\/joerglau\/2009\/09\/16\/warum-wir-jetzt-gerade-mit-iran-reden-mussen_3033","og_site_name":"J\u00f6rg Lau","article_published_time":"2009-09-16T15:22:36+00:00","author":"J\u00f6rg Lau","twitter_card":"summary_large_image","twitter_misc":{"Geschrieben von":"J\u00f6rg Lau","Gesch\u00e4tzte Lesezeit":"2\u00a0Minuten"},"schema":{"@context":"https:\/\/schema.org","@graph":[{"@type":"WebPage","@id":"https:\/\/blog.zeit.de\/joerglau\/2009\/09\/16\/warum-wir-jetzt-gerade-mit-iran-reden-mussen_3033","url":"https:\/\/blog.zeit.de\/joerglau\/2009\/09\/16\/warum-wir-jetzt-gerade-mit-iran-reden-mussen_3033","name":"Warum wir jetzt gerade mit Iran reden m\u00fcssen - J\u00f6rg Lau","isPartOf":{"@id":"https:\/\/blog.zeit.de\/joerglau\/#website"},"datePublished":"2009-09-16T15:22:36+00:00","dateModified":"2009-09-16T15:22:36+00:00","author":{"@id":"https:\/\/blog.zeit.de\/joerglau\/#\/schema\/person\/55f0be9bfac24815791fbc852b042f57"},"breadcrumb":{"@id":"https:\/\/blog.zeit.de\/joerglau\/2009\/09\/16\/warum-wir-jetzt-gerade-mit-iran-reden-mussen_3033#breadcrumb"},"inLanguage":"de","potentialAction":[{"@type":"ReadAction","target":["https:\/\/blog.zeit.de\/joerglau\/2009\/09\/16\/warum-wir-jetzt-gerade-mit-iran-reden-mussen_3033"]}]},{"@type":"BreadcrumbList","@id":"https:\/\/blog.zeit.de\/joerglau\/2009\/09\/16\/warum-wir-jetzt-gerade-mit-iran-reden-mussen_3033#breadcrumb","itemListElement":[{"@type":"ListItem","position":1,"name":"Startseite","item":"https:\/\/blog.zeit.de\/joerglau"},{"@type":"ListItem","position":2,"name":"Warum wir jetzt gerade mit Iran reden m\u00fcssen"}]},{"@type":"WebSite","@id":"https:\/\/blog.zeit.de\/joerglau\/#website","url":"https:\/\/blog.zeit.de\/joerglau\/","name":"J\u00f6rg Lau","description":"Ein Blog \u00fcber Religion und Politik","potentialAction":[{"@type":"SearchAction","target":{"@type":"EntryPoint","urlTemplate":"https:\/\/blog.zeit.de\/joerglau\/?s={search_term_string}"},"query-input":"required name=search_term_string"}],"inLanguage":"de"},{"@type":"Person","@id":"https:\/\/blog.zeit.de\/joerglau\/#\/schema\/person\/55f0be9bfac24815791fbc852b042f57","name":"J\u00f6rg Lau","image":{"@type":"ImageObject","inLanguage":"de","@id":"https:\/\/blog.zeit.de\/joerglau\/#\/schema\/person\/image\/","url":"https:\/\/secure.gravatar.com\/avatar\/a5fe39bf4f5335b8bac36eefa0b41467221b1598bfea5f05159a0199e391eed0?s=96&d=mm&r=g","contentUrl":"https:\/\/secure.gravatar.com\/avatar\/a5fe39bf4f5335b8bac36eefa0b41467221b1598bfea5f05159a0199e391eed0?s=96&d=mm&r=g","caption":"J\u00f6rg Lau"},"url":"https:\/\/blog.zeit.de\/joerglau\/author\/joerg-lau"}]}},"jetpack_featured_media_url":"","jetpack_sharing_enabled":true,"jetpack_shortlink":"https:\/\/wp.me\/pG02W-MV","_links":{"self":[{"href":"https:\/\/blog.zeit.de\/joerglau\/wp-json\/wp\/v2\/posts\/3033","targetHints":{"allow":["GET"]}}],"collection":[{"href":"https:\/\/blog.zeit.de\/joerglau\/wp-json\/wp\/v2\/posts"}],"about":[{"href":"https:\/\/blog.zeit.de\/joerglau\/wp-json\/wp\/v2\/types\/post"}],"author":[{"embeddable":true,"href":"https:\/\/blog.zeit.de\/joerglau\/wp-json\/wp\/v2\/users\/54"}],"replies":[{"embeddable":true,"href":"https:\/\/blog.zeit.de\/joerglau\/wp-json\/wp\/v2\/comments?post=3033"}],"version-history":[{"count":0,"href":"https:\/\/blog.zeit.de\/joerglau\/wp-json\/wp\/v2\/posts\/3033\/revisions"}],"wp:attachment":[{"href":"https:\/\/blog.zeit.de\/joerglau\/wp-json\/wp\/v2\/media?parent=3033"}],"wp:term":[{"taxonomy":"category","embeddable":true,"href":"https:\/\/blog.zeit.de\/joerglau\/wp-json\/wp\/v2\/categories?post=3033"},{"taxonomy":"post_tag","embeddable":true,"href":"https:\/\/blog.zeit.de\/joerglau\/wp-json\/wp\/v2\/tags?post=3033"}],"curies":[{"name":"wp","href":"https:\/\/api.w.org\/{rel}","templated":true}]}}