{"id":3060,"date":"2009-09-25T12:11:35","date_gmt":"2009-09-25T10:11:35","guid":{"rendered":"http:\/\/blog.zeit.de\/joerglau\/?p=3060"},"modified":"2009-09-25T12:11:35","modified_gmt":"2009-09-25T10:11:35","slug":"etwas-dreht-sich-in-der-afghanistan-debatte","status":"publish","type":"post","link":"https:\/\/blog.zeit.de\/joerglau\/2009\/09\/25\/etwas-dreht-sich-in-der-afghanistan-debatte_3060","title":{"rendered":"Etwas dreht sich in der Afghanistan-Debatte"},"content":{"rendered":"<p>Auch in den USA. Heute stolpere ich \u00fcber dieses Zitat meines Lieblingsbloggers <a href=\"http:\/\/andrewsullivan.theatlantic.com\/the_daily_dish\/2009\/09\/what-withdrawing-may-mean.html#more\">Andrew Sullivan<\/a>, fr\u00fcher ein verl\u00e4sslicher Unterst\u00fctzer des Krieges gegen die Taliban:<\/p>\n<p style=\"text-align: center;\"><em>&#8222;The Islamist world is a brutal, backward, bigoted miasma. The idea that we can change this with troops, or that its continuation is somehow America&#8217;s responsibility, is, tragically, misguided.&#8220;<\/em><\/p>\n<p style=\"text-align: left;\">Mancher bereitet<em> <\/em>den innerlichen Truppenabzug vor.<em><br \/>\n<\/em><\/p>\n<p style=\"text-align: center;\">\n","protected":false},"excerpt":{"rendered":"<p>Auch in den USA. Heute stolpere ich \u00fcber dieses Zitat meines Lieblingsbloggers Andrew Sullivan, fr\u00fcher ein verl\u00e4sslicher Unterst\u00fctzer des Krieges gegen die Taliban: &#8222;The Islamist world is a brutal, backward, bigoted miasma. The idea that we can change this with troops, or that its continuation is somehow America&#8217;s responsibility, is, tragically, misguided.&#8220; Mancher bereitet den [&hellip;]<\/p>\n","protected":false},"author":54,"featured_media":0,"comment_status":"open","ping_status":"closed","sticky":false,"template":"","format":"standard","meta":{"jetpack_post_was_ever_published":false,"footnotes":""},"categories":[151,125],"tags":[],"class_list":["post-3060","post","type-post","status-publish","format-standard","hentry","category-afghanistan","category-usa"],"yoast_head":"<!-- This site is optimized with the Yoast SEO plugin v21.0 - https:\/\/yoast.com\/wordpress\/plugins\/seo\/ -->\n<title>Etwas dreht sich in der Afghanistan-Debatte - J\u00f6rg Lau<\/title>\n<meta name=\"robots\" content=\"index, follow, max-snippet:-1, max-image-preview:large, max-video-preview:-1\" \/>\n<link rel=\"canonical\" href=\"https:\/\/blog.zeit.de\/joerglau\/2009\/09\/25\/etwas-dreht-sich-in-der-afghanistan-debatte_3060\" \/>\n<meta property=\"og:locale\" content=\"de_DE\" \/>\n<meta property=\"og:type\" content=\"article\" \/>\n<meta property=\"og:title\" content=\"Etwas dreht sich in der Afghanistan-Debatte - J\u00f6rg Lau\" \/>\n<meta property=\"og:description\" content=\"Auch in den USA. Heute stolpere ich \u00fcber dieses Zitat meines Lieblingsbloggers Andrew Sullivan, fr\u00fcher ein verl\u00e4sslicher Unterst\u00fctzer des Krieges gegen die Taliban: &#8222;The Islamist world is a brutal, backward, bigoted miasma. The idea that we can change this with troops, or that its continuation is somehow America&#8217;s responsibility, is, tragically, misguided.&#8220; Mancher bereitet den [&hellip;]\" \/>\n<meta property=\"og:url\" content=\"https:\/\/blog.zeit.de\/joerglau\/2009\/09\/25\/etwas-dreht-sich-in-der-afghanistan-debatte_3060\" \/>\n<meta property=\"og:site_name\" content=\"J\u00f6rg Lau\" \/>\n<meta property=\"article:published_time\" content=\"2009-09-25T10:11:35+00:00\" \/>\n<meta name=\"author\" content=\"J\u00f6rg Lau\" \/>\n<meta name=\"twitter:card\" content=\"summary_large_image\" \/>\n<meta name=\"twitter:label1\" content=\"Geschrieben von\" \/>\n\t<meta name=\"twitter:data1\" content=\"J\u00f6rg Lau\" \/>\n<script type=\"application\/ld+json\" class=\"yoast-schema-graph\">{\"@context\":\"https:\/\/schema.org\",\"@graph\":[{\"@type\":\"WebPage\",\"@id\":\"https:\/\/blog.zeit.de\/joerglau\/2009\/09\/25\/etwas-dreht-sich-in-der-afghanistan-debatte_3060\",\"url\":\"https:\/\/blog.zeit.de\/joerglau\/2009\/09\/25\/etwas-dreht-sich-in-der-afghanistan-debatte_3060\",\"name\":\"Etwas dreht sich in der Afghanistan-Debatte - J\u00f6rg Lau\",\"isPartOf\":{\"@id\":\"https:\/\/blog.zeit.de\/joerglau\/#website\"},\"datePublished\":\"2009-09-25T10:11:35+00:00\",\"dateModified\":\"2009-09-25T10:11:35+00:00\",\"author\":{\"@id\":\"https:\/\/blog.zeit.de\/joerglau\/#\/schema\/person\/55f0be9bfac24815791fbc852b042f57\"},\"breadcrumb\":{\"@id\":\"https:\/\/blog.zeit.de\/joerglau\/2009\/09\/25\/etwas-dreht-sich-in-der-afghanistan-debatte_3060#breadcrumb\"},\"inLanguage\":\"de\",\"potentialAction\":[{\"@type\":\"ReadAction\",\"target\":[\"https:\/\/blog.zeit.de\/joerglau\/2009\/09\/25\/etwas-dreht-sich-in-der-afghanistan-debatte_3060\"]}]},{\"@type\":\"BreadcrumbList\",\"@id\":\"https:\/\/blog.zeit.de\/joerglau\/2009\/09\/25\/etwas-dreht-sich-in-der-afghanistan-debatte_3060#breadcrumb\",\"itemListElement\":[{\"@type\":\"ListItem\",\"position\":1,\"name\":\"Startseite\",\"item\":\"https:\/\/blog.zeit.de\/joerglau\"},{\"@type\":\"ListItem\",\"position\":2,\"name\":\"Etwas dreht sich in der Afghanistan-Debatte\"}]},{\"@type\":\"WebSite\",\"@id\":\"https:\/\/blog.zeit.de\/joerglau\/#website\",\"url\":\"https:\/\/blog.zeit.de\/joerglau\/\",\"name\":\"J\u00f6rg Lau\",\"description\":\"Ein Blog \u00fcber Religion und Politik\",\"potentialAction\":[{\"@type\":\"SearchAction\",\"target\":{\"@type\":\"EntryPoint\",\"urlTemplate\":\"https:\/\/blog.zeit.de\/joerglau\/?s={search_term_string}\"},\"query-input\":\"required name=search_term_string\"}],\"inLanguage\":\"de\"},{\"@type\":\"Person\",\"@id\":\"https:\/\/blog.zeit.de\/joerglau\/#\/schema\/person\/55f0be9bfac24815791fbc852b042f57\",\"name\":\"J\u00f6rg Lau\",\"image\":{\"@type\":\"ImageObject\",\"inLanguage\":\"de\",\"@id\":\"https:\/\/blog.zeit.de\/joerglau\/#\/schema\/person\/image\/\",\"url\":\"https:\/\/secure.gravatar.com\/avatar\/a5fe39bf4f5335b8bac36eefa0b41467221b1598bfea5f05159a0199e391eed0?s=96&d=mm&r=g\",\"contentUrl\":\"https:\/\/secure.gravatar.com\/avatar\/a5fe39bf4f5335b8bac36eefa0b41467221b1598bfea5f05159a0199e391eed0?s=96&d=mm&r=g\",\"caption\":\"J\u00f6rg Lau\"},\"url\":\"https:\/\/blog.zeit.de\/joerglau\/author\/joerg-lau\"}]}<\/script>\n<!-- \/ Yoast SEO plugin. -->","yoast_head_json":{"title":"Etwas dreht sich in der Afghanistan-Debatte - J\u00f6rg Lau","robots":{"index":"index","follow":"follow","max-snippet":"max-snippet:-1","max-image-preview":"max-image-preview:large","max-video-preview":"max-video-preview:-1"},"canonical":"https:\/\/blog.zeit.de\/joerglau\/2009\/09\/25\/etwas-dreht-sich-in-der-afghanistan-debatte_3060","og_locale":"de_DE","og_type":"article","og_title":"Etwas dreht sich in der Afghanistan-Debatte - J\u00f6rg Lau","og_description":"Auch in den USA. Heute stolpere ich \u00fcber dieses Zitat meines Lieblingsbloggers Andrew Sullivan, fr\u00fcher ein verl\u00e4sslicher Unterst\u00fctzer des Krieges gegen die Taliban: &#8222;The Islamist world is a brutal, backward, bigoted miasma. The idea that we can change this with troops, or that its continuation is somehow America&#8217;s responsibility, is, tragically, misguided.&#8220; Mancher bereitet den [&hellip;]","og_url":"https:\/\/blog.zeit.de\/joerglau\/2009\/09\/25\/etwas-dreht-sich-in-der-afghanistan-debatte_3060","og_site_name":"J\u00f6rg Lau","article_published_time":"2009-09-25T10:11:35+00:00","author":"J\u00f6rg Lau","twitter_card":"summary_large_image","twitter_misc":{"Geschrieben von":"J\u00f6rg Lau"},"schema":{"@context":"https:\/\/schema.org","@graph":[{"@type":"WebPage","@id":"https:\/\/blog.zeit.de\/joerglau\/2009\/09\/25\/etwas-dreht-sich-in-der-afghanistan-debatte_3060","url":"https:\/\/blog.zeit.de\/joerglau\/2009\/09\/25\/etwas-dreht-sich-in-der-afghanistan-debatte_3060","name":"Etwas dreht sich in der Afghanistan-Debatte - J\u00f6rg Lau","isPartOf":{"@id":"https:\/\/blog.zeit.de\/joerglau\/#website"},"datePublished":"2009-09-25T10:11:35+00:00","dateModified":"2009-09-25T10:11:35+00:00","author":{"@id":"https:\/\/blog.zeit.de\/joerglau\/#\/schema\/person\/55f0be9bfac24815791fbc852b042f57"},"breadcrumb":{"@id":"https:\/\/blog.zeit.de\/joerglau\/2009\/09\/25\/etwas-dreht-sich-in-der-afghanistan-debatte_3060#breadcrumb"},"inLanguage":"de","potentialAction":[{"@type":"ReadAction","target":["https:\/\/blog.zeit.de\/joerglau\/2009\/09\/25\/etwas-dreht-sich-in-der-afghanistan-debatte_3060"]}]},{"@type":"BreadcrumbList","@id":"https:\/\/blog.zeit.de\/joerglau\/2009\/09\/25\/etwas-dreht-sich-in-der-afghanistan-debatte_3060#breadcrumb","itemListElement":[{"@type":"ListItem","position":1,"name":"Startseite","item":"https:\/\/blog.zeit.de\/joerglau"},{"@type":"ListItem","position":2,"name":"Etwas dreht sich in der Afghanistan-Debatte"}]},{"@type":"WebSite","@id":"https:\/\/blog.zeit.de\/joerglau\/#website","url":"https:\/\/blog.zeit.de\/joerglau\/","name":"J\u00f6rg Lau","description":"Ein Blog \u00fcber Religion und Politik","potentialAction":[{"@type":"SearchAction","target":{"@type":"EntryPoint","urlTemplate":"https:\/\/blog.zeit.de\/joerglau\/?s={search_term_string}"},"query-input":"required name=search_term_string"}],"inLanguage":"de"},{"@type":"Person","@id":"https:\/\/blog.zeit.de\/joerglau\/#\/schema\/person\/55f0be9bfac24815791fbc852b042f57","name":"J\u00f6rg Lau","image":{"@type":"ImageObject","inLanguage":"de","@id":"https:\/\/blog.zeit.de\/joerglau\/#\/schema\/person\/image\/","url":"https:\/\/secure.gravatar.com\/avatar\/a5fe39bf4f5335b8bac36eefa0b41467221b1598bfea5f05159a0199e391eed0?s=96&d=mm&r=g","contentUrl":"https:\/\/secure.gravatar.com\/avatar\/a5fe39bf4f5335b8bac36eefa0b41467221b1598bfea5f05159a0199e391eed0?s=96&d=mm&r=g","caption":"J\u00f6rg Lau"},"url":"https:\/\/blog.zeit.de\/joerglau\/author\/joerg-lau"}]}},"jetpack_featured_media_url":"","jetpack_sharing_enabled":true,"jetpack_shortlink":"https:\/\/wp.me\/pG02W-Nm","_links":{"self":[{"href":"https:\/\/blog.zeit.de\/joerglau\/wp-json\/wp\/v2\/posts\/3060","targetHints":{"allow":["GET"]}}],"collection":[{"href":"https:\/\/blog.zeit.de\/joerglau\/wp-json\/wp\/v2\/posts"}],"about":[{"href":"https:\/\/blog.zeit.de\/joerglau\/wp-json\/wp\/v2\/types\/post"}],"author":[{"embeddable":true,"href":"https:\/\/blog.zeit.de\/joerglau\/wp-json\/wp\/v2\/users\/54"}],"replies":[{"embeddable":true,"href":"https:\/\/blog.zeit.de\/joerglau\/wp-json\/wp\/v2\/comments?post=3060"}],"version-history":[{"count":0,"href":"https:\/\/blog.zeit.de\/joerglau\/wp-json\/wp\/v2\/posts\/3060\/revisions"}],"wp:attachment":[{"href":"https:\/\/blog.zeit.de\/joerglau\/wp-json\/wp\/v2\/media?parent=3060"}],"wp:term":[{"taxonomy":"category","embeddable":true,"href":"https:\/\/blog.zeit.de\/joerglau\/wp-json\/wp\/v2\/categories?post=3060"},{"taxonomy":"post_tag","embeddable":true,"href":"https:\/\/blog.zeit.de\/joerglau\/wp-json\/wp\/v2\/tags?post=3060"}],"curies":[{"name":"wp","href":"https:\/\/api.w.org\/{rel}","templated":true}]}}