{"id":309,"date":"2007-02-26T14:24:43","date_gmt":"2007-02-26T12:24:43","guid":{"rendered":"http:\/\/blog.zeit.de\/joerglau\/2007\/02\/26\/ein-gesprach-mit-dem-bekanntesten-iranischen-blogger_309"},"modified":"2007-02-26T14:24:43","modified_gmt":"2007-02-26T12:24:43","slug":"ein-gesprach-mit-dem-bekanntesten-iranischen-blogger","status":"publish","type":"post","link":"https:\/\/blog.zeit.de\/joerglau\/2007\/02\/26\/ein-gesprach-mit-dem-bekanntesten-iranischen-blogger_309","title":{"rendered":"Ein Gespr\u00e4ch mit dem bekanntesten iranischen Blogger"},"content":{"rendered":"<p><img loading=\"lazy\" decoding=\"async\" width=\"548\" height=\"363\" id=\"image308\" alt=\"DSC_0002.jpg\" src=\"https:\/\/blog.zeit.de\/joerglau\/files\/2007\/02\/DSC_0002.jpg\" \/><\/p>\n<p><em>Hossein Derakshan (aka Hoder), letzte Woche im &#8222;Good Friends&#8220;, Berlin. Foto: JL<br \/>\n<\/em><\/p>\n<p>Letzte Woche war Hossein Derakshan, der bekannteste iranische Blogger, wieder einmal  in Berlin. Wir trafen uns, um \u00fcber die Lage zu debattieren. Vor fast zwei Jahren hatte ich Hoder (so sein <em>nom de plume<\/em>) in der <a href=\"http:\/\/www.zeit.de\/2005\/25\/IranInternet\">Zeit vorgestellt.<\/a> Er hat f\u00fcr uns auch einen Kommentar zur Wahl Achmadinedschads geschrieben.<\/p>\n<p>Hossein hat das Bloggen im Iran popul\u00e4r gemacht und ist bis heute eine Legende (<a href=\"http:\/\/hoder.com\/weblog\/\">sein Blog hier<\/a>). Er lebte einige Jahre in Toronto, zur Zeit ist er ein veritabler Nomadeder immer wieder bei Freunden unterkommt.<br \/>\nIm letzten Jahr hatten wir uns \u00fcber den Fall des Philosophen <a href=\"https:\/\/blog.zeit.de\/joerglau\/2006\/09\/07\/ein-fall-hoder-der-bekannteste-iranische-blogger-auf-abwegen_27\">Ramin Jahanbegloo<\/a> zerstritten, der im Iran verhaftet worden und zu einem Gest\u00e4ndnis gezwungen worden war. Hossein hatte dieses Gest\u00e4ndnis als ein Zeichen wirklichen Umdenkens gedeutet und damit letztlich dem Regime Recht gegeben, das Jahanbegloo subversive Umtriebe und Kontakte zu feindlichen westlichen Agenturen unterstellte.<\/p>\n<p>Wir haben uns auch diesmal nicht \u00fcber den Fall und seine Implikationen einigen k\u00f6nnen: Hossein h\u00e4lt es f\u00fcr illegitim f\u00fcr Iraner, sich in der angespannten Lage mit irgendeiner ausl\u00e4ndischen Organisation einzulassen, die f\u00fcr eine \u00c4nderung des iranischen Regimes eintritt &#8211; selbst auf friedlichem Weg.<\/p>\n<p>Ich finde dies falsch, weil es am Ende darauf hinausl\u00e4uft, die iranische Zivilgesellschaft ihrem Schicksal zu \u00fcberlassen und jede Unterst\u00fctzung aus dem Westen als &#8222;Einmischung in die inneren Angelegenheiten&#8220; auszuschliessen.<\/p>\n<p>Hossein halt <a href=\"http:\/\/hoder.com\/weblog\/archives\/014875.shtml\">selbst einmal anders argumentiert<\/a>.<\/p>\n<p>Er wird mittlerweile wegen seines neuen Kurses, angesichts eines drohenden Krieges die Legitimit\u00e4t des iranischen Regimes zu verteidigen, im Internet als Agent des Iran denunziert. Ich halte es f\u00fcr sehr unwahrscheinlich, dass dieser unabh\u00e4ngige Kopf sich derart einspannen lassen w\u00fcrde.<\/p>\n<p>Er meint was er sagt, wenn er ank\u00fcndigt, er werde notfalls den Iran verteidigen, wenn es zum Krieg kommt. Er ist nicht der einzige Iraner, der mit dem Regime in Konflikt steht und dennoch so denkt. Das sollte im Westen zur Kenntnis genommen werden.<\/p>\n<p>Hossein war k\u00fcrzlich zum wiederholten Mal <a href=\"http:\/\/www.jpost.com\/servlet\/Satellite?pagename=JPost%2FJPArticle%2FShowFull&#038;cid=1167467760619\">in Israel<\/a>, um dort klarzumachen, dass es viele Iraner gibt, die jeden Antisemitismus ablehnen und doch zu ihrem Land stehen. Ich finde dieses Engagement  mutig und fast heldenhaft, denn er weiss, dass ihm dies die R\u00fcckkehr in den Iran so lange unm\u00f6glich machen wird, wie dort der Antizionismus\/Antisemitismus Staatsdoktrin ist.<\/p>\n<p>Zugleich verteidigt Hossein heute im Prinzip das Recht Irans nicht nur auf ein ziviles Atomprogramm, sondern sogar auf eine Atombombe, weil dies schlicht den unleugbaren Sicherheistinteressen des Landes entspreche. In der westlichen \u00d6ffentlichkeit ist das eine tabuisierte Position, was uns vielleicht dar\u00fcber hinwegt\u00e4uscht, wie viele Iraner sie unterst\u00fctzen (ohne dabei notwendigerweise die Mullahs zu unterst\u00fctzen). Ich finde diese Position falsch, aber ich denke, sie sollte zur kenntnis genommen werden. Jedenfalls w\u00e4re es falsch zu glauben, demokratisch gesinnte junge Iraner seien durchweg &#8222;gegen die Bombe&#8220;.<\/p>\n<p>Vor einem Jahr hat Hossein immerhin noch argumentiert, nicht die Bombe per se sei das Problem, sondern die undemokratische, tyrannische Natur des Regimes, das nach ihr strebt. Jetzt ist solcher Vorbehalt aus seinen Thesen verschwunden.<\/p>\n<p>Im Licht eines m\u00f6glichen Angriffs auf Iran, im Licht der R\u00fcckkehr einer <a href=\"http:\/\/www.newyorker.com\/fact\/content\/articles\/070305fa_fact_hersh\">zynischen westlichen Realpolitik<\/a>, die sich mit den Lumpenregimen der Region verb\u00fcndet, hat die Islamische Republik Iran f\u00fcr Hossein Derakshan pl\u00f6tzlich wieder so viel Legitimit\u00e4t, dass er sie <a href=\"http:\/\/commentisfree.guardian.co.uk\/hossein_derakhshan\/2007\/02\/between_khamenei_and_bush.html\">mit der Waffe in der Hand verteidigen<\/a> w\u00fcrde. Und das sagt jemand, der ins Land nicht einmal einreisen d\u00fcrfte, ohne verhaftet und verh\u00f6rt zu werden.<\/p>\n","protected":false},"excerpt":{"rendered":"<p>Hossein Derakshan (aka Hoder), letzte Woche im &#8222;Good Friends&#8220;, Berlin. Foto: JL Letzte Woche war Hossein Derakshan, der bekannteste iranische Blogger, wieder einmal in Berlin. Wir trafen uns, um \u00fcber die Lage zu debattieren. Vor fast zwei Jahren hatte ich Hoder (so sein nom de plume) in der Zeit vorgestellt. Er hat f\u00fcr uns auch [&hellip;]<\/p>\n","protected":false},"author":54,"featured_media":0,"comment_status":"open","ping_status":"closed","sticky":false,"template":"","format":"standard","meta":{"jetpack_post_was_ever_published":false,"footnotes":""},"categories":[166],"tags":[],"class_list":["post-309","post","type-post","status-publish","format-standard","hentry","category-iran"],"yoast_head":"<!-- This site is optimized with the Yoast SEO plugin v21.0 - https:\/\/yoast.com\/wordpress\/plugins\/seo\/ -->\n<title>Ein Gespr\u00e4ch mit dem bekanntesten iranischen Blogger - J\u00f6rg Lau<\/title>\n<meta name=\"robots\" content=\"index, follow, max-snippet:-1, max-image-preview:large, max-video-preview:-1\" \/>\n<link rel=\"canonical\" href=\"https:\/\/blog.zeit.de\/joerglau\/2007\/02\/26\/ein-gesprach-mit-dem-bekanntesten-iranischen-blogger_309\" \/>\n<meta property=\"og:locale\" content=\"de_DE\" \/>\n<meta property=\"og:type\" content=\"article\" \/>\n<meta property=\"og:title\" content=\"Ein Gespr\u00e4ch mit dem bekanntesten iranischen Blogger - J\u00f6rg Lau\" \/>\n<meta property=\"og:description\" content=\"Hossein Derakshan (aka Hoder), letzte Woche im &#8222;Good Friends&#8220;, Berlin. Foto: JL Letzte Woche war Hossein Derakshan, der bekannteste iranische Blogger, wieder einmal in Berlin. Wir trafen uns, um \u00fcber die Lage zu debattieren. Vor fast zwei Jahren hatte ich Hoder (so sein nom de plume) in der Zeit vorgestellt. Er hat f\u00fcr uns auch [&hellip;]\" \/>\n<meta property=\"og:url\" content=\"https:\/\/blog.zeit.de\/joerglau\/2007\/02\/26\/ein-gesprach-mit-dem-bekanntesten-iranischen-blogger_309\" \/>\n<meta property=\"og:site_name\" content=\"J\u00f6rg Lau\" \/>\n<meta property=\"article:published_time\" content=\"2007-02-26T12:24:43+00:00\" \/>\n<meta property=\"og:image\" content=\"https:\/\/blog.zeit.de\/joerglau\/files\/2007\/02\/DSC_0002.jpg\" \/>\n<meta name=\"author\" content=\"J\u00f6rg Lau\" \/>\n<meta name=\"twitter:card\" content=\"summary_large_image\" \/>\n<meta name=\"twitter:label1\" content=\"Geschrieben von\" \/>\n\t<meta name=\"twitter:data1\" content=\"J\u00f6rg Lau\" \/>\n\t<meta name=\"twitter:label2\" content=\"Gesch\u00e4tzte Lesezeit\" \/>\n\t<meta name=\"twitter:data2\" content=\"3\u00a0Minuten\" \/>\n<script type=\"application\/ld+json\" class=\"yoast-schema-graph\">{\"@context\":\"https:\/\/schema.org\",\"@graph\":[{\"@type\":\"WebPage\",\"@id\":\"https:\/\/blog.zeit.de\/joerglau\/2007\/02\/26\/ein-gesprach-mit-dem-bekanntesten-iranischen-blogger_309\",\"url\":\"https:\/\/blog.zeit.de\/joerglau\/2007\/02\/26\/ein-gesprach-mit-dem-bekanntesten-iranischen-blogger_309\",\"name\":\"Ein Gespr\u00e4ch mit dem bekanntesten iranischen Blogger - J\u00f6rg Lau\",\"isPartOf\":{\"@id\":\"https:\/\/blog.zeit.de\/joerglau\/#website\"},\"datePublished\":\"2007-02-26T12:24:43+00:00\",\"dateModified\":\"2007-02-26T12:24:43+00:00\",\"author\":{\"@id\":\"https:\/\/blog.zeit.de\/joerglau\/#\/schema\/person\/55f0be9bfac24815791fbc852b042f57\"},\"breadcrumb\":{\"@id\":\"https:\/\/blog.zeit.de\/joerglau\/2007\/02\/26\/ein-gesprach-mit-dem-bekanntesten-iranischen-blogger_309#breadcrumb\"},\"inLanguage\":\"de\",\"potentialAction\":[{\"@type\":\"ReadAction\",\"target\":[\"https:\/\/blog.zeit.de\/joerglau\/2007\/02\/26\/ein-gesprach-mit-dem-bekanntesten-iranischen-blogger_309\"]}]},{\"@type\":\"BreadcrumbList\",\"@id\":\"https:\/\/blog.zeit.de\/joerglau\/2007\/02\/26\/ein-gesprach-mit-dem-bekanntesten-iranischen-blogger_309#breadcrumb\",\"itemListElement\":[{\"@type\":\"ListItem\",\"position\":1,\"name\":\"Startseite\",\"item\":\"https:\/\/blog.zeit.de\/joerglau\"},{\"@type\":\"ListItem\",\"position\":2,\"name\":\"Ein Gespr\u00e4ch mit dem bekanntesten iranischen Blogger\"}]},{\"@type\":\"WebSite\",\"@id\":\"https:\/\/blog.zeit.de\/joerglau\/#website\",\"url\":\"https:\/\/blog.zeit.de\/joerglau\/\",\"name\":\"J\u00f6rg Lau\",\"description\":\"Ein Blog \u00fcber Religion und Politik\",\"potentialAction\":[{\"@type\":\"SearchAction\",\"target\":{\"@type\":\"EntryPoint\",\"urlTemplate\":\"https:\/\/blog.zeit.de\/joerglau\/?s={search_term_string}\"},\"query-input\":\"required name=search_term_string\"}],\"inLanguage\":\"de\"},{\"@type\":\"Person\",\"@id\":\"https:\/\/blog.zeit.de\/joerglau\/#\/schema\/person\/55f0be9bfac24815791fbc852b042f57\",\"name\":\"J\u00f6rg Lau\",\"image\":{\"@type\":\"ImageObject\",\"inLanguage\":\"de\",\"@id\":\"https:\/\/blog.zeit.de\/joerglau\/#\/schema\/person\/image\/\",\"url\":\"https:\/\/secure.gravatar.com\/avatar\/a5fe39bf4f5335b8bac36eefa0b41467221b1598bfea5f05159a0199e391eed0?s=96&d=mm&r=g\",\"contentUrl\":\"https:\/\/secure.gravatar.com\/avatar\/a5fe39bf4f5335b8bac36eefa0b41467221b1598bfea5f05159a0199e391eed0?s=96&d=mm&r=g\",\"caption\":\"J\u00f6rg Lau\"},\"url\":\"https:\/\/blog.zeit.de\/joerglau\/author\/joerg-lau\"}]}<\/script>\n<!-- \/ Yoast SEO plugin. -->","yoast_head_json":{"title":"Ein Gespr\u00e4ch mit dem bekanntesten iranischen Blogger - J\u00f6rg Lau","robots":{"index":"index","follow":"follow","max-snippet":"max-snippet:-1","max-image-preview":"max-image-preview:large","max-video-preview":"max-video-preview:-1"},"canonical":"https:\/\/blog.zeit.de\/joerglau\/2007\/02\/26\/ein-gesprach-mit-dem-bekanntesten-iranischen-blogger_309","og_locale":"de_DE","og_type":"article","og_title":"Ein Gespr\u00e4ch mit dem bekanntesten iranischen Blogger - J\u00f6rg Lau","og_description":"Hossein Derakshan (aka Hoder), letzte Woche im &#8222;Good Friends&#8220;, Berlin. Foto: JL Letzte Woche war Hossein Derakshan, der bekannteste iranische Blogger, wieder einmal in Berlin. Wir trafen uns, um \u00fcber die Lage zu debattieren. Vor fast zwei Jahren hatte ich Hoder (so sein nom de plume) in der Zeit vorgestellt. Er hat f\u00fcr uns auch [&hellip;]","og_url":"https:\/\/blog.zeit.de\/joerglau\/2007\/02\/26\/ein-gesprach-mit-dem-bekanntesten-iranischen-blogger_309","og_site_name":"J\u00f6rg Lau","article_published_time":"2007-02-26T12:24:43+00:00","og_image":[{"url":"https:\/\/blog.zeit.de\/joerglau\/files\/2007\/02\/DSC_0002.jpg"}],"author":"J\u00f6rg Lau","twitter_card":"summary_large_image","twitter_misc":{"Geschrieben von":"J\u00f6rg Lau","Gesch\u00e4tzte Lesezeit":"3\u00a0Minuten"},"schema":{"@context":"https:\/\/schema.org","@graph":[{"@type":"WebPage","@id":"https:\/\/blog.zeit.de\/joerglau\/2007\/02\/26\/ein-gesprach-mit-dem-bekanntesten-iranischen-blogger_309","url":"https:\/\/blog.zeit.de\/joerglau\/2007\/02\/26\/ein-gesprach-mit-dem-bekanntesten-iranischen-blogger_309","name":"Ein Gespr\u00e4ch mit dem bekanntesten iranischen Blogger - J\u00f6rg Lau","isPartOf":{"@id":"https:\/\/blog.zeit.de\/joerglau\/#website"},"datePublished":"2007-02-26T12:24:43+00:00","dateModified":"2007-02-26T12:24:43+00:00","author":{"@id":"https:\/\/blog.zeit.de\/joerglau\/#\/schema\/person\/55f0be9bfac24815791fbc852b042f57"},"breadcrumb":{"@id":"https:\/\/blog.zeit.de\/joerglau\/2007\/02\/26\/ein-gesprach-mit-dem-bekanntesten-iranischen-blogger_309#breadcrumb"},"inLanguage":"de","potentialAction":[{"@type":"ReadAction","target":["https:\/\/blog.zeit.de\/joerglau\/2007\/02\/26\/ein-gesprach-mit-dem-bekanntesten-iranischen-blogger_309"]}]},{"@type":"BreadcrumbList","@id":"https:\/\/blog.zeit.de\/joerglau\/2007\/02\/26\/ein-gesprach-mit-dem-bekanntesten-iranischen-blogger_309#breadcrumb","itemListElement":[{"@type":"ListItem","position":1,"name":"Startseite","item":"https:\/\/blog.zeit.de\/joerglau"},{"@type":"ListItem","position":2,"name":"Ein Gespr\u00e4ch mit dem bekanntesten iranischen Blogger"}]},{"@type":"WebSite","@id":"https:\/\/blog.zeit.de\/joerglau\/#website","url":"https:\/\/blog.zeit.de\/joerglau\/","name":"J\u00f6rg Lau","description":"Ein Blog \u00fcber Religion und Politik","potentialAction":[{"@type":"SearchAction","target":{"@type":"EntryPoint","urlTemplate":"https:\/\/blog.zeit.de\/joerglau\/?s={search_term_string}"},"query-input":"required name=search_term_string"}],"inLanguage":"de"},{"@type":"Person","@id":"https:\/\/blog.zeit.de\/joerglau\/#\/schema\/person\/55f0be9bfac24815791fbc852b042f57","name":"J\u00f6rg Lau","image":{"@type":"ImageObject","inLanguage":"de","@id":"https:\/\/blog.zeit.de\/joerglau\/#\/schema\/person\/image\/","url":"https:\/\/secure.gravatar.com\/avatar\/a5fe39bf4f5335b8bac36eefa0b41467221b1598bfea5f05159a0199e391eed0?s=96&d=mm&r=g","contentUrl":"https:\/\/secure.gravatar.com\/avatar\/a5fe39bf4f5335b8bac36eefa0b41467221b1598bfea5f05159a0199e391eed0?s=96&d=mm&r=g","caption":"J\u00f6rg Lau"},"url":"https:\/\/blog.zeit.de\/joerglau\/author\/joerg-lau"}]}},"jetpack_featured_media_url":"","jetpack_sharing_enabled":true,"jetpack_shortlink":"https:\/\/wp.me\/pG02W-4Z","_links":{"self":[{"href":"https:\/\/blog.zeit.de\/joerglau\/wp-json\/wp\/v2\/posts\/309","targetHints":{"allow":["GET"]}}],"collection":[{"href":"https:\/\/blog.zeit.de\/joerglau\/wp-json\/wp\/v2\/posts"}],"about":[{"href":"https:\/\/blog.zeit.de\/joerglau\/wp-json\/wp\/v2\/types\/post"}],"author":[{"embeddable":true,"href":"https:\/\/blog.zeit.de\/joerglau\/wp-json\/wp\/v2\/users\/54"}],"replies":[{"embeddable":true,"href":"https:\/\/blog.zeit.de\/joerglau\/wp-json\/wp\/v2\/comments?post=309"}],"version-history":[{"count":0,"href":"https:\/\/blog.zeit.de\/joerglau\/wp-json\/wp\/v2\/posts\/309\/revisions"}],"wp:attachment":[{"href":"https:\/\/blog.zeit.de\/joerglau\/wp-json\/wp\/v2\/media?parent=309"}],"wp:term":[{"taxonomy":"category","embeddable":true,"href":"https:\/\/blog.zeit.de\/joerglau\/wp-json\/wp\/v2\/categories?post=309"},{"taxonomy":"post_tag","embeddable":true,"href":"https:\/\/blog.zeit.de\/joerglau\/wp-json\/wp\/v2\/tags?post=309"}],"curies":[{"name":"wp","href":"https:\/\/api.w.org\/{rel}","templated":true}]}}