{"id":3153,"date":"2009-10-19T14:07:13","date_gmt":"2009-10-19T12:07:13","guid":{"rendered":"http:\/\/blog.zeit.de\/joerglau\/?p=3153"},"modified":"2009-10-19T14:07:13","modified_gmt":"2009-10-19T12:07:13","slug":"wie-unsere-kinder-uns-erziehen-2","status":"publish","type":"post","link":"https:\/\/blog.zeit.de\/joerglau\/2009\/10\/19\/wie-unsere-kinder-uns-erziehen-2_3153","title":{"rendered":"Wie unsere Kinder uns erziehen"},"content":{"rendered":"<p>Torsten Harmsen schreibt in der <a href=\"http:\/\/www.berlinonline.de\/berliner-zeitung\/archiv\/.bin\/dump.fcgi\/2009\/1014\/frankfurterbuchmesse\/0053\/index.html\">Berliner Zeitung<\/a> \u00fcber <a href=\"http:\/\/www.amazon.de\/Bekenntnisse-eines-schwer-erziehbaren-Vaters\/dp\/3783134099\/ref=sr_1_1?ie=UTF8&amp;s=books&amp;qid=1255953977&amp;sr=8-1\">mein Buch<\/a>:<\/p>\n<p>In seinem Buch &#8222;Bekenntnisse eines schwer erziehbaren Vaters&#8220; schreibt der Zeit-Autor S\u00e4tze wie: &#8222;Einer der sch\u00f6nsten Gen\u00fcsse im Leben mit Kindern ist bekanntlich das Wochenende ohne sie.&#8220; Was wie eine Gemeinheit klingt, ist dialektisch gedacht. Denn ohne Kinder h\u00e4tte man diesen Genuss gar nicht. Das Gl\u00fcck, das man in der hin und wieder errungenen freien Zeit empfindet, wirkt auf die Beziehung zu den Kindern zur\u00fcck. (&#8230;)<\/p>\n<p>&#8222;Lieber Papa. Wen du mir nicht 1 Kegs apgipst. Dan Ferschteke ich. Deine Unter Hosen.&#8220; Mit diesem Briefchen seiner Tochter Anna zeigt J\u00f6rg Lau, wie irrig die Vorstellung ist, man habe als Eltern die Erziehung im Griff. &#8222;Kinder verf\u00fcgen ziemlich fr\u00fch \u00fcber ein ganzes Arsenal von Kniffen, mit denen sie uns steuern&#8220;, schreibt er. Doch w\u00e4hrend andere vor dem Heranwachsen lauter kleiner Tyrannen warnen, sieht Lau im Leben mit Kindern die Chance zu lernen.<\/p>\n<p>(&#8230;)<\/p>\n<p>Sein Buch mit dem Untertitel &#8222;Wie unsere Kinder uns erziehen&#8220; ist ironisch, unterhaltsam &#8211; und zugleich ziemlich philosophisch. Lau schildert die Symbiose, die sich entwickelt, wenn man Familie hat &#8211; eine &#8222;riskante Lebensform&#8220;. Man werde verwundbar. Zugleich sch\u00fctzten einen Kinder bei Krisen. Man sehe die eigenen Eltern anders. Und der Umgang mit den letzten Dingen \u00e4ndere sich.<\/p>\n<p>Das Buch steckt voller Geschichten zu Fragen wie: Was ist kindgerecht? Wie kombiniert man Freiheit und Verbindlichkeit? Welche Rolle spielen Rituale? Wo darf man l\u00fcgen? Wie vertragen sich Forderungen und Kritik mit bedingungsloser Liebe? Auch das Loslassen m\u00fcsse man lernen. &#8222;Nur noch ein paar Jahre, und die r\u00e4tselhaften kleinen G\u00e4ste, die eines Tages in unserem Leben auftauchten, werden das Weite suchen&#8220;, schreibt Lau am Ende. Doch trotz dieser Wehmut ist es ein ermutigendes, lebensfrohes Buch.<\/p>\n","protected":false},"excerpt":{"rendered":"<p>Torsten Harmsen schreibt in der Berliner Zeitung \u00fcber mein Buch: In seinem Buch &#8222;Bekenntnisse eines schwer erziehbaren Vaters&#8220; schreibt der Zeit-Autor S\u00e4tze wie: &#8222;Einer der sch\u00f6nsten Gen\u00fcsse im Leben mit Kindern ist bekanntlich das Wochenende ohne sie.&#8220; Was wie eine Gemeinheit klingt, ist dialektisch gedacht. Denn ohne Kinder h\u00e4tte man diesen Genuss gar nicht. Das [&hellip;]<\/p>\n","protected":false},"author":54,"featured_media":0,"comment_status":"open","ping_status":"closed","sticky":false,"template":"","format":"standard","meta":{"jetpack_post_was_ever_published":false,"footnotes":""},"categories":[154,169],"tags":[],"class_list":["post-3153","post","type-post","status-publish","format-standard","hentry","category-curiosa","category-medienkritik"],"yoast_head":"<!-- This site is optimized with the Yoast SEO plugin v21.0 - https:\/\/yoast.com\/wordpress\/plugins\/seo\/ -->\n<title>Wie unsere Kinder uns erziehen - J\u00f6rg Lau<\/title>\n<meta name=\"robots\" content=\"index, follow, max-snippet:-1, max-image-preview:large, max-video-preview:-1\" \/>\n<link rel=\"canonical\" href=\"https:\/\/blog.zeit.de\/joerglau\/2009\/10\/19\/wie-unsere-kinder-uns-erziehen-2_3153\" \/>\n<meta property=\"og:locale\" content=\"de_DE\" \/>\n<meta property=\"og:type\" content=\"article\" \/>\n<meta property=\"og:title\" content=\"Wie unsere Kinder uns erziehen - J\u00f6rg Lau\" \/>\n<meta property=\"og:description\" content=\"Torsten Harmsen schreibt in der Berliner Zeitung \u00fcber mein Buch: In seinem Buch &#8222;Bekenntnisse eines schwer erziehbaren Vaters&#8220; schreibt der Zeit-Autor S\u00e4tze wie: &#8222;Einer der sch\u00f6nsten Gen\u00fcsse im Leben mit Kindern ist bekanntlich das Wochenende ohne sie.&#8220; Was wie eine Gemeinheit klingt, ist dialektisch gedacht. Denn ohne Kinder h\u00e4tte man diesen Genuss gar nicht. Das [&hellip;]\" \/>\n<meta property=\"og:url\" content=\"https:\/\/blog.zeit.de\/joerglau\/2009\/10\/19\/wie-unsere-kinder-uns-erziehen-2_3153\" \/>\n<meta property=\"og:site_name\" content=\"J\u00f6rg Lau\" \/>\n<meta property=\"article:published_time\" content=\"2009-10-19T12:07:13+00:00\" \/>\n<meta name=\"author\" content=\"J\u00f6rg Lau\" \/>\n<meta name=\"twitter:card\" content=\"summary_large_image\" \/>\n<meta name=\"twitter:label1\" content=\"Geschrieben von\" \/>\n\t<meta name=\"twitter:data1\" content=\"J\u00f6rg Lau\" \/>\n\t<meta name=\"twitter:label2\" content=\"Gesch\u00e4tzte Lesezeit\" \/>\n\t<meta name=\"twitter:data2\" content=\"1\u00a0Minute\" \/>\n<script type=\"application\/ld+json\" class=\"yoast-schema-graph\">{\"@context\":\"https:\/\/schema.org\",\"@graph\":[{\"@type\":\"WebPage\",\"@id\":\"https:\/\/blog.zeit.de\/joerglau\/2009\/10\/19\/wie-unsere-kinder-uns-erziehen-2_3153\",\"url\":\"https:\/\/blog.zeit.de\/joerglau\/2009\/10\/19\/wie-unsere-kinder-uns-erziehen-2_3153\",\"name\":\"Wie unsere Kinder uns erziehen - J\u00f6rg Lau\",\"isPartOf\":{\"@id\":\"https:\/\/blog.zeit.de\/joerglau\/#website\"},\"datePublished\":\"2009-10-19T12:07:13+00:00\",\"dateModified\":\"2009-10-19T12:07:13+00:00\",\"author\":{\"@id\":\"https:\/\/blog.zeit.de\/joerglau\/#\/schema\/person\/55f0be9bfac24815791fbc852b042f57\"},\"breadcrumb\":{\"@id\":\"https:\/\/blog.zeit.de\/joerglau\/2009\/10\/19\/wie-unsere-kinder-uns-erziehen-2_3153#breadcrumb\"},\"inLanguage\":\"de\",\"potentialAction\":[{\"@type\":\"ReadAction\",\"target\":[\"https:\/\/blog.zeit.de\/joerglau\/2009\/10\/19\/wie-unsere-kinder-uns-erziehen-2_3153\"]}]},{\"@type\":\"BreadcrumbList\",\"@id\":\"https:\/\/blog.zeit.de\/joerglau\/2009\/10\/19\/wie-unsere-kinder-uns-erziehen-2_3153#breadcrumb\",\"itemListElement\":[{\"@type\":\"ListItem\",\"position\":1,\"name\":\"Startseite\",\"item\":\"https:\/\/blog.zeit.de\/joerglau\"},{\"@type\":\"ListItem\",\"position\":2,\"name\":\"Wie unsere Kinder uns erziehen\"}]},{\"@type\":\"WebSite\",\"@id\":\"https:\/\/blog.zeit.de\/joerglau\/#website\",\"url\":\"https:\/\/blog.zeit.de\/joerglau\/\",\"name\":\"J\u00f6rg Lau\",\"description\":\"Ein Blog \u00fcber Religion und Politik\",\"potentialAction\":[{\"@type\":\"SearchAction\",\"target\":{\"@type\":\"EntryPoint\",\"urlTemplate\":\"https:\/\/blog.zeit.de\/joerglau\/?s={search_term_string}\"},\"query-input\":\"required name=search_term_string\"}],\"inLanguage\":\"de\"},{\"@type\":\"Person\",\"@id\":\"https:\/\/blog.zeit.de\/joerglau\/#\/schema\/person\/55f0be9bfac24815791fbc852b042f57\",\"name\":\"J\u00f6rg Lau\",\"image\":{\"@type\":\"ImageObject\",\"inLanguage\":\"de\",\"@id\":\"https:\/\/blog.zeit.de\/joerglau\/#\/schema\/person\/image\/\",\"url\":\"https:\/\/secure.gravatar.com\/avatar\/a5fe39bf4f5335b8bac36eefa0b41467221b1598bfea5f05159a0199e391eed0?s=96&d=mm&r=g\",\"contentUrl\":\"https:\/\/secure.gravatar.com\/avatar\/a5fe39bf4f5335b8bac36eefa0b41467221b1598bfea5f05159a0199e391eed0?s=96&d=mm&r=g\",\"caption\":\"J\u00f6rg Lau\"},\"url\":\"https:\/\/blog.zeit.de\/joerglau\/author\/joerg-lau\"}]}<\/script>\n<!-- \/ Yoast SEO plugin. -->","yoast_head_json":{"title":"Wie unsere Kinder uns erziehen - J\u00f6rg Lau","robots":{"index":"index","follow":"follow","max-snippet":"max-snippet:-1","max-image-preview":"max-image-preview:large","max-video-preview":"max-video-preview:-1"},"canonical":"https:\/\/blog.zeit.de\/joerglau\/2009\/10\/19\/wie-unsere-kinder-uns-erziehen-2_3153","og_locale":"de_DE","og_type":"article","og_title":"Wie unsere Kinder uns erziehen - J\u00f6rg Lau","og_description":"Torsten Harmsen schreibt in der Berliner Zeitung \u00fcber mein Buch: In seinem Buch &#8222;Bekenntnisse eines schwer erziehbaren Vaters&#8220; schreibt der Zeit-Autor S\u00e4tze wie: &#8222;Einer der sch\u00f6nsten Gen\u00fcsse im Leben mit Kindern ist bekanntlich das Wochenende ohne sie.&#8220; Was wie eine Gemeinheit klingt, ist dialektisch gedacht. Denn ohne Kinder h\u00e4tte man diesen Genuss gar nicht. Das [&hellip;]","og_url":"https:\/\/blog.zeit.de\/joerglau\/2009\/10\/19\/wie-unsere-kinder-uns-erziehen-2_3153","og_site_name":"J\u00f6rg Lau","article_published_time":"2009-10-19T12:07:13+00:00","author":"J\u00f6rg Lau","twitter_card":"summary_large_image","twitter_misc":{"Geschrieben von":"J\u00f6rg Lau","Gesch\u00e4tzte Lesezeit":"1\u00a0Minute"},"schema":{"@context":"https:\/\/schema.org","@graph":[{"@type":"WebPage","@id":"https:\/\/blog.zeit.de\/joerglau\/2009\/10\/19\/wie-unsere-kinder-uns-erziehen-2_3153","url":"https:\/\/blog.zeit.de\/joerglau\/2009\/10\/19\/wie-unsere-kinder-uns-erziehen-2_3153","name":"Wie unsere Kinder uns erziehen - J\u00f6rg Lau","isPartOf":{"@id":"https:\/\/blog.zeit.de\/joerglau\/#website"},"datePublished":"2009-10-19T12:07:13+00:00","dateModified":"2009-10-19T12:07:13+00:00","author":{"@id":"https:\/\/blog.zeit.de\/joerglau\/#\/schema\/person\/55f0be9bfac24815791fbc852b042f57"},"breadcrumb":{"@id":"https:\/\/blog.zeit.de\/joerglau\/2009\/10\/19\/wie-unsere-kinder-uns-erziehen-2_3153#breadcrumb"},"inLanguage":"de","potentialAction":[{"@type":"ReadAction","target":["https:\/\/blog.zeit.de\/joerglau\/2009\/10\/19\/wie-unsere-kinder-uns-erziehen-2_3153"]}]},{"@type":"BreadcrumbList","@id":"https:\/\/blog.zeit.de\/joerglau\/2009\/10\/19\/wie-unsere-kinder-uns-erziehen-2_3153#breadcrumb","itemListElement":[{"@type":"ListItem","position":1,"name":"Startseite","item":"https:\/\/blog.zeit.de\/joerglau"},{"@type":"ListItem","position":2,"name":"Wie unsere Kinder uns erziehen"}]},{"@type":"WebSite","@id":"https:\/\/blog.zeit.de\/joerglau\/#website","url":"https:\/\/blog.zeit.de\/joerglau\/","name":"J\u00f6rg Lau","description":"Ein Blog \u00fcber Religion und Politik","potentialAction":[{"@type":"SearchAction","target":{"@type":"EntryPoint","urlTemplate":"https:\/\/blog.zeit.de\/joerglau\/?s={search_term_string}"},"query-input":"required name=search_term_string"}],"inLanguage":"de"},{"@type":"Person","@id":"https:\/\/blog.zeit.de\/joerglau\/#\/schema\/person\/55f0be9bfac24815791fbc852b042f57","name":"J\u00f6rg Lau","image":{"@type":"ImageObject","inLanguage":"de","@id":"https:\/\/blog.zeit.de\/joerglau\/#\/schema\/person\/image\/","url":"https:\/\/secure.gravatar.com\/avatar\/a5fe39bf4f5335b8bac36eefa0b41467221b1598bfea5f05159a0199e391eed0?s=96&d=mm&r=g","contentUrl":"https:\/\/secure.gravatar.com\/avatar\/a5fe39bf4f5335b8bac36eefa0b41467221b1598bfea5f05159a0199e391eed0?s=96&d=mm&r=g","caption":"J\u00f6rg Lau"},"url":"https:\/\/blog.zeit.de\/joerglau\/author\/joerg-lau"}]}},"jetpack_featured_media_url":"","jetpack_sharing_enabled":true,"jetpack_shortlink":"https:\/\/wp.me\/pG02W-OR","_links":{"self":[{"href":"https:\/\/blog.zeit.de\/joerglau\/wp-json\/wp\/v2\/posts\/3153","targetHints":{"allow":["GET"]}}],"collection":[{"href":"https:\/\/blog.zeit.de\/joerglau\/wp-json\/wp\/v2\/posts"}],"about":[{"href":"https:\/\/blog.zeit.de\/joerglau\/wp-json\/wp\/v2\/types\/post"}],"author":[{"embeddable":true,"href":"https:\/\/blog.zeit.de\/joerglau\/wp-json\/wp\/v2\/users\/54"}],"replies":[{"embeddable":true,"href":"https:\/\/blog.zeit.de\/joerglau\/wp-json\/wp\/v2\/comments?post=3153"}],"version-history":[{"count":0,"href":"https:\/\/blog.zeit.de\/joerglau\/wp-json\/wp\/v2\/posts\/3153\/revisions"}],"wp:attachment":[{"href":"https:\/\/blog.zeit.de\/joerglau\/wp-json\/wp\/v2\/media?parent=3153"}],"wp:term":[{"taxonomy":"category","embeddable":true,"href":"https:\/\/blog.zeit.de\/joerglau\/wp-json\/wp\/v2\/categories?post=3153"},{"taxonomy":"post_tag","embeddable":true,"href":"https:\/\/blog.zeit.de\/joerglau\/wp-json\/wp\/v2\/tags?post=3153"}],"curies":[{"name":"wp","href":"https:\/\/api.w.org\/{rel}","templated":true}]}}