{"id":3168,"date":"2009-10-22T16:44:33","date_gmt":"2009-10-22T14:44:33","guid":{"rendered":"http:\/\/blog.zeit.de\/joerglau\/?p=3168"},"modified":"2009-10-22T16:45:14","modified_gmt":"2009-10-22T14:45:14","slug":"wie-es-zu-dem-us-iran-deal-kam","status":"publish","type":"post","link":"https:\/\/blog.zeit.de\/joerglau\/2009\/10\/22\/wie-es-zu-dem-us-iran-deal-kam_3168","title":{"rendered":"Wie es zu dem US-Iran-Deal kam"},"content":{"rendered":"<p>Nun ja, noch steht er nicht, aber Berliner Diplomaten sind einigerma\u00dfen optimistisch, dass Iran in den kommenden Tagen den Vertrag unterschreiben wird, in dem die weitere Anreicherung (f\u00fcr medizinische Zwecke) von ca. 2\/3 des in Natans hergestellten Materials in Russland vereinbart werden soll.<br \/>\nDas w\u00fcrde den 5+1, die mit Iran \u00fcber sein Nuklearprogramm verhandeln, erstens weiter Zeit geben und zweitens einen erheblichen Teil des im Iran illegal angereicherten Materials unter Kontrolle der internationalen Gemeinschaft bringen.<br \/>\nIran k\u00f6nnte dann nicht mehr behaupten, die Welt habe sich gegen das Land verschworen und w\u00fcrde Iran keine Art von Nuklearprogramm zugestehen wollen.<br \/>\nEs w\u00e4re klar, dass es wirklich um das Nuklearwaffenprogramm geht, nicht gegen friedliche Nutzung der Kernenergie durch die Islamische Republik.<br \/>\nEben dies k\u00f6nnte allerdings auch ein Grund f\u00fcr die Iraner sein, den Deal auf den letzten Metern platzen zu lassen.<br \/>\nWie es \u00fcberhaupt zu dem (m\u00f6glichen) Durchbruch gekommen ist, schildert Massimo Calabresi in einem offensichtlich gut informierten St\u00fcck:<\/p>\n<p><em>In early July, Obama traveled to Moscow, where his top nonproliferation aide, Gary Samore, floated a proposal to the Russians: If Iran would agree to export a supply of LEU to Moscow, the Russians could enrich it to the level needed to power the research reactor, and then the French, who had been brought into the discussions, could turn it into the specialized plates that are used to produce the isotopes. The plates, which Iran does not have the capacity to turn into weapons-grade uranium, would then be sent back to Tehran. &#8222;The Russians immediately said, &#8218;Great idea,&#8216; &#8220; says the senior Administration official. <\/em><br \/>\n<a href=\"http:\/\/www.time.com\/time\/world\/article\/0,8599,1930896,00.html\">Mehr hier.<\/a><\/p>\n","protected":false},"excerpt":{"rendered":"<p>Nun ja, noch steht er nicht, aber Berliner Diplomaten sind einigerma\u00dfen optimistisch, dass Iran in den kommenden Tagen den Vertrag unterschreiben wird, in dem die weitere Anreicherung (f\u00fcr medizinische Zwecke) von ca. 2\/3 des in Natans hergestellten Materials in Russland vereinbart werden soll. Das w\u00fcrde den 5+1, die mit Iran \u00fcber sein Nuklearprogramm verhandeln, erstens [&hellip;]<\/p>\n","protected":false},"author":54,"featured_media":0,"comment_status":"open","ping_status":"closed","sticky":false,"template":"","format":"standard","meta":{"jetpack_post_was_ever_published":false,"footnotes":""},"categories":[166,125],"tags":[],"class_list":["post-3168","post","type-post","status-publish","format-standard","hentry","category-iran","category-usa"],"yoast_head":"<!-- This site is optimized with the Yoast SEO plugin v21.0 - https:\/\/yoast.com\/wordpress\/plugins\/seo\/ -->\n<title>Wie es zu dem US-Iran-Deal kam - J\u00f6rg Lau<\/title>\n<meta name=\"robots\" content=\"index, follow, max-snippet:-1, max-image-preview:large, max-video-preview:-1\" \/>\n<link rel=\"canonical\" href=\"https:\/\/blog.zeit.de\/joerglau\/2009\/10\/22\/wie-es-zu-dem-us-iran-deal-kam_3168\" \/>\n<meta property=\"og:locale\" content=\"de_DE\" \/>\n<meta property=\"og:type\" content=\"article\" \/>\n<meta property=\"og:title\" content=\"Wie es zu dem US-Iran-Deal kam - J\u00f6rg Lau\" \/>\n<meta property=\"og:description\" content=\"Nun ja, noch steht er nicht, aber Berliner Diplomaten sind einigerma\u00dfen optimistisch, dass Iran in den kommenden Tagen den Vertrag unterschreiben wird, in dem die weitere Anreicherung (f\u00fcr medizinische Zwecke) von ca. 2\/3 des in Natans hergestellten Materials in Russland vereinbart werden soll. Das w\u00fcrde den 5+1, die mit Iran \u00fcber sein Nuklearprogramm verhandeln, erstens [&hellip;]\" \/>\n<meta property=\"og:url\" content=\"https:\/\/blog.zeit.de\/joerglau\/2009\/10\/22\/wie-es-zu-dem-us-iran-deal-kam_3168\" \/>\n<meta property=\"og:site_name\" content=\"J\u00f6rg Lau\" \/>\n<meta property=\"article:published_time\" content=\"2009-10-22T14:44:33+00:00\" \/>\n<meta property=\"article:modified_time\" content=\"2009-10-22T14:45:14+00:00\" \/>\n<meta name=\"author\" content=\"J\u00f6rg Lau\" \/>\n<meta name=\"twitter:card\" content=\"summary_large_image\" \/>\n<meta name=\"twitter:label1\" content=\"Geschrieben von\" \/>\n\t<meta name=\"twitter:data1\" content=\"J\u00f6rg Lau\" \/>\n\t<meta name=\"twitter:label2\" content=\"Gesch\u00e4tzte Lesezeit\" \/>\n\t<meta name=\"twitter:data2\" content=\"1\u00a0Minute\" \/>\n<script type=\"application\/ld+json\" class=\"yoast-schema-graph\">{\"@context\":\"https:\/\/schema.org\",\"@graph\":[{\"@type\":\"WebPage\",\"@id\":\"https:\/\/blog.zeit.de\/joerglau\/2009\/10\/22\/wie-es-zu-dem-us-iran-deal-kam_3168\",\"url\":\"https:\/\/blog.zeit.de\/joerglau\/2009\/10\/22\/wie-es-zu-dem-us-iran-deal-kam_3168\",\"name\":\"Wie es zu dem US-Iran-Deal kam - J\u00f6rg Lau\",\"isPartOf\":{\"@id\":\"https:\/\/blog.zeit.de\/joerglau\/#website\"},\"datePublished\":\"2009-10-22T14:44:33+00:00\",\"dateModified\":\"2009-10-22T14:45:14+00:00\",\"author\":{\"@id\":\"https:\/\/blog.zeit.de\/joerglau\/#\/schema\/person\/55f0be9bfac24815791fbc852b042f57\"},\"breadcrumb\":{\"@id\":\"https:\/\/blog.zeit.de\/joerglau\/2009\/10\/22\/wie-es-zu-dem-us-iran-deal-kam_3168#breadcrumb\"},\"inLanguage\":\"de\",\"potentialAction\":[{\"@type\":\"ReadAction\",\"target\":[\"https:\/\/blog.zeit.de\/joerglau\/2009\/10\/22\/wie-es-zu-dem-us-iran-deal-kam_3168\"]}]},{\"@type\":\"BreadcrumbList\",\"@id\":\"https:\/\/blog.zeit.de\/joerglau\/2009\/10\/22\/wie-es-zu-dem-us-iran-deal-kam_3168#breadcrumb\",\"itemListElement\":[{\"@type\":\"ListItem\",\"position\":1,\"name\":\"Startseite\",\"item\":\"https:\/\/blog.zeit.de\/joerglau\"},{\"@type\":\"ListItem\",\"position\":2,\"name\":\"Wie es zu dem US-Iran-Deal kam\"}]},{\"@type\":\"WebSite\",\"@id\":\"https:\/\/blog.zeit.de\/joerglau\/#website\",\"url\":\"https:\/\/blog.zeit.de\/joerglau\/\",\"name\":\"J\u00f6rg Lau\",\"description\":\"Ein Blog \u00fcber Religion und Politik\",\"potentialAction\":[{\"@type\":\"SearchAction\",\"target\":{\"@type\":\"EntryPoint\",\"urlTemplate\":\"https:\/\/blog.zeit.de\/joerglau\/?s={search_term_string}\"},\"query-input\":\"required name=search_term_string\"}],\"inLanguage\":\"de\"},{\"@type\":\"Person\",\"@id\":\"https:\/\/blog.zeit.de\/joerglau\/#\/schema\/person\/55f0be9bfac24815791fbc852b042f57\",\"name\":\"J\u00f6rg Lau\",\"image\":{\"@type\":\"ImageObject\",\"inLanguage\":\"de\",\"@id\":\"https:\/\/blog.zeit.de\/joerglau\/#\/schema\/person\/image\/\",\"url\":\"https:\/\/secure.gravatar.com\/avatar\/a5fe39bf4f5335b8bac36eefa0b41467221b1598bfea5f05159a0199e391eed0?s=96&d=mm&r=g\",\"contentUrl\":\"https:\/\/secure.gravatar.com\/avatar\/a5fe39bf4f5335b8bac36eefa0b41467221b1598bfea5f05159a0199e391eed0?s=96&d=mm&r=g\",\"caption\":\"J\u00f6rg Lau\"},\"url\":\"https:\/\/blog.zeit.de\/joerglau\/author\/joerg-lau\"}]}<\/script>\n<!-- \/ Yoast SEO plugin. -->","yoast_head_json":{"title":"Wie es zu dem US-Iran-Deal kam - J\u00f6rg Lau","robots":{"index":"index","follow":"follow","max-snippet":"max-snippet:-1","max-image-preview":"max-image-preview:large","max-video-preview":"max-video-preview:-1"},"canonical":"https:\/\/blog.zeit.de\/joerglau\/2009\/10\/22\/wie-es-zu-dem-us-iran-deal-kam_3168","og_locale":"de_DE","og_type":"article","og_title":"Wie es zu dem US-Iran-Deal kam - J\u00f6rg Lau","og_description":"Nun ja, noch steht er nicht, aber Berliner Diplomaten sind einigerma\u00dfen optimistisch, dass Iran in den kommenden Tagen den Vertrag unterschreiben wird, in dem die weitere Anreicherung (f\u00fcr medizinische Zwecke) von ca. 2\/3 des in Natans hergestellten Materials in Russland vereinbart werden soll. Das w\u00fcrde den 5+1, die mit Iran \u00fcber sein Nuklearprogramm verhandeln, erstens [&hellip;]","og_url":"https:\/\/blog.zeit.de\/joerglau\/2009\/10\/22\/wie-es-zu-dem-us-iran-deal-kam_3168","og_site_name":"J\u00f6rg Lau","article_published_time":"2009-10-22T14:44:33+00:00","article_modified_time":"2009-10-22T14:45:14+00:00","author":"J\u00f6rg Lau","twitter_card":"summary_large_image","twitter_misc":{"Geschrieben von":"J\u00f6rg Lau","Gesch\u00e4tzte Lesezeit":"1\u00a0Minute"},"schema":{"@context":"https:\/\/schema.org","@graph":[{"@type":"WebPage","@id":"https:\/\/blog.zeit.de\/joerglau\/2009\/10\/22\/wie-es-zu-dem-us-iran-deal-kam_3168","url":"https:\/\/blog.zeit.de\/joerglau\/2009\/10\/22\/wie-es-zu-dem-us-iran-deal-kam_3168","name":"Wie es zu dem US-Iran-Deal kam - J\u00f6rg Lau","isPartOf":{"@id":"https:\/\/blog.zeit.de\/joerglau\/#website"},"datePublished":"2009-10-22T14:44:33+00:00","dateModified":"2009-10-22T14:45:14+00:00","author":{"@id":"https:\/\/blog.zeit.de\/joerglau\/#\/schema\/person\/55f0be9bfac24815791fbc852b042f57"},"breadcrumb":{"@id":"https:\/\/blog.zeit.de\/joerglau\/2009\/10\/22\/wie-es-zu-dem-us-iran-deal-kam_3168#breadcrumb"},"inLanguage":"de","potentialAction":[{"@type":"ReadAction","target":["https:\/\/blog.zeit.de\/joerglau\/2009\/10\/22\/wie-es-zu-dem-us-iran-deal-kam_3168"]}]},{"@type":"BreadcrumbList","@id":"https:\/\/blog.zeit.de\/joerglau\/2009\/10\/22\/wie-es-zu-dem-us-iran-deal-kam_3168#breadcrumb","itemListElement":[{"@type":"ListItem","position":1,"name":"Startseite","item":"https:\/\/blog.zeit.de\/joerglau"},{"@type":"ListItem","position":2,"name":"Wie es zu dem US-Iran-Deal kam"}]},{"@type":"WebSite","@id":"https:\/\/blog.zeit.de\/joerglau\/#website","url":"https:\/\/blog.zeit.de\/joerglau\/","name":"J\u00f6rg Lau","description":"Ein Blog \u00fcber Religion und Politik","potentialAction":[{"@type":"SearchAction","target":{"@type":"EntryPoint","urlTemplate":"https:\/\/blog.zeit.de\/joerglau\/?s={search_term_string}"},"query-input":"required name=search_term_string"}],"inLanguage":"de"},{"@type":"Person","@id":"https:\/\/blog.zeit.de\/joerglau\/#\/schema\/person\/55f0be9bfac24815791fbc852b042f57","name":"J\u00f6rg Lau","image":{"@type":"ImageObject","inLanguage":"de","@id":"https:\/\/blog.zeit.de\/joerglau\/#\/schema\/person\/image\/","url":"https:\/\/secure.gravatar.com\/avatar\/a5fe39bf4f5335b8bac36eefa0b41467221b1598bfea5f05159a0199e391eed0?s=96&d=mm&r=g","contentUrl":"https:\/\/secure.gravatar.com\/avatar\/a5fe39bf4f5335b8bac36eefa0b41467221b1598bfea5f05159a0199e391eed0?s=96&d=mm&r=g","caption":"J\u00f6rg Lau"},"url":"https:\/\/blog.zeit.de\/joerglau\/author\/joerg-lau"}]}},"jetpack_featured_media_url":"","jetpack_sharing_enabled":true,"jetpack_shortlink":"https:\/\/wp.me\/pG02W-P6","_links":{"self":[{"href":"https:\/\/blog.zeit.de\/joerglau\/wp-json\/wp\/v2\/posts\/3168","targetHints":{"allow":["GET"]}}],"collection":[{"href":"https:\/\/blog.zeit.de\/joerglau\/wp-json\/wp\/v2\/posts"}],"about":[{"href":"https:\/\/blog.zeit.de\/joerglau\/wp-json\/wp\/v2\/types\/post"}],"author":[{"embeddable":true,"href":"https:\/\/blog.zeit.de\/joerglau\/wp-json\/wp\/v2\/users\/54"}],"replies":[{"embeddable":true,"href":"https:\/\/blog.zeit.de\/joerglau\/wp-json\/wp\/v2\/comments?post=3168"}],"version-history":[{"count":0,"href":"https:\/\/blog.zeit.de\/joerglau\/wp-json\/wp\/v2\/posts\/3168\/revisions"}],"wp:attachment":[{"href":"https:\/\/blog.zeit.de\/joerglau\/wp-json\/wp\/v2\/media?parent=3168"}],"wp:term":[{"taxonomy":"category","embeddable":true,"href":"https:\/\/blog.zeit.de\/joerglau\/wp-json\/wp\/v2\/categories?post=3168"},{"taxonomy":"post_tag","embeddable":true,"href":"https:\/\/blog.zeit.de\/joerglau\/wp-json\/wp\/v2\/tags?post=3168"}],"curies":[{"name":"wp","href":"https:\/\/api.w.org\/{rel}","templated":true}]}}