{"id":3180,"date":"2009-10-26T13:22:34","date_gmt":"2009-10-26T11:22:34","guid":{"rendered":"http:\/\/blog.zeit.de\/joerglau\/?p=3180"},"modified":"2009-10-26T20:19:13","modified_gmt":"2009-10-26T18:19:13","slug":"erdogan-achmadinedschad-ist-unser-freund","status":"publish","type":"post","link":"https:\/\/blog.zeit.de\/joerglau\/2009\/10\/26\/erdogan-achmadinedschad-ist-unser-freund_3180","title":{"rendered":"Erdogan: &#8222;unser Freund Achmadinedschad&#8220;"},"content":{"rendered":"<p>Wow. Was der t\u00fcrkische Premier Erdogan dem <a href=\"http:\/\/www.guardian.co.uk\/world\/2009\/oct\/26\/turkey-iran1\">Guardian<\/a> in einem Interview sagte, ist ein Knaller.<\/p>\n<p>Machmud Achmadinedschad sei &#8222;ohne Zweifel unser Freund&#8220;. Daf\u00fcr werden die f\u00fchrenden Nationen der EU, Frankreich und Deutschland, mit Kritik nicht geschont f\u00fcr ihre abwartende Haltung gegen\u00fcber der T\u00fcrkei. Der Guardian fasst zusammen:<\/p>\n<p><em>Friendly towards a religious theocratic Iran, covetous and increasingly resentful of a secular but maddeningly dismissive Europe: it seems the perfect summary of Turkey&#8217;s east-west dichotomy.<\/em><\/p>\n<p>Erdogan wirbt folgendermassen f\u00fcr die t\u00fcrkischen EU-Aspirationen: <em> <\/em><\/p>\n<p><em>&#8222;Being in the European Union we would be building bridges between the 1.5bn people of Muslim world to the non-Muslim world. They have to see this. If they ignore it, it brings weakness to the EU.&#8220;<\/em><\/p>\n<p>Der t\u00fcrkische Pr\u00e4sident Abdullah G\u00fcl und Erdogan geh\u00f6rten zu den ersten Staatsf\u00fchrern, die Achmadinedschad zu seiner &#8222;Wahl&#8220;gratulierten:<\/p>\n<p>Erdogan hat sein Gastgeschenk schon vorher im Guardian ausgepackt:<\/p>\n<p><em>He poured cold water on western accusations that Iran is seeking a nuclear weapon, saying: &#8222;Iran does not accept it is building a weapon. They are working on nuclear power for the purposes of energy only.&#8220;<\/em><\/p>\n<p>Das muss man sich schon auf der Zunge zergehen lassen. Unser Nato-Partner T\u00fcrkei vertritt die offizielle iranische Position. Selbst die Russen sind um mehr Distanz bem\u00fcht, obwohl sie oft genug Sanktionen verschleppt und verw\u00e4ssert haben.<\/p>\n<p>Wenn das der versprochene &#8222;Br\u00fcckenbau&#8220; zur islamischen Welt sein soll, dann wollen wir darauf lieber verzichten.<\/p>\n","protected":false},"excerpt":{"rendered":"<p>Wow. Was der t\u00fcrkische Premier Erdogan dem Guardian in einem Interview sagte, ist ein Knaller. Machmud Achmadinedschad sei &#8222;ohne Zweifel unser Freund&#8220;. Daf\u00fcr werden die f\u00fchrenden Nationen der EU, Frankreich und Deutschland, mit Kritik nicht geschont f\u00fcr ihre abwartende Haltung gegen\u00fcber der T\u00fcrkei. Der Guardian fasst zusammen: Friendly towards a religious theocratic Iran, covetous and [&hellip;]<\/p>\n","protected":false},"author":54,"featured_media":0,"comment_status":"open","ping_status":"closed","sticky":false,"template":"","format":"standard","meta":{"jetpack_post_was_ever_published":false,"footnotes":""},"categories":[166,117],"tags":[],"class_list":["post-3180","post","type-post","status-publish","format-standard","hentry","category-iran","category-turkei"],"yoast_head":"<!-- This site is optimized with the Yoast SEO plugin v21.0 - https:\/\/yoast.com\/wordpress\/plugins\/seo\/ -->\n<title>Erdogan: &quot;unser Freund Achmadinedschad&quot; - J\u00f6rg Lau<\/title>\n<meta name=\"robots\" content=\"index, follow, max-snippet:-1, max-image-preview:large, max-video-preview:-1\" \/>\n<link rel=\"canonical\" href=\"https:\/\/blog.zeit.de\/joerglau\/2009\/10\/26\/erdogan-achmadinedschad-ist-unser-freund_3180\" \/>\n<meta property=\"og:locale\" content=\"de_DE\" \/>\n<meta property=\"og:type\" content=\"article\" \/>\n<meta property=\"og:title\" content=\"Erdogan: &quot;unser Freund Achmadinedschad&quot; - J\u00f6rg Lau\" \/>\n<meta property=\"og:description\" content=\"Wow. Was der t\u00fcrkische Premier Erdogan dem Guardian in einem Interview sagte, ist ein Knaller. Machmud Achmadinedschad sei &#8222;ohne Zweifel unser Freund&#8220;. Daf\u00fcr werden die f\u00fchrenden Nationen der EU, Frankreich und Deutschland, mit Kritik nicht geschont f\u00fcr ihre abwartende Haltung gegen\u00fcber der T\u00fcrkei. Der Guardian fasst zusammen: Friendly towards a religious theocratic Iran, covetous and [&hellip;]\" \/>\n<meta property=\"og:url\" content=\"https:\/\/blog.zeit.de\/joerglau\/2009\/10\/26\/erdogan-achmadinedschad-ist-unser-freund_3180\" \/>\n<meta property=\"og:site_name\" content=\"J\u00f6rg Lau\" \/>\n<meta property=\"article:published_time\" content=\"2009-10-26T11:22:34+00:00\" \/>\n<meta property=\"article:modified_time\" content=\"2009-10-26T18:19:13+00:00\" \/>\n<meta name=\"author\" content=\"J\u00f6rg Lau\" \/>\n<meta name=\"twitter:card\" content=\"summary_large_image\" \/>\n<meta name=\"twitter:label1\" content=\"Geschrieben von\" \/>\n\t<meta name=\"twitter:data1\" content=\"J\u00f6rg Lau\" \/>\n\t<meta name=\"twitter:label2\" content=\"Gesch\u00e4tzte Lesezeit\" \/>\n\t<meta name=\"twitter:data2\" content=\"1\u00a0Minute\" \/>\n<script type=\"application\/ld+json\" class=\"yoast-schema-graph\">{\"@context\":\"https:\/\/schema.org\",\"@graph\":[{\"@type\":\"WebPage\",\"@id\":\"https:\/\/blog.zeit.de\/joerglau\/2009\/10\/26\/erdogan-achmadinedschad-ist-unser-freund_3180\",\"url\":\"https:\/\/blog.zeit.de\/joerglau\/2009\/10\/26\/erdogan-achmadinedschad-ist-unser-freund_3180\",\"name\":\"Erdogan: \\\"unser Freund Achmadinedschad\\\" - J\u00f6rg Lau\",\"isPartOf\":{\"@id\":\"https:\/\/blog.zeit.de\/joerglau\/#website\"},\"datePublished\":\"2009-10-26T11:22:34+00:00\",\"dateModified\":\"2009-10-26T18:19:13+00:00\",\"author\":{\"@id\":\"https:\/\/blog.zeit.de\/joerglau\/#\/schema\/person\/55f0be9bfac24815791fbc852b042f57\"},\"breadcrumb\":{\"@id\":\"https:\/\/blog.zeit.de\/joerglau\/2009\/10\/26\/erdogan-achmadinedschad-ist-unser-freund_3180#breadcrumb\"},\"inLanguage\":\"de\",\"potentialAction\":[{\"@type\":\"ReadAction\",\"target\":[\"https:\/\/blog.zeit.de\/joerglau\/2009\/10\/26\/erdogan-achmadinedschad-ist-unser-freund_3180\"]}]},{\"@type\":\"BreadcrumbList\",\"@id\":\"https:\/\/blog.zeit.de\/joerglau\/2009\/10\/26\/erdogan-achmadinedschad-ist-unser-freund_3180#breadcrumb\",\"itemListElement\":[{\"@type\":\"ListItem\",\"position\":1,\"name\":\"Startseite\",\"item\":\"https:\/\/blog.zeit.de\/joerglau\"},{\"@type\":\"ListItem\",\"position\":2,\"name\":\"Erdogan: &#8222;unser Freund Achmadinedschad&#8220;\"}]},{\"@type\":\"WebSite\",\"@id\":\"https:\/\/blog.zeit.de\/joerglau\/#website\",\"url\":\"https:\/\/blog.zeit.de\/joerglau\/\",\"name\":\"J\u00f6rg Lau\",\"description\":\"Ein Blog \u00fcber Religion und Politik\",\"potentialAction\":[{\"@type\":\"SearchAction\",\"target\":{\"@type\":\"EntryPoint\",\"urlTemplate\":\"https:\/\/blog.zeit.de\/joerglau\/?s={search_term_string}\"},\"query-input\":\"required name=search_term_string\"}],\"inLanguage\":\"de\"},{\"@type\":\"Person\",\"@id\":\"https:\/\/blog.zeit.de\/joerglau\/#\/schema\/person\/55f0be9bfac24815791fbc852b042f57\",\"name\":\"J\u00f6rg Lau\",\"image\":{\"@type\":\"ImageObject\",\"inLanguage\":\"de\",\"@id\":\"https:\/\/blog.zeit.de\/joerglau\/#\/schema\/person\/image\/\",\"url\":\"https:\/\/secure.gravatar.com\/avatar\/a5fe39bf4f5335b8bac36eefa0b41467221b1598bfea5f05159a0199e391eed0?s=96&d=mm&r=g\",\"contentUrl\":\"https:\/\/secure.gravatar.com\/avatar\/a5fe39bf4f5335b8bac36eefa0b41467221b1598bfea5f05159a0199e391eed0?s=96&d=mm&r=g\",\"caption\":\"J\u00f6rg Lau\"},\"url\":\"https:\/\/blog.zeit.de\/joerglau\/author\/joerg-lau\"}]}<\/script>\n<!-- \/ Yoast SEO plugin. -->","yoast_head_json":{"title":"Erdogan: \"unser Freund Achmadinedschad\" - J\u00f6rg Lau","robots":{"index":"index","follow":"follow","max-snippet":"max-snippet:-1","max-image-preview":"max-image-preview:large","max-video-preview":"max-video-preview:-1"},"canonical":"https:\/\/blog.zeit.de\/joerglau\/2009\/10\/26\/erdogan-achmadinedschad-ist-unser-freund_3180","og_locale":"de_DE","og_type":"article","og_title":"Erdogan: \"unser Freund Achmadinedschad\" - J\u00f6rg Lau","og_description":"Wow. Was der t\u00fcrkische Premier Erdogan dem Guardian in einem Interview sagte, ist ein Knaller. Machmud Achmadinedschad sei &#8222;ohne Zweifel unser Freund&#8220;. Daf\u00fcr werden die f\u00fchrenden Nationen der EU, Frankreich und Deutschland, mit Kritik nicht geschont f\u00fcr ihre abwartende Haltung gegen\u00fcber der T\u00fcrkei. Der Guardian fasst zusammen: Friendly towards a religious theocratic Iran, covetous and [&hellip;]","og_url":"https:\/\/blog.zeit.de\/joerglau\/2009\/10\/26\/erdogan-achmadinedschad-ist-unser-freund_3180","og_site_name":"J\u00f6rg Lau","article_published_time":"2009-10-26T11:22:34+00:00","article_modified_time":"2009-10-26T18:19:13+00:00","author":"J\u00f6rg Lau","twitter_card":"summary_large_image","twitter_misc":{"Geschrieben von":"J\u00f6rg Lau","Gesch\u00e4tzte Lesezeit":"1\u00a0Minute"},"schema":{"@context":"https:\/\/schema.org","@graph":[{"@type":"WebPage","@id":"https:\/\/blog.zeit.de\/joerglau\/2009\/10\/26\/erdogan-achmadinedschad-ist-unser-freund_3180","url":"https:\/\/blog.zeit.de\/joerglau\/2009\/10\/26\/erdogan-achmadinedschad-ist-unser-freund_3180","name":"Erdogan: \"unser Freund Achmadinedschad\" - J\u00f6rg Lau","isPartOf":{"@id":"https:\/\/blog.zeit.de\/joerglau\/#website"},"datePublished":"2009-10-26T11:22:34+00:00","dateModified":"2009-10-26T18:19:13+00:00","author":{"@id":"https:\/\/blog.zeit.de\/joerglau\/#\/schema\/person\/55f0be9bfac24815791fbc852b042f57"},"breadcrumb":{"@id":"https:\/\/blog.zeit.de\/joerglau\/2009\/10\/26\/erdogan-achmadinedschad-ist-unser-freund_3180#breadcrumb"},"inLanguage":"de","potentialAction":[{"@type":"ReadAction","target":["https:\/\/blog.zeit.de\/joerglau\/2009\/10\/26\/erdogan-achmadinedschad-ist-unser-freund_3180"]}]},{"@type":"BreadcrumbList","@id":"https:\/\/blog.zeit.de\/joerglau\/2009\/10\/26\/erdogan-achmadinedschad-ist-unser-freund_3180#breadcrumb","itemListElement":[{"@type":"ListItem","position":1,"name":"Startseite","item":"https:\/\/blog.zeit.de\/joerglau"},{"@type":"ListItem","position":2,"name":"Erdogan: &#8222;unser Freund Achmadinedschad&#8220;"}]},{"@type":"WebSite","@id":"https:\/\/blog.zeit.de\/joerglau\/#website","url":"https:\/\/blog.zeit.de\/joerglau\/","name":"J\u00f6rg Lau","description":"Ein Blog \u00fcber Religion und Politik","potentialAction":[{"@type":"SearchAction","target":{"@type":"EntryPoint","urlTemplate":"https:\/\/blog.zeit.de\/joerglau\/?s={search_term_string}"},"query-input":"required name=search_term_string"}],"inLanguage":"de"},{"@type":"Person","@id":"https:\/\/blog.zeit.de\/joerglau\/#\/schema\/person\/55f0be9bfac24815791fbc852b042f57","name":"J\u00f6rg Lau","image":{"@type":"ImageObject","inLanguage":"de","@id":"https:\/\/blog.zeit.de\/joerglau\/#\/schema\/person\/image\/","url":"https:\/\/secure.gravatar.com\/avatar\/a5fe39bf4f5335b8bac36eefa0b41467221b1598bfea5f05159a0199e391eed0?s=96&d=mm&r=g","contentUrl":"https:\/\/secure.gravatar.com\/avatar\/a5fe39bf4f5335b8bac36eefa0b41467221b1598bfea5f05159a0199e391eed0?s=96&d=mm&r=g","caption":"J\u00f6rg Lau"},"url":"https:\/\/blog.zeit.de\/joerglau\/author\/joerg-lau"}]}},"jetpack_featured_media_url":"","jetpack_sharing_enabled":true,"jetpack_shortlink":"https:\/\/wp.me\/pG02W-Pi","_links":{"self":[{"href":"https:\/\/blog.zeit.de\/joerglau\/wp-json\/wp\/v2\/posts\/3180","targetHints":{"allow":["GET"]}}],"collection":[{"href":"https:\/\/blog.zeit.de\/joerglau\/wp-json\/wp\/v2\/posts"}],"about":[{"href":"https:\/\/blog.zeit.de\/joerglau\/wp-json\/wp\/v2\/types\/post"}],"author":[{"embeddable":true,"href":"https:\/\/blog.zeit.de\/joerglau\/wp-json\/wp\/v2\/users\/54"}],"replies":[{"embeddable":true,"href":"https:\/\/blog.zeit.de\/joerglau\/wp-json\/wp\/v2\/comments?post=3180"}],"version-history":[{"count":0,"href":"https:\/\/blog.zeit.de\/joerglau\/wp-json\/wp\/v2\/posts\/3180\/revisions"}],"wp:attachment":[{"href":"https:\/\/blog.zeit.de\/joerglau\/wp-json\/wp\/v2\/media?parent=3180"}],"wp:term":[{"taxonomy":"category","embeddable":true,"href":"https:\/\/blog.zeit.de\/joerglau\/wp-json\/wp\/v2\/categories?post=3180"},{"taxonomy":"post_tag","embeddable":true,"href":"https:\/\/blog.zeit.de\/joerglau\/wp-json\/wp\/v2\/tags?post=3180"}],"curies":[{"name":"wp","href":"https:\/\/api.w.org\/{rel}","templated":true}]}}