{"id":3200,"date":"2009-11-09T16:15:15","date_gmt":"2009-11-09T15:15:15","guid":{"rendered":"http:\/\/blog.zeit.de\/joerglau\/?p=3200"},"modified":"2009-11-09T16:16:28","modified_gmt":"2009-11-09T15:16:28","slug":"warum-ahmadinejad-gegen-die-besetzung-der-us-botschaft-war","status":"publish","type":"post","link":"https:\/\/blog.zeit.de\/joerglau\/2009\/11\/09\/warum-ahmadinejad-gegen-die-besetzung-der-us-botschaft-war_3200","title":{"rendered":"Warum Ahmadinedschad gegen die Besetzung der US-Botschaft war"},"content":{"rendered":"<p>Interessanter Hintergrundbericht in der <a href=\"http:\/\/thelede.blogs.nytimes.com\/2009\/11\/08\/why-ahmadinejad-voted-against-occupying-the-us-embassy-in-1979\/\">New York Times (online)<\/a>: Der heute gr\u00f6\u00dfte Kritiker des &#8222;US-Imperialismus&#8220; war vor 30 Jahren dagegen, die US-Botschaft in teheran zu besetzen. Machmud Ahmadinedschad hatte damals wesentlich mehr Angst davor, den Einfluss der Russen auf Iran zu st\u00e4rken, als vor dem amerikanischen Einfluss, der zum Haupt-Topos der Propaganda der Islamischen Republik werden sollte.<\/p>\n<p><img loading=\"lazy\" decoding=\"async\" class=\"alignnone size-full wp-image-3201\" src=\"https:\/\/blog.zeit.de\/joerglau\/files\/2009\/11\/ahmadiyoung.jpg\" alt=\"ahmadiyoung\" width=\"190\" height=\"295\" \/><\/p>\n<p><em>Bild: M. Ahmadinedschad als Studentenaktivist Ende der Siebziger<\/em><br \/>\nDie Einmischungen Russlands (seit der Zarenzeit) und sp\u00e4ter der Sowjetunion wurden immer weiter heruntergespielt gegen\u00fcber den Briten und den Amerikanern. Aber der junge Ahmadinedschad sorgte sich mehr um den Einfluss des n\u00f6rdlichen Nachbarn.<\/p>\n<p>Merkw\u00fcrdige Ironie der Geschichte: Heute sind es die Russen, die sich zur de facto Schutzmacht Irans entwickelt haben. Darum wurde in diesem Jahr auch von Demonstranten der &#8222;Gr\u00fcnen Bewegung&#8220; der Slogan &#8222;Tod Amerika!&#8220; in &#8222;Tod Russland!&#8220; verwandelt &#8211; weil Russland die gef\u00e4lschte &#8222;Wahl&#8220; Ahmadinedschads anerkannt hatte, indem es den Pr\u00e4sidenten Irans kurz danach schon empfing.<\/p>\n","protected":false},"excerpt":{"rendered":"<p>Interessanter Hintergrundbericht in der New York Times (online): Der heute gr\u00f6\u00dfte Kritiker des &#8222;US-Imperialismus&#8220; war vor 30 Jahren dagegen, die US-Botschaft in teheran zu besetzen. Machmud Ahmadinedschad hatte damals wesentlich mehr Angst davor, den Einfluss der Russen auf Iran zu st\u00e4rken, als vor dem amerikanischen Einfluss, der zum Haupt-Topos der Propaganda der Islamischen Republik werden [&hellip;]<\/p>\n","protected":false},"author":54,"featured_media":0,"comment_status":"open","ping_status":"closed","sticky":false,"template":"","format":"standard","meta":{"jetpack_post_was_ever_published":false,"footnotes":""},"categories":[166,176,125],"tags":[],"class_list":["post-3200","post","type-post","status-publish","format-standard","hentry","category-iran","category-russland","category-usa"],"yoast_head":"<!-- This site is optimized with the Yoast SEO plugin v21.0 - https:\/\/yoast.com\/wordpress\/plugins\/seo\/ -->\n<title>Warum Ahmadinedschad gegen die Besetzung der US-Botschaft war - J\u00f6rg Lau<\/title>\n<meta name=\"robots\" content=\"index, follow, max-snippet:-1, max-image-preview:large, max-video-preview:-1\" \/>\n<link rel=\"canonical\" href=\"https:\/\/blog.zeit.de\/joerglau\/2009\/11\/09\/warum-ahmadinejad-gegen-die-besetzung-der-us-botschaft-war_3200\" \/>\n<meta property=\"og:locale\" content=\"de_DE\" \/>\n<meta property=\"og:type\" content=\"article\" \/>\n<meta property=\"og:title\" content=\"Warum Ahmadinedschad gegen die Besetzung der US-Botschaft war - J\u00f6rg Lau\" \/>\n<meta property=\"og:description\" content=\"Interessanter Hintergrundbericht in der New York Times (online): Der heute gr\u00f6\u00dfte Kritiker des &#8222;US-Imperialismus&#8220; war vor 30 Jahren dagegen, die US-Botschaft in teheran zu besetzen. Machmud Ahmadinedschad hatte damals wesentlich mehr Angst davor, den Einfluss der Russen auf Iran zu st\u00e4rken, als vor dem amerikanischen Einfluss, der zum Haupt-Topos der Propaganda der Islamischen Republik werden [&hellip;]\" \/>\n<meta property=\"og:url\" content=\"https:\/\/blog.zeit.de\/joerglau\/2009\/11\/09\/warum-ahmadinejad-gegen-die-besetzung-der-us-botschaft-war_3200\" \/>\n<meta property=\"og:site_name\" content=\"J\u00f6rg Lau\" \/>\n<meta property=\"article:published_time\" content=\"2009-11-09T15:15:15+00:00\" \/>\n<meta property=\"article:modified_time\" content=\"2009-11-09T15:16:28+00:00\" \/>\n<meta property=\"og:image\" content=\"https:\/\/blog.zeit.de\/joerglau\/files\/2009\/11\/ahmadiyoung.jpg\" \/>\n<meta name=\"author\" content=\"J\u00f6rg Lau\" \/>\n<meta name=\"twitter:card\" content=\"summary_large_image\" \/>\n<meta name=\"twitter:label1\" content=\"Geschrieben von\" \/>\n\t<meta name=\"twitter:data1\" content=\"J\u00f6rg Lau\" \/>\n\t<meta name=\"twitter:label2\" content=\"Gesch\u00e4tzte Lesezeit\" \/>\n\t<meta name=\"twitter:data2\" content=\"1\u00a0Minute\" \/>\n<script type=\"application\/ld+json\" class=\"yoast-schema-graph\">{\"@context\":\"https:\/\/schema.org\",\"@graph\":[{\"@type\":\"WebPage\",\"@id\":\"https:\/\/blog.zeit.de\/joerglau\/2009\/11\/09\/warum-ahmadinejad-gegen-die-besetzung-der-us-botschaft-war_3200\",\"url\":\"https:\/\/blog.zeit.de\/joerglau\/2009\/11\/09\/warum-ahmadinejad-gegen-die-besetzung-der-us-botschaft-war_3200\",\"name\":\"Warum Ahmadinedschad gegen die Besetzung der US-Botschaft war - J\u00f6rg Lau\",\"isPartOf\":{\"@id\":\"https:\/\/blog.zeit.de\/joerglau\/#website\"},\"datePublished\":\"2009-11-09T15:15:15+00:00\",\"dateModified\":\"2009-11-09T15:16:28+00:00\",\"author\":{\"@id\":\"https:\/\/blog.zeit.de\/joerglau\/#\/schema\/person\/55f0be9bfac24815791fbc852b042f57\"},\"breadcrumb\":{\"@id\":\"https:\/\/blog.zeit.de\/joerglau\/2009\/11\/09\/warum-ahmadinejad-gegen-die-besetzung-der-us-botschaft-war_3200#breadcrumb\"},\"inLanguage\":\"de\",\"potentialAction\":[{\"@type\":\"ReadAction\",\"target\":[\"https:\/\/blog.zeit.de\/joerglau\/2009\/11\/09\/warum-ahmadinejad-gegen-die-besetzung-der-us-botschaft-war_3200\"]}]},{\"@type\":\"BreadcrumbList\",\"@id\":\"https:\/\/blog.zeit.de\/joerglau\/2009\/11\/09\/warum-ahmadinejad-gegen-die-besetzung-der-us-botschaft-war_3200#breadcrumb\",\"itemListElement\":[{\"@type\":\"ListItem\",\"position\":1,\"name\":\"Startseite\",\"item\":\"https:\/\/blog.zeit.de\/joerglau\"},{\"@type\":\"ListItem\",\"position\":2,\"name\":\"Warum Ahmadinedschad gegen die Besetzung der US-Botschaft war\"}]},{\"@type\":\"WebSite\",\"@id\":\"https:\/\/blog.zeit.de\/joerglau\/#website\",\"url\":\"https:\/\/blog.zeit.de\/joerglau\/\",\"name\":\"J\u00f6rg Lau\",\"description\":\"Ein Blog \u00fcber Religion und Politik\",\"potentialAction\":[{\"@type\":\"SearchAction\",\"target\":{\"@type\":\"EntryPoint\",\"urlTemplate\":\"https:\/\/blog.zeit.de\/joerglau\/?s={search_term_string}\"},\"query-input\":\"required name=search_term_string\"}],\"inLanguage\":\"de\"},{\"@type\":\"Person\",\"@id\":\"https:\/\/blog.zeit.de\/joerglau\/#\/schema\/person\/55f0be9bfac24815791fbc852b042f57\",\"name\":\"J\u00f6rg Lau\",\"image\":{\"@type\":\"ImageObject\",\"inLanguage\":\"de\",\"@id\":\"https:\/\/blog.zeit.de\/joerglau\/#\/schema\/person\/image\/\",\"url\":\"https:\/\/secure.gravatar.com\/avatar\/a5fe39bf4f5335b8bac36eefa0b41467221b1598bfea5f05159a0199e391eed0?s=96&d=mm&r=g\",\"contentUrl\":\"https:\/\/secure.gravatar.com\/avatar\/a5fe39bf4f5335b8bac36eefa0b41467221b1598bfea5f05159a0199e391eed0?s=96&d=mm&r=g\",\"caption\":\"J\u00f6rg Lau\"},\"url\":\"https:\/\/blog.zeit.de\/joerglau\/author\/joerg-lau\"}]}<\/script>\n<!-- \/ Yoast SEO plugin. -->","yoast_head_json":{"title":"Warum Ahmadinedschad gegen die Besetzung der US-Botschaft war - J\u00f6rg Lau","robots":{"index":"index","follow":"follow","max-snippet":"max-snippet:-1","max-image-preview":"max-image-preview:large","max-video-preview":"max-video-preview:-1"},"canonical":"https:\/\/blog.zeit.de\/joerglau\/2009\/11\/09\/warum-ahmadinejad-gegen-die-besetzung-der-us-botschaft-war_3200","og_locale":"de_DE","og_type":"article","og_title":"Warum Ahmadinedschad gegen die Besetzung der US-Botschaft war - J\u00f6rg Lau","og_description":"Interessanter Hintergrundbericht in der New York Times (online): Der heute gr\u00f6\u00dfte Kritiker des &#8222;US-Imperialismus&#8220; war vor 30 Jahren dagegen, die US-Botschaft in teheran zu besetzen. Machmud Ahmadinedschad hatte damals wesentlich mehr Angst davor, den Einfluss der Russen auf Iran zu st\u00e4rken, als vor dem amerikanischen Einfluss, der zum Haupt-Topos der Propaganda der Islamischen Republik werden [&hellip;]","og_url":"https:\/\/blog.zeit.de\/joerglau\/2009\/11\/09\/warum-ahmadinejad-gegen-die-besetzung-der-us-botschaft-war_3200","og_site_name":"J\u00f6rg Lau","article_published_time":"2009-11-09T15:15:15+00:00","article_modified_time":"2009-11-09T15:16:28+00:00","og_image":[{"url":"https:\/\/blog.zeit.de\/joerglau\/files\/2009\/11\/ahmadiyoung.jpg"}],"author":"J\u00f6rg Lau","twitter_card":"summary_large_image","twitter_misc":{"Geschrieben von":"J\u00f6rg Lau","Gesch\u00e4tzte Lesezeit":"1\u00a0Minute"},"schema":{"@context":"https:\/\/schema.org","@graph":[{"@type":"WebPage","@id":"https:\/\/blog.zeit.de\/joerglau\/2009\/11\/09\/warum-ahmadinejad-gegen-die-besetzung-der-us-botschaft-war_3200","url":"https:\/\/blog.zeit.de\/joerglau\/2009\/11\/09\/warum-ahmadinejad-gegen-die-besetzung-der-us-botschaft-war_3200","name":"Warum Ahmadinedschad gegen die Besetzung der US-Botschaft war - J\u00f6rg Lau","isPartOf":{"@id":"https:\/\/blog.zeit.de\/joerglau\/#website"},"datePublished":"2009-11-09T15:15:15+00:00","dateModified":"2009-11-09T15:16:28+00:00","author":{"@id":"https:\/\/blog.zeit.de\/joerglau\/#\/schema\/person\/55f0be9bfac24815791fbc852b042f57"},"breadcrumb":{"@id":"https:\/\/blog.zeit.de\/joerglau\/2009\/11\/09\/warum-ahmadinejad-gegen-die-besetzung-der-us-botschaft-war_3200#breadcrumb"},"inLanguage":"de","potentialAction":[{"@type":"ReadAction","target":["https:\/\/blog.zeit.de\/joerglau\/2009\/11\/09\/warum-ahmadinejad-gegen-die-besetzung-der-us-botschaft-war_3200"]}]},{"@type":"BreadcrumbList","@id":"https:\/\/blog.zeit.de\/joerglau\/2009\/11\/09\/warum-ahmadinejad-gegen-die-besetzung-der-us-botschaft-war_3200#breadcrumb","itemListElement":[{"@type":"ListItem","position":1,"name":"Startseite","item":"https:\/\/blog.zeit.de\/joerglau"},{"@type":"ListItem","position":2,"name":"Warum Ahmadinedschad gegen die Besetzung der US-Botschaft war"}]},{"@type":"WebSite","@id":"https:\/\/blog.zeit.de\/joerglau\/#website","url":"https:\/\/blog.zeit.de\/joerglau\/","name":"J\u00f6rg Lau","description":"Ein Blog \u00fcber Religion und Politik","potentialAction":[{"@type":"SearchAction","target":{"@type":"EntryPoint","urlTemplate":"https:\/\/blog.zeit.de\/joerglau\/?s={search_term_string}"},"query-input":"required name=search_term_string"}],"inLanguage":"de"},{"@type":"Person","@id":"https:\/\/blog.zeit.de\/joerglau\/#\/schema\/person\/55f0be9bfac24815791fbc852b042f57","name":"J\u00f6rg Lau","image":{"@type":"ImageObject","inLanguage":"de","@id":"https:\/\/blog.zeit.de\/joerglau\/#\/schema\/person\/image\/","url":"https:\/\/secure.gravatar.com\/avatar\/a5fe39bf4f5335b8bac36eefa0b41467221b1598bfea5f05159a0199e391eed0?s=96&d=mm&r=g","contentUrl":"https:\/\/secure.gravatar.com\/avatar\/a5fe39bf4f5335b8bac36eefa0b41467221b1598bfea5f05159a0199e391eed0?s=96&d=mm&r=g","caption":"J\u00f6rg Lau"},"url":"https:\/\/blog.zeit.de\/joerglau\/author\/joerg-lau"}]}},"jetpack_featured_media_url":"","jetpack_sharing_enabled":true,"jetpack_shortlink":"https:\/\/wp.me\/pG02W-PC","_links":{"self":[{"href":"https:\/\/blog.zeit.de\/joerglau\/wp-json\/wp\/v2\/posts\/3200","targetHints":{"allow":["GET"]}}],"collection":[{"href":"https:\/\/blog.zeit.de\/joerglau\/wp-json\/wp\/v2\/posts"}],"about":[{"href":"https:\/\/blog.zeit.de\/joerglau\/wp-json\/wp\/v2\/types\/post"}],"author":[{"embeddable":true,"href":"https:\/\/blog.zeit.de\/joerglau\/wp-json\/wp\/v2\/users\/54"}],"replies":[{"embeddable":true,"href":"https:\/\/blog.zeit.de\/joerglau\/wp-json\/wp\/v2\/comments?post=3200"}],"version-history":[{"count":0,"href":"https:\/\/blog.zeit.de\/joerglau\/wp-json\/wp\/v2\/posts\/3200\/revisions"}],"wp:attachment":[{"href":"https:\/\/blog.zeit.de\/joerglau\/wp-json\/wp\/v2\/media?parent=3200"}],"wp:term":[{"taxonomy":"category","embeddable":true,"href":"https:\/\/blog.zeit.de\/joerglau\/wp-json\/wp\/v2\/categories?post=3200"},{"taxonomy":"post_tag","embeddable":true,"href":"https:\/\/blog.zeit.de\/joerglau\/wp-json\/wp\/v2\/tags?post=3200"}],"curies":[{"name":"wp","href":"https:\/\/api.w.org\/{rel}","templated":true}]}}