{"id":3398,"date":"2010-01-18T09:50:24","date_gmt":"2010-01-18T08:50:24","guid":{"rendered":"http:\/\/blog.zeit.de\/joerglau\/?p=3398"},"modified":"2010-01-18T09:50:24","modified_gmt":"2010-01-18T08:50:24","slug":"franzosische-autorin-knapp-islamistischem-attentat-entgangen","status":"publish","type":"post","link":"https:\/\/blog.zeit.de\/joerglau\/2010\/01\/18\/franzosische-autorin-knapp-islamistischem-attentat-entgangen_3398","title":{"rendered":"Franz\u00f6sische Autorin knapp islamistischem Attentat entgangen"},"content":{"rendered":"<p>Ich kann wegen meiner Abwesenheit erst jetzt vermelden, dass eine franz\u00f6sische Schauspielerin algerischer Herkunft letzte Woche in Paris offenbar knapp einem Brandattentat entgangen ist.<\/p>\n<p><a href=\"http:\/\/www.lemonde.fr\/societe\/article\/2010\/01\/14\/l-auteure-et-comedienne-rayhana-agressee-a-paris_1291857_3224.html\">Rayhana<\/a> (so ihr <a href=\"http:\/\/en.wikipedia.org\/wiki\/Rayhana\">sinnf\u00e4lliger, provokanter K\u00fcnstlername<\/a>) wurde am Abend des letzten Dienstag in Paris von zwei M\u00e4nnern bedr\u00e4ngt, die sie mit Benzin \u00fcbergossen. Sie ergriff die Flucht, als einer der beiden mit einer brennenden Zigarettenkippe versuchten, sie in Brand zu stecken. <img loading=\"lazy\" decoding=\"async\" class=\"alignnone size-medium wp-image-3399\" title=\"rayhana\" src=\"https:\/\/blog.zeit.de\/joerglau\/files\/2010\/01\/rayhana-300x207.jpg\" alt=\"rayhana\" width=\"300\" height=\"207\" srcset=\"https:\/\/blog.zeit.de\/joerglau\/files\/2010\/01\/rayhana-300x207.jpg 300w, https:\/\/blog.zeit.de\/joerglau\/files\/2010\/01\/rayhana.jpg 430w\" sizes=\"auto, (max-width: 300px) 100vw, 300px\" \/><\/p>\n<p><em>Rayhana<\/em> <strong>Foto: Gala.fr<\/strong><\/p>\n<p>Die Autorin und Schauspielerin tritt derzeit in ihrem eigenen St\u00fcck auf, das im &#8222;Maison des Metallos&#8220; aufgef\u00fchrt wird. Es hei\u00dft ironischer Weise &#8222;In meinem Alter verstecke ich mich noch, wenn ich rauche&#8220; und handelt von der Unterdr\u00fcckung der Frau in der algerisch-muslimischen Gesellschaft.<\/p>\n<p>Schon fr\u00fcher war Rayhana von arabischsprachigen M\u00e4nnern bedroht worden.<\/p>\n<p>Unterdessen haben sich prominente Politiker vor die Autorin gestellt: der B\u00fcrgermeister von Paris, Bernard Delanoe, die Feministin Fadela Amara.<\/p>\n<p>Ob die franz\u00f6sischen Muslimverb\u00e4nde (<a href=\"http:\/\/de.wikipedia.org\/wiki\/Conseil_fran%C3%A7ais_du_culte_musulman\">CFCM<\/a>, <a href=\"http:\/\/www.uoif-online.com\/webspip\/spip.php\">UOIF<\/a>) sich auch noch aufraffen werden, etwas zu dem barbarischen Attentat zu sagen?<\/p>\n","protected":false},"excerpt":{"rendered":"<p>Ich kann wegen meiner Abwesenheit erst jetzt vermelden, dass eine franz\u00f6sische Schauspielerin algerischer Herkunft letzte Woche in Paris offenbar knapp einem Brandattentat entgangen ist. Rayhana (so ihr sinnf\u00e4lliger, provokanter K\u00fcnstlername) wurde am Abend des letzten Dienstag in Paris von zwei M\u00e4nnern bedr\u00e4ngt, die sie mit Benzin \u00fcbergossen. Sie ergriff die Flucht, als einer der beiden [&hellip;]<\/p>\n","protected":false},"author":54,"featured_media":0,"comment_status":"open","ping_status":"closed","sticky":false,"template":"","format":"standard","meta":{"jetpack_post_was_ever_published":false,"footnotes":""},"categories":[164,167],"tags":[],"class_list":["post-3398","post","type-post","status-publish","format-standard","hentry","category-integration-und-frauenrechte","category-islamismus-und-terror"],"yoast_head":"<!-- This site is optimized with the Yoast SEO plugin v21.0 - https:\/\/yoast.com\/wordpress\/plugins\/seo\/ -->\n<title>Franz\u00f6sische Autorin knapp islamistischem Attentat entgangen - J\u00f6rg Lau<\/title>\n<meta name=\"robots\" content=\"index, follow, max-snippet:-1, max-image-preview:large, max-video-preview:-1\" \/>\n<link rel=\"canonical\" href=\"https:\/\/blog.zeit.de\/joerglau\/2010\/01\/18\/franzosische-autorin-knapp-islamistischem-attentat-entgangen_3398\" \/>\n<meta property=\"og:locale\" content=\"de_DE\" \/>\n<meta property=\"og:type\" content=\"article\" \/>\n<meta property=\"og:title\" content=\"Franz\u00f6sische Autorin knapp islamistischem Attentat entgangen - J\u00f6rg Lau\" \/>\n<meta property=\"og:description\" content=\"Ich kann wegen meiner Abwesenheit erst jetzt vermelden, dass eine franz\u00f6sische Schauspielerin algerischer Herkunft letzte Woche in Paris offenbar knapp einem Brandattentat entgangen ist. Rayhana (so ihr sinnf\u00e4lliger, provokanter K\u00fcnstlername) wurde am Abend des letzten Dienstag in Paris von zwei M\u00e4nnern bedr\u00e4ngt, die sie mit Benzin \u00fcbergossen. Sie ergriff die Flucht, als einer der beiden [&hellip;]\" \/>\n<meta property=\"og:url\" content=\"https:\/\/blog.zeit.de\/joerglau\/2010\/01\/18\/franzosische-autorin-knapp-islamistischem-attentat-entgangen_3398\" \/>\n<meta property=\"og:site_name\" content=\"J\u00f6rg Lau\" \/>\n<meta property=\"article:published_time\" content=\"2010-01-18T08:50:24+00:00\" \/>\n<meta property=\"og:image\" content=\"https:\/\/blog.zeit.de\/joerglau\/files\/2010\/01\/rayhana-300x207.jpg\" \/>\n<meta name=\"author\" content=\"J\u00f6rg Lau\" \/>\n<meta name=\"twitter:card\" content=\"summary_large_image\" \/>\n<meta name=\"twitter:label1\" content=\"Geschrieben von\" \/>\n\t<meta name=\"twitter:data1\" content=\"J\u00f6rg Lau\" \/>\n\t<meta name=\"twitter:label2\" content=\"Gesch\u00e4tzte Lesezeit\" \/>\n\t<meta name=\"twitter:data2\" content=\"1\u00a0Minute\" \/>\n<script type=\"application\/ld+json\" class=\"yoast-schema-graph\">{\"@context\":\"https:\/\/schema.org\",\"@graph\":[{\"@type\":\"WebPage\",\"@id\":\"https:\/\/blog.zeit.de\/joerglau\/2010\/01\/18\/franzosische-autorin-knapp-islamistischem-attentat-entgangen_3398\",\"url\":\"https:\/\/blog.zeit.de\/joerglau\/2010\/01\/18\/franzosische-autorin-knapp-islamistischem-attentat-entgangen_3398\",\"name\":\"Franz\u00f6sische Autorin knapp islamistischem Attentat entgangen - J\u00f6rg Lau\",\"isPartOf\":{\"@id\":\"https:\/\/blog.zeit.de\/joerglau\/#website\"},\"datePublished\":\"2010-01-18T08:50:24+00:00\",\"dateModified\":\"2010-01-18T08:50:24+00:00\",\"author\":{\"@id\":\"https:\/\/blog.zeit.de\/joerglau\/#\/schema\/person\/55f0be9bfac24815791fbc852b042f57\"},\"breadcrumb\":{\"@id\":\"https:\/\/blog.zeit.de\/joerglau\/2010\/01\/18\/franzosische-autorin-knapp-islamistischem-attentat-entgangen_3398#breadcrumb\"},\"inLanguage\":\"de\",\"potentialAction\":[{\"@type\":\"ReadAction\",\"target\":[\"https:\/\/blog.zeit.de\/joerglau\/2010\/01\/18\/franzosische-autorin-knapp-islamistischem-attentat-entgangen_3398\"]}]},{\"@type\":\"BreadcrumbList\",\"@id\":\"https:\/\/blog.zeit.de\/joerglau\/2010\/01\/18\/franzosische-autorin-knapp-islamistischem-attentat-entgangen_3398#breadcrumb\",\"itemListElement\":[{\"@type\":\"ListItem\",\"position\":1,\"name\":\"Startseite\",\"item\":\"https:\/\/blog.zeit.de\/joerglau\"},{\"@type\":\"ListItem\",\"position\":2,\"name\":\"Franz\u00f6sische Autorin knapp islamistischem Attentat entgangen\"}]},{\"@type\":\"WebSite\",\"@id\":\"https:\/\/blog.zeit.de\/joerglau\/#website\",\"url\":\"https:\/\/blog.zeit.de\/joerglau\/\",\"name\":\"J\u00f6rg Lau\",\"description\":\"Ein Blog \u00fcber Religion und Politik\",\"potentialAction\":[{\"@type\":\"SearchAction\",\"target\":{\"@type\":\"EntryPoint\",\"urlTemplate\":\"https:\/\/blog.zeit.de\/joerglau\/?s={search_term_string}\"},\"query-input\":\"required name=search_term_string\"}],\"inLanguage\":\"de\"},{\"@type\":\"Person\",\"@id\":\"https:\/\/blog.zeit.de\/joerglau\/#\/schema\/person\/55f0be9bfac24815791fbc852b042f57\",\"name\":\"J\u00f6rg Lau\",\"image\":{\"@type\":\"ImageObject\",\"inLanguage\":\"de\",\"@id\":\"https:\/\/blog.zeit.de\/joerglau\/#\/schema\/person\/image\/\",\"url\":\"https:\/\/secure.gravatar.com\/avatar\/a5fe39bf4f5335b8bac36eefa0b41467221b1598bfea5f05159a0199e391eed0?s=96&d=mm&r=g\",\"contentUrl\":\"https:\/\/secure.gravatar.com\/avatar\/a5fe39bf4f5335b8bac36eefa0b41467221b1598bfea5f05159a0199e391eed0?s=96&d=mm&r=g\",\"caption\":\"J\u00f6rg Lau\"},\"url\":\"https:\/\/blog.zeit.de\/joerglau\/author\/joerg-lau\"}]}<\/script>\n<!-- \/ Yoast SEO plugin. -->","yoast_head_json":{"title":"Franz\u00f6sische Autorin knapp islamistischem Attentat entgangen - J\u00f6rg Lau","robots":{"index":"index","follow":"follow","max-snippet":"max-snippet:-1","max-image-preview":"max-image-preview:large","max-video-preview":"max-video-preview:-1"},"canonical":"https:\/\/blog.zeit.de\/joerglau\/2010\/01\/18\/franzosische-autorin-knapp-islamistischem-attentat-entgangen_3398","og_locale":"de_DE","og_type":"article","og_title":"Franz\u00f6sische Autorin knapp islamistischem Attentat entgangen - J\u00f6rg Lau","og_description":"Ich kann wegen meiner Abwesenheit erst jetzt vermelden, dass eine franz\u00f6sische Schauspielerin algerischer Herkunft letzte Woche in Paris offenbar knapp einem Brandattentat entgangen ist. Rayhana (so ihr sinnf\u00e4lliger, provokanter K\u00fcnstlername) wurde am Abend des letzten Dienstag in Paris von zwei M\u00e4nnern bedr\u00e4ngt, die sie mit Benzin \u00fcbergossen. Sie ergriff die Flucht, als einer der beiden [&hellip;]","og_url":"https:\/\/blog.zeit.de\/joerglau\/2010\/01\/18\/franzosische-autorin-knapp-islamistischem-attentat-entgangen_3398","og_site_name":"J\u00f6rg Lau","article_published_time":"2010-01-18T08:50:24+00:00","og_image":[{"url":"https:\/\/blog.zeit.de\/joerglau\/files\/2010\/01\/rayhana-300x207.jpg"}],"author":"J\u00f6rg Lau","twitter_card":"summary_large_image","twitter_misc":{"Geschrieben von":"J\u00f6rg Lau","Gesch\u00e4tzte Lesezeit":"1\u00a0Minute"},"schema":{"@context":"https:\/\/schema.org","@graph":[{"@type":"WebPage","@id":"https:\/\/blog.zeit.de\/joerglau\/2010\/01\/18\/franzosische-autorin-knapp-islamistischem-attentat-entgangen_3398","url":"https:\/\/blog.zeit.de\/joerglau\/2010\/01\/18\/franzosische-autorin-knapp-islamistischem-attentat-entgangen_3398","name":"Franz\u00f6sische Autorin knapp islamistischem Attentat entgangen - J\u00f6rg Lau","isPartOf":{"@id":"https:\/\/blog.zeit.de\/joerglau\/#website"},"datePublished":"2010-01-18T08:50:24+00:00","dateModified":"2010-01-18T08:50:24+00:00","author":{"@id":"https:\/\/blog.zeit.de\/joerglau\/#\/schema\/person\/55f0be9bfac24815791fbc852b042f57"},"breadcrumb":{"@id":"https:\/\/blog.zeit.de\/joerglau\/2010\/01\/18\/franzosische-autorin-knapp-islamistischem-attentat-entgangen_3398#breadcrumb"},"inLanguage":"de","potentialAction":[{"@type":"ReadAction","target":["https:\/\/blog.zeit.de\/joerglau\/2010\/01\/18\/franzosische-autorin-knapp-islamistischem-attentat-entgangen_3398"]}]},{"@type":"BreadcrumbList","@id":"https:\/\/blog.zeit.de\/joerglau\/2010\/01\/18\/franzosische-autorin-knapp-islamistischem-attentat-entgangen_3398#breadcrumb","itemListElement":[{"@type":"ListItem","position":1,"name":"Startseite","item":"https:\/\/blog.zeit.de\/joerglau"},{"@type":"ListItem","position":2,"name":"Franz\u00f6sische Autorin knapp islamistischem Attentat entgangen"}]},{"@type":"WebSite","@id":"https:\/\/blog.zeit.de\/joerglau\/#website","url":"https:\/\/blog.zeit.de\/joerglau\/","name":"J\u00f6rg Lau","description":"Ein Blog \u00fcber Religion und Politik","potentialAction":[{"@type":"SearchAction","target":{"@type":"EntryPoint","urlTemplate":"https:\/\/blog.zeit.de\/joerglau\/?s={search_term_string}"},"query-input":"required name=search_term_string"}],"inLanguage":"de"},{"@type":"Person","@id":"https:\/\/blog.zeit.de\/joerglau\/#\/schema\/person\/55f0be9bfac24815791fbc852b042f57","name":"J\u00f6rg Lau","image":{"@type":"ImageObject","inLanguage":"de","@id":"https:\/\/blog.zeit.de\/joerglau\/#\/schema\/person\/image\/","url":"https:\/\/secure.gravatar.com\/avatar\/a5fe39bf4f5335b8bac36eefa0b41467221b1598bfea5f05159a0199e391eed0?s=96&d=mm&r=g","contentUrl":"https:\/\/secure.gravatar.com\/avatar\/a5fe39bf4f5335b8bac36eefa0b41467221b1598bfea5f05159a0199e391eed0?s=96&d=mm&r=g","caption":"J\u00f6rg Lau"},"url":"https:\/\/blog.zeit.de\/joerglau\/author\/joerg-lau"}]}},"jetpack_featured_media_url":"","jetpack_sharing_enabled":true,"jetpack_shortlink":"https:\/\/wp.me\/pG02W-SO","_links":{"self":[{"href":"https:\/\/blog.zeit.de\/joerglau\/wp-json\/wp\/v2\/posts\/3398","targetHints":{"allow":["GET"]}}],"collection":[{"href":"https:\/\/blog.zeit.de\/joerglau\/wp-json\/wp\/v2\/posts"}],"about":[{"href":"https:\/\/blog.zeit.de\/joerglau\/wp-json\/wp\/v2\/types\/post"}],"author":[{"embeddable":true,"href":"https:\/\/blog.zeit.de\/joerglau\/wp-json\/wp\/v2\/users\/54"}],"replies":[{"embeddable":true,"href":"https:\/\/blog.zeit.de\/joerglau\/wp-json\/wp\/v2\/comments?post=3398"}],"version-history":[{"count":0,"href":"https:\/\/blog.zeit.de\/joerglau\/wp-json\/wp\/v2\/posts\/3398\/revisions"}],"wp:attachment":[{"href":"https:\/\/blog.zeit.de\/joerglau\/wp-json\/wp\/v2\/media?parent=3398"}],"wp:term":[{"taxonomy":"category","embeddable":true,"href":"https:\/\/blog.zeit.de\/joerglau\/wp-json\/wp\/v2\/categories?post=3398"},{"taxonomy":"post_tag","embeddable":true,"href":"https:\/\/blog.zeit.de\/joerglau\/wp-json\/wp\/v2\/tags?post=3398"}],"curies":[{"name":"wp","href":"https:\/\/api.w.org\/{rel}","templated":true}]}}