{"id":343,"date":"2007-03-02T01:09:49","date_gmt":"2007-03-01T23:09:49","guid":{"rendered":"http:\/\/blog.zeit.de\/joerglau\/2007\/03\/02\/karim-amer_343"},"modified":"2007-03-02T01:09:49","modified_gmt":"2007-03-01T23:09:49","slug":"karim-amer","status":"publish","type":"post","link":"https:\/\/blog.zeit.de\/joerglau\/2007\/03\/02\/karim-amer_343","title":{"rendered":"Das liberale Manifest des verurteilten \u00e4gyptischen Bloggers"},"content":{"rendered":"<p>Die Unterst\u00fctzer des zu vier Jahren Haft verurteilten \u00e4gyptischen Bloggers Karim Amer haben einen Text von seiner Website aus dem Arabischen ins Englische \u00fcbersetzt.<\/p>\n<p><a href=\"http:\/\/www.freekareem.org\"><img decoding=\"async\" id=\"image342\" src=\"https:\/\/blog.zeit.de\/joerglau\/files\/2007\/03\/180-200-kareem.jpg\" alt=\"180-200-kareem.jpg\" \/><\/a><\/p>\n<p>Karim ist nicht einfach ein blosser Provokateur, wie seine Gegner behaupten. Er ist ein echter Liberaler, der seine Haltung wohl zu begr\u00fcnden weiss. Gerade das macht ihn zu einem Problem f\u00fcr die \u00e4gyptische Staatsmacht.<br \/>\nHier ist sein Text, den er am 11. September (!) 2006 auf seiner Website ver\u00f6ffentlichte.<br \/>\nEr zog sich auch dort schon h\u00e4ssliche Kommentare zu (Kuffar! Zionist!):<\/p>\n<blockquote><p>Monday, September 11, 2006<\/p>\n<p>    There Is No Deity but the Human Being<\/p>\n<p>    Is it logical for \u201crestrictions\u201d on \u201cfreedom\u201d to exist? This inquiry comes to my mind whenever I find some advocates of liberalism in the Middle East contradicting themselves so they can avoid clashing with societal thoughts, and so they can attract people to their ranks without giving the slightest consideration of the absolute meaning of the principles that they call for. These principles, of course, contradict with the principles of the society and its inherited tenets.<\/p>\n<p>    Freedom, as I learned it, understood it, and believed in it, is the removal of all restrictions from the human being\u2019s burden. Slavery, which is its antithesis, means the submission of the human being by imposing some restrictions on his life for the purpose of controlling him. Where restrictions are found, freedom disappears, and where freedom is found, the restrictions fall. This is obvious and does not require practical evidence, and it is illogical to object to it on the grounds that societal principles or religious beliefs must be taken into account. Either absolute freedom is our goal, or we be honest with ourselves and declare our hatred and rejection of it, and declare our preference to surrendering to restrictions over having freedom handed to us&#8230;<!--more--><\/p>\n<p>    Freedom\u2019s denial of restrictions does not mean that the human being has the complete freedom to do everything he is able to do. Being powerful does not mean that I am free to subjugate he who is less powerful than I am. For one of the most important principles of freedom is to not trespass on the limits of others\u2019 freedoms; this is so that freedom will be meaningful, and not be merely a justification for the actions of those who take advantage of their power to subdue others. Freedom \u2013 coupled with responsibility \u2013 is a right for all human beings with no distinction, and in order to have this right implemented in a realistic picture, every individual must respect the freedom of others and not degrade it. The law is what organizes this matter, and prevents individuals from trespassing on each other in the name of freedom.<\/p>\n<p>    Which brings up an important point: The fundamental function of the law is to organize the relationships of individuals with each other within the society, and to protect their freedoms from being exploited or degraded. Do lawmakers have a right to impose on<br \/>\n    others \u2013 on the freedoms of human beings \u2013 additional restrictions that have nothing to do with avoiding the trespassing of some individuals on the freedoms of others?!<\/p>\n<p>    For example: Does the law have the right to criminalize an individual\u2019s action whose effect does not trespass the private life of his fellow man? And is it justifiable to impose on the citizen obligations, on the grounds of submission to the law, that in effect degrade his personal freedom? I think that this matter is not within the function that laws were created for, and hence, this is considered a departure of the law from the framework that was placed for it, and that is the protection of the freedoms of the individuals. And with that, it transforms from a tool of preserving individual freedoms to a new restriction on it, which has no benefit apart from subjugating the individuals for the sake of a new societal organization that sanctifies the law more than its sanctification of the individual (the deity).<\/p>\n<p>    The arrival of the individual preceded the formation of the societal organization, and this formation is what founded the law. And as is known, one of the most important functions that this organization was formed for is the protection of the rights of the individuals from degradation under the protection of the law. Therefore, it is the individual, whose arrival had preceded these legislations, who must enjoy sanctity and respect, and not the law (the follower), which is supposed to protect the rights of the individuals, not degrade these rights.<\/p>\n<p>    Regardless of whether this law is a custom, a religious legislation, or positivistic, it cannot, under any circumstances, be placed above human beings, and it cannot be pressed on them, on their desires, or on their wills in life. Laws are nothing but deaf, rigid provisions, whereas the human being is a mass of live emotions which we have no right to press on it this deaf entity, and we have no right to submit him through its provisions.<\/p>\n<p>    Verily, we must return to the beginning and define the function of the law in our lives. And before that, we must convince the human being of his individual sanctity, and that nothing surpasses him in importance and standing besides himself. Following that, the law is a follower, protector, and organizer of his life. It is not a tool of suppression with which whoever is behind it aims to create a new deity the human being will prostrate to and sanctify.<\/p><\/blockquote>\n","protected":false},"excerpt":{"rendered":"<p>Die Unterst\u00fctzer des zu vier Jahren Haft verurteilten \u00e4gyptischen Bloggers Karim Amer haben einen Text von seiner Website aus dem Arabischen ins Englische \u00fcbersetzt. Karim ist nicht einfach ein blosser Provokateur, wie seine Gegner behaupten. Er ist ein echter Liberaler, der seine Haltung wohl zu begr\u00fcnden weiss. Gerade das macht ihn zu einem Problem f\u00fcr [&hellip;]<\/p>\n","protected":false},"author":54,"featured_media":0,"comment_status":"open","ping_status":"closed","sticky":false,"template":"","format":"standard","meta":{"jetpack_post_was_ever_published":false,"footnotes":""},"categories":[170],"tags":[],"class_list":["post-343","post","type-post","status-publish","format-standard","hentry","category-menschenrechte"],"yoast_head":"<!-- This site is optimized with the Yoast SEO plugin v21.0 - https:\/\/yoast.com\/wordpress\/plugins\/seo\/ -->\n<title>Das liberale Manifest des verurteilten \u00e4gyptischen Bloggers - J\u00f6rg Lau<\/title>\n<meta name=\"robots\" content=\"index, follow, max-snippet:-1, max-image-preview:large, max-video-preview:-1\" \/>\n<link rel=\"canonical\" href=\"https:\/\/blog.zeit.de\/joerglau\/2007\/03\/02\/karim-amer_343\" \/>\n<meta property=\"og:locale\" content=\"de_DE\" \/>\n<meta property=\"og:type\" content=\"article\" \/>\n<meta property=\"og:title\" content=\"Das liberale Manifest des verurteilten \u00e4gyptischen Bloggers - J\u00f6rg Lau\" \/>\n<meta property=\"og:description\" content=\"Die Unterst\u00fctzer des zu vier Jahren Haft verurteilten \u00e4gyptischen Bloggers Karim Amer haben einen Text von seiner Website aus dem Arabischen ins Englische \u00fcbersetzt. Karim ist nicht einfach ein blosser Provokateur, wie seine Gegner behaupten. Er ist ein echter Liberaler, der seine Haltung wohl zu begr\u00fcnden weiss. Gerade das macht ihn zu einem Problem f\u00fcr [&hellip;]\" \/>\n<meta property=\"og:url\" content=\"https:\/\/blog.zeit.de\/joerglau\/2007\/03\/02\/karim-amer_343\" \/>\n<meta property=\"og:site_name\" content=\"J\u00f6rg Lau\" \/>\n<meta property=\"article:published_time\" content=\"2007-03-01T23:09:49+00:00\" \/>\n<meta property=\"og:image\" content=\"https:\/\/blog.zeit.de\/joerglau\/files\/2007\/03\/180-200-kareem.jpg\" \/>\n<meta name=\"author\" content=\"J\u00f6rg Lau\" \/>\n<meta name=\"twitter:card\" content=\"summary_large_image\" \/>\n<meta name=\"twitter:label1\" content=\"Geschrieben von\" \/>\n\t<meta name=\"twitter:data1\" content=\"J\u00f6rg Lau\" \/>\n\t<meta name=\"twitter:label2\" content=\"Gesch\u00e4tzte Lesezeit\" \/>\n\t<meta name=\"twitter:data2\" content=\"5\u00a0Minuten\" \/>\n<script type=\"application\/ld+json\" class=\"yoast-schema-graph\">{\"@context\":\"https:\/\/schema.org\",\"@graph\":[{\"@type\":\"WebPage\",\"@id\":\"https:\/\/blog.zeit.de\/joerglau\/2007\/03\/02\/karim-amer_343\",\"url\":\"https:\/\/blog.zeit.de\/joerglau\/2007\/03\/02\/karim-amer_343\",\"name\":\"Das liberale Manifest des verurteilten \u00e4gyptischen Bloggers - J\u00f6rg Lau\",\"isPartOf\":{\"@id\":\"https:\/\/blog.zeit.de\/joerglau\/#website\"},\"datePublished\":\"2007-03-01T23:09:49+00:00\",\"dateModified\":\"2007-03-01T23:09:49+00:00\",\"author\":{\"@id\":\"https:\/\/blog.zeit.de\/joerglau\/#\/schema\/person\/55f0be9bfac24815791fbc852b042f57\"},\"breadcrumb\":{\"@id\":\"https:\/\/blog.zeit.de\/joerglau\/2007\/03\/02\/karim-amer_343#breadcrumb\"},\"inLanguage\":\"de\",\"potentialAction\":[{\"@type\":\"ReadAction\",\"target\":[\"https:\/\/blog.zeit.de\/joerglau\/2007\/03\/02\/karim-amer_343\"]}]},{\"@type\":\"BreadcrumbList\",\"@id\":\"https:\/\/blog.zeit.de\/joerglau\/2007\/03\/02\/karim-amer_343#breadcrumb\",\"itemListElement\":[{\"@type\":\"ListItem\",\"position\":1,\"name\":\"Startseite\",\"item\":\"https:\/\/blog.zeit.de\/joerglau\"},{\"@type\":\"ListItem\",\"position\":2,\"name\":\"Das liberale Manifest des verurteilten \u00e4gyptischen Bloggers\"}]},{\"@type\":\"WebSite\",\"@id\":\"https:\/\/blog.zeit.de\/joerglau\/#website\",\"url\":\"https:\/\/blog.zeit.de\/joerglau\/\",\"name\":\"J\u00f6rg Lau\",\"description\":\"Ein Blog \u00fcber Religion und Politik\",\"potentialAction\":[{\"@type\":\"SearchAction\",\"target\":{\"@type\":\"EntryPoint\",\"urlTemplate\":\"https:\/\/blog.zeit.de\/joerglau\/?s={search_term_string}\"},\"query-input\":\"required name=search_term_string\"}],\"inLanguage\":\"de\"},{\"@type\":\"Person\",\"@id\":\"https:\/\/blog.zeit.de\/joerglau\/#\/schema\/person\/55f0be9bfac24815791fbc852b042f57\",\"name\":\"J\u00f6rg Lau\",\"image\":{\"@type\":\"ImageObject\",\"inLanguage\":\"de\",\"@id\":\"https:\/\/blog.zeit.de\/joerglau\/#\/schema\/person\/image\/\",\"url\":\"https:\/\/secure.gravatar.com\/avatar\/a5fe39bf4f5335b8bac36eefa0b41467221b1598bfea5f05159a0199e391eed0?s=96&d=mm&r=g\",\"contentUrl\":\"https:\/\/secure.gravatar.com\/avatar\/a5fe39bf4f5335b8bac36eefa0b41467221b1598bfea5f05159a0199e391eed0?s=96&d=mm&r=g\",\"caption\":\"J\u00f6rg Lau\"},\"url\":\"https:\/\/blog.zeit.de\/joerglau\/author\/joerg-lau\"}]}<\/script>\n<!-- \/ Yoast SEO plugin. -->","yoast_head_json":{"title":"Das liberale Manifest des verurteilten \u00e4gyptischen Bloggers - J\u00f6rg Lau","robots":{"index":"index","follow":"follow","max-snippet":"max-snippet:-1","max-image-preview":"max-image-preview:large","max-video-preview":"max-video-preview:-1"},"canonical":"https:\/\/blog.zeit.de\/joerglau\/2007\/03\/02\/karim-amer_343","og_locale":"de_DE","og_type":"article","og_title":"Das liberale Manifest des verurteilten \u00e4gyptischen Bloggers - J\u00f6rg Lau","og_description":"Die Unterst\u00fctzer des zu vier Jahren Haft verurteilten \u00e4gyptischen Bloggers Karim Amer haben einen Text von seiner Website aus dem Arabischen ins Englische \u00fcbersetzt. Karim ist nicht einfach ein blosser Provokateur, wie seine Gegner behaupten. Er ist ein echter Liberaler, der seine Haltung wohl zu begr\u00fcnden weiss. Gerade das macht ihn zu einem Problem f\u00fcr [&hellip;]","og_url":"https:\/\/blog.zeit.de\/joerglau\/2007\/03\/02\/karim-amer_343","og_site_name":"J\u00f6rg Lau","article_published_time":"2007-03-01T23:09:49+00:00","og_image":[{"url":"https:\/\/blog.zeit.de\/joerglau\/files\/2007\/03\/180-200-kareem.jpg"}],"author":"J\u00f6rg Lau","twitter_card":"summary_large_image","twitter_misc":{"Geschrieben von":"J\u00f6rg Lau","Gesch\u00e4tzte Lesezeit":"5\u00a0Minuten"},"schema":{"@context":"https:\/\/schema.org","@graph":[{"@type":"WebPage","@id":"https:\/\/blog.zeit.de\/joerglau\/2007\/03\/02\/karim-amer_343","url":"https:\/\/blog.zeit.de\/joerglau\/2007\/03\/02\/karim-amer_343","name":"Das liberale Manifest des verurteilten \u00e4gyptischen Bloggers - J\u00f6rg Lau","isPartOf":{"@id":"https:\/\/blog.zeit.de\/joerglau\/#website"},"datePublished":"2007-03-01T23:09:49+00:00","dateModified":"2007-03-01T23:09:49+00:00","author":{"@id":"https:\/\/blog.zeit.de\/joerglau\/#\/schema\/person\/55f0be9bfac24815791fbc852b042f57"},"breadcrumb":{"@id":"https:\/\/blog.zeit.de\/joerglau\/2007\/03\/02\/karim-amer_343#breadcrumb"},"inLanguage":"de","potentialAction":[{"@type":"ReadAction","target":["https:\/\/blog.zeit.de\/joerglau\/2007\/03\/02\/karim-amer_343"]}]},{"@type":"BreadcrumbList","@id":"https:\/\/blog.zeit.de\/joerglau\/2007\/03\/02\/karim-amer_343#breadcrumb","itemListElement":[{"@type":"ListItem","position":1,"name":"Startseite","item":"https:\/\/blog.zeit.de\/joerglau"},{"@type":"ListItem","position":2,"name":"Das liberale Manifest des verurteilten \u00e4gyptischen Bloggers"}]},{"@type":"WebSite","@id":"https:\/\/blog.zeit.de\/joerglau\/#website","url":"https:\/\/blog.zeit.de\/joerglau\/","name":"J\u00f6rg Lau","description":"Ein Blog \u00fcber Religion und Politik","potentialAction":[{"@type":"SearchAction","target":{"@type":"EntryPoint","urlTemplate":"https:\/\/blog.zeit.de\/joerglau\/?s={search_term_string}"},"query-input":"required name=search_term_string"}],"inLanguage":"de"},{"@type":"Person","@id":"https:\/\/blog.zeit.de\/joerglau\/#\/schema\/person\/55f0be9bfac24815791fbc852b042f57","name":"J\u00f6rg Lau","image":{"@type":"ImageObject","inLanguage":"de","@id":"https:\/\/blog.zeit.de\/joerglau\/#\/schema\/person\/image\/","url":"https:\/\/secure.gravatar.com\/avatar\/a5fe39bf4f5335b8bac36eefa0b41467221b1598bfea5f05159a0199e391eed0?s=96&d=mm&r=g","contentUrl":"https:\/\/secure.gravatar.com\/avatar\/a5fe39bf4f5335b8bac36eefa0b41467221b1598bfea5f05159a0199e391eed0?s=96&d=mm&r=g","caption":"J\u00f6rg Lau"},"url":"https:\/\/blog.zeit.de\/joerglau\/author\/joerg-lau"}]}},"jetpack_featured_media_url":"","jetpack_sharing_enabled":true,"jetpack_shortlink":"https:\/\/wp.me\/pG02W-5x","_links":{"self":[{"href":"https:\/\/blog.zeit.de\/joerglau\/wp-json\/wp\/v2\/posts\/343","targetHints":{"allow":["GET"]}}],"collection":[{"href":"https:\/\/blog.zeit.de\/joerglau\/wp-json\/wp\/v2\/posts"}],"about":[{"href":"https:\/\/blog.zeit.de\/joerglau\/wp-json\/wp\/v2\/types\/post"}],"author":[{"embeddable":true,"href":"https:\/\/blog.zeit.de\/joerglau\/wp-json\/wp\/v2\/users\/54"}],"replies":[{"embeddable":true,"href":"https:\/\/blog.zeit.de\/joerglau\/wp-json\/wp\/v2\/comments?post=343"}],"version-history":[{"count":0,"href":"https:\/\/blog.zeit.de\/joerglau\/wp-json\/wp\/v2\/posts\/343\/revisions"}],"wp:attachment":[{"href":"https:\/\/blog.zeit.de\/joerglau\/wp-json\/wp\/v2\/media?parent=343"}],"wp:term":[{"taxonomy":"category","embeddable":true,"href":"https:\/\/blog.zeit.de\/joerglau\/wp-json\/wp\/v2\/categories?post=343"},{"taxonomy":"post_tag","embeddable":true,"href":"https:\/\/blog.zeit.de\/joerglau\/wp-json\/wp\/v2\/tags?post=343"}],"curies":[{"name":"wp","href":"https:\/\/api.w.org\/{rel}","templated":true}]}}