{"id":3513,"date":"2010-03-09T19:02:43","date_gmt":"2010-03-09T18:02:43","guid":{"rendered":"http:\/\/blog.zeit.de\/joerglau\/?p=3513"},"modified":"2010-03-09T19:02:43","modified_gmt":"2010-03-09T18:02:43","slug":"achmadinedschad-911-ein-werk-der-cia","status":"publish","type":"post","link":"https:\/\/blog.zeit.de\/joerglau\/2010\/03\/09\/achmadinedschad-911-ein-werk-der-cia_3513","title":{"rendered":"Achmadinedschad: 9\/11 ein Werk der CIA"},"content":{"rendered":"<p>Der iranische Pr\u00e4sident hat in einer Rede vor dem Geheimdienst seines Landes den 11. September als einen Plot des amerikanischen Geheimdienstes bezeichnet. Er sei ausgef\u00fchrt worden, um einen Vorwand zur Invasion Afghanistans zu haben.<\/p>\n<p>Solchen Unfug kennt man nat\u00fcrlich auch in der westlichen Welt von unseren Verschw\u00f6rungstheoretikern. Aber die sind in aller Regel nicht Regierungschefs.<\/p>\n<p><a href=\"http:\/\/www.juancole.com\/\">Juan Cole<\/a> deutet dieses Dokument auf seiner Website ausf\u00fchrlich als Dokument eines speziell iranisch-manich\u00e4ischen Weltbildes, das aus der altpersischen Zarathustra-Religion in den Schiismus eingewandert sei. Interessant.<\/p>\n<p>Ich bin nicht Coles Meinung, dass Achmadinedschad niemals zur Vernichtung Isarels aufgerufen habe, sondern nur der historischen \u00dcberwindung der &#8222;zionistischen Einheit&#8220; entgegengfiebere. (<a href=\"https:\/\/blog.zeit.de\/joerglau\/2008\/07\/09\/was-ahmadinedschad-wirklich-uber-israel-gesagt-hat_1263\">Hier meine Analyse<\/a> seiner ber\u00fchmten Rede.)<\/p>\n<p><em>Ahmadinezhad, who was speaking at a meeting with the minister, deputy ministers, managers, and personnel of the Intelligence Ministry, congratulated the auspicious birthday anniversary of the prophet of light and compassion, His Holiness Muhammad al-Mustafa (peace be upon him) and the birthday anniversary of Imam Sadeq (Sixth Shi&#8217;i imam) (peace be upon him), IRNA reported on Saturday (6 March), quoting the presidential website. He said that the Intelligence Ministry&#8217;s personnel are the best collection of Hezbollahi (members of Party of God; meaning pious) forces and added: Today, the Islamic Republic of Iran&#8217;s intelligence system is the most virtuous intelligence system in the world.<\/p>\n<p>The President said that the Lord of the Age&#8217;s Unknown Soldiers (intelligence forces) have a divine and sacred mission. He said: The Intelligence Ministry should be the most coordinated, organized, powerful, and flowing (Persian &#8212; Ravantarin) organization in the country.<\/p>\n<p>The President said that the purpose of man&#8217;s creation was to establish a world government based on monotheism and justice. He added: Throughout history, devils fought against prophets and pious people. The climax of man&#8217;s fight against devils is taking place in our time. Today, the devils show that they are gathered at the forefront of the world arrogance.<\/p>\n<p>He added: Man&#8217;s nature is a divine and heavenly one. When man&#8217;s thought and nature are limited to worldly affairs, then he will have no option but to fall.<\/p>\n<p>The President said that capitalist thoughts have resulted in plundering, bullying, and the killing of mankind&#8217;s essence. He said: Liberal democracy is the result of a fight between power and wealth. The US-led world arrogance&#8217;s front against the Islamic Republic is the climax of the fight between the monotheism front and devils.<br \/>\nThe head of the Supreme National Security Council said that all vices in history have gathered in the arrogance front. He said: The crimes committed by the world arrogant are unprecedented in history. Today, the heaviest massacre and terrorist actions in the world are carried out by their (the arrogant of the world) accomplices by raising the flag of human rights.<\/p>\n<p>Ahmadinezhad said that the materialist thoughts were challenged and Marxism was destroyed after the emergence of the Islamic Republic. He said: Thanks to the grace of God, the capitalist system founded by the Zionists has reached the end of its path.<\/p>\n<p>The president added: US invasions and NATO&#8217;s military expedition in the region are merely aimed at saving liberal democracy and the capitalist school of thought.<\/p>\n<p>He said that the September 11 attacks and the demolition of the Twin Towers in the US were a complex scenario carried out by the intelligence (Persian &#8212; Eqdam-e Ettela&#8217;ati). He said: The 11 September event was a big lie. It paved the way for the military expedition to Afghanistan under the pretext of fighting with terrorism.<\/p>\n<p>Ahmadinezhad referred to the arrest of Abodlmalek Rigi by the Soldiers of the Lord of the Age (the Iranian intelligence forces) and said: The arrest of this terrorist bandit has humiliated the intelligence services of the US, Britain, and the Zionist regime. . .<\/p>\n<p>(Description of Source: Tehran IRNA in Persian &#8212; Official state-run online news agency, headed as of January 2010 by Ali Akbar Javanfekr, former media adviser to President Ahmadinezhad. URL:http:\/\/www.irna.ir)<\/em><\/p>\n","protected":false},"excerpt":{"rendered":"<p>Der iranische Pr\u00e4sident hat in einer Rede vor dem Geheimdienst seines Landes den 11. September als einen Plot des amerikanischen Geheimdienstes bezeichnet. Er sei ausgef\u00fchrt worden, um einen Vorwand zur Invasion Afghanistans zu haben. Solchen Unfug kennt man nat\u00fcrlich auch in der westlichen Welt von unseren Verschw\u00f6rungstheoretikern. Aber die sind in aller Regel nicht Regierungschefs. [&hellip;]<\/p>\n","protected":false},"author":54,"featured_media":0,"comment_status":"open","ping_status":"closed","sticky":false,"template":"","format":"standard","meta":{"jetpack_post_was_ever_published":false,"footnotes":""},"categories":[166,168],"tags":[],"class_list":["post-3513","post","type-post","status-publish","format-standard","hentry","category-iran","category-israel"],"yoast_head":"<!-- This site is optimized with the Yoast SEO plugin v21.0 - https:\/\/yoast.com\/wordpress\/plugins\/seo\/ -->\n<title>Achmadinedschad: 9\/11 ein Werk der CIA - J\u00f6rg Lau<\/title>\n<meta name=\"robots\" content=\"index, follow, max-snippet:-1, max-image-preview:large, max-video-preview:-1\" \/>\n<link rel=\"canonical\" href=\"https:\/\/blog.zeit.de\/joerglau\/2010\/03\/09\/achmadinedschad-911-ein-werk-der-cia_3513\" \/>\n<meta property=\"og:locale\" content=\"de_DE\" \/>\n<meta property=\"og:type\" content=\"article\" \/>\n<meta property=\"og:title\" content=\"Achmadinedschad: 9\/11 ein Werk der CIA - J\u00f6rg Lau\" \/>\n<meta property=\"og:description\" content=\"Der iranische Pr\u00e4sident hat in einer Rede vor dem Geheimdienst seines Landes den 11. September als einen Plot des amerikanischen Geheimdienstes bezeichnet. Er sei ausgef\u00fchrt worden, um einen Vorwand zur Invasion Afghanistans zu haben. Solchen Unfug kennt man nat\u00fcrlich auch in der westlichen Welt von unseren Verschw\u00f6rungstheoretikern. Aber die sind in aller Regel nicht Regierungschefs. [&hellip;]\" \/>\n<meta property=\"og:url\" content=\"https:\/\/blog.zeit.de\/joerglau\/2010\/03\/09\/achmadinedschad-911-ein-werk-der-cia_3513\" \/>\n<meta property=\"og:site_name\" content=\"J\u00f6rg Lau\" \/>\n<meta property=\"article:published_time\" content=\"2010-03-09T18:02:43+00:00\" \/>\n<meta name=\"author\" content=\"J\u00f6rg Lau\" \/>\n<meta name=\"twitter:card\" content=\"summary_large_image\" \/>\n<meta name=\"twitter:label1\" content=\"Geschrieben von\" \/>\n\t<meta name=\"twitter:data1\" content=\"J\u00f6rg Lau\" \/>\n\t<meta name=\"twitter:label2\" content=\"Gesch\u00e4tzte Lesezeit\" \/>\n\t<meta name=\"twitter:data2\" content=\"3\u00a0Minuten\" \/>\n<script type=\"application\/ld+json\" class=\"yoast-schema-graph\">{\"@context\":\"https:\/\/schema.org\",\"@graph\":[{\"@type\":\"WebPage\",\"@id\":\"https:\/\/blog.zeit.de\/joerglau\/2010\/03\/09\/achmadinedschad-911-ein-werk-der-cia_3513\",\"url\":\"https:\/\/blog.zeit.de\/joerglau\/2010\/03\/09\/achmadinedschad-911-ein-werk-der-cia_3513\",\"name\":\"Achmadinedschad: 9\/11 ein Werk der CIA - J\u00f6rg Lau\",\"isPartOf\":{\"@id\":\"https:\/\/blog.zeit.de\/joerglau\/#website\"},\"datePublished\":\"2010-03-09T18:02:43+00:00\",\"dateModified\":\"2010-03-09T18:02:43+00:00\",\"author\":{\"@id\":\"https:\/\/blog.zeit.de\/joerglau\/#\/schema\/person\/55f0be9bfac24815791fbc852b042f57\"},\"breadcrumb\":{\"@id\":\"https:\/\/blog.zeit.de\/joerglau\/2010\/03\/09\/achmadinedschad-911-ein-werk-der-cia_3513#breadcrumb\"},\"inLanguage\":\"de\",\"potentialAction\":[{\"@type\":\"ReadAction\",\"target\":[\"https:\/\/blog.zeit.de\/joerglau\/2010\/03\/09\/achmadinedschad-911-ein-werk-der-cia_3513\"]}]},{\"@type\":\"BreadcrumbList\",\"@id\":\"https:\/\/blog.zeit.de\/joerglau\/2010\/03\/09\/achmadinedschad-911-ein-werk-der-cia_3513#breadcrumb\",\"itemListElement\":[{\"@type\":\"ListItem\",\"position\":1,\"name\":\"Startseite\",\"item\":\"https:\/\/blog.zeit.de\/joerglau\"},{\"@type\":\"ListItem\",\"position\":2,\"name\":\"Achmadinedschad: 9\/11 ein Werk der CIA\"}]},{\"@type\":\"WebSite\",\"@id\":\"https:\/\/blog.zeit.de\/joerglau\/#website\",\"url\":\"https:\/\/blog.zeit.de\/joerglau\/\",\"name\":\"J\u00f6rg Lau\",\"description\":\"Ein Blog \u00fcber Religion und Politik\",\"potentialAction\":[{\"@type\":\"SearchAction\",\"target\":{\"@type\":\"EntryPoint\",\"urlTemplate\":\"https:\/\/blog.zeit.de\/joerglau\/?s={search_term_string}\"},\"query-input\":\"required name=search_term_string\"}],\"inLanguage\":\"de\"},{\"@type\":\"Person\",\"@id\":\"https:\/\/blog.zeit.de\/joerglau\/#\/schema\/person\/55f0be9bfac24815791fbc852b042f57\",\"name\":\"J\u00f6rg Lau\",\"image\":{\"@type\":\"ImageObject\",\"inLanguage\":\"de\",\"@id\":\"https:\/\/blog.zeit.de\/joerglau\/#\/schema\/person\/image\/\",\"url\":\"https:\/\/secure.gravatar.com\/avatar\/a5fe39bf4f5335b8bac36eefa0b41467221b1598bfea5f05159a0199e391eed0?s=96&d=mm&r=g\",\"contentUrl\":\"https:\/\/secure.gravatar.com\/avatar\/a5fe39bf4f5335b8bac36eefa0b41467221b1598bfea5f05159a0199e391eed0?s=96&d=mm&r=g\",\"caption\":\"J\u00f6rg Lau\"},\"url\":\"https:\/\/blog.zeit.de\/joerglau\/author\/joerg-lau\"}]}<\/script>\n<!-- \/ Yoast SEO plugin. -->","yoast_head_json":{"title":"Achmadinedschad: 9\/11 ein Werk der CIA - J\u00f6rg Lau","robots":{"index":"index","follow":"follow","max-snippet":"max-snippet:-1","max-image-preview":"max-image-preview:large","max-video-preview":"max-video-preview:-1"},"canonical":"https:\/\/blog.zeit.de\/joerglau\/2010\/03\/09\/achmadinedschad-911-ein-werk-der-cia_3513","og_locale":"de_DE","og_type":"article","og_title":"Achmadinedschad: 9\/11 ein Werk der CIA - J\u00f6rg Lau","og_description":"Der iranische Pr\u00e4sident hat in einer Rede vor dem Geheimdienst seines Landes den 11. September als einen Plot des amerikanischen Geheimdienstes bezeichnet. Er sei ausgef\u00fchrt worden, um einen Vorwand zur Invasion Afghanistans zu haben. Solchen Unfug kennt man nat\u00fcrlich auch in der westlichen Welt von unseren Verschw\u00f6rungstheoretikern. Aber die sind in aller Regel nicht Regierungschefs. [&hellip;]","og_url":"https:\/\/blog.zeit.de\/joerglau\/2010\/03\/09\/achmadinedschad-911-ein-werk-der-cia_3513","og_site_name":"J\u00f6rg Lau","article_published_time":"2010-03-09T18:02:43+00:00","author":"J\u00f6rg Lau","twitter_card":"summary_large_image","twitter_misc":{"Geschrieben von":"J\u00f6rg Lau","Gesch\u00e4tzte Lesezeit":"3\u00a0Minuten"},"schema":{"@context":"https:\/\/schema.org","@graph":[{"@type":"WebPage","@id":"https:\/\/blog.zeit.de\/joerglau\/2010\/03\/09\/achmadinedschad-911-ein-werk-der-cia_3513","url":"https:\/\/blog.zeit.de\/joerglau\/2010\/03\/09\/achmadinedschad-911-ein-werk-der-cia_3513","name":"Achmadinedschad: 9\/11 ein Werk der CIA - J\u00f6rg Lau","isPartOf":{"@id":"https:\/\/blog.zeit.de\/joerglau\/#website"},"datePublished":"2010-03-09T18:02:43+00:00","dateModified":"2010-03-09T18:02:43+00:00","author":{"@id":"https:\/\/blog.zeit.de\/joerglau\/#\/schema\/person\/55f0be9bfac24815791fbc852b042f57"},"breadcrumb":{"@id":"https:\/\/blog.zeit.de\/joerglau\/2010\/03\/09\/achmadinedschad-911-ein-werk-der-cia_3513#breadcrumb"},"inLanguage":"de","potentialAction":[{"@type":"ReadAction","target":["https:\/\/blog.zeit.de\/joerglau\/2010\/03\/09\/achmadinedschad-911-ein-werk-der-cia_3513"]}]},{"@type":"BreadcrumbList","@id":"https:\/\/blog.zeit.de\/joerglau\/2010\/03\/09\/achmadinedschad-911-ein-werk-der-cia_3513#breadcrumb","itemListElement":[{"@type":"ListItem","position":1,"name":"Startseite","item":"https:\/\/blog.zeit.de\/joerglau"},{"@type":"ListItem","position":2,"name":"Achmadinedschad: 9\/11 ein Werk der CIA"}]},{"@type":"WebSite","@id":"https:\/\/blog.zeit.de\/joerglau\/#website","url":"https:\/\/blog.zeit.de\/joerglau\/","name":"J\u00f6rg Lau","description":"Ein Blog \u00fcber Religion und Politik","potentialAction":[{"@type":"SearchAction","target":{"@type":"EntryPoint","urlTemplate":"https:\/\/blog.zeit.de\/joerglau\/?s={search_term_string}"},"query-input":"required name=search_term_string"}],"inLanguage":"de"},{"@type":"Person","@id":"https:\/\/blog.zeit.de\/joerglau\/#\/schema\/person\/55f0be9bfac24815791fbc852b042f57","name":"J\u00f6rg Lau","image":{"@type":"ImageObject","inLanguage":"de","@id":"https:\/\/blog.zeit.de\/joerglau\/#\/schema\/person\/image\/","url":"https:\/\/secure.gravatar.com\/avatar\/a5fe39bf4f5335b8bac36eefa0b41467221b1598bfea5f05159a0199e391eed0?s=96&d=mm&r=g","contentUrl":"https:\/\/secure.gravatar.com\/avatar\/a5fe39bf4f5335b8bac36eefa0b41467221b1598bfea5f05159a0199e391eed0?s=96&d=mm&r=g","caption":"J\u00f6rg Lau"},"url":"https:\/\/blog.zeit.de\/joerglau\/author\/joerg-lau"}]}},"jetpack_featured_media_url":"","jetpack_sharing_enabled":true,"jetpack_shortlink":"https:\/\/wp.me\/pG02W-UF","_links":{"self":[{"href":"https:\/\/blog.zeit.de\/joerglau\/wp-json\/wp\/v2\/posts\/3513","targetHints":{"allow":["GET"]}}],"collection":[{"href":"https:\/\/blog.zeit.de\/joerglau\/wp-json\/wp\/v2\/posts"}],"about":[{"href":"https:\/\/blog.zeit.de\/joerglau\/wp-json\/wp\/v2\/types\/post"}],"author":[{"embeddable":true,"href":"https:\/\/blog.zeit.de\/joerglau\/wp-json\/wp\/v2\/users\/54"}],"replies":[{"embeddable":true,"href":"https:\/\/blog.zeit.de\/joerglau\/wp-json\/wp\/v2\/comments?post=3513"}],"version-history":[{"count":0,"href":"https:\/\/blog.zeit.de\/joerglau\/wp-json\/wp\/v2\/posts\/3513\/revisions"}],"wp:attachment":[{"href":"https:\/\/blog.zeit.de\/joerglau\/wp-json\/wp\/v2\/media?parent=3513"}],"wp:term":[{"taxonomy":"category","embeddable":true,"href":"https:\/\/blog.zeit.de\/joerglau\/wp-json\/wp\/v2\/categories?post=3513"},{"taxonomy":"post_tag","embeddable":true,"href":"https:\/\/blog.zeit.de\/joerglau\/wp-json\/wp\/v2\/tags?post=3513"}],"curies":[{"name":"wp","href":"https:\/\/api.w.org\/{rel}","templated":true}]}}