{"id":3528,"date":"2010-03-23T12:28:03","date_gmt":"2010-03-23T11:28:03","guid":{"rendered":"http:\/\/blog.zeit.de\/joerglau\/?p=3528"},"modified":"2010-03-23T13:41:27","modified_gmt":"2010-03-23T12:41:27","slug":"ditib-krm-zmd-vikz-igmg-und-die-dik","status":"publish","type":"post","link":"https:\/\/blog.zeit.de\/joerglau\/2010\/03\/23\/ditib-krm-zmd-vikz-igmg-und-die-dik_3528","title":{"rendered":"Ditib, KRM, ZMD, VIKZ, IGMG &#8211; und die DIK"},"content":{"rendered":"<p>Ich habe gestern eine <a href=\"https:\/\/blog.zeit.de\/joerglau\/2010\/03\/22\/debatte-religion-im-sakularen-staat_3523\">Veranstaltung der Katholischen Akademie<\/a> in Berlin \u00fcber den Dialog mit dem Islam moderiert. Ich konnte also nicht selber mitdiskutieren, wie ich es an mancher Stelle allerdings gerne getan h\u00e4tte. Und entsprechend werde ich auch die Redebeitr\u00e4ge der Teilnehmer nicht kommentieren. Zwei Dinge aber konnte ich loswerden.<\/p>\n<p>An Stelle des angek\u00fcndigten Bekir Alboga nahm Rafet \u00d6zt\u00fcrk teil, auch er f\u00fcr die Ditib t\u00e4tig, und zwar als &#8222;Koordinator f\u00fcr den interreligi\u00f6sen Dialog&#8220;. Alboga konnte nicht kommen, weil in den Islamverb\u00e4nden immer noch um eine gemeinsame Haltung zur Deutschen Islamkonferenz gerungen wird. Am Mittwoch dieser Woche soll eine erste Arbeitssitzung stattfinden.<\/p>\n<p>Folgendes habe ich an die Adresse von Herrn \u00d6zt\u00fcrk gesagt: &#8222;Ich will Ihnen gerne mal erl\u00e4utern, wie sich der derzeitige Streit unter den Verb\u00e4nden f\u00fcr einen Medienvertreter darstellt. Ich muss meinen Kollegen in der Redaktion klarmachen, warum wir eventuell noch einen Kommentar zum Thema der Islamkonferenz brauchen. Ich fange also an zu erkl\u00e4ren: Die Ditib hat den ZMD daf\u00fcr kritisiert, die DIK durch eine Boykottdrohung zu gef\u00e4hrden, weil ja bekanntlich der Islamrat, der eigentlich IGMG ist, als Mitglied des KRM nicht mehr an der DIK teilnehmen soll. Der VIKZ verh\u00e4lt sich neutral&#8230;. Zu diesem Zeitpunkt sind alle meine Kollegen in Sekundenschlaf verfallen. Und ich kann ihnen nicht einmal \u00fcbel nehmen, dass sie sich f\u00fcr dieses Akronym-Chaos nicht mehr interessieren. Zwischen den genannten Organisationen gibt es keine nennenswerten theologischen oder politischen Unterschiede, die f\u00fcr ein deutsches Publikum interessant w\u00e4ren. Diese Unterscheidungen, lieber Herr \u00d6zt\u00fcrk, haben mehr mit ihrer Herkunft als mit der Zukunft der Muslime in diesem Land zu tun. Wenn Sie sie nicht \u00fcberwinden k\u00f6nnen, werden sie sich selbst marginalisieren, und dies vielleicht ganz zu Recht.&#8220;<\/p>\n<p>Zweitens war es mir am Ende der Diskussion ein Bed\u00fcrfnis herauszustreichen, dass Deutschland &#8211; anders als die Debatte manchmal suggeriert &#8211; ein Land mit ungeheurer Dynamik und Ver\u00e4nderungsbereitschaft ist. In wenigen Jahrzehnten sind hierzulande fast 2.700 Moscheegemeinden entstanden und mehrere Millionen Muslime (bis zu 4, je nachdem wie man rechnet) wurden aufgenommen. Viele der aktiven Muslime konnten hier erstmals erfahren, was Religionsfreiheit hei\u00dft: Der Imam wird eben nicht vom Staat geschickt (es sei denn, man geht in eine Ditib-Moschee). Die Gemeinden sind frei, ihre Dinge nach eigenem Gusto selbst zu verwalten. Und vom Geheimdienst wird man auch nur beobachtet, wenn es gute Gr\u00fcnde daf\u00fcr gibt (anders als in vielen Heimatl\u00e4ndern). Es ist auch ohne negative Folgen (jedenfalls seitens der staatlichen\u00a0 Stellen) m\u00f6glich, &#8222;Kulturmuslim&#8220; oder Atheist zu sein. In anderen Worten: Deutschland ist ein besseres Land f\u00fcr Muslime als viele der Herkunftsl\u00e4nder.<\/p>\n<p>Nach den <a href=\"https:\/\/blog.zeit.de\/joerglau\/2007\/04\/23\/erdogan-in-meinem-land-leben-nicht-nur-muslime_430\">Morden an den christlichen Missionaren in Malatya<\/a> vor drei Jahren brachte der H\u00fcrriyet-Chef Ertugrul \u00d6zk\u00f6k es auf den Punkt: &#8222;Wo ist die muslimische Toleranz f\u00fcr den anderen Glauben?&#8220;, fragte der Chefredakteur. &#8222;T\u00fcrken haben in Deutschland mehr als 3000 Moscheen, und wir halten ein paar Kirchen und ein Dutzend Missionare nicht aus?&#8220; Auch wenn 3.000 Moscheen wohl eher die Zahl der (t\u00fcrkisch gepr\u00e4gten) Moscheen in ganz Europa ist, hat er absolut den Punkt getroffen.<\/p>\n<p>Und dazu sollte man als Muslim in Deutschland auch gelegentlich mal was sagen, statt sich blo\u00df \u00fcber &#8222;Islamophobie&#8220; zu beklagen. Wie islamophob kann ein Land sein, dass ohne gro\u00dfe Aufwallungen (wenn man mal von den sch\u00e4ndlichen Mordtaten wenige Jahre nach der deutschen Einheit absieht, die aber nicht explizit antimuslimisch waren, sondern &#8218;blo\u00df&#8216; xenophob, und sie hatten die &#8222;Lichterketten&#8220; zur Folge) die Bildung von 2.700 Moscheegemeinden in wenigen Jahrzehnten vertr\u00e4gt?<\/p>\n<p>Bei allen Problemen ist das ein Grund zum Stolz auf dieses Land, und den sollten die Muslime, die davon profitieren, offensiv vertreten. Sie tun das aber nicht, sondern fl\u00fcchten sich allzu oft eine unpolitische Opferhaltung.<\/p>\n<p>Nach der Veranstaltung wurde ich von mehreren Verbandsvertretern aus dem Publikum auf diese Aussage angesprochen. Zu meinem eigenen Erstaunen stimmten sie mir zu.<\/p>\n","protected":false},"excerpt":{"rendered":"<p>Ich habe gestern eine Veranstaltung der Katholischen Akademie in Berlin \u00fcber den Dialog mit dem Islam moderiert. Ich konnte also nicht selber mitdiskutieren, wie ich es an mancher Stelle allerdings gerne getan h\u00e4tte. Und entsprechend werde ich auch die Redebeitr\u00e4ge der Teilnehmer nicht kommentieren. Zwei Dinge aber konnte ich loswerden. An Stelle des angek\u00fcndigten Bekir [&hellip;]<\/p>\n","protected":false},"author":54,"featured_media":0,"comment_status":"open","ping_status":"closed","sticky":false,"template":"","format":"standard","meta":{"jetpack_post_was_ever_published":false,"footnotes":""},"categories":[157],"tags":[],"class_list":["post-3528","post","type-post","status-publish","format-standard","hentry","category-die-freunde-und-die-feinde-des-islams"],"yoast_head":"<!-- This site is optimized with the Yoast SEO plugin v21.0 - https:\/\/yoast.com\/wordpress\/plugins\/seo\/ -->\n<title>Ditib, KRM, ZMD, VIKZ, IGMG - und die DIK - J\u00f6rg Lau<\/title>\n<meta name=\"robots\" content=\"index, follow, max-snippet:-1, max-image-preview:large, max-video-preview:-1\" \/>\n<link rel=\"canonical\" href=\"https:\/\/blog.zeit.de\/joerglau\/2010\/03\/23\/ditib-krm-zmd-vikz-igmg-und-die-dik_3528\" \/>\n<meta property=\"og:locale\" content=\"de_DE\" \/>\n<meta property=\"og:type\" content=\"article\" \/>\n<meta property=\"og:title\" content=\"Ditib, KRM, ZMD, VIKZ, IGMG - und die DIK - J\u00f6rg Lau\" \/>\n<meta property=\"og:description\" content=\"Ich habe gestern eine Veranstaltung der Katholischen Akademie in Berlin \u00fcber den Dialog mit dem Islam moderiert. Ich konnte also nicht selber mitdiskutieren, wie ich es an mancher Stelle allerdings gerne getan h\u00e4tte. Und entsprechend werde ich auch die Redebeitr\u00e4ge der Teilnehmer nicht kommentieren. Zwei Dinge aber konnte ich loswerden. An Stelle des angek\u00fcndigten Bekir [&hellip;]\" \/>\n<meta property=\"og:url\" content=\"https:\/\/blog.zeit.de\/joerglau\/2010\/03\/23\/ditib-krm-zmd-vikz-igmg-und-die-dik_3528\" \/>\n<meta property=\"og:site_name\" content=\"J\u00f6rg Lau\" \/>\n<meta property=\"article:published_time\" content=\"2010-03-23T11:28:03+00:00\" \/>\n<meta property=\"article:modified_time\" content=\"2010-03-23T12:41:27+00:00\" \/>\n<meta name=\"author\" content=\"J\u00f6rg Lau\" \/>\n<meta name=\"twitter:card\" content=\"summary_large_image\" \/>\n<meta name=\"twitter:label1\" content=\"Geschrieben von\" \/>\n\t<meta name=\"twitter:data1\" content=\"J\u00f6rg Lau\" \/>\n\t<meta name=\"twitter:label2\" content=\"Gesch\u00e4tzte Lesezeit\" \/>\n\t<meta name=\"twitter:data2\" content=\"3\u00a0Minuten\" \/>\n<script type=\"application\/ld+json\" class=\"yoast-schema-graph\">{\"@context\":\"https:\/\/schema.org\",\"@graph\":[{\"@type\":\"WebPage\",\"@id\":\"https:\/\/blog.zeit.de\/joerglau\/2010\/03\/23\/ditib-krm-zmd-vikz-igmg-und-die-dik_3528\",\"url\":\"https:\/\/blog.zeit.de\/joerglau\/2010\/03\/23\/ditib-krm-zmd-vikz-igmg-und-die-dik_3528\",\"name\":\"Ditib, KRM, ZMD, VIKZ, IGMG - und die DIK - J\u00f6rg Lau\",\"isPartOf\":{\"@id\":\"https:\/\/blog.zeit.de\/joerglau\/#website\"},\"datePublished\":\"2010-03-23T11:28:03+00:00\",\"dateModified\":\"2010-03-23T12:41:27+00:00\",\"author\":{\"@id\":\"https:\/\/blog.zeit.de\/joerglau\/#\/schema\/person\/55f0be9bfac24815791fbc852b042f57\"},\"breadcrumb\":{\"@id\":\"https:\/\/blog.zeit.de\/joerglau\/2010\/03\/23\/ditib-krm-zmd-vikz-igmg-und-die-dik_3528#breadcrumb\"},\"inLanguage\":\"de\",\"potentialAction\":[{\"@type\":\"ReadAction\",\"target\":[\"https:\/\/blog.zeit.de\/joerglau\/2010\/03\/23\/ditib-krm-zmd-vikz-igmg-und-die-dik_3528\"]}]},{\"@type\":\"BreadcrumbList\",\"@id\":\"https:\/\/blog.zeit.de\/joerglau\/2010\/03\/23\/ditib-krm-zmd-vikz-igmg-und-die-dik_3528#breadcrumb\",\"itemListElement\":[{\"@type\":\"ListItem\",\"position\":1,\"name\":\"Startseite\",\"item\":\"https:\/\/blog.zeit.de\/joerglau\"},{\"@type\":\"ListItem\",\"position\":2,\"name\":\"Ditib, KRM, ZMD, VIKZ, IGMG &#8211; und die DIK\"}]},{\"@type\":\"WebSite\",\"@id\":\"https:\/\/blog.zeit.de\/joerglau\/#website\",\"url\":\"https:\/\/blog.zeit.de\/joerglau\/\",\"name\":\"J\u00f6rg Lau\",\"description\":\"Ein Blog \u00fcber Religion und Politik\",\"potentialAction\":[{\"@type\":\"SearchAction\",\"target\":{\"@type\":\"EntryPoint\",\"urlTemplate\":\"https:\/\/blog.zeit.de\/joerglau\/?s={search_term_string}\"},\"query-input\":\"required name=search_term_string\"}],\"inLanguage\":\"de\"},{\"@type\":\"Person\",\"@id\":\"https:\/\/blog.zeit.de\/joerglau\/#\/schema\/person\/55f0be9bfac24815791fbc852b042f57\",\"name\":\"J\u00f6rg Lau\",\"image\":{\"@type\":\"ImageObject\",\"inLanguage\":\"de\",\"@id\":\"https:\/\/blog.zeit.de\/joerglau\/#\/schema\/person\/image\/\",\"url\":\"https:\/\/secure.gravatar.com\/avatar\/a5fe39bf4f5335b8bac36eefa0b41467221b1598bfea5f05159a0199e391eed0?s=96&d=mm&r=g\",\"contentUrl\":\"https:\/\/secure.gravatar.com\/avatar\/a5fe39bf4f5335b8bac36eefa0b41467221b1598bfea5f05159a0199e391eed0?s=96&d=mm&r=g\",\"caption\":\"J\u00f6rg Lau\"},\"url\":\"https:\/\/blog.zeit.de\/joerglau\/author\/joerg-lau\"}]}<\/script>\n<!-- \/ Yoast SEO plugin. -->","yoast_head_json":{"title":"Ditib, KRM, ZMD, VIKZ, IGMG - und die DIK - J\u00f6rg Lau","robots":{"index":"index","follow":"follow","max-snippet":"max-snippet:-1","max-image-preview":"max-image-preview:large","max-video-preview":"max-video-preview:-1"},"canonical":"https:\/\/blog.zeit.de\/joerglau\/2010\/03\/23\/ditib-krm-zmd-vikz-igmg-und-die-dik_3528","og_locale":"de_DE","og_type":"article","og_title":"Ditib, KRM, ZMD, VIKZ, IGMG - und die DIK - J\u00f6rg Lau","og_description":"Ich habe gestern eine Veranstaltung der Katholischen Akademie in Berlin \u00fcber den Dialog mit dem Islam moderiert. Ich konnte also nicht selber mitdiskutieren, wie ich es an mancher Stelle allerdings gerne getan h\u00e4tte. Und entsprechend werde ich auch die Redebeitr\u00e4ge der Teilnehmer nicht kommentieren. Zwei Dinge aber konnte ich loswerden. An Stelle des angek\u00fcndigten Bekir [&hellip;]","og_url":"https:\/\/blog.zeit.de\/joerglau\/2010\/03\/23\/ditib-krm-zmd-vikz-igmg-und-die-dik_3528","og_site_name":"J\u00f6rg Lau","article_published_time":"2010-03-23T11:28:03+00:00","article_modified_time":"2010-03-23T12:41:27+00:00","author":"J\u00f6rg Lau","twitter_card":"summary_large_image","twitter_misc":{"Geschrieben von":"J\u00f6rg Lau","Gesch\u00e4tzte Lesezeit":"3\u00a0Minuten"},"schema":{"@context":"https:\/\/schema.org","@graph":[{"@type":"WebPage","@id":"https:\/\/blog.zeit.de\/joerglau\/2010\/03\/23\/ditib-krm-zmd-vikz-igmg-und-die-dik_3528","url":"https:\/\/blog.zeit.de\/joerglau\/2010\/03\/23\/ditib-krm-zmd-vikz-igmg-und-die-dik_3528","name":"Ditib, KRM, ZMD, VIKZ, IGMG - und die DIK - J\u00f6rg Lau","isPartOf":{"@id":"https:\/\/blog.zeit.de\/joerglau\/#website"},"datePublished":"2010-03-23T11:28:03+00:00","dateModified":"2010-03-23T12:41:27+00:00","author":{"@id":"https:\/\/blog.zeit.de\/joerglau\/#\/schema\/person\/55f0be9bfac24815791fbc852b042f57"},"breadcrumb":{"@id":"https:\/\/blog.zeit.de\/joerglau\/2010\/03\/23\/ditib-krm-zmd-vikz-igmg-und-die-dik_3528#breadcrumb"},"inLanguage":"de","potentialAction":[{"@type":"ReadAction","target":["https:\/\/blog.zeit.de\/joerglau\/2010\/03\/23\/ditib-krm-zmd-vikz-igmg-und-die-dik_3528"]}]},{"@type":"BreadcrumbList","@id":"https:\/\/blog.zeit.de\/joerglau\/2010\/03\/23\/ditib-krm-zmd-vikz-igmg-und-die-dik_3528#breadcrumb","itemListElement":[{"@type":"ListItem","position":1,"name":"Startseite","item":"https:\/\/blog.zeit.de\/joerglau"},{"@type":"ListItem","position":2,"name":"Ditib, KRM, ZMD, VIKZ, IGMG &#8211; und die DIK"}]},{"@type":"WebSite","@id":"https:\/\/blog.zeit.de\/joerglau\/#website","url":"https:\/\/blog.zeit.de\/joerglau\/","name":"J\u00f6rg Lau","description":"Ein Blog \u00fcber Religion und Politik","potentialAction":[{"@type":"SearchAction","target":{"@type":"EntryPoint","urlTemplate":"https:\/\/blog.zeit.de\/joerglau\/?s={search_term_string}"},"query-input":"required name=search_term_string"}],"inLanguage":"de"},{"@type":"Person","@id":"https:\/\/blog.zeit.de\/joerglau\/#\/schema\/person\/55f0be9bfac24815791fbc852b042f57","name":"J\u00f6rg Lau","image":{"@type":"ImageObject","inLanguage":"de","@id":"https:\/\/blog.zeit.de\/joerglau\/#\/schema\/person\/image\/","url":"https:\/\/secure.gravatar.com\/avatar\/a5fe39bf4f5335b8bac36eefa0b41467221b1598bfea5f05159a0199e391eed0?s=96&d=mm&r=g","contentUrl":"https:\/\/secure.gravatar.com\/avatar\/a5fe39bf4f5335b8bac36eefa0b41467221b1598bfea5f05159a0199e391eed0?s=96&d=mm&r=g","caption":"J\u00f6rg Lau"},"url":"https:\/\/blog.zeit.de\/joerglau\/author\/joerg-lau"}]}},"jetpack_featured_media_url":"","jetpack_sharing_enabled":true,"jetpack_shortlink":"https:\/\/wp.me\/pG02W-UU","_links":{"self":[{"href":"https:\/\/blog.zeit.de\/joerglau\/wp-json\/wp\/v2\/posts\/3528","targetHints":{"allow":["GET"]}}],"collection":[{"href":"https:\/\/blog.zeit.de\/joerglau\/wp-json\/wp\/v2\/posts"}],"about":[{"href":"https:\/\/blog.zeit.de\/joerglau\/wp-json\/wp\/v2\/types\/post"}],"author":[{"embeddable":true,"href":"https:\/\/blog.zeit.de\/joerglau\/wp-json\/wp\/v2\/users\/54"}],"replies":[{"embeddable":true,"href":"https:\/\/blog.zeit.de\/joerglau\/wp-json\/wp\/v2\/comments?post=3528"}],"version-history":[{"count":0,"href":"https:\/\/blog.zeit.de\/joerglau\/wp-json\/wp\/v2\/posts\/3528\/revisions"}],"wp:attachment":[{"href":"https:\/\/blog.zeit.de\/joerglau\/wp-json\/wp\/v2\/media?parent=3528"}],"wp:term":[{"taxonomy":"category","embeddable":true,"href":"https:\/\/blog.zeit.de\/joerglau\/wp-json\/wp\/v2\/categories?post=3528"},{"taxonomy":"post_tag","embeddable":true,"href":"https:\/\/blog.zeit.de\/joerglau\/wp-json\/wp\/v2\/tags?post=3528"}],"curies":[{"name":"wp","href":"https:\/\/api.w.org\/{rel}","templated":true}]}}