{"id":3534,"date":"2010-03-25T16:59:16","date_gmt":"2010-03-25T15:59:16","guid":{"rendered":"http:\/\/blog.zeit.de\/joerglau\/?p=3534"},"modified":"2010-03-25T17:20:30","modified_gmt":"2010-03-25T16:20:30","slug":"bringen-fatwas-gegen-den-terrorismus-uberhaupt-etwas","status":"publish","type":"post","link":"https:\/\/blog.zeit.de\/joerglau\/2010\/03\/25\/bringen-fatwas-gegen-den-terrorismus-uberhaupt-etwas_3534","title":{"rendered":"Bringen Fatwas gegen den Terrorismus \u00fcberhaupt etwas?"},"content":{"rendered":"<p>Ich hatte hier auf die <a href=\"https:\/\/blog.zeit.de\/joerglau\/2010\/03\/02\/eine-600-seiten-fatwa-gegen-al-kaida_3487\">umfangreiche Fatwa<\/a> des pakistanischen Sufi-Gelehrten Taher  ul Qadri hingewiesen, in der Selbstmordattentate verurteilt werden. Bringt das eigentlich was? Religi\u00f6se Gutachten gegen den Extremismus? Albrecht Metzger hat da seine berechtigten Zweifel (<a href=\"http:\/\/de.qantara.de\/webcom\/show_article.php\/_c-468\/_nr-1326\/i.html\">auf Qantara.de<\/a>):<\/p>\n<p><em>Die Fatwa habe das Potential, junge Muslime, die auf dem Wege seien, in den Extremismus abzugleiten, zur Umkehr zu bewegen, so der Tenor. Selbst der <em>Bild-Zeitung<\/em> war die Geschichte eine Meldung wert: &#8222;So deutliche Worte hat ein islamischer Gelehrter f\u00fcr Terroristen noch nie gefunden!&#8220;<\/em><\/p>\n<p><em>Ob das so stimmt ist fraglich. Nach den Anschl\u00e4gen von London am 7. Juli 2005 ver\u00f6ffentlichten zum Beispiel einige Dutzend islamische Gelehrte aus Gro\u00dfbritannien eine gemeinsame Erkl\u00e4rung, in der sie die Tat ohne Wenn und Aber verurteilten: &#8222;Wir sind der festen \u00dcberzeugung, dass dieses T\u00f6ten nicht vom Islam gutgehei\u00dfen werden kann, es gibt auch keine Rechtfertigung in unserer edlen Religion f\u00fcr solche b\u00f6sartigen Taten.&#8220;<\/em><\/p>\n<p><em>Die T\u00e4ter seien keinesfalls als M\u00e4rtyrer zu betrachten. Auch andere Religionsgelehrte in der islamischen Welt haben \u00e4hnlich lautende Fatwas zu dem Thema Selbstmordattentate verfasst.<\/em><\/p>\n<p><em>Die Frage ist also, ob das Gutachten Taher ul-Qadris jenseits der Medienaufmerksamkeit, die es erhalten hat, geeignet ist, muslimischem Extremisten zur Umkehr zu bewegen. Zweifel sind angebracht. Erreicht er die Richtigen?<\/em><\/p>\n<p><em><strong><\/strong>Eine Fatwa ist die pers\u00f6nliche Meinung eines islamischen Gelehrten, ob ein Gl\u00e4ubiger sie befolgt oder nicht h\u00e4ngt davon ab, wie er diese Person beurteilt. Taher ul-Qadri ist F\u00fchrer einer Sufi-Organisation. Auf <em>Youtube<\/em> kursiert ein Video, in dem sich seine Anh\u00e4nger mit Musik in Ekstase tanzen. Am Ende taucht der Gelehrte selber auf, steigt \u00fcber einen am Boden liegenden Mann und wirft dem S\u00e4nger Geldscheine zu.<\/em><\/p>\n<p><em><a href=\"javascript:popup('\/image.php?url=\/files\/468\/4612\/source_4ba234cf119c6_Moschee_Regents_Park.JPG',%20'ImageWindow',%20'toolbar=no,menubar=no,location=no,scrollbars=no,resizable=no,width=1653,height=1918');\"><img decoding=\"async\" src=\"http:\/\/de.qantara.de\/default_images\/zoom.gif\" border=\"0\" alt=\"Bild vergr\u00f6ssern\" hspace=\"3\" vspace=\"5\" align=\"left\" \/><\/a> Viel Medienl\u00e4rm um nichts? Bei Gro\u00dfbritanniens Muslimen sorgte die Fatwa Taher ul-Qadris bislang f\u00fcr keinerlei nennenswerte Resonanz.          In salafistischen Kreisen, aus deren Mitte sich die meisten Jihadis rekrutieren, macht er sich mit solchen Praktiken extrem angreifbar. Sie lehnen Tanz und Gesang als unislamisch ab. So ist nach Ansicht von Sicherheitsexperten Kritik an Selbstmordattentaten vor allem dann effektiv, wenn sie aus den eigenen Reihen kommt. Ein Sufi findet unter Salafisten jedoch kaum Geh\u00f6r.<\/em><\/p>\n<p><em>In Deutschland jedenfalls hat Taher ul-Qadri in den einschl\u00e4gigen Webforen keinerlei Reaktion hervorgerufen. &#8222;Nicht mal ein abwertender Kommentar lie\u00df sich finden&#8220;, so ein deutscher Verfassungssch\u00fctzer. &#8222;Die Ausstrahlungskraft auf die deutsche Jihadi-Szene l\u00e4sst sich also mit &#8217;nicht vorhanden&#8216; bezeichnen.&#8220;<strong><\/strong><\/em><\/p>\n<p><em>Dar\u00fcber hinaus stellt sich die Frage, ob religi\u00f6se Gutachten die richtige Methode sind, um einen fortschrittlichen Islam zu entwickeln. Es sei zwecklos, eine &#8222;Fatwa-Schlacht&#8220; mit den Extremisten zu beginnen, so Brian Whitaker, langj\u00e4hriger Nahostkorrespondent des britischen <em>Guardian<\/em>. Denn f\u00fcr jedes Gutachten gebe es ein Gegengutachten.<\/em><\/p>\n","protected":false},"excerpt":{"rendered":"<p>Ich hatte hier auf die umfangreiche Fatwa des pakistanischen Sufi-Gelehrten Taher ul Qadri hingewiesen, in der Selbstmordattentate verurteilt werden. Bringt das eigentlich was? Religi\u00f6se Gutachten gegen den Extremismus? Albrecht Metzger hat da seine berechtigten Zweifel (auf Qantara.de): Die Fatwa habe das Potential, junge Muslime, die auf dem Wege seien, in den Extremismus abzugleiten, zur Umkehr [&hellip;]<\/p>\n","protected":false},"author":54,"featured_media":0,"comment_status":"open","ping_status":"closed","sticky":false,"template":"","format":"standard","meta":{"jetpack_post_was_ever_published":false,"footnotes":""},"categories":[157,167],"tags":[],"class_list":["post-3534","post","type-post","status-publish","format-standard","hentry","category-die-freunde-und-die-feinde-des-islams","category-islamismus-und-terror"],"yoast_head":"<!-- This site is optimized with the Yoast SEO plugin v21.0 - https:\/\/yoast.com\/wordpress\/plugins\/seo\/ -->\n<title>Bringen Fatwas gegen den Terrorismus \u00fcberhaupt etwas? - J\u00f6rg Lau<\/title>\n<meta name=\"robots\" content=\"index, follow, max-snippet:-1, max-image-preview:large, max-video-preview:-1\" \/>\n<link rel=\"canonical\" href=\"https:\/\/blog.zeit.de\/joerglau\/2010\/03\/25\/bringen-fatwas-gegen-den-terrorismus-uberhaupt-etwas_3534\" \/>\n<meta property=\"og:locale\" content=\"de_DE\" \/>\n<meta property=\"og:type\" content=\"article\" \/>\n<meta property=\"og:title\" content=\"Bringen Fatwas gegen den Terrorismus \u00fcberhaupt etwas? - J\u00f6rg Lau\" \/>\n<meta property=\"og:description\" content=\"Ich hatte hier auf die umfangreiche Fatwa des pakistanischen Sufi-Gelehrten Taher ul Qadri hingewiesen, in der Selbstmordattentate verurteilt werden. Bringt das eigentlich was? Religi\u00f6se Gutachten gegen den Extremismus? Albrecht Metzger hat da seine berechtigten Zweifel (auf Qantara.de): Die Fatwa habe das Potential, junge Muslime, die auf dem Wege seien, in den Extremismus abzugleiten, zur Umkehr [&hellip;]\" \/>\n<meta property=\"og:url\" content=\"https:\/\/blog.zeit.de\/joerglau\/2010\/03\/25\/bringen-fatwas-gegen-den-terrorismus-uberhaupt-etwas_3534\" \/>\n<meta property=\"og:site_name\" content=\"J\u00f6rg Lau\" \/>\n<meta property=\"article:published_time\" content=\"2010-03-25T15:59:16+00:00\" \/>\n<meta property=\"article:modified_time\" content=\"2010-03-25T16:20:30+00:00\" \/>\n<meta property=\"og:image\" content=\"http:\/\/de.qantara.de\/default_images\/zoom.gif\" \/>\n<meta name=\"author\" content=\"J\u00f6rg Lau\" \/>\n<meta name=\"twitter:card\" content=\"summary_large_image\" \/>\n<meta name=\"twitter:label1\" content=\"Geschrieben von\" \/>\n\t<meta name=\"twitter:data1\" content=\"J\u00f6rg Lau\" \/>\n\t<meta name=\"twitter:label2\" content=\"Gesch\u00e4tzte Lesezeit\" \/>\n\t<meta name=\"twitter:data2\" content=\"2\u00a0Minuten\" \/>\n<script type=\"application\/ld+json\" class=\"yoast-schema-graph\">{\"@context\":\"https:\/\/schema.org\",\"@graph\":[{\"@type\":\"WebPage\",\"@id\":\"https:\/\/blog.zeit.de\/joerglau\/2010\/03\/25\/bringen-fatwas-gegen-den-terrorismus-uberhaupt-etwas_3534\",\"url\":\"https:\/\/blog.zeit.de\/joerglau\/2010\/03\/25\/bringen-fatwas-gegen-den-terrorismus-uberhaupt-etwas_3534\",\"name\":\"Bringen Fatwas gegen den Terrorismus \u00fcberhaupt etwas? - J\u00f6rg Lau\",\"isPartOf\":{\"@id\":\"https:\/\/blog.zeit.de\/joerglau\/#website\"},\"datePublished\":\"2010-03-25T15:59:16+00:00\",\"dateModified\":\"2010-03-25T16:20:30+00:00\",\"author\":{\"@id\":\"https:\/\/blog.zeit.de\/joerglau\/#\/schema\/person\/55f0be9bfac24815791fbc852b042f57\"},\"breadcrumb\":{\"@id\":\"https:\/\/blog.zeit.de\/joerglau\/2010\/03\/25\/bringen-fatwas-gegen-den-terrorismus-uberhaupt-etwas_3534#breadcrumb\"},\"inLanguage\":\"de\",\"potentialAction\":[{\"@type\":\"ReadAction\",\"target\":[\"https:\/\/blog.zeit.de\/joerglau\/2010\/03\/25\/bringen-fatwas-gegen-den-terrorismus-uberhaupt-etwas_3534\"]}]},{\"@type\":\"BreadcrumbList\",\"@id\":\"https:\/\/blog.zeit.de\/joerglau\/2010\/03\/25\/bringen-fatwas-gegen-den-terrorismus-uberhaupt-etwas_3534#breadcrumb\",\"itemListElement\":[{\"@type\":\"ListItem\",\"position\":1,\"name\":\"Startseite\",\"item\":\"https:\/\/blog.zeit.de\/joerglau\"},{\"@type\":\"ListItem\",\"position\":2,\"name\":\"Bringen Fatwas gegen den Terrorismus \u00fcberhaupt etwas?\"}]},{\"@type\":\"WebSite\",\"@id\":\"https:\/\/blog.zeit.de\/joerglau\/#website\",\"url\":\"https:\/\/blog.zeit.de\/joerglau\/\",\"name\":\"J\u00f6rg Lau\",\"description\":\"Ein Blog \u00fcber Religion und Politik\",\"potentialAction\":[{\"@type\":\"SearchAction\",\"target\":{\"@type\":\"EntryPoint\",\"urlTemplate\":\"https:\/\/blog.zeit.de\/joerglau\/?s={search_term_string}\"},\"query-input\":\"required name=search_term_string\"}],\"inLanguage\":\"de\"},{\"@type\":\"Person\",\"@id\":\"https:\/\/blog.zeit.de\/joerglau\/#\/schema\/person\/55f0be9bfac24815791fbc852b042f57\",\"name\":\"J\u00f6rg Lau\",\"image\":{\"@type\":\"ImageObject\",\"inLanguage\":\"de\",\"@id\":\"https:\/\/blog.zeit.de\/joerglau\/#\/schema\/person\/image\/\",\"url\":\"https:\/\/secure.gravatar.com\/avatar\/a5fe39bf4f5335b8bac36eefa0b41467221b1598bfea5f05159a0199e391eed0?s=96&d=mm&r=g\",\"contentUrl\":\"https:\/\/secure.gravatar.com\/avatar\/a5fe39bf4f5335b8bac36eefa0b41467221b1598bfea5f05159a0199e391eed0?s=96&d=mm&r=g\",\"caption\":\"J\u00f6rg Lau\"},\"url\":\"https:\/\/blog.zeit.de\/joerglau\/author\/joerg-lau\"}]}<\/script>\n<!-- \/ Yoast SEO plugin. -->","yoast_head_json":{"title":"Bringen Fatwas gegen den Terrorismus \u00fcberhaupt etwas? - J\u00f6rg Lau","robots":{"index":"index","follow":"follow","max-snippet":"max-snippet:-1","max-image-preview":"max-image-preview:large","max-video-preview":"max-video-preview:-1"},"canonical":"https:\/\/blog.zeit.de\/joerglau\/2010\/03\/25\/bringen-fatwas-gegen-den-terrorismus-uberhaupt-etwas_3534","og_locale":"de_DE","og_type":"article","og_title":"Bringen Fatwas gegen den Terrorismus \u00fcberhaupt etwas? - J\u00f6rg Lau","og_description":"Ich hatte hier auf die umfangreiche Fatwa des pakistanischen Sufi-Gelehrten Taher ul Qadri hingewiesen, in der Selbstmordattentate verurteilt werden. Bringt das eigentlich was? Religi\u00f6se Gutachten gegen den Extremismus? Albrecht Metzger hat da seine berechtigten Zweifel (auf Qantara.de): Die Fatwa habe das Potential, junge Muslime, die auf dem Wege seien, in den Extremismus abzugleiten, zur Umkehr [&hellip;]","og_url":"https:\/\/blog.zeit.de\/joerglau\/2010\/03\/25\/bringen-fatwas-gegen-den-terrorismus-uberhaupt-etwas_3534","og_site_name":"J\u00f6rg Lau","article_published_time":"2010-03-25T15:59:16+00:00","article_modified_time":"2010-03-25T16:20:30+00:00","og_image":[{"url":"http:\/\/de.qantara.de\/default_images\/zoom.gif"}],"author":"J\u00f6rg Lau","twitter_card":"summary_large_image","twitter_misc":{"Geschrieben von":"J\u00f6rg Lau","Gesch\u00e4tzte Lesezeit":"2\u00a0Minuten"},"schema":{"@context":"https:\/\/schema.org","@graph":[{"@type":"WebPage","@id":"https:\/\/blog.zeit.de\/joerglau\/2010\/03\/25\/bringen-fatwas-gegen-den-terrorismus-uberhaupt-etwas_3534","url":"https:\/\/blog.zeit.de\/joerglau\/2010\/03\/25\/bringen-fatwas-gegen-den-terrorismus-uberhaupt-etwas_3534","name":"Bringen Fatwas gegen den Terrorismus \u00fcberhaupt etwas? - J\u00f6rg Lau","isPartOf":{"@id":"https:\/\/blog.zeit.de\/joerglau\/#website"},"datePublished":"2010-03-25T15:59:16+00:00","dateModified":"2010-03-25T16:20:30+00:00","author":{"@id":"https:\/\/blog.zeit.de\/joerglau\/#\/schema\/person\/55f0be9bfac24815791fbc852b042f57"},"breadcrumb":{"@id":"https:\/\/blog.zeit.de\/joerglau\/2010\/03\/25\/bringen-fatwas-gegen-den-terrorismus-uberhaupt-etwas_3534#breadcrumb"},"inLanguage":"de","potentialAction":[{"@type":"ReadAction","target":["https:\/\/blog.zeit.de\/joerglau\/2010\/03\/25\/bringen-fatwas-gegen-den-terrorismus-uberhaupt-etwas_3534"]}]},{"@type":"BreadcrumbList","@id":"https:\/\/blog.zeit.de\/joerglau\/2010\/03\/25\/bringen-fatwas-gegen-den-terrorismus-uberhaupt-etwas_3534#breadcrumb","itemListElement":[{"@type":"ListItem","position":1,"name":"Startseite","item":"https:\/\/blog.zeit.de\/joerglau"},{"@type":"ListItem","position":2,"name":"Bringen Fatwas gegen den Terrorismus \u00fcberhaupt etwas?"}]},{"@type":"WebSite","@id":"https:\/\/blog.zeit.de\/joerglau\/#website","url":"https:\/\/blog.zeit.de\/joerglau\/","name":"J\u00f6rg Lau","description":"Ein Blog \u00fcber Religion und Politik","potentialAction":[{"@type":"SearchAction","target":{"@type":"EntryPoint","urlTemplate":"https:\/\/blog.zeit.de\/joerglau\/?s={search_term_string}"},"query-input":"required name=search_term_string"}],"inLanguage":"de"},{"@type":"Person","@id":"https:\/\/blog.zeit.de\/joerglau\/#\/schema\/person\/55f0be9bfac24815791fbc852b042f57","name":"J\u00f6rg Lau","image":{"@type":"ImageObject","inLanguage":"de","@id":"https:\/\/blog.zeit.de\/joerglau\/#\/schema\/person\/image\/","url":"https:\/\/secure.gravatar.com\/avatar\/a5fe39bf4f5335b8bac36eefa0b41467221b1598bfea5f05159a0199e391eed0?s=96&d=mm&r=g","contentUrl":"https:\/\/secure.gravatar.com\/avatar\/a5fe39bf4f5335b8bac36eefa0b41467221b1598bfea5f05159a0199e391eed0?s=96&d=mm&r=g","caption":"J\u00f6rg Lau"},"url":"https:\/\/blog.zeit.de\/joerglau\/author\/joerg-lau"}]}},"jetpack_featured_media_url":"","jetpack_sharing_enabled":true,"jetpack_shortlink":"https:\/\/wp.me\/pG02W-V0","_links":{"self":[{"href":"https:\/\/blog.zeit.de\/joerglau\/wp-json\/wp\/v2\/posts\/3534","targetHints":{"allow":["GET"]}}],"collection":[{"href":"https:\/\/blog.zeit.de\/joerglau\/wp-json\/wp\/v2\/posts"}],"about":[{"href":"https:\/\/blog.zeit.de\/joerglau\/wp-json\/wp\/v2\/types\/post"}],"author":[{"embeddable":true,"href":"https:\/\/blog.zeit.de\/joerglau\/wp-json\/wp\/v2\/users\/54"}],"replies":[{"embeddable":true,"href":"https:\/\/blog.zeit.de\/joerglau\/wp-json\/wp\/v2\/comments?post=3534"}],"version-history":[{"count":0,"href":"https:\/\/blog.zeit.de\/joerglau\/wp-json\/wp\/v2\/posts\/3534\/revisions"}],"wp:attachment":[{"href":"https:\/\/blog.zeit.de\/joerglau\/wp-json\/wp\/v2\/media?parent=3534"}],"wp:term":[{"taxonomy":"category","embeddable":true,"href":"https:\/\/blog.zeit.de\/joerglau\/wp-json\/wp\/v2\/categories?post=3534"},{"taxonomy":"post_tag","embeddable":true,"href":"https:\/\/blog.zeit.de\/joerglau\/wp-json\/wp\/v2\/tags?post=3534"}],"curies":[{"name":"wp","href":"https:\/\/api.w.org\/{rel}","templated":true}]}}