{"id":3540,"date":"2010-03-25T23:35:21","date_gmt":"2010-03-25T22:35:21","guid":{"rendered":"http:\/\/blog.zeit.de\/joerglau\/?p=3540"},"modified":"2010-03-25T23:37:09","modified_gmt":"2010-03-25T22:37:09","slug":"islamkritik-fur-dumpfbacken","status":"publish","type":"post","link":"https:\/\/blog.zeit.de\/joerglau\/2010\/03\/25\/islamkritik-fur-dumpfbacken_3540","title":{"rendered":"&#8222;Islamkritik&#8220; f\u00fcr Dumpfbacken"},"content":{"rendered":"<p><img decoding=\"async\" src=\"file:\/\/\/C:\/DOKUME%7E1\/user\/LOKALE%7E1\/Temp\/moz-screenshot.png\" alt=\"\" \/><\/p>\n<p>Aus dem &#8222;islamkritischen&#8220; Sumpf: Eine gewisse Seite, die ich wegen ihres manifesten Rassismus hier bekanntlich weder erw\u00e4hne noch verlinke, hat meinen Auftritt bei der Katholischen Akademie rezensiert. Offenbar war eine ganze Truppe von IMs da, die Fotos gemacht und berichtet haben. Na ja.<\/p>\n<p>Das hier ist repr\u00e4sentativ f\u00fcr das digitale\u00a0 P\u00f6belpack , das auf der gewissen Seite sein M\u00fctchen k\u00fchlt:<\/p>\n<p><em>#23        <strong>Chi-Rho<\/strong> (25. M\u00e4rz 2010        18:54) <\/em><\/p>\n<div>\n<p><em>Einwanderung steuern und  Integration managen, zugleich den Leuten klar machen: Das geht nicht  mehr weg, Leute, wir m\u00fcssen damit leben. Das ist der Weg. ( J\u00f6rg Lau)<br \/>\n==========================================<br \/>\nUNCONDITIONAL SURRENDER<br \/>\nHurra wir kapitulieren!!!<br \/>\nMit solchen \u201clauen\u201d Jungs gibt es bestimmt keine Zukunft f\u00fcr den Westen!<br \/>\nWelcome Germanistan! Welcome Middleage!<br \/>\n\u2026\u2026\u2026\u2026\u2026\u2026\u2026\u2026\u2026\u2026\u2026\u2026\u2026\u2026\u2026\u2026\u2026\u2026\u2026\u2026\u2026\u2026\u2026\u2026\u2026\u2026\u2026\u2026\u2026\u2026\u2026\u2026\u2026\u2026\u2026.<br \/>\nDer einzige Spass, den ich mir aber nicht entgehen lasse, ist die  Massenhinrichtung in Berlinbul. Das Spektakel werde ich nicht vers\u00e4umen  wenn die Gutmenschen \u00e0 la Claudia Roth, Frau Dr. Schiffer, Volker Beck,  Guido Westerwelle und  Klaus Wowereit von den moslemischen  Revolutionsgarden 2040 aufgekn\u00fcpft werden.<br \/>\n\u2026\u2026\u2026\u2026\u2026\u2026\u2026\u2026\u2026\u2026\u2026\u2026\u2026\u2026\u2026\u2026\u2026\u2026\u2026\u2026\u2026\u2026\u2026\u2026\u2026\u2026\u2026\u2026\u2026\u2026\u2026\u2026\u2026\u2026\u2026.<br \/>\nNaja, man sage nicht sie h\u00e4tten es nicht gewusst!<\/em><\/p>\n<p>Super lustig: Westerwelle als Gutmensch. Da er gleich neben Beck und Wowereit steht, nehme ich mal an, dass die sexuelle Pr\u00e4ferenz hier ausschlaggebend ist. Eine Massenhinrichtung als Wichsphantasie, und das bleibt dann auch so da stehen<em>. <\/em>Kommentiert sich wohl selbst.<em><br \/>\n<\/em><\/p>\n<\/div>\n","protected":false},"excerpt":{"rendered":"<p>Aus dem &#8222;islamkritischen&#8220; Sumpf: Eine gewisse Seite, die ich wegen ihres manifesten Rassismus hier bekanntlich weder erw\u00e4hne noch verlinke, hat meinen Auftritt bei der Katholischen Akademie rezensiert. Offenbar war eine ganze Truppe von IMs da, die Fotos gemacht und berichtet haben. Na ja. Das hier ist repr\u00e4sentativ f\u00fcr das digitale\u00a0 P\u00f6belpack , das auf der [&hellip;]<\/p>\n","protected":false},"author":54,"featured_media":0,"comment_status":"open","ping_status":"closed","sticky":false,"template":"","format":"standard","meta":{"jetpack_post_was_ever_published":false,"footnotes":""},"categories":[154,157],"tags":[],"class_list":["post-3540","post","type-post","status-publish","format-standard","hentry","category-curiosa","category-die-freunde-und-die-feinde-des-islams"],"yoast_head":"<!-- This site is optimized with the Yoast SEO plugin v21.0 - https:\/\/yoast.com\/wordpress\/plugins\/seo\/ -->\n<title>&quot;Islamkritik&quot; f\u00fcr Dumpfbacken - J\u00f6rg Lau<\/title>\n<meta name=\"robots\" content=\"index, follow, max-snippet:-1, max-image-preview:large, max-video-preview:-1\" \/>\n<link rel=\"canonical\" href=\"https:\/\/blog.zeit.de\/joerglau\/2010\/03\/25\/islamkritik-fur-dumpfbacken_3540\" \/>\n<meta property=\"og:locale\" content=\"de_DE\" \/>\n<meta property=\"og:type\" content=\"article\" \/>\n<meta property=\"og:title\" content=\"&quot;Islamkritik&quot; f\u00fcr Dumpfbacken - J\u00f6rg Lau\" \/>\n<meta property=\"og:description\" content=\"Aus dem &#8222;islamkritischen&#8220; Sumpf: Eine gewisse Seite, die ich wegen ihres manifesten Rassismus hier bekanntlich weder erw\u00e4hne noch verlinke, hat meinen Auftritt bei der Katholischen Akademie rezensiert. Offenbar war eine ganze Truppe von IMs da, die Fotos gemacht und berichtet haben. Na ja. Das hier ist repr\u00e4sentativ f\u00fcr das digitale\u00a0 P\u00f6belpack , das auf der [&hellip;]\" \/>\n<meta property=\"og:url\" content=\"https:\/\/blog.zeit.de\/joerglau\/2010\/03\/25\/islamkritik-fur-dumpfbacken_3540\" \/>\n<meta property=\"og:site_name\" content=\"J\u00f6rg Lau\" \/>\n<meta property=\"article:published_time\" content=\"2010-03-25T22:35:21+00:00\" \/>\n<meta property=\"article:modified_time\" content=\"2010-03-25T22:37:09+00:00\" \/>\n<meta property=\"og:image\" content=\"\" \/>\n<meta name=\"author\" content=\"J\u00f6rg Lau\" \/>\n<meta name=\"twitter:card\" content=\"summary_large_image\" \/>\n<meta name=\"twitter:label1\" content=\"Geschrieben von\" \/>\n\t<meta name=\"twitter:data1\" content=\"J\u00f6rg Lau\" \/>\n\t<meta name=\"twitter:label2\" content=\"Gesch\u00e4tzte Lesezeit\" \/>\n\t<meta name=\"twitter:data2\" content=\"1\u00a0Minute\" \/>\n<script type=\"application\/ld+json\" class=\"yoast-schema-graph\">{\"@context\":\"https:\/\/schema.org\",\"@graph\":[{\"@type\":\"WebPage\",\"@id\":\"https:\/\/blog.zeit.de\/joerglau\/2010\/03\/25\/islamkritik-fur-dumpfbacken_3540\",\"url\":\"https:\/\/blog.zeit.de\/joerglau\/2010\/03\/25\/islamkritik-fur-dumpfbacken_3540\",\"name\":\"\\\"Islamkritik\\\" f\u00fcr Dumpfbacken - J\u00f6rg Lau\",\"isPartOf\":{\"@id\":\"https:\/\/blog.zeit.de\/joerglau\/#website\"},\"datePublished\":\"2010-03-25T22:35:21+00:00\",\"dateModified\":\"2010-03-25T22:37:09+00:00\",\"author\":{\"@id\":\"https:\/\/blog.zeit.de\/joerglau\/#\/schema\/person\/55f0be9bfac24815791fbc852b042f57\"},\"breadcrumb\":{\"@id\":\"https:\/\/blog.zeit.de\/joerglau\/2010\/03\/25\/islamkritik-fur-dumpfbacken_3540#breadcrumb\"},\"inLanguage\":\"de\",\"potentialAction\":[{\"@type\":\"ReadAction\",\"target\":[\"https:\/\/blog.zeit.de\/joerglau\/2010\/03\/25\/islamkritik-fur-dumpfbacken_3540\"]}]},{\"@type\":\"BreadcrumbList\",\"@id\":\"https:\/\/blog.zeit.de\/joerglau\/2010\/03\/25\/islamkritik-fur-dumpfbacken_3540#breadcrumb\",\"itemListElement\":[{\"@type\":\"ListItem\",\"position\":1,\"name\":\"Startseite\",\"item\":\"https:\/\/blog.zeit.de\/joerglau\"},{\"@type\":\"ListItem\",\"position\":2,\"name\":\"&#8222;Islamkritik&#8220; f\u00fcr Dumpfbacken\"}]},{\"@type\":\"WebSite\",\"@id\":\"https:\/\/blog.zeit.de\/joerglau\/#website\",\"url\":\"https:\/\/blog.zeit.de\/joerglau\/\",\"name\":\"J\u00f6rg Lau\",\"description\":\"Ein Blog \u00fcber Religion und Politik\",\"potentialAction\":[{\"@type\":\"SearchAction\",\"target\":{\"@type\":\"EntryPoint\",\"urlTemplate\":\"https:\/\/blog.zeit.de\/joerglau\/?s={search_term_string}\"},\"query-input\":\"required name=search_term_string\"}],\"inLanguage\":\"de\"},{\"@type\":\"Person\",\"@id\":\"https:\/\/blog.zeit.de\/joerglau\/#\/schema\/person\/55f0be9bfac24815791fbc852b042f57\",\"name\":\"J\u00f6rg Lau\",\"image\":{\"@type\":\"ImageObject\",\"inLanguage\":\"de\",\"@id\":\"https:\/\/blog.zeit.de\/joerglau\/#\/schema\/person\/image\/\",\"url\":\"https:\/\/secure.gravatar.com\/avatar\/a5fe39bf4f5335b8bac36eefa0b41467221b1598bfea5f05159a0199e391eed0?s=96&d=mm&r=g\",\"contentUrl\":\"https:\/\/secure.gravatar.com\/avatar\/a5fe39bf4f5335b8bac36eefa0b41467221b1598bfea5f05159a0199e391eed0?s=96&d=mm&r=g\",\"caption\":\"J\u00f6rg Lau\"},\"url\":\"https:\/\/blog.zeit.de\/joerglau\/author\/joerg-lau\"}]}<\/script>\n<!-- \/ Yoast SEO plugin. -->","yoast_head_json":{"title":"\"Islamkritik\" f\u00fcr Dumpfbacken - J\u00f6rg Lau","robots":{"index":"index","follow":"follow","max-snippet":"max-snippet:-1","max-image-preview":"max-image-preview:large","max-video-preview":"max-video-preview:-1"},"canonical":"https:\/\/blog.zeit.de\/joerglau\/2010\/03\/25\/islamkritik-fur-dumpfbacken_3540","og_locale":"de_DE","og_type":"article","og_title":"\"Islamkritik\" f\u00fcr Dumpfbacken - J\u00f6rg Lau","og_description":"Aus dem &#8222;islamkritischen&#8220; Sumpf: Eine gewisse Seite, die ich wegen ihres manifesten Rassismus hier bekanntlich weder erw\u00e4hne noch verlinke, hat meinen Auftritt bei der Katholischen Akademie rezensiert. Offenbar war eine ganze Truppe von IMs da, die Fotos gemacht und berichtet haben. Na ja. Das hier ist repr\u00e4sentativ f\u00fcr das digitale\u00a0 P\u00f6belpack , das auf der [&hellip;]","og_url":"https:\/\/blog.zeit.de\/joerglau\/2010\/03\/25\/islamkritik-fur-dumpfbacken_3540","og_site_name":"J\u00f6rg Lau","article_published_time":"2010-03-25T22:35:21+00:00","article_modified_time":"2010-03-25T22:37:09+00:00","og_image":[{"url":"file:\/\/\/C:\/DOKUME%7E1\/user\/LOKALE%7E1\/Temp\/moz-screenshot.png"}],"author":"J\u00f6rg Lau","twitter_card":"summary_large_image","twitter_misc":{"Geschrieben von":"J\u00f6rg Lau","Gesch\u00e4tzte Lesezeit":"1\u00a0Minute"},"schema":{"@context":"https:\/\/schema.org","@graph":[{"@type":"WebPage","@id":"https:\/\/blog.zeit.de\/joerglau\/2010\/03\/25\/islamkritik-fur-dumpfbacken_3540","url":"https:\/\/blog.zeit.de\/joerglau\/2010\/03\/25\/islamkritik-fur-dumpfbacken_3540","name":"\"Islamkritik\" f\u00fcr Dumpfbacken - J\u00f6rg Lau","isPartOf":{"@id":"https:\/\/blog.zeit.de\/joerglau\/#website"},"datePublished":"2010-03-25T22:35:21+00:00","dateModified":"2010-03-25T22:37:09+00:00","author":{"@id":"https:\/\/blog.zeit.de\/joerglau\/#\/schema\/person\/55f0be9bfac24815791fbc852b042f57"},"breadcrumb":{"@id":"https:\/\/blog.zeit.de\/joerglau\/2010\/03\/25\/islamkritik-fur-dumpfbacken_3540#breadcrumb"},"inLanguage":"de","potentialAction":[{"@type":"ReadAction","target":["https:\/\/blog.zeit.de\/joerglau\/2010\/03\/25\/islamkritik-fur-dumpfbacken_3540"]}]},{"@type":"BreadcrumbList","@id":"https:\/\/blog.zeit.de\/joerglau\/2010\/03\/25\/islamkritik-fur-dumpfbacken_3540#breadcrumb","itemListElement":[{"@type":"ListItem","position":1,"name":"Startseite","item":"https:\/\/blog.zeit.de\/joerglau"},{"@type":"ListItem","position":2,"name":"&#8222;Islamkritik&#8220; f\u00fcr Dumpfbacken"}]},{"@type":"WebSite","@id":"https:\/\/blog.zeit.de\/joerglau\/#website","url":"https:\/\/blog.zeit.de\/joerglau\/","name":"J\u00f6rg Lau","description":"Ein Blog \u00fcber Religion und Politik","potentialAction":[{"@type":"SearchAction","target":{"@type":"EntryPoint","urlTemplate":"https:\/\/blog.zeit.de\/joerglau\/?s={search_term_string}"},"query-input":"required name=search_term_string"}],"inLanguage":"de"},{"@type":"Person","@id":"https:\/\/blog.zeit.de\/joerglau\/#\/schema\/person\/55f0be9bfac24815791fbc852b042f57","name":"J\u00f6rg Lau","image":{"@type":"ImageObject","inLanguage":"de","@id":"https:\/\/blog.zeit.de\/joerglau\/#\/schema\/person\/image\/","url":"https:\/\/secure.gravatar.com\/avatar\/a5fe39bf4f5335b8bac36eefa0b41467221b1598bfea5f05159a0199e391eed0?s=96&d=mm&r=g","contentUrl":"https:\/\/secure.gravatar.com\/avatar\/a5fe39bf4f5335b8bac36eefa0b41467221b1598bfea5f05159a0199e391eed0?s=96&d=mm&r=g","caption":"J\u00f6rg Lau"},"url":"https:\/\/blog.zeit.de\/joerglau\/author\/joerg-lau"}]}},"jetpack_featured_media_url":"","jetpack_sharing_enabled":true,"jetpack_shortlink":"https:\/\/wp.me\/pG02W-V6","_links":{"self":[{"href":"https:\/\/blog.zeit.de\/joerglau\/wp-json\/wp\/v2\/posts\/3540","targetHints":{"allow":["GET"]}}],"collection":[{"href":"https:\/\/blog.zeit.de\/joerglau\/wp-json\/wp\/v2\/posts"}],"about":[{"href":"https:\/\/blog.zeit.de\/joerglau\/wp-json\/wp\/v2\/types\/post"}],"author":[{"embeddable":true,"href":"https:\/\/blog.zeit.de\/joerglau\/wp-json\/wp\/v2\/users\/54"}],"replies":[{"embeddable":true,"href":"https:\/\/blog.zeit.de\/joerglau\/wp-json\/wp\/v2\/comments?post=3540"}],"version-history":[{"count":0,"href":"https:\/\/blog.zeit.de\/joerglau\/wp-json\/wp\/v2\/posts\/3540\/revisions"}],"wp:attachment":[{"href":"https:\/\/blog.zeit.de\/joerglau\/wp-json\/wp\/v2\/media?parent=3540"}],"wp:term":[{"taxonomy":"category","embeddable":true,"href":"https:\/\/blog.zeit.de\/joerglau\/wp-json\/wp\/v2\/categories?post=3540"},{"taxonomy":"post_tag","embeddable":true,"href":"https:\/\/blog.zeit.de\/joerglau\/wp-json\/wp\/v2\/tags?post=3540"}],"curies":[{"name":"wp","href":"https:\/\/api.w.org\/{rel}","templated":true}]}}