{"id":3544,"date":"2010-03-26T18:48:31","date_gmt":"2010-03-26T17:48:31","guid":{"rendered":"http:\/\/blog.zeit.de\/joerglau\/?p=3544"},"modified":"2010-03-26T18:53:14","modified_gmt":"2010-03-26T17:53:14","slug":"moscheentour-mit-siggi-und-peter","status":"publish","type":"post","link":"https:\/\/blog.zeit.de\/joerglau\/2010\/03\/26\/moscheentour-mit-siggi-und-peter_3544","title":{"rendered":"Moscheentour mit Siggi (und Peter)"},"content":{"rendered":"<p>Wow, was f\u00fcr ein langer Tag. Ich sitze im ICE von Bochum zur\u00fcck nach Berlin. Ich habe mal in Bochum studiert und sehe den langsamen Absturz dieser Stadt unter Schmerzen. Die ganze Innenstadt ein Ein-Euro-Laden. Bitter.<\/p>\n<p>Aber ich habe an diesem Tag auch anderes gesehen, in Oberhausen, M\u00fchlheim und Essen. Weil ich dar\u00fcber ein l\u00e4ngeres Print-St\u00fcck schreiben will und mir nicht meine Pointen kaputtmachen will, hier nur ein paar Auff\u00e4lligkeiten:<\/p>\n<p>&#8211; Gabriel war erstaunlich stark. Nat\u00fcrlich ist es auch Wahlkampf, wenn einer dieser Tage durch die Moscheen des Ruhrgebietes zieht. Aber das macht die Sache ja nicht illegitim. Er hat auch keine Problem das zuzugeben, sondern sagt ganz offensiv: Es war ein Riesenfehler, dass wir um die t\u00fcrkischst\u00e4mmige Community nicht schon l\u00e4ngst mehr geworben haben. So haben wir dem t\u00fcrkischen Staat die L\u00fccke gelassen, diese Menschen immer noch als eine Art Reservearmee zu behandeln.<\/p>\n<p>&#8211; Sehr stark auch, wie Gabriel mit jungen Leuten umgehen kann. Da merkt man den (wahrscheinlich ziemlich guten) Deutschlehrer. Ein paar t\u00fcrkische Jungs standen vor einer der Moscheen mit einer t\u00fcrkischen Fahne. Er ging gleich hin und stellte sie zur Rede: Warum die t\u00fcrkische Fahne? Die Jungs waren verdattert. Als Gabriel wiederkam, nachdem er mit Demonstranten geredet hatte, hatten die beiden eine deutsche Fahne aufgespannnt. Wow, Ihr k\u00f6nnt wirklich organisieren, versetzte Gabriel. Da k\u00f6nnen wir uns was abschauen. Gro\u00dfes Gel\u00e4chter.<\/p>\n<p>&#8211; Ich habe gesehen, wie unter T\u00fcrken eine sehr lebendige Debatte \u00fcber Integrations- und Bildungsdefizite in Gang kam, und zwar in den Moscheen! M\u00e4nner und Frauen beteiligten sich daran, und das sehr kontrovers. Sehr gut! Auch ein Effekt der intensiven Thematisierung in den letzten Jahren, inklusive Islamkonferenz.<\/p>\n<p>&#8211; Ich habe gesehen, wie sich ganz gew\u00f6hnliche anst\u00e4ndige B\u00fcrger &#8211; vom katholischen Kirchenchor St. Josef bis zur Linkspartei &#8211; gegen den Hassmob stellen, der Moscheen zu Fronten eines Kulturkampfes zu machen versucht. Sie gehen einfach hin in diese Moscheen. Und siehe da, die Moscheevereine sind stolz, endlich mal Gastgeber sein zu k\u00f6nnen. So ist das richtig: Hingehen, reden. Aber auch: Deutlich machen, dass diese Menschen hier erw\u00fcnscht sind. Das ist n\u00e4mlich keineswegs das Grundgef\u00fchl bei vielen Deutscht\u00fcrken. Dazu muss man \u00fcberhaupt nicht \u00fcber Probleme und \u00fcber manchen Dissens hinwegt\u00e4uschen. Aber man muss eben Kontakt haben und pflegen. Ich merke das selbst bei vielen der Funktion\u00e4re, die ich immer wieder treffe. Erst beim langen Reden merkt man, in welcher Welt der andere lebt und welches Bild er sich von einem macht. Das hat alles erst angefangen. Und darum war es sehr richtig, dass Gabriel diese Tour gemacht hat. Peter Maffay &#8211; der Rockmusiker mit transsylvanischem Migratonshintergrund &#8211; war mehr Ornament, aber was soll&#8217;s.<\/p>\n<p>&#8211; Ein bisschen bizarr war das schon: Nach Jahrzehnten entdeckt die deutsche Politik eine Lebenswirklichkeit wie ein exotisches fernes Land, zu dem man endlich einmal eine Reise wagt. Es war aber die ganze Zeit schon da, wie &#8222;Panama&#8220; in der Geschichte von Janosch.<\/p>\n<p>Ich hoffe, dass solche Besuche etwas Allt\u00e4gliches werden, nicht nur in Wahlkampfzeiten.<\/p>\n<p>(Bericht folgt.)<\/p>\n","protected":false},"excerpt":{"rendered":"<p>Wow, was f\u00fcr ein langer Tag. Ich sitze im ICE von Bochum zur\u00fcck nach Berlin. Ich habe mal in Bochum studiert und sehe den langsamen Absturz dieser Stadt unter Schmerzen. Die ganze Innenstadt ein Ein-Euro-Laden. Bitter. Aber ich habe an diesem Tag auch anderes gesehen, in Oberhausen, M\u00fchlheim und Essen. Weil ich dar\u00fcber ein l\u00e4ngeres [&hellip;]<\/p>\n","protected":false},"author":54,"featured_media":0,"comment_status":"open","ping_status":"closed","sticky":false,"template":"","format":"standard","meta":{"jetpack_post_was_ever_published":false,"footnotes":""},"categories":[157],"tags":[],"class_list":["post-3544","post","type-post","status-publish","format-standard","hentry","category-die-freunde-und-die-feinde-des-islams"],"yoast_head":"<!-- This site is optimized with the Yoast SEO plugin v21.0 - https:\/\/yoast.com\/wordpress\/plugins\/seo\/ -->\n<title>Moscheentour mit Siggi (und Peter) - J\u00f6rg Lau<\/title>\n<meta name=\"robots\" content=\"index, follow, max-snippet:-1, max-image-preview:large, max-video-preview:-1\" \/>\n<link rel=\"canonical\" href=\"https:\/\/blog.zeit.de\/joerglau\/2010\/03\/26\/moscheentour-mit-siggi-und-peter_3544\" \/>\n<meta property=\"og:locale\" content=\"de_DE\" \/>\n<meta property=\"og:type\" content=\"article\" \/>\n<meta property=\"og:title\" content=\"Moscheentour mit Siggi (und Peter) - J\u00f6rg Lau\" \/>\n<meta property=\"og:description\" content=\"Wow, was f\u00fcr ein langer Tag. Ich sitze im ICE von Bochum zur\u00fcck nach Berlin. Ich habe mal in Bochum studiert und sehe den langsamen Absturz dieser Stadt unter Schmerzen. Die ganze Innenstadt ein Ein-Euro-Laden. Bitter. Aber ich habe an diesem Tag auch anderes gesehen, in Oberhausen, M\u00fchlheim und Essen. Weil ich dar\u00fcber ein l\u00e4ngeres [&hellip;]\" \/>\n<meta property=\"og:url\" content=\"https:\/\/blog.zeit.de\/joerglau\/2010\/03\/26\/moscheentour-mit-siggi-und-peter_3544\" \/>\n<meta property=\"og:site_name\" content=\"J\u00f6rg Lau\" \/>\n<meta property=\"article:published_time\" content=\"2010-03-26T17:48:31+00:00\" \/>\n<meta property=\"article:modified_time\" content=\"2010-03-26T17:53:14+00:00\" \/>\n<meta name=\"author\" content=\"J\u00f6rg Lau\" \/>\n<meta name=\"twitter:card\" content=\"summary_large_image\" \/>\n<meta name=\"twitter:label1\" content=\"Geschrieben von\" \/>\n\t<meta name=\"twitter:data1\" content=\"J\u00f6rg Lau\" \/>\n\t<meta name=\"twitter:label2\" content=\"Gesch\u00e4tzte Lesezeit\" \/>\n\t<meta name=\"twitter:data2\" content=\"3\u00a0Minuten\" \/>\n<script type=\"application\/ld+json\" class=\"yoast-schema-graph\">{\"@context\":\"https:\/\/schema.org\",\"@graph\":[{\"@type\":\"WebPage\",\"@id\":\"https:\/\/blog.zeit.de\/joerglau\/2010\/03\/26\/moscheentour-mit-siggi-und-peter_3544\",\"url\":\"https:\/\/blog.zeit.de\/joerglau\/2010\/03\/26\/moscheentour-mit-siggi-und-peter_3544\",\"name\":\"Moscheentour mit Siggi (und Peter) - J\u00f6rg Lau\",\"isPartOf\":{\"@id\":\"https:\/\/blog.zeit.de\/joerglau\/#website\"},\"datePublished\":\"2010-03-26T17:48:31+00:00\",\"dateModified\":\"2010-03-26T17:53:14+00:00\",\"author\":{\"@id\":\"https:\/\/blog.zeit.de\/joerglau\/#\/schema\/person\/55f0be9bfac24815791fbc852b042f57\"},\"breadcrumb\":{\"@id\":\"https:\/\/blog.zeit.de\/joerglau\/2010\/03\/26\/moscheentour-mit-siggi-und-peter_3544#breadcrumb\"},\"inLanguage\":\"de\",\"potentialAction\":[{\"@type\":\"ReadAction\",\"target\":[\"https:\/\/blog.zeit.de\/joerglau\/2010\/03\/26\/moscheentour-mit-siggi-und-peter_3544\"]}]},{\"@type\":\"BreadcrumbList\",\"@id\":\"https:\/\/blog.zeit.de\/joerglau\/2010\/03\/26\/moscheentour-mit-siggi-und-peter_3544#breadcrumb\",\"itemListElement\":[{\"@type\":\"ListItem\",\"position\":1,\"name\":\"Startseite\",\"item\":\"https:\/\/blog.zeit.de\/joerglau\"},{\"@type\":\"ListItem\",\"position\":2,\"name\":\"Moscheentour mit Siggi (und Peter)\"}]},{\"@type\":\"WebSite\",\"@id\":\"https:\/\/blog.zeit.de\/joerglau\/#website\",\"url\":\"https:\/\/blog.zeit.de\/joerglau\/\",\"name\":\"J\u00f6rg Lau\",\"description\":\"Ein Blog \u00fcber Religion und Politik\",\"potentialAction\":[{\"@type\":\"SearchAction\",\"target\":{\"@type\":\"EntryPoint\",\"urlTemplate\":\"https:\/\/blog.zeit.de\/joerglau\/?s={search_term_string}\"},\"query-input\":\"required name=search_term_string\"}],\"inLanguage\":\"de\"},{\"@type\":\"Person\",\"@id\":\"https:\/\/blog.zeit.de\/joerglau\/#\/schema\/person\/55f0be9bfac24815791fbc852b042f57\",\"name\":\"J\u00f6rg Lau\",\"image\":{\"@type\":\"ImageObject\",\"inLanguage\":\"de\",\"@id\":\"https:\/\/blog.zeit.de\/joerglau\/#\/schema\/person\/image\/\",\"url\":\"https:\/\/secure.gravatar.com\/avatar\/a5fe39bf4f5335b8bac36eefa0b41467221b1598bfea5f05159a0199e391eed0?s=96&d=mm&r=g\",\"contentUrl\":\"https:\/\/secure.gravatar.com\/avatar\/a5fe39bf4f5335b8bac36eefa0b41467221b1598bfea5f05159a0199e391eed0?s=96&d=mm&r=g\",\"caption\":\"J\u00f6rg Lau\"},\"url\":\"https:\/\/blog.zeit.de\/joerglau\/author\/joerg-lau\"}]}<\/script>\n<!-- \/ Yoast SEO plugin. -->","yoast_head_json":{"title":"Moscheentour mit Siggi (und Peter) - J\u00f6rg Lau","robots":{"index":"index","follow":"follow","max-snippet":"max-snippet:-1","max-image-preview":"max-image-preview:large","max-video-preview":"max-video-preview:-1"},"canonical":"https:\/\/blog.zeit.de\/joerglau\/2010\/03\/26\/moscheentour-mit-siggi-und-peter_3544","og_locale":"de_DE","og_type":"article","og_title":"Moscheentour mit Siggi (und Peter) - J\u00f6rg Lau","og_description":"Wow, was f\u00fcr ein langer Tag. Ich sitze im ICE von Bochum zur\u00fcck nach Berlin. Ich habe mal in Bochum studiert und sehe den langsamen Absturz dieser Stadt unter Schmerzen. Die ganze Innenstadt ein Ein-Euro-Laden. Bitter. Aber ich habe an diesem Tag auch anderes gesehen, in Oberhausen, M\u00fchlheim und Essen. Weil ich dar\u00fcber ein l\u00e4ngeres [&hellip;]","og_url":"https:\/\/blog.zeit.de\/joerglau\/2010\/03\/26\/moscheentour-mit-siggi-und-peter_3544","og_site_name":"J\u00f6rg Lau","article_published_time":"2010-03-26T17:48:31+00:00","article_modified_time":"2010-03-26T17:53:14+00:00","author":"J\u00f6rg Lau","twitter_card":"summary_large_image","twitter_misc":{"Geschrieben von":"J\u00f6rg Lau","Gesch\u00e4tzte Lesezeit":"3\u00a0Minuten"},"schema":{"@context":"https:\/\/schema.org","@graph":[{"@type":"WebPage","@id":"https:\/\/blog.zeit.de\/joerglau\/2010\/03\/26\/moscheentour-mit-siggi-und-peter_3544","url":"https:\/\/blog.zeit.de\/joerglau\/2010\/03\/26\/moscheentour-mit-siggi-und-peter_3544","name":"Moscheentour mit Siggi (und Peter) - J\u00f6rg Lau","isPartOf":{"@id":"https:\/\/blog.zeit.de\/joerglau\/#website"},"datePublished":"2010-03-26T17:48:31+00:00","dateModified":"2010-03-26T17:53:14+00:00","author":{"@id":"https:\/\/blog.zeit.de\/joerglau\/#\/schema\/person\/55f0be9bfac24815791fbc852b042f57"},"breadcrumb":{"@id":"https:\/\/blog.zeit.de\/joerglau\/2010\/03\/26\/moscheentour-mit-siggi-und-peter_3544#breadcrumb"},"inLanguage":"de","potentialAction":[{"@type":"ReadAction","target":["https:\/\/blog.zeit.de\/joerglau\/2010\/03\/26\/moscheentour-mit-siggi-und-peter_3544"]}]},{"@type":"BreadcrumbList","@id":"https:\/\/blog.zeit.de\/joerglau\/2010\/03\/26\/moscheentour-mit-siggi-und-peter_3544#breadcrumb","itemListElement":[{"@type":"ListItem","position":1,"name":"Startseite","item":"https:\/\/blog.zeit.de\/joerglau"},{"@type":"ListItem","position":2,"name":"Moscheentour mit Siggi (und Peter)"}]},{"@type":"WebSite","@id":"https:\/\/blog.zeit.de\/joerglau\/#website","url":"https:\/\/blog.zeit.de\/joerglau\/","name":"J\u00f6rg Lau","description":"Ein Blog \u00fcber Religion und Politik","potentialAction":[{"@type":"SearchAction","target":{"@type":"EntryPoint","urlTemplate":"https:\/\/blog.zeit.de\/joerglau\/?s={search_term_string}"},"query-input":"required name=search_term_string"}],"inLanguage":"de"},{"@type":"Person","@id":"https:\/\/blog.zeit.de\/joerglau\/#\/schema\/person\/55f0be9bfac24815791fbc852b042f57","name":"J\u00f6rg Lau","image":{"@type":"ImageObject","inLanguage":"de","@id":"https:\/\/blog.zeit.de\/joerglau\/#\/schema\/person\/image\/","url":"https:\/\/secure.gravatar.com\/avatar\/a5fe39bf4f5335b8bac36eefa0b41467221b1598bfea5f05159a0199e391eed0?s=96&d=mm&r=g","contentUrl":"https:\/\/secure.gravatar.com\/avatar\/a5fe39bf4f5335b8bac36eefa0b41467221b1598bfea5f05159a0199e391eed0?s=96&d=mm&r=g","caption":"J\u00f6rg Lau"},"url":"https:\/\/blog.zeit.de\/joerglau\/author\/joerg-lau"}]}},"jetpack_featured_media_url":"","jetpack_sharing_enabled":true,"jetpack_shortlink":"https:\/\/wp.me\/pG02W-Va","_links":{"self":[{"href":"https:\/\/blog.zeit.de\/joerglau\/wp-json\/wp\/v2\/posts\/3544","targetHints":{"allow":["GET"]}}],"collection":[{"href":"https:\/\/blog.zeit.de\/joerglau\/wp-json\/wp\/v2\/posts"}],"about":[{"href":"https:\/\/blog.zeit.de\/joerglau\/wp-json\/wp\/v2\/types\/post"}],"author":[{"embeddable":true,"href":"https:\/\/blog.zeit.de\/joerglau\/wp-json\/wp\/v2\/users\/54"}],"replies":[{"embeddable":true,"href":"https:\/\/blog.zeit.de\/joerglau\/wp-json\/wp\/v2\/comments?post=3544"}],"version-history":[{"count":0,"href":"https:\/\/blog.zeit.de\/joerglau\/wp-json\/wp\/v2\/posts\/3544\/revisions"}],"wp:attachment":[{"href":"https:\/\/blog.zeit.de\/joerglau\/wp-json\/wp\/v2\/media?parent=3544"}],"wp:term":[{"taxonomy":"category","embeddable":true,"href":"https:\/\/blog.zeit.de\/joerglau\/wp-json\/wp\/v2\/categories?post=3544"},{"taxonomy":"post_tag","embeddable":true,"href":"https:\/\/blog.zeit.de\/joerglau\/wp-json\/wp\/v2\/tags?post=3544"}],"curies":[{"name":"wp","href":"https:\/\/api.w.org\/{rel}","templated":true}]}}