{"id":3568,"date":"2010-03-30T18:38:16","date_gmt":"2010-03-30T16:38:16","guid":{"rendered":"http:\/\/blog.zeit.de\/joerglau\/?p=3568"},"modified":"2010-03-30T18:38:16","modified_gmt":"2010-03-30T16:38:16","slug":"muslime-organisiert-euch","status":"publish","type":"post","link":"https:\/\/blog.zeit.de\/joerglau\/2010\/03\/30\/muslime-organisiert-euch_3568","title":{"rendered":"Muslime, organisiert euch!"},"content":{"rendered":"<p>Hilal Sezgin schreibt auf <a href=\"http:\/\/de.qantara.de\/webcom\/show_article.php\/_c-469\/_nr-1178\/i.html\">Qantara.de<\/a> \u00fcber die neue Zusammensetzung der Islamkonferenz:<\/p>\n<p><em>Es liegt etwas zutiefst Bevormundendes, sogar Undemokratisches in dieser Art der Besetzungspolitik. Das Ministerium ber\u00e4t, hinter verschlossenen T\u00fcren. Die Muslime warten ab, wer sie vertritt.<\/p>\n<p>Nat\u00fcrlich betont man offiziellerseits: &#8222;Die Deutsche Islamkonferenz ist nicht die Vertretung der Muslime Deutschlands, sondern die zentrale Plattform des deutschen Staates f\u00fcr den Dialog mit Muslimen in Deutschland.&#8220;<\/p>\n<p>Doch das ist ein schwer verst\u00e4ndliches Zwitterkonstrukt. Wie kann man in der Islamkonferenz einen Dialog mit den deutschen Muslimen f\u00fchren, wenn die dort Anwesenden keine Vertreter der Muslime, von diesen weder gew\u00e4hlt noch vorgeschlagen, und teilweise nicht einmal selbst-identifizierte Muslime sind?<\/em><\/p>\n<p>Sorry, da komme ich nicht <em>nicht mit<\/em>: Der Innenminister hat die beiden Kritikerinnen, die die konservativen Verb\u00e4nde am meisten nervten, entfernt &#8211; aber die andere Seite hat immer noch nicht genug Entgegenkommen? Er hat versucht, eine neue Pluralit\u00e4t in die Reihe der Einzerpersonen zu bringen: eine Bosnierin, zwei Kurden, eine Schiitin, einen marokkanischen Imam &#8211; und alles, was Hilal Sezgin dazu einf\u00e4llt, ist: Obrigkeitsstaat! Das geht nun wirklich nicht.<\/p>\n<p>Sich repr\u00e4sentativ und demokratisch legitimiert aufzustellen ist Sache der Muslime selbst. Es gibt solche Organisationen nicht. Die Islamverb\u00e4nde sind kleine Klientelgruppen mit viel zu viel N\u00e4he zum Ausland (T\u00fcrkei bei Ditib, Muslimbruderschaft und Milli G\u00f6r\u00fcs im Fall des Islamrats und der ZMD).<\/p>\n<p>Es ist ein Widerspruch, dem Staat das Obrigkeitliche vorzuwerfen und dann implizit zu verlangen, er m\u00f6ge die Muslime demokratisch repr\u00e4sentativ reorganisieren. Die Muslime m\u00fcssen den Hintern schon selbst hoch bekommen, damit sich da was \u00e4ndert.<\/p>\n","protected":false},"excerpt":{"rendered":"<p>Hilal Sezgin schreibt auf Qantara.de \u00fcber die neue Zusammensetzung der Islamkonferenz: Es liegt etwas zutiefst Bevormundendes, sogar Undemokratisches in dieser Art der Besetzungspolitik. Das Ministerium ber\u00e4t, hinter verschlossenen T\u00fcren. Die Muslime warten ab, wer sie vertritt. Nat\u00fcrlich betont man offiziellerseits: &#8222;Die Deutsche Islamkonferenz ist nicht die Vertretung der Muslime Deutschlands, sondern die zentrale Plattform des [&hellip;]<\/p>\n","protected":false},"author":54,"featured_media":0,"comment_status":"open","ping_status":"closed","sticky":false,"template":"","format":"standard","meta":{"jetpack_post_was_ever_published":false,"footnotes":""},"categories":[157],"tags":[],"class_list":["post-3568","post","type-post","status-publish","format-standard","hentry","category-die-freunde-und-die-feinde-des-islams"],"yoast_head":"<!-- This site is optimized with the Yoast SEO plugin v21.0 - https:\/\/yoast.com\/wordpress\/plugins\/seo\/ -->\n<title>Muslime, organisiert euch! - J\u00f6rg Lau<\/title>\n<meta name=\"robots\" content=\"index, follow, max-snippet:-1, max-image-preview:large, max-video-preview:-1\" \/>\n<link rel=\"canonical\" href=\"https:\/\/blog.zeit.de\/joerglau\/2010\/03\/30\/muslime-organisiert-euch_3568\" \/>\n<meta property=\"og:locale\" content=\"de_DE\" \/>\n<meta property=\"og:type\" content=\"article\" \/>\n<meta property=\"og:title\" content=\"Muslime, organisiert euch! - J\u00f6rg Lau\" \/>\n<meta property=\"og:description\" content=\"Hilal Sezgin schreibt auf Qantara.de \u00fcber die neue Zusammensetzung der Islamkonferenz: Es liegt etwas zutiefst Bevormundendes, sogar Undemokratisches in dieser Art der Besetzungspolitik. Das Ministerium ber\u00e4t, hinter verschlossenen T\u00fcren. Die Muslime warten ab, wer sie vertritt. Nat\u00fcrlich betont man offiziellerseits: &#8222;Die Deutsche Islamkonferenz ist nicht die Vertretung der Muslime Deutschlands, sondern die zentrale Plattform des [&hellip;]\" \/>\n<meta property=\"og:url\" content=\"https:\/\/blog.zeit.de\/joerglau\/2010\/03\/30\/muslime-organisiert-euch_3568\" \/>\n<meta property=\"og:site_name\" content=\"J\u00f6rg Lau\" \/>\n<meta property=\"article:published_time\" content=\"2010-03-30T16:38:16+00:00\" \/>\n<meta name=\"author\" content=\"J\u00f6rg Lau\" \/>\n<meta name=\"twitter:card\" content=\"summary_large_image\" \/>\n<meta name=\"twitter:label1\" content=\"Geschrieben von\" \/>\n\t<meta name=\"twitter:data1\" content=\"J\u00f6rg Lau\" \/>\n\t<meta name=\"twitter:label2\" content=\"Gesch\u00e4tzte Lesezeit\" \/>\n\t<meta name=\"twitter:data2\" content=\"1\u00a0Minute\" \/>\n<script type=\"application\/ld+json\" class=\"yoast-schema-graph\">{\"@context\":\"https:\/\/schema.org\",\"@graph\":[{\"@type\":\"WebPage\",\"@id\":\"https:\/\/blog.zeit.de\/joerglau\/2010\/03\/30\/muslime-organisiert-euch_3568\",\"url\":\"https:\/\/blog.zeit.de\/joerglau\/2010\/03\/30\/muslime-organisiert-euch_3568\",\"name\":\"Muslime, organisiert euch! - J\u00f6rg Lau\",\"isPartOf\":{\"@id\":\"https:\/\/blog.zeit.de\/joerglau\/#website\"},\"datePublished\":\"2010-03-30T16:38:16+00:00\",\"dateModified\":\"2010-03-30T16:38:16+00:00\",\"author\":{\"@id\":\"https:\/\/blog.zeit.de\/joerglau\/#\/schema\/person\/55f0be9bfac24815791fbc852b042f57\"},\"breadcrumb\":{\"@id\":\"https:\/\/blog.zeit.de\/joerglau\/2010\/03\/30\/muslime-organisiert-euch_3568#breadcrumb\"},\"inLanguage\":\"de\",\"potentialAction\":[{\"@type\":\"ReadAction\",\"target\":[\"https:\/\/blog.zeit.de\/joerglau\/2010\/03\/30\/muslime-organisiert-euch_3568\"]}]},{\"@type\":\"BreadcrumbList\",\"@id\":\"https:\/\/blog.zeit.de\/joerglau\/2010\/03\/30\/muslime-organisiert-euch_3568#breadcrumb\",\"itemListElement\":[{\"@type\":\"ListItem\",\"position\":1,\"name\":\"Startseite\",\"item\":\"https:\/\/blog.zeit.de\/joerglau\"},{\"@type\":\"ListItem\",\"position\":2,\"name\":\"Muslime, organisiert euch!\"}]},{\"@type\":\"WebSite\",\"@id\":\"https:\/\/blog.zeit.de\/joerglau\/#website\",\"url\":\"https:\/\/blog.zeit.de\/joerglau\/\",\"name\":\"J\u00f6rg Lau\",\"description\":\"Ein Blog \u00fcber Religion und Politik\",\"potentialAction\":[{\"@type\":\"SearchAction\",\"target\":{\"@type\":\"EntryPoint\",\"urlTemplate\":\"https:\/\/blog.zeit.de\/joerglau\/?s={search_term_string}\"},\"query-input\":\"required name=search_term_string\"}],\"inLanguage\":\"de\"},{\"@type\":\"Person\",\"@id\":\"https:\/\/blog.zeit.de\/joerglau\/#\/schema\/person\/55f0be9bfac24815791fbc852b042f57\",\"name\":\"J\u00f6rg Lau\",\"image\":{\"@type\":\"ImageObject\",\"inLanguage\":\"de\",\"@id\":\"https:\/\/blog.zeit.de\/joerglau\/#\/schema\/person\/image\/\",\"url\":\"https:\/\/secure.gravatar.com\/avatar\/a5fe39bf4f5335b8bac36eefa0b41467221b1598bfea5f05159a0199e391eed0?s=96&d=mm&r=g\",\"contentUrl\":\"https:\/\/secure.gravatar.com\/avatar\/a5fe39bf4f5335b8bac36eefa0b41467221b1598bfea5f05159a0199e391eed0?s=96&d=mm&r=g\",\"caption\":\"J\u00f6rg Lau\"},\"url\":\"https:\/\/blog.zeit.de\/joerglau\/author\/joerg-lau\"}]}<\/script>\n<!-- \/ Yoast SEO plugin. -->","yoast_head_json":{"title":"Muslime, organisiert euch! - J\u00f6rg Lau","robots":{"index":"index","follow":"follow","max-snippet":"max-snippet:-1","max-image-preview":"max-image-preview:large","max-video-preview":"max-video-preview:-1"},"canonical":"https:\/\/blog.zeit.de\/joerglau\/2010\/03\/30\/muslime-organisiert-euch_3568","og_locale":"de_DE","og_type":"article","og_title":"Muslime, organisiert euch! - J\u00f6rg Lau","og_description":"Hilal Sezgin schreibt auf Qantara.de \u00fcber die neue Zusammensetzung der Islamkonferenz: Es liegt etwas zutiefst Bevormundendes, sogar Undemokratisches in dieser Art der Besetzungspolitik. Das Ministerium ber\u00e4t, hinter verschlossenen T\u00fcren. Die Muslime warten ab, wer sie vertritt. Nat\u00fcrlich betont man offiziellerseits: &#8222;Die Deutsche Islamkonferenz ist nicht die Vertretung der Muslime Deutschlands, sondern die zentrale Plattform des [&hellip;]","og_url":"https:\/\/blog.zeit.de\/joerglau\/2010\/03\/30\/muslime-organisiert-euch_3568","og_site_name":"J\u00f6rg Lau","article_published_time":"2010-03-30T16:38:16+00:00","author":"J\u00f6rg Lau","twitter_card":"summary_large_image","twitter_misc":{"Geschrieben von":"J\u00f6rg Lau","Gesch\u00e4tzte Lesezeit":"1\u00a0Minute"},"schema":{"@context":"https:\/\/schema.org","@graph":[{"@type":"WebPage","@id":"https:\/\/blog.zeit.de\/joerglau\/2010\/03\/30\/muslime-organisiert-euch_3568","url":"https:\/\/blog.zeit.de\/joerglau\/2010\/03\/30\/muslime-organisiert-euch_3568","name":"Muslime, organisiert euch! - J\u00f6rg Lau","isPartOf":{"@id":"https:\/\/blog.zeit.de\/joerglau\/#website"},"datePublished":"2010-03-30T16:38:16+00:00","dateModified":"2010-03-30T16:38:16+00:00","author":{"@id":"https:\/\/blog.zeit.de\/joerglau\/#\/schema\/person\/55f0be9bfac24815791fbc852b042f57"},"breadcrumb":{"@id":"https:\/\/blog.zeit.de\/joerglau\/2010\/03\/30\/muslime-organisiert-euch_3568#breadcrumb"},"inLanguage":"de","potentialAction":[{"@type":"ReadAction","target":["https:\/\/blog.zeit.de\/joerglau\/2010\/03\/30\/muslime-organisiert-euch_3568"]}]},{"@type":"BreadcrumbList","@id":"https:\/\/blog.zeit.de\/joerglau\/2010\/03\/30\/muslime-organisiert-euch_3568#breadcrumb","itemListElement":[{"@type":"ListItem","position":1,"name":"Startseite","item":"https:\/\/blog.zeit.de\/joerglau"},{"@type":"ListItem","position":2,"name":"Muslime, organisiert euch!"}]},{"@type":"WebSite","@id":"https:\/\/blog.zeit.de\/joerglau\/#website","url":"https:\/\/blog.zeit.de\/joerglau\/","name":"J\u00f6rg Lau","description":"Ein Blog \u00fcber Religion und Politik","potentialAction":[{"@type":"SearchAction","target":{"@type":"EntryPoint","urlTemplate":"https:\/\/blog.zeit.de\/joerglau\/?s={search_term_string}"},"query-input":"required name=search_term_string"}],"inLanguage":"de"},{"@type":"Person","@id":"https:\/\/blog.zeit.de\/joerglau\/#\/schema\/person\/55f0be9bfac24815791fbc852b042f57","name":"J\u00f6rg Lau","image":{"@type":"ImageObject","inLanguage":"de","@id":"https:\/\/blog.zeit.de\/joerglau\/#\/schema\/person\/image\/","url":"https:\/\/secure.gravatar.com\/avatar\/a5fe39bf4f5335b8bac36eefa0b41467221b1598bfea5f05159a0199e391eed0?s=96&d=mm&r=g","contentUrl":"https:\/\/secure.gravatar.com\/avatar\/a5fe39bf4f5335b8bac36eefa0b41467221b1598bfea5f05159a0199e391eed0?s=96&d=mm&r=g","caption":"J\u00f6rg Lau"},"url":"https:\/\/blog.zeit.de\/joerglau\/author\/joerg-lau"}]}},"jetpack_featured_media_url":"","jetpack_sharing_enabled":true,"jetpack_shortlink":"https:\/\/wp.me\/pG02W-Vy","_links":{"self":[{"href":"https:\/\/blog.zeit.de\/joerglau\/wp-json\/wp\/v2\/posts\/3568","targetHints":{"allow":["GET"]}}],"collection":[{"href":"https:\/\/blog.zeit.de\/joerglau\/wp-json\/wp\/v2\/posts"}],"about":[{"href":"https:\/\/blog.zeit.de\/joerglau\/wp-json\/wp\/v2\/types\/post"}],"author":[{"embeddable":true,"href":"https:\/\/blog.zeit.de\/joerglau\/wp-json\/wp\/v2\/users\/54"}],"replies":[{"embeddable":true,"href":"https:\/\/blog.zeit.de\/joerglau\/wp-json\/wp\/v2\/comments?post=3568"}],"version-history":[{"count":0,"href":"https:\/\/blog.zeit.de\/joerglau\/wp-json\/wp\/v2\/posts\/3568\/revisions"}],"wp:attachment":[{"href":"https:\/\/blog.zeit.de\/joerglau\/wp-json\/wp\/v2\/media?parent=3568"}],"wp:term":[{"taxonomy":"category","embeddable":true,"href":"https:\/\/blog.zeit.de\/joerglau\/wp-json\/wp\/v2\/categories?post=3568"},{"taxonomy":"post_tag","embeddable":true,"href":"https:\/\/blog.zeit.de\/joerglau\/wp-json\/wp\/v2\/tags?post=3568"}],"curies":[{"name":"wp","href":"https:\/\/api.w.org\/{rel}","templated":true}]}}