{"id":3590,"date":"2010-04-06T15:19:08","date_gmt":"2010-04-06T13:19:08","guid":{"rendered":"http:\/\/blog.zeit.de\/joerglau\/?p=3590"},"modified":"2010-04-06T15:19:08","modified_gmt":"2010-04-06T13:19:08","slug":"fur-einen-verein-liberaler-muslime","status":"publish","type":"post","link":"https:\/\/blog.zeit.de\/joerglau\/2010\/04\/06\/fur-einen-verein-liberaler-muslime_3590","title":{"rendered":"F\u00fcr einen Verein liberaler Muslime"},"content":{"rendered":"<p>Der Kollege Eren G\u00fcvercin hat ein <a href=\"http:\/\/ondemand-mp3.dradio.de\/file\/dradio\/2010\/04\/06\/dlf_20100406_0936_0fc92215.mp3\">Interview<\/a> mit der Theologin und Religionsp\u00e4dagogin <a href=\"http:\/\/forumamfreitag.zdf.de\/ZDFde\/inhalt\/25\/0,1872,8015545,00.html?dr=1\">Lamya Kaddor<\/a> gef\u00fchrt, das ich heute morgen im Auto h\u00f6rte. (Ich bin Deutschlandfunk-Junkie, der Sender l\u00e4uft bei mir immer im Hintergrund.) In diesem Interview nun ging es um den Begriff des &#8222;liberalen Islam&#8220;. Kaddor will n\u00e4mlich eine Vereinigung &#8222;liberaler Muslime&#8220; gr\u00fcnden. (Hier eine <a href=\"http:\/\/www.taz.de\/1\/debatte\/kolumnen\/artikel\/1\/zeit-des-aufbruchs\/\">Kolumne von Hilal Sezgin<\/a> dazu.)<br \/>\nDer Anstoss dazu kommt aus dem Versagen der existierenden Verb\u00e4nde, in denen moderne, durch ihr Leben in Deutschland gepr\u00e4gten Muslime sich nicht repr\u00e4sentiert f\u00fchlen.<br \/>\nIn dem Interview erkl\u00e4rt Kaddor, warum sie sich als Muslima berechtigt f\u00fchlt, auf ein Kopftuch zu verzichten.<br \/>\nSie beklagt auch den &#8222;erb\u00e4rmlichen Bildungsstand&#8220; der Jugendlichen, die sie im islamischen Religionsunterricht kennenlernt. Sie h\u00e4tten eine &#8222;islamische Identit\u00e4t&#8220; nahezu ohne jede Substanz. Diese Jugendlichen br\u00e4uchten dringend Wissen \u00fcber ihren Glauben, um, so G\u00fcvercin, aus ihrer &#8222;Scheinidentit\u00e4t&#8220; herauszufinden.<br \/>\nIch finde das richtig, wie ich auch religi\u00f6se Bildung bei Christen, Buddhisten, Juden, Shintoisten etc. f\u00fcr w\u00fcnschenswert halte.\u00a0 (Im evangelischen Religionsunterricht lernen meine Kinder auch eine Menge \u00fcber andere Religionen. Zuletzt war das Judentum dran. Jetzt wird mir erkl\u00e4rt, was koscher ist und wie sich Ostern und Pessach unterscheinden.)\u00a0 Guter Religionsunterricht wird immer auch eine Menge Religionskunde enthalten &#8211; also vergleichende Elemente.<br \/>\nEs w\u00e4re darum sehr w\u00fcnschenswert, wenn liberale Muslime wie Kaddor beim kommenden Streit um die Curricula f\u00fcr islamischen Religionsunterricht eine Rolle spielen w\u00fcrden &#8211; und nicht nur die intellektuell meist sehr anspruchslosen Verbandsvertreter.<br \/>\nEins m\u00f6chte ich aber festhalten: Religi\u00f6se Bildung bietet keine automatische Immunisierung gegen Radikalismus. Es kann auch nicht einfach gesagt werden: Die Radikalen wissen einfach zu wenig \u00fcber den Islam. Viele der Extremisten, die uns den Schlaf rauben, sind hoch gebildet und geistig rege. Ja, es ist leider so: Gerade das intellektuelle Interesse am Glauben kann &#8211; in Kombination mit anderen Faktoren &#8211; in den Radikalismus f\u00fchren. Religionen sind gef\u00e4hrlicher, leicht entflammbarer Stoff. Dsa sollte man nicht durch einen idealistischen Bildunsgbegriff verschleiern.<br \/>\nEs kommt darauf an, dass es endlich einmal einen fairen Kampf zwischen Radikalen und Moderaten geben kann. Lamya Kaddor wei\u00df das nat\u00fcrlich, und deshalb will sie ja den Liberalen eine institutionelle Stimme geben.<br \/>\nWas Sie \u00fcber die Zeitbedingtheit der Vorschriften \u00fcber die weibliche Verh\u00fcllung sagt, als w\u00e4re es eine Wahrheit, die jede(r) erkennen muss, wenn er nur tief genug sch\u00fcrft, ist in Wahrheit (noch) eine Minderheitenmeinung &#8211; die Meinung einer winzigen, aber nicht chancenlosen Minderheit.<br \/>\nEben darum verdient sie Unterst\u00fctzung.<\/p>\n","protected":false},"excerpt":{"rendered":"<p>Der Kollege Eren G\u00fcvercin hat ein Interview mit der Theologin und Religionsp\u00e4dagogin Lamya Kaddor gef\u00fchrt, das ich heute morgen im Auto h\u00f6rte. (Ich bin Deutschlandfunk-Junkie, der Sender l\u00e4uft bei mir immer im Hintergrund.) In diesem Interview nun ging es um den Begriff des &#8222;liberalen Islam&#8220;. Kaddor will n\u00e4mlich eine Vereinigung &#8222;liberaler Muslime&#8220; gr\u00fcnden. (Hier eine [&hellip;]<\/p>\n","protected":false},"author":54,"featured_media":0,"comment_status":"open","ping_status":"closed","sticky":false,"template":"","format":"standard","meta":{"jetpack_post_was_ever_published":false,"footnotes":""},"categories":[157],"tags":[],"class_list":["post-3590","post","type-post","status-publish","format-standard","hentry","category-die-freunde-und-die-feinde-des-islams"],"yoast_head":"<!-- This site is optimized with the Yoast SEO plugin v21.0 - https:\/\/yoast.com\/wordpress\/plugins\/seo\/ -->\n<title>F\u00fcr einen Verein liberaler Muslime - J\u00f6rg Lau<\/title>\n<meta name=\"robots\" content=\"index, follow, max-snippet:-1, max-image-preview:large, max-video-preview:-1\" \/>\n<link rel=\"canonical\" href=\"https:\/\/blog.zeit.de\/joerglau\/2010\/04\/06\/fur-einen-verein-liberaler-muslime_3590\" \/>\n<meta property=\"og:locale\" content=\"de_DE\" \/>\n<meta property=\"og:type\" content=\"article\" \/>\n<meta property=\"og:title\" content=\"F\u00fcr einen Verein liberaler Muslime - J\u00f6rg Lau\" \/>\n<meta property=\"og:description\" content=\"Der Kollege Eren G\u00fcvercin hat ein Interview mit der Theologin und Religionsp\u00e4dagogin Lamya Kaddor gef\u00fchrt, das ich heute morgen im Auto h\u00f6rte. (Ich bin Deutschlandfunk-Junkie, der Sender l\u00e4uft bei mir immer im Hintergrund.) In diesem Interview nun ging es um den Begriff des &#8222;liberalen Islam&#8220;. Kaddor will n\u00e4mlich eine Vereinigung &#8222;liberaler Muslime&#8220; gr\u00fcnden. (Hier eine [&hellip;]\" \/>\n<meta property=\"og:url\" content=\"https:\/\/blog.zeit.de\/joerglau\/2010\/04\/06\/fur-einen-verein-liberaler-muslime_3590\" \/>\n<meta property=\"og:site_name\" content=\"J\u00f6rg Lau\" \/>\n<meta property=\"article:published_time\" content=\"2010-04-06T13:19:08+00:00\" \/>\n<meta name=\"author\" content=\"J\u00f6rg Lau\" \/>\n<meta name=\"twitter:card\" content=\"summary_large_image\" \/>\n<meta name=\"twitter:label1\" content=\"Geschrieben von\" \/>\n\t<meta name=\"twitter:data1\" content=\"J\u00f6rg Lau\" \/>\n\t<meta name=\"twitter:label2\" content=\"Gesch\u00e4tzte Lesezeit\" \/>\n\t<meta name=\"twitter:data2\" content=\"2\u00a0Minuten\" \/>\n<script type=\"application\/ld+json\" class=\"yoast-schema-graph\">{\"@context\":\"https:\/\/schema.org\",\"@graph\":[{\"@type\":\"WebPage\",\"@id\":\"https:\/\/blog.zeit.de\/joerglau\/2010\/04\/06\/fur-einen-verein-liberaler-muslime_3590\",\"url\":\"https:\/\/blog.zeit.de\/joerglau\/2010\/04\/06\/fur-einen-verein-liberaler-muslime_3590\",\"name\":\"F\u00fcr einen Verein liberaler Muslime - J\u00f6rg Lau\",\"isPartOf\":{\"@id\":\"https:\/\/blog.zeit.de\/joerglau\/#website\"},\"datePublished\":\"2010-04-06T13:19:08+00:00\",\"dateModified\":\"2010-04-06T13:19:08+00:00\",\"author\":{\"@id\":\"https:\/\/blog.zeit.de\/joerglau\/#\/schema\/person\/55f0be9bfac24815791fbc852b042f57\"},\"breadcrumb\":{\"@id\":\"https:\/\/blog.zeit.de\/joerglau\/2010\/04\/06\/fur-einen-verein-liberaler-muslime_3590#breadcrumb\"},\"inLanguage\":\"de\",\"potentialAction\":[{\"@type\":\"ReadAction\",\"target\":[\"https:\/\/blog.zeit.de\/joerglau\/2010\/04\/06\/fur-einen-verein-liberaler-muslime_3590\"]}]},{\"@type\":\"BreadcrumbList\",\"@id\":\"https:\/\/blog.zeit.de\/joerglau\/2010\/04\/06\/fur-einen-verein-liberaler-muslime_3590#breadcrumb\",\"itemListElement\":[{\"@type\":\"ListItem\",\"position\":1,\"name\":\"Startseite\",\"item\":\"https:\/\/blog.zeit.de\/joerglau\"},{\"@type\":\"ListItem\",\"position\":2,\"name\":\"F\u00fcr einen Verein liberaler Muslime\"}]},{\"@type\":\"WebSite\",\"@id\":\"https:\/\/blog.zeit.de\/joerglau\/#website\",\"url\":\"https:\/\/blog.zeit.de\/joerglau\/\",\"name\":\"J\u00f6rg Lau\",\"description\":\"Ein Blog \u00fcber Religion und Politik\",\"potentialAction\":[{\"@type\":\"SearchAction\",\"target\":{\"@type\":\"EntryPoint\",\"urlTemplate\":\"https:\/\/blog.zeit.de\/joerglau\/?s={search_term_string}\"},\"query-input\":\"required name=search_term_string\"}],\"inLanguage\":\"de\"},{\"@type\":\"Person\",\"@id\":\"https:\/\/blog.zeit.de\/joerglau\/#\/schema\/person\/55f0be9bfac24815791fbc852b042f57\",\"name\":\"J\u00f6rg Lau\",\"image\":{\"@type\":\"ImageObject\",\"inLanguage\":\"de\",\"@id\":\"https:\/\/blog.zeit.de\/joerglau\/#\/schema\/person\/image\/\",\"url\":\"https:\/\/secure.gravatar.com\/avatar\/a5fe39bf4f5335b8bac36eefa0b41467221b1598bfea5f05159a0199e391eed0?s=96&d=mm&r=g\",\"contentUrl\":\"https:\/\/secure.gravatar.com\/avatar\/a5fe39bf4f5335b8bac36eefa0b41467221b1598bfea5f05159a0199e391eed0?s=96&d=mm&r=g\",\"caption\":\"J\u00f6rg Lau\"},\"url\":\"https:\/\/blog.zeit.de\/joerglau\/author\/joerg-lau\"}]}<\/script>\n<!-- \/ Yoast SEO plugin. -->","yoast_head_json":{"title":"F\u00fcr einen Verein liberaler Muslime - J\u00f6rg Lau","robots":{"index":"index","follow":"follow","max-snippet":"max-snippet:-1","max-image-preview":"max-image-preview:large","max-video-preview":"max-video-preview:-1"},"canonical":"https:\/\/blog.zeit.de\/joerglau\/2010\/04\/06\/fur-einen-verein-liberaler-muslime_3590","og_locale":"de_DE","og_type":"article","og_title":"F\u00fcr einen Verein liberaler Muslime - J\u00f6rg Lau","og_description":"Der Kollege Eren G\u00fcvercin hat ein Interview mit der Theologin und Religionsp\u00e4dagogin Lamya Kaddor gef\u00fchrt, das ich heute morgen im Auto h\u00f6rte. (Ich bin Deutschlandfunk-Junkie, der Sender l\u00e4uft bei mir immer im Hintergrund.) In diesem Interview nun ging es um den Begriff des &#8222;liberalen Islam&#8220;. Kaddor will n\u00e4mlich eine Vereinigung &#8222;liberaler Muslime&#8220; gr\u00fcnden. (Hier eine [&hellip;]","og_url":"https:\/\/blog.zeit.de\/joerglau\/2010\/04\/06\/fur-einen-verein-liberaler-muslime_3590","og_site_name":"J\u00f6rg Lau","article_published_time":"2010-04-06T13:19:08+00:00","author":"J\u00f6rg Lau","twitter_card":"summary_large_image","twitter_misc":{"Geschrieben von":"J\u00f6rg Lau","Gesch\u00e4tzte Lesezeit":"2\u00a0Minuten"},"schema":{"@context":"https:\/\/schema.org","@graph":[{"@type":"WebPage","@id":"https:\/\/blog.zeit.de\/joerglau\/2010\/04\/06\/fur-einen-verein-liberaler-muslime_3590","url":"https:\/\/blog.zeit.de\/joerglau\/2010\/04\/06\/fur-einen-verein-liberaler-muslime_3590","name":"F\u00fcr einen Verein liberaler Muslime - J\u00f6rg Lau","isPartOf":{"@id":"https:\/\/blog.zeit.de\/joerglau\/#website"},"datePublished":"2010-04-06T13:19:08+00:00","dateModified":"2010-04-06T13:19:08+00:00","author":{"@id":"https:\/\/blog.zeit.de\/joerglau\/#\/schema\/person\/55f0be9bfac24815791fbc852b042f57"},"breadcrumb":{"@id":"https:\/\/blog.zeit.de\/joerglau\/2010\/04\/06\/fur-einen-verein-liberaler-muslime_3590#breadcrumb"},"inLanguage":"de","potentialAction":[{"@type":"ReadAction","target":["https:\/\/blog.zeit.de\/joerglau\/2010\/04\/06\/fur-einen-verein-liberaler-muslime_3590"]}]},{"@type":"BreadcrumbList","@id":"https:\/\/blog.zeit.de\/joerglau\/2010\/04\/06\/fur-einen-verein-liberaler-muslime_3590#breadcrumb","itemListElement":[{"@type":"ListItem","position":1,"name":"Startseite","item":"https:\/\/blog.zeit.de\/joerglau"},{"@type":"ListItem","position":2,"name":"F\u00fcr einen Verein liberaler Muslime"}]},{"@type":"WebSite","@id":"https:\/\/blog.zeit.de\/joerglau\/#website","url":"https:\/\/blog.zeit.de\/joerglau\/","name":"J\u00f6rg Lau","description":"Ein Blog \u00fcber Religion und Politik","potentialAction":[{"@type":"SearchAction","target":{"@type":"EntryPoint","urlTemplate":"https:\/\/blog.zeit.de\/joerglau\/?s={search_term_string}"},"query-input":"required name=search_term_string"}],"inLanguage":"de"},{"@type":"Person","@id":"https:\/\/blog.zeit.de\/joerglau\/#\/schema\/person\/55f0be9bfac24815791fbc852b042f57","name":"J\u00f6rg Lau","image":{"@type":"ImageObject","inLanguage":"de","@id":"https:\/\/blog.zeit.de\/joerglau\/#\/schema\/person\/image\/","url":"https:\/\/secure.gravatar.com\/avatar\/a5fe39bf4f5335b8bac36eefa0b41467221b1598bfea5f05159a0199e391eed0?s=96&d=mm&r=g","contentUrl":"https:\/\/secure.gravatar.com\/avatar\/a5fe39bf4f5335b8bac36eefa0b41467221b1598bfea5f05159a0199e391eed0?s=96&d=mm&r=g","caption":"J\u00f6rg Lau"},"url":"https:\/\/blog.zeit.de\/joerglau\/author\/joerg-lau"}]}},"jetpack_featured_media_url":"","jetpack_sharing_enabled":true,"jetpack_shortlink":"https:\/\/wp.me\/pG02W-VU","_links":{"self":[{"href":"https:\/\/blog.zeit.de\/joerglau\/wp-json\/wp\/v2\/posts\/3590","targetHints":{"allow":["GET"]}}],"collection":[{"href":"https:\/\/blog.zeit.de\/joerglau\/wp-json\/wp\/v2\/posts"}],"about":[{"href":"https:\/\/blog.zeit.de\/joerglau\/wp-json\/wp\/v2\/types\/post"}],"author":[{"embeddable":true,"href":"https:\/\/blog.zeit.de\/joerglau\/wp-json\/wp\/v2\/users\/54"}],"replies":[{"embeddable":true,"href":"https:\/\/blog.zeit.de\/joerglau\/wp-json\/wp\/v2\/comments?post=3590"}],"version-history":[{"count":0,"href":"https:\/\/blog.zeit.de\/joerglau\/wp-json\/wp\/v2\/posts\/3590\/revisions"}],"wp:attachment":[{"href":"https:\/\/blog.zeit.de\/joerglau\/wp-json\/wp\/v2\/media?parent=3590"}],"wp:term":[{"taxonomy":"category","embeddable":true,"href":"https:\/\/blog.zeit.de\/joerglau\/wp-json\/wp\/v2\/categories?post=3590"},{"taxonomy":"post_tag","embeddable":true,"href":"https:\/\/blog.zeit.de\/joerglau\/wp-json\/wp\/v2\/tags?post=3590"}],"curies":[{"name":"wp","href":"https:\/\/api.w.org\/{rel}","templated":true}]}}