{"id":36,"date":"2006-10-20T15:10:34","date_gmt":"2006-10-20T13:10:34","guid":{"rendered":"http:\/\/blog.zeit.de\/joerglau\/2006\/10\/20\/islamgelehrte-selbstmordanschlage-im-irak-sind-sunde_36"},"modified":"2006-10-20T15:10:34","modified_gmt":"2006-10-20T13:10:34","slug":"islamgelehrte-selbstmordanschlage-im-irak-sind-sunde","status":"publish","type":"post","link":"https:\/\/blog.zeit.de\/joerglau\/2006\/10\/20\/islamgelehrte-selbstmordanschlage-im-irak-sind-sunde_36","title":{"rendered":"Islamgelehrte: Selbstmordanschl\u00e4ge im Irak sind S\u00fcnde"},"content":{"rendered":"<p>Noch eine innerislamische Debatte, auf die wir lange gewartet haben:<\/p>\n<p>In der saudiarabischen Pilgerstadt Mekka haben sunnitische und schiitische Religionsgelehrte aus dem Irak in der Nacht zum Freitag \u00fcber eine Erkl\u00e4rung diskutiert, in der Selbstmordattentate und Anschl\u00e4ge auf Muslime im Irak zur S\u00fcnde erkl\u00e4rt werden.<\/p>\n<p>Er gehe davon aus, dass die Religionsf\u00fchrer den vorbereiteten Text akzeptieren und heute verabschieden w\u00fcrden, sagte der Generalsekret\u00e4r der Organisation der Islamischen Konferenz (OIC), Ekmeleddin Ihsanoglu, dem Fernsehsender Al-Arabija.<\/p>\n<p>Die Erkl\u00e4rung war von der OIC vorbereitet worden, die das Treffen der Religionsf\u00fchrer auch organisiert hatte. \u00abDie Botschaft der Erkl\u00e4rung von Mekka soll auch von den Predigern im Irak weitergetragen werden\u00bb, f\u00fcgte der Generalsekret\u00e4r hinzu. In der Erkl\u00e4rung hei\u00dft es auch, die Iraker sollten daran arbeiten, ihr Land politisch, milit\u00e4risch und wirtschaftlich selbst zu kontrollieren \u00abund somit die Besatzung beenden\u00bb.<\/p>\n","protected":false},"excerpt":{"rendered":"<p>Noch eine innerislamische Debatte, auf die wir lange gewartet haben: In der saudiarabischen Pilgerstadt Mekka haben sunnitische und schiitische Religionsgelehrte aus dem Irak in der Nacht zum Freitag \u00fcber eine Erkl\u00e4rung diskutiert, in der Selbstmordattentate und Anschl\u00e4ge auf Muslime im Irak zur S\u00fcnde erkl\u00e4rt werden. Er gehe davon aus, dass die Religionsf\u00fchrer den vorbereiteten Text [&hellip;]<\/p>\n","protected":false},"author":54,"featured_media":0,"comment_status":"open","ping_status":"closed","sticky":false,"template":"","format":"standard","meta":{"jetpack_post_was_ever_published":false,"footnotes":""},"categories":[157],"tags":[],"class_list":["post-36","post","type-post","status-publish","format-standard","hentry","category-die-freunde-und-die-feinde-des-islams"],"yoast_head":"<!-- This site is optimized with the Yoast SEO plugin v21.0 - https:\/\/yoast.com\/wordpress\/plugins\/seo\/ -->\n<title>Islamgelehrte: Selbstmordanschl\u00e4ge im Irak sind S\u00fcnde - J\u00f6rg Lau<\/title>\n<meta name=\"robots\" content=\"index, follow, max-snippet:-1, max-image-preview:large, max-video-preview:-1\" \/>\n<link rel=\"canonical\" href=\"https:\/\/blog.zeit.de\/joerglau\/2006\/10\/20\/islamgelehrte-selbstmordanschlage-im-irak-sind-sunde_36\" \/>\n<meta property=\"og:locale\" content=\"de_DE\" \/>\n<meta property=\"og:type\" content=\"article\" \/>\n<meta property=\"og:title\" content=\"Islamgelehrte: Selbstmordanschl\u00e4ge im Irak sind S\u00fcnde - J\u00f6rg Lau\" \/>\n<meta property=\"og:description\" content=\"Noch eine innerislamische Debatte, auf die wir lange gewartet haben: In der saudiarabischen Pilgerstadt Mekka haben sunnitische und schiitische Religionsgelehrte aus dem Irak in der Nacht zum Freitag \u00fcber eine Erkl\u00e4rung diskutiert, in der Selbstmordattentate und Anschl\u00e4ge auf Muslime im Irak zur S\u00fcnde erkl\u00e4rt werden. Er gehe davon aus, dass die Religionsf\u00fchrer den vorbereiteten Text [&hellip;]\" \/>\n<meta property=\"og:url\" content=\"https:\/\/blog.zeit.de\/joerglau\/2006\/10\/20\/islamgelehrte-selbstmordanschlage-im-irak-sind-sunde_36\" \/>\n<meta property=\"og:site_name\" content=\"J\u00f6rg Lau\" \/>\n<meta property=\"article:published_time\" content=\"2006-10-20T13:10:34+00:00\" \/>\n<meta name=\"author\" content=\"J\u00f6rg Lau\" \/>\n<meta name=\"twitter:card\" content=\"summary_large_image\" \/>\n<meta name=\"twitter:label1\" content=\"Geschrieben von\" \/>\n\t<meta name=\"twitter:data1\" content=\"J\u00f6rg Lau\" \/>\n\t<meta name=\"twitter:label2\" content=\"Gesch\u00e4tzte Lesezeit\" \/>\n\t<meta name=\"twitter:data2\" content=\"1\u00a0Minute\" \/>\n<script type=\"application\/ld+json\" class=\"yoast-schema-graph\">{\"@context\":\"https:\/\/schema.org\",\"@graph\":[{\"@type\":\"WebPage\",\"@id\":\"https:\/\/blog.zeit.de\/joerglau\/2006\/10\/20\/islamgelehrte-selbstmordanschlage-im-irak-sind-sunde_36\",\"url\":\"https:\/\/blog.zeit.de\/joerglau\/2006\/10\/20\/islamgelehrte-selbstmordanschlage-im-irak-sind-sunde_36\",\"name\":\"Islamgelehrte: Selbstmordanschl\u00e4ge im Irak sind S\u00fcnde - J\u00f6rg Lau\",\"isPartOf\":{\"@id\":\"https:\/\/blog.zeit.de\/joerglau\/#website\"},\"datePublished\":\"2006-10-20T13:10:34+00:00\",\"dateModified\":\"2006-10-20T13:10:34+00:00\",\"author\":{\"@id\":\"https:\/\/blog.zeit.de\/joerglau\/#\/schema\/person\/55f0be9bfac24815791fbc852b042f57\"},\"breadcrumb\":{\"@id\":\"https:\/\/blog.zeit.de\/joerglau\/2006\/10\/20\/islamgelehrte-selbstmordanschlage-im-irak-sind-sunde_36#breadcrumb\"},\"inLanguage\":\"de\",\"potentialAction\":[{\"@type\":\"ReadAction\",\"target\":[\"https:\/\/blog.zeit.de\/joerglau\/2006\/10\/20\/islamgelehrte-selbstmordanschlage-im-irak-sind-sunde_36\"]}]},{\"@type\":\"BreadcrumbList\",\"@id\":\"https:\/\/blog.zeit.de\/joerglau\/2006\/10\/20\/islamgelehrte-selbstmordanschlage-im-irak-sind-sunde_36#breadcrumb\",\"itemListElement\":[{\"@type\":\"ListItem\",\"position\":1,\"name\":\"Startseite\",\"item\":\"https:\/\/blog.zeit.de\/joerglau\"},{\"@type\":\"ListItem\",\"position\":2,\"name\":\"Islamgelehrte: Selbstmordanschl\u00e4ge im Irak sind S\u00fcnde\"}]},{\"@type\":\"WebSite\",\"@id\":\"https:\/\/blog.zeit.de\/joerglau\/#website\",\"url\":\"https:\/\/blog.zeit.de\/joerglau\/\",\"name\":\"J\u00f6rg Lau\",\"description\":\"Ein Blog \u00fcber Religion und Politik\",\"potentialAction\":[{\"@type\":\"SearchAction\",\"target\":{\"@type\":\"EntryPoint\",\"urlTemplate\":\"https:\/\/blog.zeit.de\/joerglau\/?s={search_term_string}\"},\"query-input\":\"required name=search_term_string\"}],\"inLanguage\":\"de\"},{\"@type\":\"Person\",\"@id\":\"https:\/\/blog.zeit.de\/joerglau\/#\/schema\/person\/55f0be9bfac24815791fbc852b042f57\",\"name\":\"J\u00f6rg Lau\",\"image\":{\"@type\":\"ImageObject\",\"inLanguage\":\"de\",\"@id\":\"https:\/\/blog.zeit.de\/joerglau\/#\/schema\/person\/image\/\",\"url\":\"https:\/\/secure.gravatar.com\/avatar\/a5fe39bf4f5335b8bac36eefa0b41467221b1598bfea5f05159a0199e391eed0?s=96&d=mm&r=g\",\"contentUrl\":\"https:\/\/secure.gravatar.com\/avatar\/a5fe39bf4f5335b8bac36eefa0b41467221b1598bfea5f05159a0199e391eed0?s=96&d=mm&r=g\",\"caption\":\"J\u00f6rg Lau\"},\"url\":\"https:\/\/blog.zeit.de\/joerglau\/author\/joerg-lau\"}]}<\/script>\n<!-- \/ Yoast SEO plugin. -->","yoast_head_json":{"title":"Islamgelehrte: Selbstmordanschl\u00e4ge im Irak sind S\u00fcnde - J\u00f6rg Lau","robots":{"index":"index","follow":"follow","max-snippet":"max-snippet:-1","max-image-preview":"max-image-preview:large","max-video-preview":"max-video-preview:-1"},"canonical":"https:\/\/blog.zeit.de\/joerglau\/2006\/10\/20\/islamgelehrte-selbstmordanschlage-im-irak-sind-sunde_36","og_locale":"de_DE","og_type":"article","og_title":"Islamgelehrte: Selbstmordanschl\u00e4ge im Irak sind S\u00fcnde - J\u00f6rg Lau","og_description":"Noch eine innerislamische Debatte, auf die wir lange gewartet haben: In der saudiarabischen Pilgerstadt Mekka haben sunnitische und schiitische Religionsgelehrte aus dem Irak in der Nacht zum Freitag \u00fcber eine Erkl\u00e4rung diskutiert, in der Selbstmordattentate und Anschl\u00e4ge auf Muslime im Irak zur S\u00fcnde erkl\u00e4rt werden. Er gehe davon aus, dass die Religionsf\u00fchrer den vorbereiteten Text [&hellip;]","og_url":"https:\/\/blog.zeit.de\/joerglau\/2006\/10\/20\/islamgelehrte-selbstmordanschlage-im-irak-sind-sunde_36","og_site_name":"J\u00f6rg Lau","article_published_time":"2006-10-20T13:10:34+00:00","author":"J\u00f6rg Lau","twitter_card":"summary_large_image","twitter_misc":{"Geschrieben von":"J\u00f6rg Lau","Gesch\u00e4tzte Lesezeit":"1\u00a0Minute"},"schema":{"@context":"https:\/\/schema.org","@graph":[{"@type":"WebPage","@id":"https:\/\/blog.zeit.de\/joerglau\/2006\/10\/20\/islamgelehrte-selbstmordanschlage-im-irak-sind-sunde_36","url":"https:\/\/blog.zeit.de\/joerglau\/2006\/10\/20\/islamgelehrte-selbstmordanschlage-im-irak-sind-sunde_36","name":"Islamgelehrte: Selbstmordanschl\u00e4ge im Irak sind S\u00fcnde - J\u00f6rg Lau","isPartOf":{"@id":"https:\/\/blog.zeit.de\/joerglau\/#website"},"datePublished":"2006-10-20T13:10:34+00:00","dateModified":"2006-10-20T13:10:34+00:00","author":{"@id":"https:\/\/blog.zeit.de\/joerglau\/#\/schema\/person\/55f0be9bfac24815791fbc852b042f57"},"breadcrumb":{"@id":"https:\/\/blog.zeit.de\/joerglau\/2006\/10\/20\/islamgelehrte-selbstmordanschlage-im-irak-sind-sunde_36#breadcrumb"},"inLanguage":"de","potentialAction":[{"@type":"ReadAction","target":["https:\/\/blog.zeit.de\/joerglau\/2006\/10\/20\/islamgelehrte-selbstmordanschlage-im-irak-sind-sunde_36"]}]},{"@type":"BreadcrumbList","@id":"https:\/\/blog.zeit.de\/joerglau\/2006\/10\/20\/islamgelehrte-selbstmordanschlage-im-irak-sind-sunde_36#breadcrumb","itemListElement":[{"@type":"ListItem","position":1,"name":"Startseite","item":"https:\/\/blog.zeit.de\/joerglau"},{"@type":"ListItem","position":2,"name":"Islamgelehrte: Selbstmordanschl\u00e4ge im Irak sind S\u00fcnde"}]},{"@type":"WebSite","@id":"https:\/\/blog.zeit.de\/joerglau\/#website","url":"https:\/\/blog.zeit.de\/joerglau\/","name":"J\u00f6rg Lau","description":"Ein Blog \u00fcber Religion und Politik","potentialAction":[{"@type":"SearchAction","target":{"@type":"EntryPoint","urlTemplate":"https:\/\/blog.zeit.de\/joerglau\/?s={search_term_string}"},"query-input":"required name=search_term_string"}],"inLanguage":"de"},{"@type":"Person","@id":"https:\/\/blog.zeit.de\/joerglau\/#\/schema\/person\/55f0be9bfac24815791fbc852b042f57","name":"J\u00f6rg Lau","image":{"@type":"ImageObject","inLanguage":"de","@id":"https:\/\/blog.zeit.de\/joerglau\/#\/schema\/person\/image\/","url":"https:\/\/secure.gravatar.com\/avatar\/a5fe39bf4f5335b8bac36eefa0b41467221b1598bfea5f05159a0199e391eed0?s=96&d=mm&r=g","contentUrl":"https:\/\/secure.gravatar.com\/avatar\/a5fe39bf4f5335b8bac36eefa0b41467221b1598bfea5f05159a0199e391eed0?s=96&d=mm&r=g","caption":"J\u00f6rg Lau"},"url":"https:\/\/blog.zeit.de\/joerglau\/author\/joerg-lau"}]}},"jetpack_featured_media_url":"","jetpack_sharing_enabled":true,"jetpack_shortlink":"https:\/\/wp.me\/pG02W-A","_links":{"self":[{"href":"https:\/\/blog.zeit.de\/joerglau\/wp-json\/wp\/v2\/posts\/36","targetHints":{"allow":["GET"]}}],"collection":[{"href":"https:\/\/blog.zeit.de\/joerglau\/wp-json\/wp\/v2\/posts"}],"about":[{"href":"https:\/\/blog.zeit.de\/joerglau\/wp-json\/wp\/v2\/types\/post"}],"author":[{"embeddable":true,"href":"https:\/\/blog.zeit.de\/joerglau\/wp-json\/wp\/v2\/users\/54"}],"replies":[{"embeddable":true,"href":"https:\/\/blog.zeit.de\/joerglau\/wp-json\/wp\/v2\/comments?post=36"}],"version-history":[{"count":0,"href":"https:\/\/blog.zeit.de\/joerglau\/wp-json\/wp\/v2\/posts\/36\/revisions"}],"wp:attachment":[{"href":"https:\/\/blog.zeit.de\/joerglau\/wp-json\/wp\/v2\/media?parent=36"}],"wp:term":[{"taxonomy":"category","embeddable":true,"href":"https:\/\/blog.zeit.de\/joerglau\/wp-json\/wp\/v2\/categories?post=36"},{"taxonomy":"post_tag","embeddable":true,"href":"https:\/\/blog.zeit.de\/joerglau\/wp-json\/wp\/v2\/tags?post=36"}],"curies":[{"name":"wp","href":"https:\/\/api.w.org\/{rel}","templated":true}]}}