{"id":3633,"date":"2010-04-14T17:19:32","date_gmt":"2010-04-14T15:19:32","guid":{"rendered":"http:\/\/blog.zeit.de\/joerglau\/?p=3633"},"modified":"2010-04-14T17:19:32","modified_gmt":"2010-04-14T15:19:32","slug":"busen-die-araber-zu-unrecht-fur-den-holocaust","status":"publish","type":"post","link":"https:\/\/blog.zeit.de\/joerglau\/2010\/04\/14\/busen-die-araber-zu-unrecht-fur-den-holocaust_3633","title":{"rendered":"B\u00fc\u00dfen die Araber (zu Unrecht) f\u00fcr den Holocaust?"},"content":{"rendered":"<p>Der gro\u00dfe israelische Philosoph und Diplomat <a href=\"http:\/\/civiceducationproject.org\/about\/board-of-directors\/dr-shlomo-avineri\/\">Shlomo Avineri<\/a> erkl\u00e4rt in <a href=\"http:\/\/www.haaretz.com\/hasen\/pages\/ShArtVty.jhtml?sw=shlomo+avineri&amp;itemNo=1162083\">Ha&#8217;aretz<\/a>, warum einige seiner Verwandten\u00a0 sich nicht aus dem NS-beherrschten Polen nach Pal\u00e4stina retten konnten &#8211; wegen der erfolgreichen arabischen Opposition gegen die j\u00fcdische Einwanderung in der &#8222;dunkelsten Stunde des Judentums&#8220;.<\/p>\n<p><em>&#8222;They succeeded in shutting the country&#8217;s gates during the darkest hour of the Jewish people. Anyone seeking reconciliation between us and the Palestinians must insist that both sides be attentive to the suffering of the other side, and that goes for the Palestinians as well as for us.&#8220;<\/em><\/p>\n<p>Die damals in Pal\u00e4stina herrschenden Briten entschieden sich zum Appeasement gegen\u00fcber der arabischen Revolte, um den Nachschubweg aus Indien \u00fcber den Suez-Kanal nicht zu gef\u00e4hrden. Man f\u00fcrchtete, dass sich die Araber durch fortgesetzte gewaltsame Unterdr\u00fcckung der Revolte zusammenschlie\u00dfen und n\u00e4her an Nazideutschland und das faschistische Italien r\u00fccken w\u00fcrden. Die Briten deckelten darum im White Paper 1939 die\u00a0 j\u00fcdische Einwanderung bei\u00a0 75.000<em> <\/em>und erschwerten den Immobilienerwerb f\u00fcr Juden in Pal\u00e4stina.<\/p>\n<p>Die Appeasement-Politik hat den Mufti von Jerusalem nicht davon abgehalten, dennoch die N\u00e4he Hitlers zu suchen:<\/p>\n<p><em>&#8222;This policy did not completely achieve its goal; the Mufti of Jerusalem, Haj Amin al-Husseini, found his way to Berlin anyway. An anti-British and pro-Nazi rebellion erupted in Iraq, led by Rashid Ali. But as far as the Jews were concerned, the British continued to consistently apply the principles of the White Paper during the war. The gates were shut to legal Jewish immigration, the British navy fought illegal immigration and ships seeking to save Jews from the Nazi occupation (such as the Struma) were returned to their port of origin; some of their passengers died at sea, others in the gas chambers.<\/p>\n<p>Guilt for the Holocaust lies with Nazi Germany and its allies. But an untold number of Jews, perhaps as many as hundreds of thousands &#8211; including my grandparents from the Polish town of Makow Podhalanski &#8211; were not saved and did not reach Mandatory Palestine because of the position taken by the Arabs.&#8220;<\/em><\/p>\n<p>Avineri will vor allem ein Argument entkr\u00e4ften, dass man immer wieder in Debatten \u00fcber die Legitimit\u00e4t Israels zu h\u00f6ren bekommt: &#8222;Warum mussten die Araber f\u00fcr den NS-Holocaust mit dem Verlust ihrer Heimat b\u00fc\u00dfen?&#8220;<\/p>\n<p><em>&#8222;One sometimes encounters the Palestinian argument that there is a basic injustice in the fact that they appear to have to pay the price for Europe&#8217;s crimes during the Holocaust. It&#8217;s true, of course, that Nazi Germany and its allies, and not the Palestinians, are those guilty of perpetrating the Holocaust. Nonetheless, any argument that links the establishment of the State of Israel exclusively to the Holocaust ignores the fact that modern Zionism preceded the annihilation of the Jews in World War II, even if the Holocaust clearly strengthened the claim for Jewish sovereignty.&#8220;<\/em><\/p>\n<p>Die zionistische Einwanderung nach Pal\u00e4stina ging dem Holocaust erstens lange voraus, und zweitens h\u00e4tten die Araber durch ihre Opposition gegen die j\u00fcdische Einwanderung ausgerechnet zur Zeit der schlimmsten j\u00fcdischen Bedr\u00e4ngnis eine Mitverantwortung f\u00fcr viele Opfer auf sich geladen.<\/p>\n<p>Avineri hat Recht, an diesen dunkle Vorgeschichte der Staatsgr\u00fcndung Israels zu erinnern.\u00a0 Man sieht hier, dass sehr viel mehr einer Auss\u00f6hnung im Wege steht als nur die Ereignisse der letzten Jahre.<\/p>\n<p>Aber Empathie ist eben eine Sache auf Gegenseitigkeit. So lange eine isarelische Politik herrscht, die den Arabern Pal\u00e4stinas jedes Mitgef\u00fchl f\u00fcr ihre Katastrophe in Folge der Staatsgr\u00fcndung Israels verweigert, kann man kaum erwarten, dass jene der j\u00fcdischen Trag\u00f6die mit Empathie begegnen.<\/p>\n","protected":false},"excerpt":{"rendered":"<p>Der gro\u00dfe israelische Philosoph und Diplomat Shlomo Avineri erkl\u00e4rt in Ha&#8217;aretz, warum einige seiner Verwandten\u00a0 sich nicht aus dem NS-beherrschten Polen nach Pal\u00e4stina retten konnten &#8211; wegen der erfolgreichen arabischen Opposition gegen die j\u00fcdische Einwanderung in der &#8222;dunkelsten Stunde des Judentums&#8220;. &#8222;They succeeded in shutting the country&#8217;s gates during the darkest hour of the Jewish [&hellip;]<\/p>\n","protected":false},"author":54,"featured_media":0,"comment_status":"open","ping_status":"closed","sticky":false,"template":"","format":"standard","meta":{"jetpack_post_was_ever_published":false,"footnotes":""},"categories":[168,173],"tags":[],"class_list":["post-3633","post","type-post","status-publish","format-standard","hentry","category-israel","category-palastina"],"yoast_head":"<!-- This site is optimized with the Yoast SEO plugin v21.0 - https:\/\/yoast.com\/wordpress\/plugins\/seo\/ -->\n<title>B\u00fc\u00dfen die Araber (zu Unrecht) f\u00fcr den Holocaust? - J\u00f6rg Lau<\/title>\n<meta name=\"robots\" content=\"index, follow, max-snippet:-1, max-image-preview:large, max-video-preview:-1\" \/>\n<link rel=\"canonical\" href=\"https:\/\/blog.zeit.de\/joerglau\/2010\/04\/14\/busen-die-araber-zu-unrecht-fur-den-holocaust_3633\" \/>\n<meta property=\"og:locale\" content=\"de_DE\" \/>\n<meta property=\"og:type\" content=\"article\" \/>\n<meta property=\"og:title\" content=\"B\u00fc\u00dfen die Araber (zu Unrecht) f\u00fcr den Holocaust? - J\u00f6rg Lau\" \/>\n<meta property=\"og:description\" content=\"Der gro\u00dfe israelische Philosoph und Diplomat Shlomo Avineri erkl\u00e4rt in Ha&#8217;aretz, warum einige seiner Verwandten\u00a0 sich nicht aus dem NS-beherrschten Polen nach Pal\u00e4stina retten konnten &#8211; wegen der erfolgreichen arabischen Opposition gegen die j\u00fcdische Einwanderung in der &#8222;dunkelsten Stunde des Judentums&#8220;. &#8222;They succeeded in shutting the country&#8217;s gates during the darkest hour of the Jewish [&hellip;]\" \/>\n<meta property=\"og:url\" content=\"https:\/\/blog.zeit.de\/joerglau\/2010\/04\/14\/busen-die-araber-zu-unrecht-fur-den-holocaust_3633\" \/>\n<meta property=\"og:site_name\" content=\"J\u00f6rg Lau\" \/>\n<meta property=\"article:published_time\" content=\"2010-04-14T15:19:32+00:00\" \/>\n<meta name=\"author\" content=\"J\u00f6rg Lau\" \/>\n<meta name=\"twitter:card\" content=\"summary_large_image\" \/>\n<meta name=\"twitter:label1\" content=\"Geschrieben von\" \/>\n\t<meta name=\"twitter:data1\" content=\"J\u00f6rg Lau\" \/>\n\t<meta name=\"twitter:label2\" content=\"Gesch\u00e4tzte Lesezeit\" \/>\n\t<meta name=\"twitter:data2\" content=\"3\u00a0Minuten\" \/>\n<script type=\"application\/ld+json\" class=\"yoast-schema-graph\">{\"@context\":\"https:\/\/schema.org\",\"@graph\":[{\"@type\":\"WebPage\",\"@id\":\"https:\/\/blog.zeit.de\/joerglau\/2010\/04\/14\/busen-die-araber-zu-unrecht-fur-den-holocaust_3633\",\"url\":\"https:\/\/blog.zeit.de\/joerglau\/2010\/04\/14\/busen-die-araber-zu-unrecht-fur-den-holocaust_3633\",\"name\":\"B\u00fc\u00dfen die Araber (zu Unrecht) f\u00fcr den Holocaust? - J\u00f6rg Lau\",\"isPartOf\":{\"@id\":\"https:\/\/blog.zeit.de\/joerglau\/#website\"},\"datePublished\":\"2010-04-14T15:19:32+00:00\",\"dateModified\":\"2010-04-14T15:19:32+00:00\",\"author\":{\"@id\":\"https:\/\/blog.zeit.de\/joerglau\/#\/schema\/person\/55f0be9bfac24815791fbc852b042f57\"},\"breadcrumb\":{\"@id\":\"https:\/\/blog.zeit.de\/joerglau\/2010\/04\/14\/busen-die-araber-zu-unrecht-fur-den-holocaust_3633#breadcrumb\"},\"inLanguage\":\"de\",\"potentialAction\":[{\"@type\":\"ReadAction\",\"target\":[\"https:\/\/blog.zeit.de\/joerglau\/2010\/04\/14\/busen-die-araber-zu-unrecht-fur-den-holocaust_3633\"]}]},{\"@type\":\"BreadcrumbList\",\"@id\":\"https:\/\/blog.zeit.de\/joerglau\/2010\/04\/14\/busen-die-araber-zu-unrecht-fur-den-holocaust_3633#breadcrumb\",\"itemListElement\":[{\"@type\":\"ListItem\",\"position\":1,\"name\":\"Startseite\",\"item\":\"https:\/\/blog.zeit.de\/joerglau\"},{\"@type\":\"ListItem\",\"position\":2,\"name\":\"B\u00fc\u00dfen die Araber (zu Unrecht) f\u00fcr den Holocaust?\"}]},{\"@type\":\"WebSite\",\"@id\":\"https:\/\/blog.zeit.de\/joerglau\/#website\",\"url\":\"https:\/\/blog.zeit.de\/joerglau\/\",\"name\":\"J\u00f6rg Lau\",\"description\":\"Ein Blog \u00fcber Religion und Politik\",\"potentialAction\":[{\"@type\":\"SearchAction\",\"target\":{\"@type\":\"EntryPoint\",\"urlTemplate\":\"https:\/\/blog.zeit.de\/joerglau\/?s={search_term_string}\"},\"query-input\":\"required name=search_term_string\"}],\"inLanguage\":\"de\"},{\"@type\":\"Person\",\"@id\":\"https:\/\/blog.zeit.de\/joerglau\/#\/schema\/person\/55f0be9bfac24815791fbc852b042f57\",\"name\":\"J\u00f6rg Lau\",\"image\":{\"@type\":\"ImageObject\",\"inLanguage\":\"de\",\"@id\":\"https:\/\/blog.zeit.de\/joerglau\/#\/schema\/person\/image\/\",\"url\":\"https:\/\/secure.gravatar.com\/avatar\/a5fe39bf4f5335b8bac36eefa0b41467221b1598bfea5f05159a0199e391eed0?s=96&d=mm&r=g\",\"contentUrl\":\"https:\/\/secure.gravatar.com\/avatar\/a5fe39bf4f5335b8bac36eefa0b41467221b1598bfea5f05159a0199e391eed0?s=96&d=mm&r=g\",\"caption\":\"J\u00f6rg Lau\"},\"url\":\"https:\/\/blog.zeit.de\/joerglau\/author\/joerg-lau\"}]}<\/script>\n<!-- \/ Yoast SEO plugin. -->","yoast_head_json":{"title":"B\u00fc\u00dfen die Araber (zu Unrecht) f\u00fcr den Holocaust? - J\u00f6rg Lau","robots":{"index":"index","follow":"follow","max-snippet":"max-snippet:-1","max-image-preview":"max-image-preview:large","max-video-preview":"max-video-preview:-1"},"canonical":"https:\/\/blog.zeit.de\/joerglau\/2010\/04\/14\/busen-die-araber-zu-unrecht-fur-den-holocaust_3633","og_locale":"de_DE","og_type":"article","og_title":"B\u00fc\u00dfen die Araber (zu Unrecht) f\u00fcr den Holocaust? - J\u00f6rg Lau","og_description":"Der gro\u00dfe israelische Philosoph und Diplomat Shlomo Avineri erkl\u00e4rt in Ha&#8217;aretz, warum einige seiner Verwandten\u00a0 sich nicht aus dem NS-beherrschten Polen nach Pal\u00e4stina retten konnten &#8211; wegen der erfolgreichen arabischen Opposition gegen die j\u00fcdische Einwanderung in der &#8222;dunkelsten Stunde des Judentums&#8220;. &#8222;They succeeded in shutting the country&#8217;s gates during the darkest hour of the Jewish [&hellip;]","og_url":"https:\/\/blog.zeit.de\/joerglau\/2010\/04\/14\/busen-die-araber-zu-unrecht-fur-den-holocaust_3633","og_site_name":"J\u00f6rg Lau","article_published_time":"2010-04-14T15:19:32+00:00","author":"J\u00f6rg Lau","twitter_card":"summary_large_image","twitter_misc":{"Geschrieben von":"J\u00f6rg Lau","Gesch\u00e4tzte Lesezeit":"3\u00a0Minuten"},"schema":{"@context":"https:\/\/schema.org","@graph":[{"@type":"WebPage","@id":"https:\/\/blog.zeit.de\/joerglau\/2010\/04\/14\/busen-die-araber-zu-unrecht-fur-den-holocaust_3633","url":"https:\/\/blog.zeit.de\/joerglau\/2010\/04\/14\/busen-die-araber-zu-unrecht-fur-den-holocaust_3633","name":"B\u00fc\u00dfen die Araber (zu Unrecht) f\u00fcr den Holocaust? - J\u00f6rg Lau","isPartOf":{"@id":"https:\/\/blog.zeit.de\/joerglau\/#website"},"datePublished":"2010-04-14T15:19:32+00:00","dateModified":"2010-04-14T15:19:32+00:00","author":{"@id":"https:\/\/blog.zeit.de\/joerglau\/#\/schema\/person\/55f0be9bfac24815791fbc852b042f57"},"breadcrumb":{"@id":"https:\/\/blog.zeit.de\/joerglau\/2010\/04\/14\/busen-die-araber-zu-unrecht-fur-den-holocaust_3633#breadcrumb"},"inLanguage":"de","potentialAction":[{"@type":"ReadAction","target":["https:\/\/blog.zeit.de\/joerglau\/2010\/04\/14\/busen-die-araber-zu-unrecht-fur-den-holocaust_3633"]}]},{"@type":"BreadcrumbList","@id":"https:\/\/blog.zeit.de\/joerglau\/2010\/04\/14\/busen-die-araber-zu-unrecht-fur-den-holocaust_3633#breadcrumb","itemListElement":[{"@type":"ListItem","position":1,"name":"Startseite","item":"https:\/\/blog.zeit.de\/joerglau"},{"@type":"ListItem","position":2,"name":"B\u00fc\u00dfen die Araber (zu Unrecht) f\u00fcr den Holocaust?"}]},{"@type":"WebSite","@id":"https:\/\/blog.zeit.de\/joerglau\/#website","url":"https:\/\/blog.zeit.de\/joerglau\/","name":"J\u00f6rg Lau","description":"Ein Blog \u00fcber Religion und Politik","potentialAction":[{"@type":"SearchAction","target":{"@type":"EntryPoint","urlTemplate":"https:\/\/blog.zeit.de\/joerglau\/?s={search_term_string}"},"query-input":"required name=search_term_string"}],"inLanguage":"de"},{"@type":"Person","@id":"https:\/\/blog.zeit.de\/joerglau\/#\/schema\/person\/55f0be9bfac24815791fbc852b042f57","name":"J\u00f6rg Lau","image":{"@type":"ImageObject","inLanguage":"de","@id":"https:\/\/blog.zeit.de\/joerglau\/#\/schema\/person\/image\/","url":"https:\/\/secure.gravatar.com\/avatar\/a5fe39bf4f5335b8bac36eefa0b41467221b1598bfea5f05159a0199e391eed0?s=96&d=mm&r=g","contentUrl":"https:\/\/secure.gravatar.com\/avatar\/a5fe39bf4f5335b8bac36eefa0b41467221b1598bfea5f05159a0199e391eed0?s=96&d=mm&r=g","caption":"J\u00f6rg Lau"},"url":"https:\/\/blog.zeit.de\/joerglau\/author\/joerg-lau"}]}},"jetpack_featured_media_url":"","jetpack_sharing_enabled":true,"jetpack_shortlink":"https:\/\/wp.me\/pG02W-WB","_links":{"self":[{"href":"https:\/\/blog.zeit.de\/joerglau\/wp-json\/wp\/v2\/posts\/3633","targetHints":{"allow":["GET"]}}],"collection":[{"href":"https:\/\/blog.zeit.de\/joerglau\/wp-json\/wp\/v2\/posts"}],"about":[{"href":"https:\/\/blog.zeit.de\/joerglau\/wp-json\/wp\/v2\/types\/post"}],"author":[{"embeddable":true,"href":"https:\/\/blog.zeit.de\/joerglau\/wp-json\/wp\/v2\/users\/54"}],"replies":[{"embeddable":true,"href":"https:\/\/blog.zeit.de\/joerglau\/wp-json\/wp\/v2\/comments?post=3633"}],"version-history":[{"count":0,"href":"https:\/\/blog.zeit.de\/joerglau\/wp-json\/wp\/v2\/posts\/3633\/revisions"}],"wp:attachment":[{"href":"https:\/\/blog.zeit.de\/joerglau\/wp-json\/wp\/v2\/media?parent=3633"}],"wp:term":[{"taxonomy":"category","embeddable":true,"href":"https:\/\/blog.zeit.de\/joerglau\/wp-json\/wp\/v2\/categories?post=3633"},{"taxonomy":"post_tag","embeddable":true,"href":"https:\/\/blog.zeit.de\/joerglau\/wp-json\/wp\/v2\/tags?post=3633"}],"curies":[{"name":"wp","href":"https:\/\/api.w.org\/{rel}","templated":true}]}}