{"id":3649,"date":"2010-04-19T12:36:32","date_gmt":"2010-04-19T10:36:32","guid":{"rendered":"http:\/\/blog.zeit.de\/joerglau\/?p=3649"},"modified":"2010-04-19T12:37:52","modified_gmt":"2010-04-19T10:37:52","slug":"warum-islamkritik-weiter-nowendig-ist","status":"publish","type":"post","link":"https:\/\/blog.zeit.de\/joerglau\/2010\/04\/19\/warum-islamkritik-weiter-nowendig-ist_3649","title":{"rendered":"Warum Islamkritik weiter nowendig ist"},"content":{"rendered":"<p>Johannes Kandel von der Friedrich-Ebert-Stiftung antwortet auf einen Essay von Carolin Emcke, der dem <a href=\"http:\/\/www.zeit.de\/2010\/09\/Rassismus\">&#8222;Liberalen Rassismus&#8220;<\/a> galt:<\/p>\n<p><em>Es werde, so die Behauptung, st\u00e4ndig ungerecht auf die Defizite bei Muslimen hingewiesen \u2013 Homophobie, Patriarchalismus, Machismo \u2013, aber gezielt \u00fcbersehen, dass es \u00e4hnliche \u00dcberzeugungen auch im konservativen Lager gegeben hat oder immer noch gibt. <\/em><\/p>\n<p><em>Solche Immunisierungsversuche habe ich schon in zahllosen \u00bbDialogrunden\u00ab und Talkshows erlebt und finde sie nur noch \u00e4rgerlich. Denn die historische Konstellation etwa der f\u00fcnfziger und sechziger Jahre in Deutschland ist \u00fcberhaupt nicht mit den autorit\u00e4ren Regimen in der islamischen Welt zu vergleichen: Dort ist Opposition lebensgef\u00e4hrlich, w\u00e4hrend es nat\u00fcrlich schon zu Adenauers und Erhardts Zeiten in der deutschen Gesellschaft massiven Widerspruch gegen die repressive Sexualmoral der CDU gab. Widerspruch, der zur Liberalisierung der Gesellschaft erheblich beigetragen hat.<\/em><\/p>\n<p><em>Nein, in der Bundesrepublik sind wir \u00fcber alle parteipolitischen Lager hinweg in puncto Homosexualit\u00e4t und in der Frauenfrage um Lichtjahre weiter als jene muslimischen Verb\u00e4nde, die hierzulande den Ton angeben und die \u00bbAnerkennung\u00ab ihres konservativ-orthodoxen bis islamistisch orientierten Islams verlangen \u2013 von der islamisch gepr\u00e4gten Welt ganz zu schweigen.<\/em><\/p>\n<p><a href=\"http:\/\/www.zeit.de\/2010\/16\/oped-Rassismus?page=all\">Alles lesen.<\/a><em><br \/>\n<\/em><\/p>\n","protected":false},"excerpt":{"rendered":"<p>Johannes Kandel von der Friedrich-Ebert-Stiftung antwortet auf einen Essay von Carolin Emcke, der dem &#8222;Liberalen Rassismus&#8220; galt: Es werde, so die Behauptung, st\u00e4ndig ungerecht auf die Defizite bei Muslimen hingewiesen \u2013 Homophobie, Patriarchalismus, Machismo \u2013, aber gezielt \u00fcbersehen, dass es \u00e4hnliche \u00dcberzeugungen auch im konservativen Lager gegeben hat oder immer noch gibt. Solche Immunisierungsversuche habe [&hellip;]<\/p>\n","protected":false},"author":54,"featured_media":0,"comment_status":"open","ping_status":"closed","sticky":false,"template":"","format":"standard","meta":{"jetpack_post_was_ever_published":false,"footnotes":""},"categories":[155,157],"tags":[],"class_list":["post-3649","post","type-post","status-publish","format-standard","hentry","category-debatte","category-die-freunde-und-die-feinde-des-islams"],"yoast_head":"<!-- This site is optimized with the Yoast SEO plugin v21.0 - https:\/\/yoast.com\/wordpress\/plugins\/seo\/ -->\n<title>Warum Islamkritik weiter nowendig ist - J\u00f6rg Lau<\/title>\n<meta name=\"robots\" content=\"index, follow, max-snippet:-1, max-image-preview:large, max-video-preview:-1\" \/>\n<link rel=\"canonical\" href=\"https:\/\/blog.zeit.de\/joerglau\/2010\/04\/19\/warum-islamkritik-weiter-nowendig-ist_3649\" \/>\n<meta property=\"og:locale\" content=\"de_DE\" \/>\n<meta property=\"og:type\" content=\"article\" \/>\n<meta property=\"og:title\" content=\"Warum Islamkritik weiter nowendig ist - J\u00f6rg Lau\" \/>\n<meta property=\"og:description\" content=\"Johannes Kandel von der Friedrich-Ebert-Stiftung antwortet auf einen Essay von Carolin Emcke, der dem &#8222;Liberalen Rassismus&#8220; galt: Es werde, so die Behauptung, st\u00e4ndig ungerecht auf die Defizite bei Muslimen hingewiesen \u2013 Homophobie, Patriarchalismus, Machismo \u2013, aber gezielt \u00fcbersehen, dass es \u00e4hnliche \u00dcberzeugungen auch im konservativen Lager gegeben hat oder immer noch gibt. Solche Immunisierungsversuche habe [&hellip;]\" \/>\n<meta property=\"og:url\" content=\"https:\/\/blog.zeit.de\/joerglau\/2010\/04\/19\/warum-islamkritik-weiter-nowendig-ist_3649\" \/>\n<meta property=\"og:site_name\" content=\"J\u00f6rg Lau\" \/>\n<meta property=\"article:published_time\" content=\"2010-04-19T10:36:32+00:00\" \/>\n<meta property=\"article:modified_time\" content=\"2010-04-19T10:37:52+00:00\" \/>\n<meta name=\"author\" content=\"J\u00f6rg Lau\" \/>\n<meta name=\"twitter:card\" content=\"summary_large_image\" \/>\n<meta name=\"twitter:label1\" content=\"Geschrieben von\" \/>\n\t<meta name=\"twitter:data1\" content=\"J\u00f6rg Lau\" \/>\n\t<meta name=\"twitter:label2\" content=\"Gesch\u00e4tzte Lesezeit\" \/>\n\t<meta name=\"twitter:data2\" content=\"1\u00a0Minute\" \/>\n<script type=\"application\/ld+json\" class=\"yoast-schema-graph\">{\"@context\":\"https:\/\/schema.org\",\"@graph\":[{\"@type\":\"WebPage\",\"@id\":\"https:\/\/blog.zeit.de\/joerglau\/2010\/04\/19\/warum-islamkritik-weiter-nowendig-ist_3649\",\"url\":\"https:\/\/blog.zeit.de\/joerglau\/2010\/04\/19\/warum-islamkritik-weiter-nowendig-ist_3649\",\"name\":\"Warum Islamkritik weiter nowendig ist - J\u00f6rg Lau\",\"isPartOf\":{\"@id\":\"https:\/\/blog.zeit.de\/joerglau\/#website\"},\"datePublished\":\"2010-04-19T10:36:32+00:00\",\"dateModified\":\"2010-04-19T10:37:52+00:00\",\"author\":{\"@id\":\"https:\/\/blog.zeit.de\/joerglau\/#\/schema\/person\/55f0be9bfac24815791fbc852b042f57\"},\"breadcrumb\":{\"@id\":\"https:\/\/blog.zeit.de\/joerglau\/2010\/04\/19\/warum-islamkritik-weiter-nowendig-ist_3649#breadcrumb\"},\"inLanguage\":\"de\",\"potentialAction\":[{\"@type\":\"ReadAction\",\"target\":[\"https:\/\/blog.zeit.de\/joerglau\/2010\/04\/19\/warum-islamkritik-weiter-nowendig-ist_3649\"]}]},{\"@type\":\"BreadcrumbList\",\"@id\":\"https:\/\/blog.zeit.de\/joerglau\/2010\/04\/19\/warum-islamkritik-weiter-nowendig-ist_3649#breadcrumb\",\"itemListElement\":[{\"@type\":\"ListItem\",\"position\":1,\"name\":\"Startseite\",\"item\":\"https:\/\/blog.zeit.de\/joerglau\"},{\"@type\":\"ListItem\",\"position\":2,\"name\":\"Warum Islamkritik weiter nowendig ist\"}]},{\"@type\":\"WebSite\",\"@id\":\"https:\/\/blog.zeit.de\/joerglau\/#website\",\"url\":\"https:\/\/blog.zeit.de\/joerglau\/\",\"name\":\"J\u00f6rg Lau\",\"description\":\"Ein Blog \u00fcber Religion und Politik\",\"potentialAction\":[{\"@type\":\"SearchAction\",\"target\":{\"@type\":\"EntryPoint\",\"urlTemplate\":\"https:\/\/blog.zeit.de\/joerglau\/?s={search_term_string}\"},\"query-input\":\"required name=search_term_string\"}],\"inLanguage\":\"de\"},{\"@type\":\"Person\",\"@id\":\"https:\/\/blog.zeit.de\/joerglau\/#\/schema\/person\/55f0be9bfac24815791fbc852b042f57\",\"name\":\"J\u00f6rg Lau\",\"image\":{\"@type\":\"ImageObject\",\"inLanguage\":\"de\",\"@id\":\"https:\/\/blog.zeit.de\/joerglau\/#\/schema\/person\/image\/\",\"url\":\"https:\/\/secure.gravatar.com\/avatar\/a5fe39bf4f5335b8bac36eefa0b41467221b1598bfea5f05159a0199e391eed0?s=96&d=mm&r=g\",\"contentUrl\":\"https:\/\/secure.gravatar.com\/avatar\/a5fe39bf4f5335b8bac36eefa0b41467221b1598bfea5f05159a0199e391eed0?s=96&d=mm&r=g\",\"caption\":\"J\u00f6rg Lau\"},\"url\":\"https:\/\/blog.zeit.de\/joerglau\/author\/joerg-lau\"}]}<\/script>\n<!-- \/ Yoast SEO plugin. -->","yoast_head_json":{"title":"Warum Islamkritik weiter nowendig ist - J\u00f6rg Lau","robots":{"index":"index","follow":"follow","max-snippet":"max-snippet:-1","max-image-preview":"max-image-preview:large","max-video-preview":"max-video-preview:-1"},"canonical":"https:\/\/blog.zeit.de\/joerglau\/2010\/04\/19\/warum-islamkritik-weiter-nowendig-ist_3649","og_locale":"de_DE","og_type":"article","og_title":"Warum Islamkritik weiter nowendig ist - J\u00f6rg Lau","og_description":"Johannes Kandel von der Friedrich-Ebert-Stiftung antwortet auf einen Essay von Carolin Emcke, der dem &#8222;Liberalen Rassismus&#8220; galt: Es werde, so die Behauptung, st\u00e4ndig ungerecht auf die Defizite bei Muslimen hingewiesen \u2013 Homophobie, Patriarchalismus, Machismo \u2013, aber gezielt \u00fcbersehen, dass es \u00e4hnliche \u00dcberzeugungen auch im konservativen Lager gegeben hat oder immer noch gibt. Solche Immunisierungsversuche habe [&hellip;]","og_url":"https:\/\/blog.zeit.de\/joerglau\/2010\/04\/19\/warum-islamkritik-weiter-nowendig-ist_3649","og_site_name":"J\u00f6rg Lau","article_published_time":"2010-04-19T10:36:32+00:00","article_modified_time":"2010-04-19T10:37:52+00:00","author":"J\u00f6rg Lau","twitter_card":"summary_large_image","twitter_misc":{"Geschrieben von":"J\u00f6rg Lau","Gesch\u00e4tzte Lesezeit":"1\u00a0Minute"},"schema":{"@context":"https:\/\/schema.org","@graph":[{"@type":"WebPage","@id":"https:\/\/blog.zeit.de\/joerglau\/2010\/04\/19\/warum-islamkritik-weiter-nowendig-ist_3649","url":"https:\/\/blog.zeit.de\/joerglau\/2010\/04\/19\/warum-islamkritik-weiter-nowendig-ist_3649","name":"Warum Islamkritik weiter nowendig ist - J\u00f6rg Lau","isPartOf":{"@id":"https:\/\/blog.zeit.de\/joerglau\/#website"},"datePublished":"2010-04-19T10:36:32+00:00","dateModified":"2010-04-19T10:37:52+00:00","author":{"@id":"https:\/\/blog.zeit.de\/joerglau\/#\/schema\/person\/55f0be9bfac24815791fbc852b042f57"},"breadcrumb":{"@id":"https:\/\/blog.zeit.de\/joerglau\/2010\/04\/19\/warum-islamkritik-weiter-nowendig-ist_3649#breadcrumb"},"inLanguage":"de","potentialAction":[{"@type":"ReadAction","target":["https:\/\/blog.zeit.de\/joerglau\/2010\/04\/19\/warum-islamkritik-weiter-nowendig-ist_3649"]}]},{"@type":"BreadcrumbList","@id":"https:\/\/blog.zeit.de\/joerglau\/2010\/04\/19\/warum-islamkritik-weiter-nowendig-ist_3649#breadcrumb","itemListElement":[{"@type":"ListItem","position":1,"name":"Startseite","item":"https:\/\/blog.zeit.de\/joerglau"},{"@type":"ListItem","position":2,"name":"Warum Islamkritik weiter nowendig ist"}]},{"@type":"WebSite","@id":"https:\/\/blog.zeit.de\/joerglau\/#website","url":"https:\/\/blog.zeit.de\/joerglau\/","name":"J\u00f6rg Lau","description":"Ein Blog \u00fcber Religion und Politik","potentialAction":[{"@type":"SearchAction","target":{"@type":"EntryPoint","urlTemplate":"https:\/\/blog.zeit.de\/joerglau\/?s={search_term_string}"},"query-input":"required name=search_term_string"}],"inLanguage":"de"},{"@type":"Person","@id":"https:\/\/blog.zeit.de\/joerglau\/#\/schema\/person\/55f0be9bfac24815791fbc852b042f57","name":"J\u00f6rg Lau","image":{"@type":"ImageObject","inLanguage":"de","@id":"https:\/\/blog.zeit.de\/joerglau\/#\/schema\/person\/image\/","url":"https:\/\/secure.gravatar.com\/avatar\/a5fe39bf4f5335b8bac36eefa0b41467221b1598bfea5f05159a0199e391eed0?s=96&d=mm&r=g","contentUrl":"https:\/\/secure.gravatar.com\/avatar\/a5fe39bf4f5335b8bac36eefa0b41467221b1598bfea5f05159a0199e391eed0?s=96&d=mm&r=g","caption":"J\u00f6rg Lau"},"url":"https:\/\/blog.zeit.de\/joerglau\/author\/joerg-lau"}]}},"jetpack_featured_media_url":"","jetpack_sharing_enabled":true,"jetpack_shortlink":"https:\/\/wp.me\/pG02W-WR","_links":{"self":[{"href":"https:\/\/blog.zeit.de\/joerglau\/wp-json\/wp\/v2\/posts\/3649","targetHints":{"allow":["GET"]}}],"collection":[{"href":"https:\/\/blog.zeit.de\/joerglau\/wp-json\/wp\/v2\/posts"}],"about":[{"href":"https:\/\/blog.zeit.de\/joerglau\/wp-json\/wp\/v2\/types\/post"}],"author":[{"embeddable":true,"href":"https:\/\/blog.zeit.de\/joerglau\/wp-json\/wp\/v2\/users\/54"}],"replies":[{"embeddable":true,"href":"https:\/\/blog.zeit.de\/joerglau\/wp-json\/wp\/v2\/comments?post=3649"}],"version-history":[{"count":0,"href":"https:\/\/blog.zeit.de\/joerglau\/wp-json\/wp\/v2\/posts\/3649\/revisions"}],"wp:attachment":[{"href":"https:\/\/blog.zeit.de\/joerglau\/wp-json\/wp\/v2\/media?parent=3649"}],"wp:term":[{"taxonomy":"category","embeddable":true,"href":"https:\/\/blog.zeit.de\/joerglau\/wp-json\/wp\/v2\/categories?post=3649"},{"taxonomy":"post_tag","embeddable":true,"href":"https:\/\/blog.zeit.de\/joerglau\/wp-json\/wp\/v2\/tags?post=3649"}],"curies":[{"name":"wp","href":"https:\/\/api.w.org\/{rel}","templated":true}]}}