{"id":365,"date":"2007-03-10T02:18:53","date_gmt":"2007-03-10T00:18:53","guid":{"rendered":"http:\/\/blog.zeit.de\/joerglau\/2007\/03\/10\/die-tragodie-des-irak-sollte-muslimen-zu-denken-geben_365"},"modified":"2007-03-10T02:18:53","modified_gmt":"2007-03-10T00:18:53","slug":"die-tragodie-des-irak-sollte-muslimen-zu-denken-geben","status":"publish","type":"post","link":"https:\/\/blog.zeit.de\/joerglau\/2007\/03\/10\/die-tragodie-des-irak-sollte-muslimen-zu-denken-geben_365","title":{"rendered":"Die Trag\u00f6die des Irak sollte Muslimen zu denken geben"},"content":{"rendered":"<p>Der iranische Journalist <a href=\"http:\/\/www.roozonline.com\/english\/archives\/2007\/03\/003029.php\">Ahmad Zaidabadi<\/a> st\u00f6rt sich an der Schadenfreude, mit der \u00fcber Amerikas Probleme im Irak berichtet wird. Es sei viel zu oberfl\u00e4chlich, das irakische Desaster bloss auf Amerika zu beziehen, schreibt er. In der Gewalt der heutigen Irak komme auch der &#8222;f\u00fcrchterliche Zustand der islamischen Welt&#8220; zum Vorschein, meint Zaidabadi:<\/p>\n<blockquote><p>In my opinion, however, the tragedy of Iraq, more than being a sign of America\u2019s defeat, is a revelation of a deep ethical and intellectual decline among some of the Muslims in their confrontation with the modern world.<\/p>\n<p>I do not want to comment on the rightness or wrongness of America\u2019s attack on Iraq, because there are many reasons for and against this attack, in terms of its long-term consequences on the development of the Middle East. But the tragedies that are going on in Iraq today transcend America\u2019s attack, and we the Muslims have a responsibility to think more deeply about it \u2013 that is, if there is enough space left to think in the illogical and violent atmosphere that dominates the Islamic world.<\/p>\n<p>(&#8230;)<\/p>\n<p>No doubt, sooner or later, if not in a conspiracy or coup, Saddam would have died from natural causes, and Iraq would have been suddenly released from the domination of his dreadful security apparatus.<\/p>\n<p>It is very hard to imagine a peaceful and non-violent transfer of power after Saddam\u2019s death; or to imagine that Uday or Qusay would have succeeded their father and continued on his path without trouble.<\/p>\n<p>What I want to say is that blaming all of the Islamic world\u2019s problems on external causes shuts our eyes on reality and diverts us from seeing the tragedy that is growing in the depths of Islamic societies.<\/p>\n<p><strong>In reality, the inhumane killings and murders that are going on Iraq, more than being a result of America\u2019s actions and involvement in Iraq, are a revelation of a historical disease among us Muslims, who are unable to reach our goals through ethical and humane means.<\/strong><\/p>\n<p>This is a real tragedy that threatens the being of us Muslims. How sorrowful is our condition, which seems comical one day and tragic the next.<\/p><\/blockquote>\n","protected":false},"excerpt":{"rendered":"<p>Der iranische Journalist Ahmad Zaidabadi st\u00f6rt sich an der Schadenfreude, mit der \u00fcber Amerikas Probleme im Irak berichtet wird. Es sei viel zu oberfl\u00e4chlich, das irakische Desaster bloss auf Amerika zu beziehen, schreibt er. In der Gewalt der heutigen Irak komme auch der &#8222;f\u00fcrchterliche Zustand der islamischen Welt&#8220; zum Vorschein, meint Zaidabadi: In my opinion, [&hellip;]<\/p>\n","protected":false},"author":54,"featured_media":0,"comment_status":"open","ping_status":"closed","sticky":false,"template":"","format":"standard","meta":{"jetpack_post_was_ever_published":false,"footnotes":""},"categories":[157],"tags":[],"class_list":["post-365","post","type-post","status-publish","format-standard","hentry","category-die-freunde-und-die-feinde-des-islams"],"yoast_head":"<!-- This site is optimized with the Yoast SEO plugin v21.0 - https:\/\/yoast.com\/wordpress\/plugins\/seo\/ -->\n<title>Die Trag\u00f6die des Irak sollte Muslimen zu denken geben - J\u00f6rg Lau<\/title>\n<meta name=\"robots\" content=\"index, follow, max-snippet:-1, max-image-preview:large, max-video-preview:-1\" \/>\n<link rel=\"canonical\" href=\"https:\/\/blog.zeit.de\/joerglau\/2007\/03\/10\/die-tragodie-des-irak-sollte-muslimen-zu-denken-geben_365\" \/>\n<meta property=\"og:locale\" content=\"de_DE\" \/>\n<meta property=\"og:type\" content=\"article\" \/>\n<meta property=\"og:title\" content=\"Die Trag\u00f6die des Irak sollte Muslimen zu denken geben - J\u00f6rg Lau\" \/>\n<meta property=\"og:description\" content=\"Der iranische Journalist Ahmad Zaidabadi st\u00f6rt sich an der Schadenfreude, mit der \u00fcber Amerikas Probleme im Irak berichtet wird. Es sei viel zu oberfl\u00e4chlich, das irakische Desaster bloss auf Amerika zu beziehen, schreibt er. In der Gewalt der heutigen Irak komme auch der &#8222;f\u00fcrchterliche Zustand der islamischen Welt&#8220; zum Vorschein, meint Zaidabadi: In my opinion, [&hellip;]\" \/>\n<meta property=\"og:url\" content=\"https:\/\/blog.zeit.de\/joerglau\/2007\/03\/10\/die-tragodie-des-irak-sollte-muslimen-zu-denken-geben_365\" \/>\n<meta property=\"og:site_name\" content=\"J\u00f6rg Lau\" \/>\n<meta property=\"article:published_time\" content=\"2007-03-10T00:18:53+00:00\" \/>\n<meta name=\"author\" content=\"J\u00f6rg Lau\" \/>\n<meta name=\"twitter:card\" content=\"summary_large_image\" \/>\n<meta name=\"twitter:label1\" content=\"Geschrieben von\" \/>\n\t<meta name=\"twitter:data1\" content=\"J\u00f6rg Lau\" \/>\n\t<meta name=\"twitter:label2\" content=\"Gesch\u00e4tzte Lesezeit\" \/>\n\t<meta name=\"twitter:data2\" content=\"2\u00a0Minuten\" \/>\n<script type=\"application\/ld+json\" class=\"yoast-schema-graph\">{\"@context\":\"https:\/\/schema.org\",\"@graph\":[{\"@type\":\"WebPage\",\"@id\":\"https:\/\/blog.zeit.de\/joerglau\/2007\/03\/10\/die-tragodie-des-irak-sollte-muslimen-zu-denken-geben_365\",\"url\":\"https:\/\/blog.zeit.de\/joerglau\/2007\/03\/10\/die-tragodie-des-irak-sollte-muslimen-zu-denken-geben_365\",\"name\":\"Die Trag\u00f6die des Irak sollte Muslimen zu denken geben - J\u00f6rg Lau\",\"isPartOf\":{\"@id\":\"https:\/\/blog.zeit.de\/joerglau\/#website\"},\"datePublished\":\"2007-03-10T00:18:53+00:00\",\"dateModified\":\"2007-03-10T00:18:53+00:00\",\"author\":{\"@id\":\"https:\/\/blog.zeit.de\/joerglau\/#\/schema\/person\/55f0be9bfac24815791fbc852b042f57\"},\"breadcrumb\":{\"@id\":\"https:\/\/blog.zeit.de\/joerglau\/2007\/03\/10\/die-tragodie-des-irak-sollte-muslimen-zu-denken-geben_365#breadcrumb\"},\"inLanguage\":\"de\",\"potentialAction\":[{\"@type\":\"ReadAction\",\"target\":[\"https:\/\/blog.zeit.de\/joerglau\/2007\/03\/10\/die-tragodie-des-irak-sollte-muslimen-zu-denken-geben_365\"]}]},{\"@type\":\"BreadcrumbList\",\"@id\":\"https:\/\/blog.zeit.de\/joerglau\/2007\/03\/10\/die-tragodie-des-irak-sollte-muslimen-zu-denken-geben_365#breadcrumb\",\"itemListElement\":[{\"@type\":\"ListItem\",\"position\":1,\"name\":\"Startseite\",\"item\":\"https:\/\/blog.zeit.de\/joerglau\"},{\"@type\":\"ListItem\",\"position\":2,\"name\":\"Die Trag\u00f6die des Irak sollte Muslimen zu denken geben\"}]},{\"@type\":\"WebSite\",\"@id\":\"https:\/\/blog.zeit.de\/joerglau\/#website\",\"url\":\"https:\/\/blog.zeit.de\/joerglau\/\",\"name\":\"J\u00f6rg Lau\",\"description\":\"Ein Blog \u00fcber Religion und Politik\",\"potentialAction\":[{\"@type\":\"SearchAction\",\"target\":{\"@type\":\"EntryPoint\",\"urlTemplate\":\"https:\/\/blog.zeit.de\/joerglau\/?s={search_term_string}\"},\"query-input\":\"required name=search_term_string\"}],\"inLanguage\":\"de\"},{\"@type\":\"Person\",\"@id\":\"https:\/\/blog.zeit.de\/joerglau\/#\/schema\/person\/55f0be9bfac24815791fbc852b042f57\",\"name\":\"J\u00f6rg Lau\",\"image\":{\"@type\":\"ImageObject\",\"inLanguage\":\"de\",\"@id\":\"https:\/\/blog.zeit.de\/joerglau\/#\/schema\/person\/image\/\",\"url\":\"https:\/\/secure.gravatar.com\/avatar\/a5fe39bf4f5335b8bac36eefa0b41467221b1598bfea5f05159a0199e391eed0?s=96&d=mm&r=g\",\"contentUrl\":\"https:\/\/secure.gravatar.com\/avatar\/a5fe39bf4f5335b8bac36eefa0b41467221b1598bfea5f05159a0199e391eed0?s=96&d=mm&r=g\",\"caption\":\"J\u00f6rg Lau\"},\"url\":\"https:\/\/blog.zeit.de\/joerglau\/author\/joerg-lau\"}]}<\/script>\n<!-- \/ Yoast SEO plugin. -->","yoast_head_json":{"title":"Die Trag\u00f6die des Irak sollte Muslimen zu denken geben - J\u00f6rg Lau","robots":{"index":"index","follow":"follow","max-snippet":"max-snippet:-1","max-image-preview":"max-image-preview:large","max-video-preview":"max-video-preview:-1"},"canonical":"https:\/\/blog.zeit.de\/joerglau\/2007\/03\/10\/die-tragodie-des-irak-sollte-muslimen-zu-denken-geben_365","og_locale":"de_DE","og_type":"article","og_title":"Die Trag\u00f6die des Irak sollte Muslimen zu denken geben - J\u00f6rg Lau","og_description":"Der iranische Journalist Ahmad Zaidabadi st\u00f6rt sich an der Schadenfreude, mit der \u00fcber Amerikas Probleme im Irak berichtet wird. Es sei viel zu oberfl\u00e4chlich, das irakische Desaster bloss auf Amerika zu beziehen, schreibt er. In der Gewalt der heutigen Irak komme auch der &#8222;f\u00fcrchterliche Zustand der islamischen Welt&#8220; zum Vorschein, meint Zaidabadi: In my opinion, [&hellip;]","og_url":"https:\/\/blog.zeit.de\/joerglau\/2007\/03\/10\/die-tragodie-des-irak-sollte-muslimen-zu-denken-geben_365","og_site_name":"J\u00f6rg Lau","article_published_time":"2007-03-10T00:18:53+00:00","author":"J\u00f6rg Lau","twitter_card":"summary_large_image","twitter_misc":{"Geschrieben von":"J\u00f6rg Lau","Gesch\u00e4tzte Lesezeit":"2\u00a0Minuten"},"schema":{"@context":"https:\/\/schema.org","@graph":[{"@type":"WebPage","@id":"https:\/\/blog.zeit.de\/joerglau\/2007\/03\/10\/die-tragodie-des-irak-sollte-muslimen-zu-denken-geben_365","url":"https:\/\/blog.zeit.de\/joerglau\/2007\/03\/10\/die-tragodie-des-irak-sollte-muslimen-zu-denken-geben_365","name":"Die Trag\u00f6die des Irak sollte Muslimen zu denken geben - J\u00f6rg Lau","isPartOf":{"@id":"https:\/\/blog.zeit.de\/joerglau\/#website"},"datePublished":"2007-03-10T00:18:53+00:00","dateModified":"2007-03-10T00:18:53+00:00","author":{"@id":"https:\/\/blog.zeit.de\/joerglau\/#\/schema\/person\/55f0be9bfac24815791fbc852b042f57"},"breadcrumb":{"@id":"https:\/\/blog.zeit.de\/joerglau\/2007\/03\/10\/die-tragodie-des-irak-sollte-muslimen-zu-denken-geben_365#breadcrumb"},"inLanguage":"de","potentialAction":[{"@type":"ReadAction","target":["https:\/\/blog.zeit.de\/joerglau\/2007\/03\/10\/die-tragodie-des-irak-sollte-muslimen-zu-denken-geben_365"]}]},{"@type":"BreadcrumbList","@id":"https:\/\/blog.zeit.de\/joerglau\/2007\/03\/10\/die-tragodie-des-irak-sollte-muslimen-zu-denken-geben_365#breadcrumb","itemListElement":[{"@type":"ListItem","position":1,"name":"Startseite","item":"https:\/\/blog.zeit.de\/joerglau"},{"@type":"ListItem","position":2,"name":"Die Trag\u00f6die des Irak sollte Muslimen zu denken geben"}]},{"@type":"WebSite","@id":"https:\/\/blog.zeit.de\/joerglau\/#website","url":"https:\/\/blog.zeit.de\/joerglau\/","name":"J\u00f6rg Lau","description":"Ein Blog \u00fcber Religion und Politik","potentialAction":[{"@type":"SearchAction","target":{"@type":"EntryPoint","urlTemplate":"https:\/\/blog.zeit.de\/joerglau\/?s={search_term_string}"},"query-input":"required name=search_term_string"}],"inLanguage":"de"},{"@type":"Person","@id":"https:\/\/blog.zeit.de\/joerglau\/#\/schema\/person\/55f0be9bfac24815791fbc852b042f57","name":"J\u00f6rg Lau","image":{"@type":"ImageObject","inLanguage":"de","@id":"https:\/\/blog.zeit.de\/joerglau\/#\/schema\/person\/image\/","url":"https:\/\/secure.gravatar.com\/avatar\/a5fe39bf4f5335b8bac36eefa0b41467221b1598bfea5f05159a0199e391eed0?s=96&d=mm&r=g","contentUrl":"https:\/\/secure.gravatar.com\/avatar\/a5fe39bf4f5335b8bac36eefa0b41467221b1598bfea5f05159a0199e391eed0?s=96&d=mm&r=g","caption":"J\u00f6rg Lau"},"url":"https:\/\/blog.zeit.de\/joerglau\/author\/joerg-lau"}]}},"jetpack_featured_media_url":"","jetpack_sharing_enabled":true,"jetpack_shortlink":"https:\/\/wp.me\/pG02W-5T","_links":{"self":[{"href":"https:\/\/blog.zeit.de\/joerglau\/wp-json\/wp\/v2\/posts\/365","targetHints":{"allow":["GET"]}}],"collection":[{"href":"https:\/\/blog.zeit.de\/joerglau\/wp-json\/wp\/v2\/posts"}],"about":[{"href":"https:\/\/blog.zeit.de\/joerglau\/wp-json\/wp\/v2\/types\/post"}],"author":[{"embeddable":true,"href":"https:\/\/blog.zeit.de\/joerglau\/wp-json\/wp\/v2\/users\/54"}],"replies":[{"embeddable":true,"href":"https:\/\/blog.zeit.de\/joerglau\/wp-json\/wp\/v2\/comments?post=365"}],"version-history":[{"count":0,"href":"https:\/\/blog.zeit.de\/joerglau\/wp-json\/wp\/v2\/posts\/365\/revisions"}],"wp:attachment":[{"href":"https:\/\/blog.zeit.de\/joerglau\/wp-json\/wp\/v2\/media?parent=365"}],"wp:term":[{"taxonomy":"category","embeddable":true,"href":"https:\/\/blog.zeit.de\/joerglau\/wp-json\/wp\/v2\/categories?post=365"},{"taxonomy":"post_tag","embeddable":true,"href":"https:\/\/blog.zeit.de\/joerglau\/wp-json\/wp\/v2\/tags?post=365"}],"curies":[{"name":"wp","href":"https:\/\/api.w.org\/{rel}","templated":true}]}}