{"id":3652,"date":"2010-04-20T09:49:33","date_gmt":"2010-04-20T07:49:33","guid":{"rendered":"http:\/\/blog.zeit.de\/joerglau\/?p=3652"},"modified":"2010-04-20T09:50:34","modified_gmt":"2010-04-20T07:50:34","slug":"israels-moment-der-wahrheit-uber-die-besatzung-und-iran","status":"publish","type":"post","link":"https:\/\/blog.zeit.de\/joerglau\/2010\/04\/20\/israels-moment-der-wahrheit-uber-die-besatzung-und-iran_3652","title":{"rendered":"Israels Moment der Wahrheit \u00fcber die Besatzung und Iran"},"content":{"rendered":"<p>&#8230;zeichnet sich ab in den erstaunlichen \u00c4u\u00dferungen des Verteidigungsministers Ehud Barak am gestrigen Gedenktag f\u00fcr die gefallenen Soldaten.<\/p>\n<p><a href=\"http:\/\/www.haaretz.com\/hasen\/spages\/1164135.html\">Erstens sagt er<\/a> klar wie kaum ein israelischer Politiker vor ihm, dass die Besatzung enden muss:<\/p>\n<p><strong><em>&#8222;The world isn&#8217;t willing to accept &#8211; and we won&#8217;t change that in 2010 &#8211; the expectation that Israel will rule another people for decades more,&#8220; he said. &#8222;It&#8217;s something that doesn&#8217;t exist anywhere else in the world.&#8220;<\/em><\/strong><\/p>\n<p><em>&#8222;The alienation that is developing with the United States is not good for Israel,&#8220; Barak said during a Memorial Day radio interview. &#8222;We have strong ties with the United States, a bond, long-term friendship and strategic partnership. We receive three billion dollars from them each year; we get the best planes in the world from them.&#8220;<\/em><\/p>\n<p><em>&#8222;For all these reasons we must act to change things,&#8220; Barak said, while voicing doubt that Prime Minister Benjamin Netanyahu would soon enjoy the same warm ties with the White House as his predecessors did when President George W. Bush was in office.<\/em><\/p>\n<p>In anderen Worten: Obamas Haltung macht Eindruck.<\/p>\n<p><a href=\"http:\/\/www.haaretz.com\/hasen\/spages\/1164024.html\">Zweitens r\u00fcstet Barak demonstrativ ab<\/a> in der Rhetorik gegen\u00fcber Iran:<\/p>\n<p><em>&#8222;I prefer to refrain from speculation about the future,&#8220; Barak added. <strong>&#8222;Right now, Iran does not pose an existential threat to Israel. <\/strong>If Iran becomes nuclear, it will spark an arms race in the Middle East. This region is very sensitive because of the oil flow. The region is important to the entire world. The fact that Iran is not an immediate threat, but could evolve into one, means that we can&#8217;t let ourselves fall asleep.&#8220; <\/em><\/p>\n<p>Damit w\u00e4re Israel auf der gleichen Wellenl\u00e4nge wie die f\u00fcnf permanenten Mitglieder des Sicherheitsrates und Deutschland, die sich gerade um neue Sanktionen bem\u00fchen.<\/p>\n","protected":false},"excerpt":{"rendered":"<p>&#8230;zeichnet sich ab in den erstaunlichen \u00c4u\u00dferungen des Verteidigungsministers Ehud Barak am gestrigen Gedenktag f\u00fcr die gefallenen Soldaten. Erstens sagt er klar wie kaum ein israelischer Politiker vor ihm, dass die Besatzung enden muss: &#8222;The world isn&#8217;t willing to accept &#8211; and we won&#8217;t change that in 2010 &#8211; the expectation that Israel will rule [&hellip;]<\/p>\n","protected":false},"author":54,"featured_media":0,"comment_status":"open","ping_status":"closed","sticky":false,"template":"","format":"standard","meta":{"jetpack_post_was_ever_published":false,"footnotes":""},"categories":[152,166,168,125],"tags":[],"class_list":["post-3652","post","type-post","status-publish","format-standard","hentry","category-aussenpolitik","category-iran","category-israel","category-usa"],"yoast_head":"<!-- This site is optimized with the Yoast SEO plugin v21.0 - https:\/\/yoast.com\/wordpress\/plugins\/seo\/ -->\n<title>Israels Moment der Wahrheit \u00fcber die Besatzung und Iran - J\u00f6rg Lau<\/title>\n<meta name=\"robots\" content=\"index, follow, max-snippet:-1, max-image-preview:large, max-video-preview:-1\" \/>\n<link rel=\"canonical\" href=\"https:\/\/blog.zeit.de\/joerglau\/2010\/04\/20\/israels-moment-der-wahrheit-uber-die-besatzung-und-iran_3652\" \/>\n<meta property=\"og:locale\" content=\"de_DE\" \/>\n<meta property=\"og:type\" content=\"article\" \/>\n<meta property=\"og:title\" content=\"Israels Moment der Wahrheit \u00fcber die Besatzung und Iran - J\u00f6rg Lau\" \/>\n<meta property=\"og:description\" content=\"&#8230;zeichnet sich ab in den erstaunlichen \u00c4u\u00dferungen des Verteidigungsministers Ehud Barak am gestrigen Gedenktag f\u00fcr die gefallenen Soldaten. Erstens sagt er klar wie kaum ein israelischer Politiker vor ihm, dass die Besatzung enden muss: &#8222;The world isn&#8217;t willing to accept &#8211; and we won&#8217;t change that in 2010 &#8211; the expectation that Israel will rule [&hellip;]\" \/>\n<meta property=\"og:url\" content=\"https:\/\/blog.zeit.de\/joerglau\/2010\/04\/20\/israels-moment-der-wahrheit-uber-die-besatzung-und-iran_3652\" \/>\n<meta property=\"og:site_name\" content=\"J\u00f6rg Lau\" \/>\n<meta property=\"article:published_time\" content=\"2010-04-20T07:49:33+00:00\" \/>\n<meta property=\"article:modified_time\" content=\"2010-04-20T07:50:34+00:00\" \/>\n<meta name=\"author\" content=\"J\u00f6rg Lau\" \/>\n<meta name=\"twitter:card\" content=\"summary_large_image\" \/>\n<meta name=\"twitter:label1\" content=\"Geschrieben von\" \/>\n\t<meta name=\"twitter:data1\" content=\"J\u00f6rg Lau\" \/>\n\t<meta name=\"twitter:label2\" content=\"Gesch\u00e4tzte Lesezeit\" \/>\n\t<meta name=\"twitter:data2\" content=\"1\u00a0Minute\" \/>\n<script type=\"application\/ld+json\" class=\"yoast-schema-graph\">{\"@context\":\"https:\/\/schema.org\",\"@graph\":[{\"@type\":\"WebPage\",\"@id\":\"https:\/\/blog.zeit.de\/joerglau\/2010\/04\/20\/israels-moment-der-wahrheit-uber-die-besatzung-und-iran_3652\",\"url\":\"https:\/\/blog.zeit.de\/joerglau\/2010\/04\/20\/israels-moment-der-wahrheit-uber-die-besatzung-und-iran_3652\",\"name\":\"Israels Moment der Wahrheit \u00fcber die Besatzung und Iran - J\u00f6rg Lau\",\"isPartOf\":{\"@id\":\"https:\/\/blog.zeit.de\/joerglau\/#website\"},\"datePublished\":\"2010-04-20T07:49:33+00:00\",\"dateModified\":\"2010-04-20T07:50:34+00:00\",\"author\":{\"@id\":\"https:\/\/blog.zeit.de\/joerglau\/#\/schema\/person\/55f0be9bfac24815791fbc852b042f57\"},\"breadcrumb\":{\"@id\":\"https:\/\/blog.zeit.de\/joerglau\/2010\/04\/20\/israels-moment-der-wahrheit-uber-die-besatzung-und-iran_3652#breadcrumb\"},\"inLanguage\":\"de\",\"potentialAction\":[{\"@type\":\"ReadAction\",\"target\":[\"https:\/\/blog.zeit.de\/joerglau\/2010\/04\/20\/israels-moment-der-wahrheit-uber-die-besatzung-und-iran_3652\"]}]},{\"@type\":\"BreadcrumbList\",\"@id\":\"https:\/\/blog.zeit.de\/joerglau\/2010\/04\/20\/israels-moment-der-wahrheit-uber-die-besatzung-und-iran_3652#breadcrumb\",\"itemListElement\":[{\"@type\":\"ListItem\",\"position\":1,\"name\":\"Startseite\",\"item\":\"https:\/\/blog.zeit.de\/joerglau\"},{\"@type\":\"ListItem\",\"position\":2,\"name\":\"Israels Moment der Wahrheit \u00fcber die Besatzung und Iran\"}]},{\"@type\":\"WebSite\",\"@id\":\"https:\/\/blog.zeit.de\/joerglau\/#website\",\"url\":\"https:\/\/blog.zeit.de\/joerglau\/\",\"name\":\"J\u00f6rg Lau\",\"description\":\"Ein Blog \u00fcber Religion und Politik\",\"potentialAction\":[{\"@type\":\"SearchAction\",\"target\":{\"@type\":\"EntryPoint\",\"urlTemplate\":\"https:\/\/blog.zeit.de\/joerglau\/?s={search_term_string}\"},\"query-input\":\"required name=search_term_string\"}],\"inLanguage\":\"de\"},{\"@type\":\"Person\",\"@id\":\"https:\/\/blog.zeit.de\/joerglau\/#\/schema\/person\/55f0be9bfac24815791fbc852b042f57\",\"name\":\"J\u00f6rg Lau\",\"image\":{\"@type\":\"ImageObject\",\"inLanguage\":\"de\",\"@id\":\"https:\/\/blog.zeit.de\/joerglau\/#\/schema\/person\/image\/\",\"url\":\"https:\/\/secure.gravatar.com\/avatar\/a5fe39bf4f5335b8bac36eefa0b41467221b1598bfea5f05159a0199e391eed0?s=96&d=mm&r=g\",\"contentUrl\":\"https:\/\/secure.gravatar.com\/avatar\/a5fe39bf4f5335b8bac36eefa0b41467221b1598bfea5f05159a0199e391eed0?s=96&d=mm&r=g\",\"caption\":\"J\u00f6rg Lau\"},\"url\":\"https:\/\/blog.zeit.de\/joerglau\/author\/joerg-lau\"}]}<\/script>\n<!-- \/ Yoast SEO plugin. -->","yoast_head_json":{"title":"Israels Moment der Wahrheit \u00fcber die Besatzung und Iran - J\u00f6rg Lau","robots":{"index":"index","follow":"follow","max-snippet":"max-snippet:-1","max-image-preview":"max-image-preview:large","max-video-preview":"max-video-preview:-1"},"canonical":"https:\/\/blog.zeit.de\/joerglau\/2010\/04\/20\/israels-moment-der-wahrheit-uber-die-besatzung-und-iran_3652","og_locale":"de_DE","og_type":"article","og_title":"Israels Moment der Wahrheit \u00fcber die Besatzung und Iran - J\u00f6rg Lau","og_description":"&#8230;zeichnet sich ab in den erstaunlichen \u00c4u\u00dferungen des Verteidigungsministers Ehud Barak am gestrigen Gedenktag f\u00fcr die gefallenen Soldaten. Erstens sagt er klar wie kaum ein israelischer Politiker vor ihm, dass die Besatzung enden muss: &#8222;The world isn&#8217;t willing to accept &#8211; and we won&#8217;t change that in 2010 &#8211; the expectation that Israel will rule [&hellip;]","og_url":"https:\/\/blog.zeit.de\/joerglau\/2010\/04\/20\/israels-moment-der-wahrheit-uber-die-besatzung-und-iran_3652","og_site_name":"J\u00f6rg Lau","article_published_time":"2010-04-20T07:49:33+00:00","article_modified_time":"2010-04-20T07:50:34+00:00","author":"J\u00f6rg Lau","twitter_card":"summary_large_image","twitter_misc":{"Geschrieben von":"J\u00f6rg Lau","Gesch\u00e4tzte Lesezeit":"1\u00a0Minute"},"schema":{"@context":"https:\/\/schema.org","@graph":[{"@type":"WebPage","@id":"https:\/\/blog.zeit.de\/joerglau\/2010\/04\/20\/israels-moment-der-wahrheit-uber-die-besatzung-und-iran_3652","url":"https:\/\/blog.zeit.de\/joerglau\/2010\/04\/20\/israels-moment-der-wahrheit-uber-die-besatzung-und-iran_3652","name":"Israels Moment der Wahrheit \u00fcber die Besatzung und Iran - J\u00f6rg Lau","isPartOf":{"@id":"https:\/\/blog.zeit.de\/joerglau\/#website"},"datePublished":"2010-04-20T07:49:33+00:00","dateModified":"2010-04-20T07:50:34+00:00","author":{"@id":"https:\/\/blog.zeit.de\/joerglau\/#\/schema\/person\/55f0be9bfac24815791fbc852b042f57"},"breadcrumb":{"@id":"https:\/\/blog.zeit.de\/joerglau\/2010\/04\/20\/israels-moment-der-wahrheit-uber-die-besatzung-und-iran_3652#breadcrumb"},"inLanguage":"de","potentialAction":[{"@type":"ReadAction","target":["https:\/\/blog.zeit.de\/joerglau\/2010\/04\/20\/israels-moment-der-wahrheit-uber-die-besatzung-und-iran_3652"]}]},{"@type":"BreadcrumbList","@id":"https:\/\/blog.zeit.de\/joerglau\/2010\/04\/20\/israels-moment-der-wahrheit-uber-die-besatzung-und-iran_3652#breadcrumb","itemListElement":[{"@type":"ListItem","position":1,"name":"Startseite","item":"https:\/\/blog.zeit.de\/joerglau"},{"@type":"ListItem","position":2,"name":"Israels Moment der Wahrheit \u00fcber die Besatzung und Iran"}]},{"@type":"WebSite","@id":"https:\/\/blog.zeit.de\/joerglau\/#website","url":"https:\/\/blog.zeit.de\/joerglau\/","name":"J\u00f6rg Lau","description":"Ein Blog \u00fcber Religion und Politik","potentialAction":[{"@type":"SearchAction","target":{"@type":"EntryPoint","urlTemplate":"https:\/\/blog.zeit.de\/joerglau\/?s={search_term_string}"},"query-input":"required name=search_term_string"}],"inLanguage":"de"},{"@type":"Person","@id":"https:\/\/blog.zeit.de\/joerglau\/#\/schema\/person\/55f0be9bfac24815791fbc852b042f57","name":"J\u00f6rg Lau","image":{"@type":"ImageObject","inLanguage":"de","@id":"https:\/\/blog.zeit.de\/joerglau\/#\/schema\/person\/image\/","url":"https:\/\/secure.gravatar.com\/avatar\/a5fe39bf4f5335b8bac36eefa0b41467221b1598bfea5f05159a0199e391eed0?s=96&d=mm&r=g","contentUrl":"https:\/\/secure.gravatar.com\/avatar\/a5fe39bf4f5335b8bac36eefa0b41467221b1598bfea5f05159a0199e391eed0?s=96&d=mm&r=g","caption":"J\u00f6rg Lau"},"url":"https:\/\/blog.zeit.de\/joerglau\/author\/joerg-lau"}]}},"jetpack_featured_media_url":"","jetpack_sharing_enabled":true,"jetpack_shortlink":"https:\/\/wp.me\/pG02W-WU","_links":{"self":[{"href":"https:\/\/blog.zeit.de\/joerglau\/wp-json\/wp\/v2\/posts\/3652","targetHints":{"allow":["GET"]}}],"collection":[{"href":"https:\/\/blog.zeit.de\/joerglau\/wp-json\/wp\/v2\/posts"}],"about":[{"href":"https:\/\/blog.zeit.de\/joerglau\/wp-json\/wp\/v2\/types\/post"}],"author":[{"embeddable":true,"href":"https:\/\/blog.zeit.de\/joerglau\/wp-json\/wp\/v2\/users\/54"}],"replies":[{"embeddable":true,"href":"https:\/\/blog.zeit.de\/joerglau\/wp-json\/wp\/v2\/comments?post=3652"}],"version-history":[{"count":0,"href":"https:\/\/blog.zeit.de\/joerglau\/wp-json\/wp\/v2\/posts\/3652\/revisions"}],"wp:attachment":[{"href":"https:\/\/blog.zeit.de\/joerglau\/wp-json\/wp\/v2\/media?parent=3652"}],"wp:term":[{"taxonomy":"category","embeddable":true,"href":"https:\/\/blog.zeit.de\/joerglau\/wp-json\/wp\/v2\/categories?post=3652"},{"taxonomy":"post_tag","embeddable":true,"href":"https:\/\/blog.zeit.de\/joerglau\/wp-json\/wp\/v2\/tags?post=3652"}],"curies":[{"name":"wp","href":"https:\/\/api.w.org\/{rel}","templated":true}]}}