{"id":3664,"date":"2010-04-21T14:40:44","date_gmt":"2010-04-21T12:40:44","guid":{"rendered":"http:\/\/blog.zeit.de\/joerglau\/?p=3664"},"modified":"2010-04-21T14:40:44","modified_gmt":"2010-04-21T12:40:44","slug":"die-taliban-greifen-deutsche-an-weil-sie-als-schwach-gelten","status":"publish","type":"post","link":"https:\/\/blog.zeit.de\/joerglau\/2010\/04\/21\/die-taliban-greifen-deutsche-an-weil-sie-als-schwach-gelten_3664","title":{"rendered":"Die Taliban greifen Deutsche an, weil sie als schwach gelten"},"content":{"rendered":"<p>Morgen gibt die Bundeskanzlerin eine Regierungserkl\u00e4rung zum Krieg in Afghanistan ab &#8211; die vierte in sechs Monaten.<\/p>\n<p><a href=\"http:\/\/www.zeit.de\/politik\/ausland\/2010-04\/ahmed-rashid-taliban\">Interessantes Interview<\/a> auf unserer Homepage zu den Problemen der Deutschen und zur neuen Strategie mit Ahmed Rashid:<\/p>\n<p><strong>Frage: <\/strong>Nach dem Willen der Bundesregierung sollen die deutschen Soldaten mehr &#8222;Pr\u00e4senz in der Fl\u00e4che&#8220; zeigen. Wie hoch ist das Risiko, dass die Taliban ihre Angriffe aus dem Hinterhalt auf deutsche Soldaten noch verst\u00e4rken werden?<\/p>\n<p><strong>Rashid: <\/strong>Die Taliban zielen auf diejenigen, die sie als schwache und verwundbare Nato-Mitglieder betrachten: Dazu geh\u00f6ren spanische, italienische und deutsche Soldaten, in deren Heimatl\u00e4ndern verst\u00e4rkte Abzugsdiskussionen gef\u00fchrt werden. Alles deutet darauf hin, dass die Taliban-F\u00fchrung ihre Kommandeure im Norden Afghanistans angewiesen hat, Bundeswehrsoldaten ins Visier zu nehmen. Erschwerend kommt f\u00fcr die deutschen Soldaten hinzu, dass sie nur eine geringe Kenntnis von ihrem Einsatzgebiet haben und zu wenig Feindaufkl\u00e4rung betreiben. Sie haben ihre Lager bisher zu selten verlassen. Oftmals wissen sie nicht zu unterscheiden: Wer ist ein Taliban \u2013 und wer nicht? Dagegen haben die US-Soldaten und die Briten in ihren Einsatzregionen sehr viel mehr Zeit darauf verwendet, mit Dorf\u00e4ltesten zu sprechen und Dorfversammlungen abzuhalten. Dies wurde leider von den Deutschen sehr stark vernachl\u00e4ssigt.<\/p>\n","protected":false},"excerpt":{"rendered":"<p>Morgen gibt die Bundeskanzlerin eine Regierungserkl\u00e4rung zum Krieg in Afghanistan ab &#8211; die vierte in sechs Monaten. Interessantes Interview auf unserer Homepage zu den Problemen der Deutschen und zur neuen Strategie mit Ahmed Rashid: Frage: Nach dem Willen der Bundesregierung sollen die deutschen Soldaten mehr &#8222;Pr\u00e4senz in der Fl\u00e4che&#8220; zeigen. Wie hoch ist das Risiko, [&hellip;]<\/p>\n","protected":false},"author":54,"featured_media":0,"comment_status":"open","ping_status":"closed","sticky":false,"template":"","format":"standard","meta":{"jetpack_post_was_ever_published":false,"footnotes":""},"categories":[151],"tags":[],"class_list":["post-3664","post","type-post","status-publish","format-standard","hentry","category-afghanistan"],"yoast_head":"<!-- This site is optimized with the Yoast SEO plugin v21.0 - https:\/\/yoast.com\/wordpress\/plugins\/seo\/ -->\n<title>Die Taliban greifen Deutsche an, weil sie als schwach gelten - J\u00f6rg Lau<\/title>\n<meta name=\"robots\" content=\"index, follow, max-snippet:-1, max-image-preview:large, max-video-preview:-1\" \/>\n<link rel=\"canonical\" href=\"https:\/\/blog.zeit.de\/joerglau\/2010\/04\/21\/die-taliban-greifen-deutsche-an-weil-sie-als-schwach-gelten_3664\" \/>\n<meta property=\"og:locale\" content=\"de_DE\" \/>\n<meta property=\"og:type\" content=\"article\" \/>\n<meta property=\"og:title\" content=\"Die Taliban greifen Deutsche an, weil sie als schwach gelten - J\u00f6rg Lau\" \/>\n<meta property=\"og:description\" content=\"Morgen gibt die Bundeskanzlerin eine Regierungserkl\u00e4rung zum Krieg in Afghanistan ab &#8211; die vierte in sechs Monaten. Interessantes Interview auf unserer Homepage zu den Problemen der Deutschen und zur neuen Strategie mit Ahmed Rashid: Frage: Nach dem Willen der Bundesregierung sollen die deutschen Soldaten mehr &#8222;Pr\u00e4senz in der Fl\u00e4che&#8220; zeigen. Wie hoch ist das Risiko, [&hellip;]\" \/>\n<meta property=\"og:url\" content=\"https:\/\/blog.zeit.de\/joerglau\/2010\/04\/21\/die-taliban-greifen-deutsche-an-weil-sie-als-schwach-gelten_3664\" \/>\n<meta property=\"og:site_name\" content=\"J\u00f6rg Lau\" \/>\n<meta property=\"article:published_time\" content=\"2010-04-21T12:40:44+00:00\" \/>\n<meta name=\"author\" content=\"J\u00f6rg Lau\" \/>\n<meta name=\"twitter:card\" content=\"summary_large_image\" \/>\n<meta name=\"twitter:label1\" content=\"Geschrieben von\" \/>\n\t<meta name=\"twitter:data1\" content=\"J\u00f6rg Lau\" \/>\n\t<meta name=\"twitter:label2\" content=\"Gesch\u00e4tzte Lesezeit\" \/>\n\t<meta name=\"twitter:data2\" content=\"1\u00a0Minute\" \/>\n<script type=\"application\/ld+json\" class=\"yoast-schema-graph\">{\"@context\":\"https:\/\/schema.org\",\"@graph\":[{\"@type\":\"WebPage\",\"@id\":\"https:\/\/blog.zeit.de\/joerglau\/2010\/04\/21\/die-taliban-greifen-deutsche-an-weil-sie-als-schwach-gelten_3664\",\"url\":\"https:\/\/blog.zeit.de\/joerglau\/2010\/04\/21\/die-taliban-greifen-deutsche-an-weil-sie-als-schwach-gelten_3664\",\"name\":\"Die Taliban greifen Deutsche an, weil sie als schwach gelten - J\u00f6rg Lau\",\"isPartOf\":{\"@id\":\"https:\/\/blog.zeit.de\/joerglau\/#website\"},\"datePublished\":\"2010-04-21T12:40:44+00:00\",\"dateModified\":\"2010-04-21T12:40:44+00:00\",\"author\":{\"@id\":\"https:\/\/blog.zeit.de\/joerglau\/#\/schema\/person\/55f0be9bfac24815791fbc852b042f57\"},\"breadcrumb\":{\"@id\":\"https:\/\/blog.zeit.de\/joerglau\/2010\/04\/21\/die-taliban-greifen-deutsche-an-weil-sie-als-schwach-gelten_3664#breadcrumb\"},\"inLanguage\":\"de\",\"potentialAction\":[{\"@type\":\"ReadAction\",\"target\":[\"https:\/\/blog.zeit.de\/joerglau\/2010\/04\/21\/die-taliban-greifen-deutsche-an-weil-sie-als-schwach-gelten_3664\"]}]},{\"@type\":\"BreadcrumbList\",\"@id\":\"https:\/\/blog.zeit.de\/joerglau\/2010\/04\/21\/die-taliban-greifen-deutsche-an-weil-sie-als-schwach-gelten_3664#breadcrumb\",\"itemListElement\":[{\"@type\":\"ListItem\",\"position\":1,\"name\":\"Startseite\",\"item\":\"https:\/\/blog.zeit.de\/joerglau\"},{\"@type\":\"ListItem\",\"position\":2,\"name\":\"Die Taliban greifen Deutsche an, weil sie als schwach gelten\"}]},{\"@type\":\"WebSite\",\"@id\":\"https:\/\/blog.zeit.de\/joerglau\/#website\",\"url\":\"https:\/\/blog.zeit.de\/joerglau\/\",\"name\":\"J\u00f6rg Lau\",\"description\":\"Ein Blog \u00fcber Religion und Politik\",\"potentialAction\":[{\"@type\":\"SearchAction\",\"target\":{\"@type\":\"EntryPoint\",\"urlTemplate\":\"https:\/\/blog.zeit.de\/joerglau\/?s={search_term_string}\"},\"query-input\":\"required name=search_term_string\"}],\"inLanguage\":\"de\"},{\"@type\":\"Person\",\"@id\":\"https:\/\/blog.zeit.de\/joerglau\/#\/schema\/person\/55f0be9bfac24815791fbc852b042f57\",\"name\":\"J\u00f6rg Lau\",\"image\":{\"@type\":\"ImageObject\",\"inLanguage\":\"de\",\"@id\":\"https:\/\/blog.zeit.de\/joerglau\/#\/schema\/person\/image\/\",\"url\":\"https:\/\/secure.gravatar.com\/avatar\/a5fe39bf4f5335b8bac36eefa0b41467221b1598bfea5f05159a0199e391eed0?s=96&d=mm&r=g\",\"contentUrl\":\"https:\/\/secure.gravatar.com\/avatar\/a5fe39bf4f5335b8bac36eefa0b41467221b1598bfea5f05159a0199e391eed0?s=96&d=mm&r=g\",\"caption\":\"J\u00f6rg Lau\"},\"url\":\"https:\/\/blog.zeit.de\/joerglau\/author\/joerg-lau\"}]}<\/script>\n<!-- \/ Yoast SEO plugin. -->","yoast_head_json":{"title":"Die Taliban greifen Deutsche an, weil sie als schwach gelten - J\u00f6rg Lau","robots":{"index":"index","follow":"follow","max-snippet":"max-snippet:-1","max-image-preview":"max-image-preview:large","max-video-preview":"max-video-preview:-1"},"canonical":"https:\/\/blog.zeit.de\/joerglau\/2010\/04\/21\/die-taliban-greifen-deutsche-an-weil-sie-als-schwach-gelten_3664","og_locale":"de_DE","og_type":"article","og_title":"Die Taliban greifen Deutsche an, weil sie als schwach gelten - J\u00f6rg Lau","og_description":"Morgen gibt die Bundeskanzlerin eine Regierungserkl\u00e4rung zum Krieg in Afghanistan ab &#8211; die vierte in sechs Monaten. Interessantes Interview auf unserer Homepage zu den Problemen der Deutschen und zur neuen Strategie mit Ahmed Rashid: Frage: Nach dem Willen der Bundesregierung sollen die deutschen Soldaten mehr &#8222;Pr\u00e4senz in der Fl\u00e4che&#8220; zeigen. Wie hoch ist das Risiko, [&hellip;]","og_url":"https:\/\/blog.zeit.de\/joerglau\/2010\/04\/21\/die-taliban-greifen-deutsche-an-weil-sie-als-schwach-gelten_3664","og_site_name":"J\u00f6rg Lau","article_published_time":"2010-04-21T12:40:44+00:00","author":"J\u00f6rg Lau","twitter_card":"summary_large_image","twitter_misc":{"Geschrieben von":"J\u00f6rg Lau","Gesch\u00e4tzte Lesezeit":"1\u00a0Minute"},"schema":{"@context":"https:\/\/schema.org","@graph":[{"@type":"WebPage","@id":"https:\/\/blog.zeit.de\/joerglau\/2010\/04\/21\/die-taliban-greifen-deutsche-an-weil-sie-als-schwach-gelten_3664","url":"https:\/\/blog.zeit.de\/joerglau\/2010\/04\/21\/die-taliban-greifen-deutsche-an-weil-sie-als-schwach-gelten_3664","name":"Die Taliban greifen Deutsche an, weil sie als schwach gelten - J\u00f6rg Lau","isPartOf":{"@id":"https:\/\/blog.zeit.de\/joerglau\/#website"},"datePublished":"2010-04-21T12:40:44+00:00","dateModified":"2010-04-21T12:40:44+00:00","author":{"@id":"https:\/\/blog.zeit.de\/joerglau\/#\/schema\/person\/55f0be9bfac24815791fbc852b042f57"},"breadcrumb":{"@id":"https:\/\/blog.zeit.de\/joerglau\/2010\/04\/21\/die-taliban-greifen-deutsche-an-weil-sie-als-schwach-gelten_3664#breadcrumb"},"inLanguage":"de","potentialAction":[{"@type":"ReadAction","target":["https:\/\/blog.zeit.de\/joerglau\/2010\/04\/21\/die-taliban-greifen-deutsche-an-weil-sie-als-schwach-gelten_3664"]}]},{"@type":"BreadcrumbList","@id":"https:\/\/blog.zeit.de\/joerglau\/2010\/04\/21\/die-taliban-greifen-deutsche-an-weil-sie-als-schwach-gelten_3664#breadcrumb","itemListElement":[{"@type":"ListItem","position":1,"name":"Startseite","item":"https:\/\/blog.zeit.de\/joerglau"},{"@type":"ListItem","position":2,"name":"Die Taliban greifen Deutsche an, weil sie als schwach gelten"}]},{"@type":"WebSite","@id":"https:\/\/blog.zeit.de\/joerglau\/#website","url":"https:\/\/blog.zeit.de\/joerglau\/","name":"J\u00f6rg Lau","description":"Ein Blog \u00fcber Religion und Politik","potentialAction":[{"@type":"SearchAction","target":{"@type":"EntryPoint","urlTemplate":"https:\/\/blog.zeit.de\/joerglau\/?s={search_term_string}"},"query-input":"required name=search_term_string"}],"inLanguage":"de"},{"@type":"Person","@id":"https:\/\/blog.zeit.de\/joerglau\/#\/schema\/person\/55f0be9bfac24815791fbc852b042f57","name":"J\u00f6rg Lau","image":{"@type":"ImageObject","inLanguage":"de","@id":"https:\/\/blog.zeit.de\/joerglau\/#\/schema\/person\/image\/","url":"https:\/\/secure.gravatar.com\/avatar\/a5fe39bf4f5335b8bac36eefa0b41467221b1598bfea5f05159a0199e391eed0?s=96&d=mm&r=g","contentUrl":"https:\/\/secure.gravatar.com\/avatar\/a5fe39bf4f5335b8bac36eefa0b41467221b1598bfea5f05159a0199e391eed0?s=96&d=mm&r=g","caption":"J\u00f6rg Lau"},"url":"https:\/\/blog.zeit.de\/joerglau\/author\/joerg-lau"}]}},"jetpack_featured_media_url":"","jetpack_sharing_enabled":true,"jetpack_shortlink":"https:\/\/wp.me\/pG02W-X6","_links":{"self":[{"href":"https:\/\/blog.zeit.de\/joerglau\/wp-json\/wp\/v2\/posts\/3664","targetHints":{"allow":["GET"]}}],"collection":[{"href":"https:\/\/blog.zeit.de\/joerglau\/wp-json\/wp\/v2\/posts"}],"about":[{"href":"https:\/\/blog.zeit.de\/joerglau\/wp-json\/wp\/v2\/types\/post"}],"author":[{"embeddable":true,"href":"https:\/\/blog.zeit.de\/joerglau\/wp-json\/wp\/v2\/users\/54"}],"replies":[{"embeddable":true,"href":"https:\/\/blog.zeit.de\/joerglau\/wp-json\/wp\/v2\/comments?post=3664"}],"version-history":[{"count":0,"href":"https:\/\/blog.zeit.de\/joerglau\/wp-json\/wp\/v2\/posts\/3664\/revisions"}],"wp:attachment":[{"href":"https:\/\/blog.zeit.de\/joerglau\/wp-json\/wp\/v2\/media?parent=3664"}],"wp:term":[{"taxonomy":"category","embeddable":true,"href":"https:\/\/blog.zeit.de\/joerglau\/wp-json\/wp\/v2\/categories?post=3664"},{"taxonomy":"post_tag","embeddable":true,"href":"https:\/\/blog.zeit.de\/joerglau\/wp-json\/wp\/v2\/tags?post=3664"}],"curies":[{"name":"wp","href":"https:\/\/api.w.org\/{rel}","templated":true}]}}