{"id":3707,"date":"2010-04-28T12:50:25","date_gmt":"2010-04-28T10:50:25","guid":{"rendered":"http:\/\/blog.zeit.de\/joerglau\/?p=3707"},"modified":"2010-04-28T12:57:59","modified_gmt":"2010-04-28T10:57:59","slug":"aygul-ozkan-sie-ist-nicht-die-ministerin-der-turken","status":"publish","type":"post","link":"https:\/\/blog.zeit.de\/joerglau\/2010\/04\/28\/aygul-ozkan-sie-ist-nicht-die-ministerin-der-turken_3707","title":{"rendered":"Ayg\u00fcl \u00d6zkan: &#8222;Nicht die Ministerin der T\u00fcrken&#8220;"},"content":{"rendered":"<p>Ein kluger Kommentar heute in der t\u00fcrkischen Tageszeitung &#8222;ZAMAN&#8220; \u00fcber Ayg\u00fcl \u00d6zkans Vereidigung:<\/p>\n<p>Ismail Kul gie\u00dft etwas Wasser in den Wein der t\u00fcrkischen Begeisterung \u00fcber &#8222;unsere erste Ministerin&#8220;: \u00abWir d\u00fcrfen   die Sache nicht \u00fcbertreiben. Ayg\u00fcl \u00d6zkan ist nicht die Ministerin der T\u00fcrken.   Sie ist die Ministerin, die die CDU gew\u00e4hlt hat und die die gesamte   Bev\u00f6lkerung des Bundeslandes vertreten muss. <strong>Vielleicht wird sie sogar h\u00e4rter   zu unseren Menschen sein als viele ihrer deutschen Kollegen<\/strong>: vielleicht wird   sie sich k\u00f6niglicher als der K\u00f6nig f\u00fchlen. Zweitens ist es <strong>kein Verdienst der   t\u00fcrkischen Community<\/strong>. Genauso, wie es nicht das Verdienst der schwarzen   Bev\u00f6lkerung der USA war, dass Obama Pr\u00e4sident wurde. Nun gilt es nicht auf   die Ministerin zu schauen, sondern darauf, was sie tut. Ihre Leistung m\u00fcssen   wir uns anschauen. Und was noch wichtiger ist: Der Blick in den Spiegel. Wenn   wir uns an diese Reihenfolge halten, werden wir einen guten Weg gehen. In   diesem Sinne w\u00fcnschen wir Ayg\u00fcl \u00d6zkan in ihrem neuen Amt viel Erfolg\u00bb.<\/p>\n","protected":false},"excerpt":{"rendered":"<p>Ein kluger Kommentar heute in der t\u00fcrkischen Tageszeitung &#8222;ZAMAN&#8220; \u00fcber Ayg\u00fcl \u00d6zkans Vereidigung: Ismail Kul gie\u00dft etwas Wasser in den Wein der t\u00fcrkischen Begeisterung \u00fcber &#8222;unsere erste Ministerin&#8220;: \u00abWir d\u00fcrfen die Sache nicht \u00fcbertreiben. Ayg\u00fcl \u00d6zkan ist nicht die Ministerin der T\u00fcrken. Sie ist die Ministerin, die die CDU gew\u00e4hlt hat und die die gesamte [&hellip;]<\/p>\n","protected":false},"author":54,"featured_media":0,"comment_status":"open","ping_status":"closed","sticky":false,"template":"","format":"standard","meta":{"jetpack_post_was_ever_published":false,"footnotes":""},"categories":[157,163],"tags":[],"class_list":["post-3707","post","type-post","status-publish","format-standard","hentry","category-die-freunde-und-die-feinde-des-islams","category-integration"],"yoast_head":"<!-- This site is optimized with the Yoast SEO plugin v21.0 - https:\/\/yoast.com\/wordpress\/plugins\/seo\/ -->\n<title>Ayg\u00fcl \u00d6zkan: &quot;Nicht die Ministerin der T\u00fcrken&quot; - J\u00f6rg Lau<\/title>\n<meta name=\"robots\" content=\"index, follow, max-snippet:-1, max-image-preview:large, max-video-preview:-1\" \/>\n<link rel=\"canonical\" href=\"https:\/\/blog.zeit.de\/joerglau\/2010\/04\/28\/aygul-ozkan-sie-ist-nicht-die-ministerin-der-turken_3707\" \/>\n<meta property=\"og:locale\" content=\"de_DE\" \/>\n<meta property=\"og:type\" content=\"article\" \/>\n<meta property=\"og:title\" content=\"Ayg\u00fcl \u00d6zkan: &quot;Nicht die Ministerin der T\u00fcrken&quot; - J\u00f6rg Lau\" \/>\n<meta property=\"og:description\" content=\"Ein kluger Kommentar heute in der t\u00fcrkischen Tageszeitung &#8222;ZAMAN&#8220; \u00fcber Ayg\u00fcl \u00d6zkans Vereidigung: Ismail Kul gie\u00dft etwas Wasser in den Wein der t\u00fcrkischen Begeisterung \u00fcber &#8222;unsere erste Ministerin&#8220;: \u00abWir d\u00fcrfen die Sache nicht \u00fcbertreiben. Ayg\u00fcl \u00d6zkan ist nicht die Ministerin der T\u00fcrken. Sie ist die Ministerin, die die CDU gew\u00e4hlt hat und die die gesamte [&hellip;]\" \/>\n<meta property=\"og:url\" content=\"https:\/\/blog.zeit.de\/joerglau\/2010\/04\/28\/aygul-ozkan-sie-ist-nicht-die-ministerin-der-turken_3707\" \/>\n<meta property=\"og:site_name\" content=\"J\u00f6rg Lau\" \/>\n<meta property=\"article:published_time\" content=\"2010-04-28T10:50:25+00:00\" \/>\n<meta property=\"article:modified_time\" content=\"2010-04-28T10:57:59+00:00\" \/>\n<meta name=\"author\" content=\"J\u00f6rg Lau\" \/>\n<meta name=\"twitter:card\" content=\"summary_large_image\" \/>\n<meta name=\"twitter:label1\" content=\"Geschrieben von\" \/>\n\t<meta name=\"twitter:data1\" content=\"J\u00f6rg Lau\" \/>\n\t<meta name=\"twitter:label2\" content=\"Gesch\u00e4tzte Lesezeit\" \/>\n\t<meta name=\"twitter:data2\" content=\"1\u00a0Minute\" \/>\n<script type=\"application\/ld+json\" class=\"yoast-schema-graph\">{\"@context\":\"https:\/\/schema.org\",\"@graph\":[{\"@type\":\"WebPage\",\"@id\":\"https:\/\/blog.zeit.de\/joerglau\/2010\/04\/28\/aygul-ozkan-sie-ist-nicht-die-ministerin-der-turken_3707\",\"url\":\"https:\/\/blog.zeit.de\/joerglau\/2010\/04\/28\/aygul-ozkan-sie-ist-nicht-die-ministerin-der-turken_3707\",\"name\":\"Ayg\u00fcl \u00d6zkan: \\\"Nicht die Ministerin der T\u00fcrken\\\" - J\u00f6rg Lau\",\"isPartOf\":{\"@id\":\"https:\/\/blog.zeit.de\/joerglau\/#website\"},\"datePublished\":\"2010-04-28T10:50:25+00:00\",\"dateModified\":\"2010-04-28T10:57:59+00:00\",\"author\":{\"@id\":\"https:\/\/blog.zeit.de\/joerglau\/#\/schema\/person\/55f0be9bfac24815791fbc852b042f57\"},\"breadcrumb\":{\"@id\":\"https:\/\/blog.zeit.de\/joerglau\/2010\/04\/28\/aygul-ozkan-sie-ist-nicht-die-ministerin-der-turken_3707#breadcrumb\"},\"inLanguage\":\"de\",\"potentialAction\":[{\"@type\":\"ReadAction\",\"target\":[\"https:\/\/blog.zeit.de\/joerglau\/2010\/04\/28\/aygul-ozkan-sie-ist-nicht-die-ministerin-der-turken_3707\"]}]},{\"@type\":\"BreadcrumbList\",\"@id\":\"https:\/\/blog.zeit.de\/joerglau\/2010\/04\/28\/aygul-ozkan-sie-ist-nicht-die-ministerin-der-turken_3707#breadcrumb\",\"itemListElement\":[{\"@type\":\"ListItem\",\"position\":1,\"name\":\"Startseite\",\"item\":\"https:\/\/blog.zeit.de\/joerglau\"},{\"@type\":\"ListItem\",\"position\":2,\"name\":\"Ayg\u00fcl \u00d6zkan: &#8222;Nicht die Ministerin der T\u00fcrken&#8220;\"}]},{\"@type\":\"WebSite\",\"@id\":\"https:\/\/blog.zeit.de\/joerglau\/#website\",\"url\":\"https:\/\/blog.zeit.de\/joerglau\/\",\"name\":\"J\u00f6rg Lau\",\"description\":\"Ein Blog \u00fcber Religion und Politik\",\"potentialAction\":[{\"@type\":\"SearchAction\",\"target\":{\"@type\":\"EntryPoint\",\"urlTemplate\":\"https:\/\/blog.zeit.de\/joerglau\/?s={search_term_string}\"},\"query-input\":\"required name=search_term_string\"}],\"inLanguage\":\"de\"},{\"@type\":\"Person\",\"@id\":\"https:\/\/blog.zeit.de\/joerglau\/#\/schema\/person\/55f0be9bfac24815791fbc852b042f57\",\"name\":\"J\u00f6rg Lau\",\"image\":{\"@type\":\"ImageObject\",\"inLanguage\":\"de\",\"@id\":\"https:\/\/blog.zeit.de\/joerglau\/#\/schema\/person\/image\/\",\"url\":\"https:\/\/secure.gravatar.com\/avatar\/a5fe39bf4f5335b8bac36eefa0b41467221b1598bfea5f05159a0199e391eed0?s=96&d=mm&r=g\",\"contentUrl\":\"https:\/\/secure.gravatar.com\/avatar\/a5fe39bf4f5335b8bac36eefa0b41467221b1598bfea5f05159a0199e391eed0?s=96&d=mm&r=g\",\"caption\":\"J\u00f6rg Lau\"},\"url\":\"https:\/\/blog.zeit.de\/joerglau\/author\/joerg-lau\"}]}<\/script>\n<!-- \/ Yoast SEO plugin. -->","yoast_head_json":{"title":"Ayg\u00fcl \u00d6zkan: \"Nicht die Ministerin der T\u00fcrken\" - J\u00f6rg Lau","robots":{"index":"index","follow":"follow","max-snippet":"max-snippet:-1","max-image-preview":"max-image-preview:large","max-video-preview":"max-video-preview:-1"},"canonical":"https:\/\/blog.zeit.de\/joerglau\/2010\/04\/28\/aygul-ozkan-sie-ist-nicht-die-ministerin-der-turken_3707","og_locale":"de_DE","og_type":"article","og_title":"Ayg\u00fcl \u00d6zkan: \"Nicht die Ministerin der T\u00fcrken\" - J\u00f6rg Lau","og_description":"Ein kluger Kommentar heute in der t\u00fcrkischen Tageszeitung &#8222;ZAMAN&#8220; \u00fcber Ayg\u00fcl \u00d6zkans Vereidigung: Ismail Kul gie\u00dft etwas Wasser in den Wein der t\u00fcrkischen Begeisterung \u00fcber &#8222;unsere erste Ministerin&#8220;: \u00abWir d\u00fcrfen die Sache nicht \u00fcbertreiben. Ayg\u00fcl \u00d6zkan ist nicht die Ministerin der T\u00fcrken. Sie ist die Ministerin, die die CDU gew\u00e4hlt hat und die die gesamte [&hellip;]","og_url":"https:\/\/blog.zeit.de\/joerglau\/2010\/04\/28\/aygul-ozkan-sie-ist-nicht-die-ministerin-der-turken_3707","og_site_name":"J\u00f6rg Lau","article_published_time":"2010-04-28T10:50:25+00:00","article_modified_time":"2010-04-28T10:57:59+00:00","author":"J\u00f6rg Lau","twitter_card":"summary_large_image","twitter_misc":{"Geschrieben von":"J\u00f6rg Lau","Gesch\u00e4tzte Lesezeit":"1\u00a0Minute"},"schema":{"@context":"https:\/\/schema.org","@graph":[{"@type":"WebPage","@id":"https:\/\/blog.zeit.de\/joerglau\/2010\/04\/28\/aygul-ozkan-sie-ist-nicht-die-ministerin-der-turken_3707","url":"https:\/\/blog.zeit.de\/joerglau\/2010\/04\/28\/aygul-ozkan-sie-ist-nicht-die-ministerin-der-turken_3707","name":"Ayg\u00fcl \u00d6zkan: \"Nicht die Ministerin der T\u00fcrken\" - J\u00f6rg Lau","isPartOf":{"@id":"https:\/\/blog.zeit.de\/joerglau\/#website"},"datePublished":"2010-04-28T10:50:25+00:00","dateModified":"2010-04-28T10:57:59+00:00","author":{"@id":"https:\/\/blog.zeit.de\/joerglau\/#\/schema\/person\/55f0be9bfac24815791fbc852b042f57"},"breadcrumb":{"@id":"https:\/\/blog.zeit.de\/joerglau\/2010\/04\/28\/aygul-ozkan-sie-ist-nicht-die-ministerin-der-turken_3707#breadcrumb"},"inLanguage":"de","potentialAction":[{"@type":"ReadAction","target":["https:\/\/blog.zeit.de\/joerglau\/2010\/04\/28\/aygul-ozkan-sie-ist-nicht-die-ministerin-der-turken_3707"]}]},{"@type":"BreadcrumbList","@id":"https:\/\/blog.zeit.de\/joerglau\/2010\/04\/28\/aygul-ozkan-sie-ist-nicht-die-ministerin-der-turken_3707#breadcrumb","itemListElement":[{"@type":"ListItem","position":1,"name":"Startseite","item":"https:\/\/blog.zeit.de\/joerglau"},{"@type":"ListItem","position":2,"name":"Ayg\u00fcl \u00d6zkan: &#8222;Nicht die Ministerin der T\u00fcrken&#8220;"}]},{"@type":"WebSite","@id":"https:\/\/blog.zeit.de\/joerglau\/#website","url":"https:\/\/blog.zeit.de\/joerglau\/","name":"J\u00f6rg Lau","description":"Ein Blog \u00fcber Religion und Politik","potentialAction":[{"@type":"SearchAction","target":{"@type":"EntryPoint","urlTemplate":"https:\/\/blog.zeit.de\/joerglau\/?s={search_term_string}"},"query-input":"required name=search_term_string"}],"inLanguage":"de"},{"@type":"Person","@id":"https:\/\/blog.zeit.de\/joerglau\/#\/schema\/person\/55f0be9bfac24815791fbc852b042f57","name":"J\u00f6rg Lau","image":{"@type":"ImageObject","inLanguage":"de","@id":"https:\/\/blog.zeit.de\/joerglau\/#\/schema\/person\/image\/","url":"https:\/\/secure.gravatar.com\/avatar\/a5fe39bf4f5335b8bac36eefa0b41467221b1598bfea5f05159a0199e391eed0?s=96&d=mm&r=g","contentUrl":"https:\/\/secure.gravatar.com\/avatar\/a5fe39bf4f5335b8bac36eefa0b41467221b1598bfea5f05159a0199e391eed0?s=96&d=mm&r=g","caption":"J\u00f6rg Lau"},"url":"https:\/\/blog.zeit.de\/joerglau\/author\/joerg-lau"}]}},"jetpack_featured_media_url":"","jetpack_sharing_enabled":true,"jetpack_shortlink":"https:\/\/wp.me\/pG02W-XN","_links":{"self":[{"href":"https:\/\/blog.zeit.de\/joerglau\/wp-json\/wp\/v2\/posts\/3707","targetHints":{"allow":["GET"]}}],"collection":[{"href":"https:\/\/blog.zeit.de\/joerglau\/wp-json\/wp\/v2\/posts"}],"about":[{"href":"https:\/\/blog.zeit.de\/joerglau\/wp-json\/wp\/v2\/types\/post"}],"author":[{"embeddable":true,"href":"https:\/\/blog.zeit.de\/joerglau\/wp-json\/wp\/v2\/users\/54"}],"replies":[{"embeddable":true,"href":"https:\/\/blog.zeit.de\/joerglau\/wp-json\/wp\/v2\/comments?post=3707"}],"version-history":[{"count":0,"href":"https:\/\/blog.zeit.de\/joerglau\/wp-json\/wp\/v2\/posts\/3707\/revisions"}],"wp:attachment":[{"href":"https:\/\/blog.zeit.de\/joerglau\/wp-json\/wp\/v2\/media?parent=3707"}],"wp:term":[{"taxonomy":"category","embeddable":true,"href":"https:\/\/blog.zeit.de\/joerglau\/wp-json\/wp\/v2\/categories?post=3707"},{"taxonomy":"post_tag","embeddable":true,"href":"https:\/\/blog.zeit.de\/joerglau\/wp-json\/wp\/v2\/tags?post=3707"}],"curies":[{"name":"wp","href":"https:\/\/api.w.org\/{rel}","templated":true}]}}