{"id":3723,"date":"2010-04-30T15:42:48","date_gmt":"2010-04-30T13:42:48","guid":{"rendered":"http:\/\/blog.zeit.de\/joerglau\/?p=3723"},"modified":"2010-04-30T15:42:48","modified_gmt":"2010-04-30T13:42:48","slug":"71000-kommentare","status":"publish","type":"post","link":"https:\/\/blog.zeit.de\/joerglau\/2010\/04\/30\/71000-kommentare_3723","title":{"rendered":"71000 Kommentare"},"content":{"rendered":"<p><a href=\"https:\/\/blog.zeit.de\/joerglau\/files\/2010\/04\/Bild-101.png\"><img loading=\"lazy\" decoding=\"async\" class=\"alignnone size-full wp-image-3722\" title=\"Bild 10\" src=\"https:\/\/blog.zeit.de\/joerglau\/files\/2010\/04\/Bild-101.png\" alt=\"\" width=\"500\" height=\"157\" srcset=\"https:\/\/blog.zeit.de\/joerglau\/files\/2010\/04\/Bild-101.png 500w, https:\/\/blog.zeit.de\/joerglau\/files\/2010\/04\/Bild-101-300x94.png 300w\" sizes=\"auto, (max-width: 500px) 100vw, 500px\" \/><\/a><\/p>\n<p>So sah es eben auf meiner WordPress-Seite aus.<\/p>\n<p>Auch wenn ich mich manchmal aufrege und (wirklich nur) ganz gelegentlich Teilnehmer ausschlie\u00dfe, weil sie die offene Debattenatmosph\u00e4re kaputtmachen: Die meisten der Mitblogger liefern hier Beitr\u00e4ge ab, von denen ich immer wieder sehr profitiere &#8211; weil sie meine eigenen Reaktionen herausfordern, weil sie auf meine blinden Flecken hinweisen oder einfach weil sie aus eigener Erfahrung oder aus selbst erworbenem Wissen die Debatte erweitern. Vielen Dank daf\u00fcr.<\/p>\n<p>Wenn ich richtig rechne, kommen im Schnitt 51 Kommentare auf jeden Beitrag. Erfreulich viel.<\/p>\n<p>Mittlerweile werde ich immer \u00f6fter auf das Blog angesprochen, das als journalistische Form eigenen Rechts von mehr und mehr Lesern erkannt wird. Gut so. F\u00fcr mich ist das Bloggen eine Arbeitsform geworden, die sich gar nicht mehr fein s\u00e4uberlich von der sonstigen journalistischen Arbeit trennen l\u00e4sst. Ein Blog bietet die M\u00f6glichkeit, Dinge wie in einem Tagebuch kurz festzuhalten, Ideen und Meinungen auszuprobieren und Zusammenh\u00e4nge herzustellen, die im gedruckten, unverlinkten Text so nicht funktionieren. Und man bekommt sofort Kontra f\u00fcr Dummheiten und Schwachheiten.<\/p>\n<p>Der papierenen Zeitung geb\u00fchrt allerdings der Dank daf\u00fcr, dieses Forum hier mit zu finanzieren und mir die Zeit daf\u00fcr zu lassen.<\/p>\n","protected":false},"excerpt":{"rendered":"<p>So sah es eben auf meiner WordPress-Seite aus. Auch wenn ich mich manchmal aufrege und (wirklich nur) ganz gelegentlich Teilnehmer ausschlie\u00dfe, weil sie die offene Debattenatmosph\u00e4re kaputtmachen: Die meisten der Mitblogger liefern hier Beitr\u00e4ge ab, von denen ich immer wieder sehr profitiere &#8211; weil sie meine eigenen Reaktionen herausfordern, weil sie auf meine blinden Flecken [&hellip;]<\/p>\n","protected":false},"author":54,"featured_media":0,"comment_status":"open","ping_status":"closed","sticky":false,"template":"","format":"standard","meta":{"jetpack_post_was_ever_published":false,"footnotes":""},"categories":[169],"tags":[],"class_list":["post-3723","post","type-post","status-publish","format-standard","hentry","category-medienkritik"],"yoast_head":"<!-- This site is optimized with the Yoast SEO plugin v21.0 - https:\/\/yoast.com\/wordpress\/plugins\/seo\/ -->\n<title>71000 Kommentare - J\u00f6rg Lau<\/title>\n<meta name=\"robots\" content=\"index, follow, max-snippet:-1, max-image-preview:large, max-video-preview:-1\" \/>\n<link rel=\"canonical\" href=\"https:\/\/blog.zeit.de\/joerglau\/2010\/04\/30\/71000-kommentare_3723\" \/>\n<meta property=\"og:locale\" content=\"de_DE\" \/>\n<meta property=\"og:type\" content=\"article\" \/>\n<meta property=\"og:title\" content=\"71000 Kommentare - J\u00f6rg Lau\" \/>\n<meta property=\"og:description\" content=\"So sah es eben auf meiner WordPress-Seite aus. Auch wenn ich mich manchmal aufrege und (wirklich nur) ganz gelegentlich Teilnehmer ausschlie\u00dfe, weil sie die offene Debattenatmosph\u00e4re kaputtmachen: Die meisten der Mitblogger liefern hier Beitr\u00e4ge ab, von denen ich immer wieder sehr profitiere &#8211; weil sie meine eigenen Reaktionen herausfordern, weil sie auf meine blinden Flecken [&hellip;]\" \/>\n<meta property=\"og:url\" content=\"https:\/\/blog.zeit.de\/joerglau\/2010\/04\/30\/71000-kommentare_3723\" \/>\n<meta property=\"og:site_name\" content=\"J\u00f6rg Lau\" \/>\n<meta property=\"article:published_time\" content=\"2010-04-30T13:42:48+00:00\" \/>\n<meta property=\"og:image\" content=\"https:\/\/blog.zeit.de\/joerglau\/files\/2010\/04\/Bild-101.png\" \/>\n<meta name=\"author\" content=\"J\u00f6rg Lau\" \/>\n<meta name=\"twitter:card\" content=\"summary_large_image\" \/>\n<meta name=\"twitter:label1\" content=\"Geschrieben von\" \/>\n\t<meta name=\"twitter:data1\" content=\"J\u00f6rg Lau\" \/>\n\t<meta name=\"twitter:label2\" content=\"Gesch\u00e4tzte Lesezeit\" \/>\n\t<meta name=\"twitter:data2\" content=\"1\u00a0Minute\" \/>\n<script type=\"application\/ld+json\" class=\"yoast-schema-graph\">{\"@context\":\"https:\/\/schema.org\",\"@graph\":[{\"@type\":\"WebPage\",\"@id\":\"https:\/\/blog.zeit.de\/joerglau\/2010\/04\/30\/71000-kommentare_3723\",\"url\":\"https:\/\/blog.zeit.de\/joerglau\/2010\/04\/30\/71000-kommentare_3723\",\"name\":\"71000 Kommentare - J\u00f6rg Lau\",\"isPartOf\":{\"@id\":\"https:\/\/blog.zeit.de\/joerglau\/#website\"},\"datePublished\":\"2010-04-30T13:42:48+00:00\",\"dateModified\":\"2010-04-30T13:42:48+00:00\",\"author\":{\"@id\":\"https:\/\/blog.zeit.de\/joerglau\/#\/schema\/person\/55f0be9bfac24815791fbc852b042f57\"},\"breadcrumb\":{\"@id\":\"https:\/\/blog.zeit.de\/joerglau\/2010\/04\/30\/71000-kommentare_3723#breadcrumb\"},\"inLanguage\":\"de\",\"potentialAction\":[{\"@type\":\"ReadAction\",\"target\":[\"https:\/\/blog.zeit.de\/joerglau\/2010\/04\/30\/71000-kommentare_3723\"]}]},{\"@type\":\"BreadcrumbList\",\"@id\":\"https:\/\/blog.zeit.de\/joerglau\/2010\/04\/30\/71000-kommentare_3723#breadcrumb\",\"itemListElement\":[{\"@type\":\"ListItem\",\"position\":1,\"name\":\"Startseite\",\"item\":\"https:\/\/blog.zeit.de\/joerglau\"},{\"@type\":\"ListItem\",\"position\":2,\"name\":\"71000 Kommentare\"}]},{\"@type\":\"WebSite\",\"@id\":\"https:\/\/blog.zeit.de\/joerglau\/#website\",\"url\":\"https:\/\/blog.zeit.de\/joerglau\/\",\"name\":\"J\u00f6rg Lau\",\"description\":\"Ein Blog \u00fcber Religion und Politik\",\"potentialAction\":[{\"@type\":\"SearchAction\",\"target\":{\"@type\":\"EntryPoint\",\"urlTemplate\":\"https:\/\/blog.zeit.de\/joerglau\/?s={search_term_string}\"},\"query-input\":\"required name=search_term_string\"}],\"inLanguage\":\"de\"},{\"@type\":\"Person\",\"@id\":\"https:\/\/blog.zeit.de\/joerglau\/#\/schema\/person\/55f0be9bfac24815791fbc852b042f57\",\"name\":\"J\u00f6rg Lau\",\"image\":{\"@type\":\"ImageObject\",\"inLanguage\":\"de\",\"@id\":\"https:\/\/blog.zeit.de\/joerglau\/#\/schema\/person\/image\/\",\"url\":\"https:\/\/secure.gravatar.com\/avatar\/a5fe39bf4f5335b8bac36eefa0b41467221b1598bfea5f05159a0199e391eed0?s=96&d=mm&r=g\",\"contentUrl\":\"https:\/\/secure.gravatar.com\/avatar\/a5fe39bf4f5335b8bac36eefa0b41467221b1598bfea5f05159a0199e391eed0?s=96&d=mm&r=g\",\"caption\":\"J\u00f6rg Lau\"},\"url\":\"https:\/\/blog.zeit.de\/joerglau\/author\/joerg-lau\"}]}<\/script>\n<!-- \/ Yoast SEO plugin. -->","yoast_head_json":{"title":"71000 Kommentare - J\u00f6rg Lau","robots":{"index":"index","follow":"follow","max-snippet":"max-snippet:-1","max-image-preview":"max-image-preview:large","max-video-preview":"max-video-preview:-1"},"canonical":"https:\/\/blog.zeit.de\/joerglau\/2010\/04\/30\/71000-kommentare_3723","og_locale":"de_DE","og_type":"article","og_title":"71000 Kommentare - J\u00f6rg Lau","og_description":"So sah es eben auf meiner WordPress-Seite aus. Auch wenn ich mich manchmal aufrege und (wirklich nur) ganz gelegentlich Teilnehmer ausschlie\u00dfe, weil sie die offene Debattenatmosph\u00e4re kaputtmachen: Die meisten der Mitblogger liefern hier Beitr\u00e4ge ab, von denen ich immer wieder sehr profitiere &#8211; weil sie meine eigenen Reaktionen herausfordern, weil sie auf meine blinden Flecken [&hellip;]","og_url":"https:\/\/blog.zeit.de\/joerglau\/2010\/04\/30\/71000-kommentare_3723","og_site_name":"J\u00f6rg Lau","article_published_time":"2010-04-30T13:42:48+00:00","og_image":[{"url":"https:\/\/blog.zeit.de\/joerglau\/files\/2010\/04\/Bild-101.png"}],"author":"J\u00f6rg Lau","twitter_card":"summary_large_image","twitter_misc":{"Geschrieben von":"J\u00f6rg Lau","Gesch\u00e4tzte Lesezeit":"1\u00a0Minute"},"schema":{"@context":"https:\/\/schema.org","@graph":[{"@type":"WebPage","@id":"https:\/\/blog.zeit.de\/joerglau\/2010\/04\/30\/71000-kommentare_3723","url":"https:\/\/blog.zeit.de\/joerglau\/2010\/04\/30\/71000-kommentare_3723","name":"71000 Kommentare - J\u00f6rg Lau","isPartOf":{"@id":"https:\/\/blog.zeit.de\/joerglau\/#website"},"datePublished":"2010-04-30T13:42:48+00:00","dateModified":"2010-04-30T13:42:48+00:00","author":{"@id":"https:\/\/blog.zeit.de\/joerglau\/#\/schema\/person\/55f0be9bfac24815791fbc852b042f57"},"breadcrumb":{"@id":"https:\/\/blog.zeit.de\/joerglau\/2010\/04\/30\/71000-kommentare_3723#breadcrumb"},"inLanguage":"de","potentialAction":[{"@type":"ReadAction","target":["https:\/\/blog.zeit.de\/joerglau\/2010\/04\/30\/71000-kommentare_3723"]}]},{"@type":"BreadcrumbList","@id":"https:\/\/blog.zeit.de\/joerglau\/2010\/04\/30\/71000-kommentare_3723#breadcrumb","itemListElement":[{"@type":"ListItem","position":1,"name":"Startseite","item":"https:\/\/blog.zeit.de\/joerglau"},{"@type":"ListItem","position":2,"name":"71000 Kommentare"}]},{"@type":"WebSite","@id":"https:\/\/blog.zeit.de\/joerglau\/#website","url":"https:\/\/blog.zeit.de\/joerglau\/","name":"J\u00f6rg Lau","description":"Ein Blog \u00fcber Religion und Politik","potentialAction":[{"@type":"SearchAction","target":{"@type":"EntryPoint","urlTemplate":"https:\/\/blog.zeit.de\/joerglau\/?s={search_term_string}"},"query-input":"required name=search_term_string"}],"inLanguage":"de"},{"@type":"Person","@id":"https:\/\/blog.zeit.de\/joerglau\/#\/schema\/person\/55f0be9bfac24815791fbc852b042f57","name":"J\u00f6rg Lau","image":{"@type":"ImageObject","inLanguage":"de","@id":"https:\/\/blog.zeit.de\/joerglau\/#\/schema\/person\/image\/","url":"https:\/\/secure.gravatar.com\/avatar\/a5fe39bf4f5335b8bac36eefa0b41467221b1598bfea5f05159a0199e391eed0?s=96&d=mm&r=g","contentUrl":"https:\/\/secure.gravatar.com\/avatar\/a5fe39bf4f5335b8bac36eefa0b41467221b1598bfea5f05159a0199e391eed0?s=96&d=mm&r=g","caption":"J\u00f6rg Lau"},"url":"https:\/\/blog.zeit.de\/joerglau\/author\/joerg-lau"}]}},"jetpack_featured_media_url":"","jetpack_sharing_enabled":true,"jetpack_shortlink":"https:\/\/wp.me\/pG02W-Y3","_links":{"self":[{"href":"https:\/\/blog.zeit.de\/joerglau\/wp-json\/wp\/v2\/posts\/3723","targetHints":{"allow":["GET"]}}],"collection":[{"href":"https:\/\/blog.zeit.de\/joerglau\/wp-json\/wp\/v2\/posts"}],"about":[{"href":"https:\/\/blog.zeit.de\/joerglau\/wp-json\/wp\/v2\/types\/post"}],"author":[{"embeddable":true,"href":"https:\/\/blog.zeit.de\/joerglau\/wp-json\/wp\/v2\/users\/54"}],"replies":[{"embeddable":true,"href":"https:\/\/blog.zeit.de\/joerglau\/wp-json\/wp\/v2\/comments?post=3723"}],"version-history":[{"count":0,"href":"https:\/\/blog.zeit.de\/joerglau\/wp-json\/wp\/v2\/posts\/3723\/revisions"}],"wp:attachment":[{"href":"https:\/\/blog.zeit.de\/joerglau\/wp-json\/wp\/v2\/media?parent=3723"}],"wp:term":[{"taxonomy":"category","embeddable":true,"href":"https:\/\/blog.zeit.de\/joerglau\/wp-json\/wp\/v2\/categories?post=3723"},{"taxonomy":"post_tag","embeddable":true,"href":"https:\/\/blog.zeit.de\/joerglau\/wp-json\/wp\/v2\/tags?post=3723"}],"curies":[{"name":"wp","href":"https:\/\/api.w.org\/{rel}","templated":true}]}}