{"id":3726,"date":"2010-05-02T12:51:02","date_gmt":"2010-05-02T10:51:02","guid":{"rendered":"http:\/\/blog.zeit.de\/joerglau\/?p=3726"},"modified":"2010-05-02T18:53:23","modified_gmt":"2010-05-02T16:53:23","slug":"warum-ein-burkaverbot-in-deutschland-falsch-ware","status":"publish","type":"post","link":"https:\/\/blog.zeit.de\/joerglau\/2010\/05\/02\/warum-ein-burkaverbot-in-deutschland-falsch-ware_3726","title":{"rendered":"Warum ein Burkaverbot in Deutschland falsch w\u00e4re"},"content":{"rendered":"<p>Nach dem Burka-Verbot in Belgien (das allerdings noch durch den Senat des zerstrittenen Landes muss) wird jetzt auch von deutschen Politikern gefordert, ein \u00e4hnliches Gesetz in Deutschland einzuf\u00fchren. Es zeichnet sich der Wunsch nach einer europaweit einheitlichen Regelung ab.<\/p>\n<p>Am Wochenende hat die FDP-Europaabgeordnete <a href=\"http:\/\/www.koch-mehrin.de\/2010\/05\/02\/wer-frauen-verhullt-nimmt-ihnen-gesicht-und-personlichkeit\/\">Silvana Koch-Mehrin <\/a>sich f\u00fcr ein deutsches Gesetz zum Verbot der Vollverschleierung stark gemacht. Und weil Frau Koch-Mehrin die Vizepr\u00e4sidentin des Europ\u00e4ischen Parlaments ist, hat ihre Stellungnahme ein Gewicht \u00fcber Parteipolitik hinaus:<\/p>\n<p><em>&#8222;Ich begr\u00fc\u00dfe diesen Beschluss ganz ausdr\u00fccklich. Ich w\u00fcnsche mir, dass auch in Deutschland \u2013 und in ganz Europa \u2013 das Tragen aller Formen der Burka verboten wird.<\/em><\/p>\n<p><em>Wer Frauen verh\u00fcllt, nimmt ihnen das Gesicht und damit ihre Pers\u00f6nlichkeit. Die Burka ist ein massiver Angriff auf die Rechte der Frau, sie ist ein mobiles Gef\u00e4ngnis.<\/em><\/p>\n<p><em>Die vollst\u00e4ndige Verh\u00fcllung von Frauen ist ein aufdringliches Bekenntnis zu Werten, die wir in Europa nicht teilen.<\/em><\/p>\n<p><em>Und ich gebe offen zu: Wenn mir auf der Stra\u00dfe voll verschleierte Menschen begegnen, bin ich irritiert. Ich kann nicht einsch\u00e4tzen, wer da mit welcher Absicht auf mich zukommt. Ich habe keine Angst, aber ich bin verunsichert.<\/em><\/p>\n<p><em>Niemand soll in seiner pers\u00f6nlichen Freiheit und in seiner Religionsaus\u00fcbung eingeschr\u00e4nkt werden. Die Freiheit darf aber nicht so weit gehen, dass man Menschen \u00f6ffentlich das Gesicht nimmt. Jedenfalls nicht in Europa.&#8220;<\/em><\/p>\n<p>Der migrationspolitische Sprecher der FDP-Bundestagsfraktion, der Abgeordnete <a href=\"http:\/\/www.serkan-toeren.de\/\">Serkan T\u00f6ren<\/a>, schlie\u00dft sich Koch-Mehrin an und erg\u00e4nzt ihre Argumente noch um ein eigenwilliges sicherheitspolitisches:<\/p>\n<p><em>&#8222;Auch in Deutschland sollten wir nun \u00fcber ein konkretes Verbot der Burka auf allen \u00f6ffentlichen Pl\u00e4tzen nachdenken, insbesondere in Schulen, Universit\u00e4ten und Gerichten.<\/p>\n<p>Als Gl\u00e4ubiger Muslim sage ich: Die Burka ist ein bewegliches Frauengef\u00e4ngnis und ein politisches Symbol der Unterdr\u00fcckung der Frau.<\/p>\n<p>Das Tragen der Burka kann auch nicht mit dem grundrechtlich garantierten Schutz der inneren und \u00e4u\u00dferen Glaubensfreiheit gerechtfertigt werden.<\/p>\n<p>Wir schicken Soldaten nach Afghanistan, damit dort junge M\u00e4dchen zur Schule gehen k\u00f6nnen und ihnen eine Perspektive er\u00f6ffnet wird, ihr Leben frei verantwortlich zu gestalten. Und in der Bundesrepublik Deutschland lassen wir unter dem Deckmantel der Religionsfreiheit eine Abgrenzung zur Gesellschaft und zur Demokratie zu.&#8220;<\/em><\/p>\n<p>Ich bin von beiden Stellungnahmen nicht \u00fcberzeugt. Ein &#8222;aufdringliches Bekenntnis zu Werten, die wir in Europa nicht teilen&#8220; mag einen verunsichern. Und es mag auch dazu f\u00fchren, dass man diesen Werten politisch oder kulturell den Kampf ansagt. Aber es kann kein Grund f\u00fcr das Verbot einer bestimmten Kleidung sein.<\/p>\n<p>Ich k\u00f6nnte ein allgemeines Vermummungsverbot in der \u00d6ffentlichkeit akzeptieren, obwohl ich Schwierigkeiten habe, mir seine Durchsetzung vorzustellen. Es d\u00fcrfte aber nicht auf Kleidung ausgerichtet sein, die bestimmte missliebige religi\u00f6se &#8222;Werte&#8220; zum Ausdruck bringt. Wo kommen wir denn da hin, wenn der Staat Listen mit Kleidungsst\u00fccken macht, die nicht genehm sind, weil sie die falschen Werte unterst\u00fctzen? Unglaublich, dass ausgerechnet Liberale hier dem staatlichen Interventionismus das Wort reden! Wollen wir dann auch Lonsdale-Tshirts und Fred Perry-Polos verbieten, weil Nazis sich an denen erkennen? Oder Springerstiefel? Oder die schwarzen Kapuzenkappen der Autonomen?<\/p>\n<p>Eine liberale Gesellschaft muss ihre Teilnehmer darin trainieren, Verunsicherung auszuhalten und ihre Konflikte auszutragen, statt dem Staat die Rolle der allm\u00e4chtigen Gouvernante zuzuweisen. Dass eine f\u00fchrende Liberale daf\u00fcr jedes Gesp\u00fcr verloren hat, sagt etwas \u00fcber die inhaltliche Aush\u00f6hlung des deutschen Liberalismus, der dem Volk bloss noch nach dem (vermuteten) Maul redet, statt auch unpopul\u00e4re Dinge \u00fcber die Grenzen des Staates zu sagen. (Das f\u00e4llt denen nur noch ein, wenn es um Steuern geht.)<\/p>\n<p>Die Nikab-Tr\u00e4gerin hat kein Recht darauf, nicht mit der m\u00f6glichen Ablehnung dieser Art Kleidung konfrontiert zu werden. (Allerdings hat auch sie ein Recht auf den Schutz vor Bel\u00e4stigung und Beleidigung.) Ebenso hat auch der den Nikab ablehnende B\u00fcrger kein Recht darauf, dass der Staat ihn vor &#8222;Verunsicherung&#8220; sch\u00fctzt. (Allerdings hat er ein Recht darauf, dass die Nikab-Tr\u00e4gerin genau wie alle anderen gescannt und abgetastet wird um auszuschlie\u00dfen, dass Terroristen sich diese Vermummung zunutze machen.)<\/p>\n<p>Und nun zu den \u00a0Frauenrechten: Frau Koch-Mehrin nennt die Burka ein &#8222;Gef\u00e4ngnis&#8220;. Das kann man so sehen. Was aber macht man mit den Frauen, die sich <a href=\"http:\/\/archives.lesoir.be\/temoignage-je-porte-le-voile-integral-c-8217-est-mon-ch_t-20100421-00VW30.a.html?&amp;v5=1\">freiwillig in dieses Gef\u00e4ngnis<\/a> begeben? Muss der deutsche Staat sie befreien? Auch hier sage ich: Nein. Das ist mit unserer Verfassung nicht vereinbar. Wo man aber nachweisen kann, dass eine Vollverschleierung gegen den Willen der Tr\u00e4gerin erzwungen wird, kann der Staat handeln. Ein generelles Verbot halte ich nicht f\u00fcr w\u00fcnschenswert. (Und auch nicht f\u00fcr notwendig wegen der geringen Zahl der F\u00e4lle, aber das ist ein anderes Thema.)<\/p>\n<p>Vollends haarstr\u00e4ubend wird es, wenn wir das Verbot des Vollschleiers hierzulande mit dem Einsatz in Afghanistan zu begr\u00fcnden versuchen. Damit r\u00fccken wir den dortigen Kampf gegen den Terrorismus ins Licht einer westlichen \u00a0Kampagne gegen eine bestimmte Lebensform. Leichter k\u00f6nnen wir denjenigen, die uns dort als &#8222;Kreuzz\u00fcgler&#8220; darstellen wollen, die Arbeit nicht machen. Wir sind nicht in Afghanistan, um dort die Frauen zu befreien &#8211; so w\u00fcnschenswert das sein m\u00f6ge. (Und wir k\u00f6nnen nat\u00fcrlich auf Kollateralerfolge hoffen.) Wenn man nun wie Serkan Toeren argumentiert, es gebe einen Widerspruch zwischen unserem milit\u00e4rischen Vorgehen gegen die Taliban und dem Dulden des Vollschleiers hier, geht man selbst einer Talibanlogik in die Falle.<\/p>\n<p>In diese Falle hat sich auch der Kollege Haubrich in der <a href=\"http:\/\/www.welt.de\/debatte\/kommentare\/article7424362\/Burka-entscheidet-ueber-die-Staerke-der-Demokratie.html\">WELT<\/a> begeben, wenn er schreibt:<\/p>\n<p><em>&#8222;Auch in Deutschland muss die Diskussion dar\u00fcber gef\u00fchrt werden. Es mag nur um wenige F\u00e4lle gehen. Aber an dieser Frage entscheidet sich exemplarisch, ob liberale Demokratien bereit und f\u00e4hig sind, ihre eigenen Werte durchzusetzen.&#8220;<\/em><\/p>\n<p>Das ist geradezu bizarr: Von ein paar Burkatr\u00e4gerinnen wollen wir uns vorgeben lassen, ob wir &#8222;f\u00e4hig sind, unsere eigenen Werte durchzusetzen&#8220;? Die liberale Demokratie soll sich daran beweisen, ob sie diesen paar Frauen das Tuch wegnehmen kann? Das k\u00f6nnte gewissen Scheichs so passen.<\/p>\n<p>Es muss immer wieder gesagt werden &#8211; und es war einmal Teil des liberalen Selbstverst\u00e4ndnisses &#8211; dass eine offene Gesellschaft Gedanken, Worte und Symbole dulden muss, auch wenn sie den Werten der Mehrheit nicht entsprechen.<\/p>\n<p>Die Grenzen daf\u00fcr m\u00fcssen m\u00f6glichst weit gezogen werden &#8211; so weit es die \u00f6ffentliche Sicherheit zul\u00e4sst.<\/p>\n","protected":false},"excerpt":{"rendered":"<p>Nach dem Burka-Verbot in Belgien (das allerdings noch durch den Senat des zerstrittenen Landes muss) wird jetzt auch von deutschen Politikern gefordert, ein \u00e4hnliches Gesetz in Deutschland einzuf\u00fchren. Es zeichnet sich der Wunsch nach einer europaweit einheitlichen Regelung ab. Am Wochenende hat die FDP-Europaabgeordnete Silvana Koch-Mehrin sich f\u00fcr ein deutsches Gesetz zum Verbot der Vollverschleierung [&hellip;]<\/p>\n","protected":false},"author":54,"featured_media":0,"comment_status":"open","ping_status":"closed","sticky":false,"template":"","format":"standard","meta":{"jetpack_post_was_ever_published":false,"footnotes":""},"categories":[157,164],"tags":[],"class_list":["post-3726","post","type-post","status-publish","format-standard","hentry","category-die-freunde-und-die-feinde-des-islams","category-integration-und-frauenrechte"],"yoast_head":"<!-- This site is optimized with the Yoast SEO plugin v21.0 - https:\/\/yoast.com\/wordpress\/plugins\/seo\/ -->\n<title>Warum ein Burkaverbot in Deutschland falsch w\u00e4re - J\u00f6rg Lau<\/title>\n<meta name=\"robots\" content=\"index, follow, max-snippet:-1, max-image-preview:large, max-video-preview:-1\" \/>\n<link rel=\"canonical\" href=\"https:\/\/blog.zeit.de\/joerglau\/2010\/05\/02\/warum-ein-burkaverbot-in-deutschland-falsch-ware_3726\" \/>\n<meta property=\"og:locale\" content=\"de_DE\" \/>\n<meta property=\"og:type\" content=\"article\" \/>\n<meta property=\"og:title\" content=\"Warum ein Burkaverbot in Deutschland falsch w\u00e4re - J\u00f6rg Lau\" \/>\n<meta property=\"og:description\" content=\"Nach dem Burka-Verbot in Belgien (das allerdings noch durch den Senat des zerstrittenen Landes muss) wird jetzt auch von deutschen Politikern gefordert, ein \u00e4hnliches Gesetz in Deutschland einzuf\u00fchren. Es zeichnet sich der Wunsch nach einer europaweit einheitlichen Regelung ab. Am Wochenende hat die FDP-Europaabgeordnete Silvana Koch-Mehrin sich f\u00fcr ein deutsches Gesetz zum Verbot der Vollverschleierung [&hellip;]\" \/>\n<meta property=\"og:url\" content=\"https:\/\/blog.zeit.de\/joerglau\/2010\/05\/02\/warum-ein-burkaverbot-in-deutschland-falsch-ware_3726\" \/>\n<meta property=\"og:site_name\" content=\"J\u00f6rg Lau\" \/>\n<meta property=\"article:published_time\" content=\"2010-05-02T10:51:02+00:00\" \/>\n<meta property=\"article:modified_time\" content=\"2010-05-02T16:53:23+00:00\" \/>\n<meta name=\"author\" content=\"J\u00f6rg Lau\" \/>\n<meta name=\"twitter:card\" content=\"summary_large_image\" \/>\n<meta name=\"twitter:label1\" content=\"Geschrieben von\" \/>\n\t<meta name=\"twitter:data1\" content=\"J\u00f6rg Lau\" \/>\n\t<meta name=\"twitter:label2\" content=\"Gesch\u00e4tzte Lesezeit\" \/>\n\t<meta name=\"twitter:data2\" content=\"5\u00a0Minuten\" \/>\n<script type=\"application\/ld+json\" class=\"yoast-schema-graph\">{\"@context\":\"https:\/\/schema.org\",\"@graph\":[{\"@type\":\"WebPage\",\"@id\":\"https:\/\/blog.zeit.de\/joerglau\/2010\/05\/02\/warum-ein-burkaverbot-in-deutschland-falsch-ware_3726\",\"url\":\"https:\/\/blog.zeit.de\/joerglau\/2010\/05\/02\/warum-ein-burkaverbot-in-deutschland-falsch-ware_3726\",\"name\":\"Warum ein Burkaverbot in Deutschland falsch w\u00e4re - J\u00f6rg Lau\",\"isPartOf\":{\"@id\":\"https:\/\/blog.zeit.de\/joerglau\/#website\"},\"datePublished\":\"2010-05-02T10:51:02+00:00\",\"dateModified\":\"2010-05-02T16:53:23+00:00\",\"author\":{\"@id\":\"https:\/\/blog.zeit.de\/joerglau\/#\/schema\/person\/55f0be9bfac24815791fbc852b042f57\"},\"breadcrumb\":{\"@id\":\"https:\/\/blog.zeit.de\/joerglau\/2010\/05\/02\/warum-ein-burkaverbot-in-deutschland-falsch-ware_3726#breadcrumb\"},\"inLanguage\":\"de\",\"potentialAction\":[{\"@type\":\"ReadAction\",\"target\":[\"https:\/\/blog.zeit.de\/joerglau\/2010\/05\/02\/warum-ein-burkaverbot-in-deutschland-falsch-ware_3726\"]}]},{\"@type\":\"BreadcrumbList\",\"@id\":\"https:\/\/blog.zeit.de\/joerglau\/2010\/05\/02\/warum-ein-burkaverbot-in-deutschland-falsch-ware_3726#breadcrumb\",\"itemListElement\":[{\"@type\":\"ListItem\",\"position\":1,\"name\":\"Startseite\",\"item\":\"https:\/\/blog.zeit.de\/joerglau\"},{\"@type\":\"ListItem\",\"position\":2,\"name\":\"Warum ein Burkaverbot in Deutschland falsch w\u00e4re\"}]},{\"@type\":\"WebSite\",\"@id\":\"https:\/\/blog.zeit.de\/joerglau\/#website\",\"url\":\"https:\/\/blog.zeit.de\/joerglau\/\",\"name\":\"J\u00f6rg Lau\",\"description\":\"Ein Blog \u00fcber Religion und Politik\",\"potentialAction\":[{\"@type\":\"SearchAction\",\"target\":{\"@type\":\"EntryPoint\",\"urlTemplate\":\"https:\/\/blog.zeit.de\/joerglau\/?s={search_term_string}\"},\"query-input\":\"required name=search_term_string\"}],\"inLanguage\":\"de\"},{\"@type\":\"Person\",\"@id\":\"https:\/\/blog.zeit.de\/joerglau\/#\/schema\/person\/55f0be9bfac24815791fbc852b042f57\",\"name\":\"J\u00f6rg Lau\",\"image\":{\"@type\":\"ImageObject\",\"inLanguage\":\"de\",\"@id\":\"https:\/\/blog.zeit.de\/joerglau\/#\/schema\/person\/image\/\",\"url\":\"https:\/\/secure.gravatar.com\/avatar\/a5fe39bf4f5335b8bac36eefa0b41467221b1598bfea5f05159a0199e391eed0?s=96&d=mm&r=g\",\"contentUrl\":\"https:\/\/secure.gravatar.com\/avatar\/a5fe39bf4f5335b8bac36eefa0b41467221b1598bfea5f05159a0199e391eed0?s=96&d=mm&r=g\",\"caption\":\"J\u00f6rg Lau\"},\"url\":\"https:\/\/blog.zeit.de\/joerglau\/author\/joerg-lau\"}]}<\/script>\n<!-- \/ Yoast SEO plugin. -->","yoast_head_json":{"title":"Warum ein Burkaverbot in Deutschland falsch w\u00e4re - J\u00f6rg Lau","robots":{"index":"index","follow":"follow","max-snippet":"max-snippet:-1","max-image-preview":"max-image-preview:large","max-video-preview":"max-video-preview:-1"},"canonical":"https:\/\/blog.zeit.de\/joerglau\/2010\/05\/02\/warum-ein-burkaverbot-in-deutschland-falsch-ware_3726","og_locale":"de_DE","og_type":"article","og_title":"Warum ein Burkaverbot in Deutschland falsch w\u00e4re - J\u00f6rg Lau","og_description":"Nach dem Burka-Verbot in Belgien (das allerdings noch durch den Senat des zerstrittenen Landes muss) wird jetzt auch von deutschen Politikern gefordert, ein \u00e4hnliches Gesetz in Deutschland einzuf\u00fchren. Es zeichnet sich der Wunsch nach einer europaweit einheitlichen Regelung ab. Am Wochenende hat die FDP-Europaabgeordnete Silvana Koch-Mehrin sich f\u00fcr ein deutsches Gesetz zum Verbot der Vollverschleierung [&hellip;]","og_url":"https:\/\/blog.zeit.de\/joerglau\/2010\/05\/02\/warum-ein-burkaverbot-in-deutschland-falsch-ware_3726","og_site_name":"J\u00f6rg Lau","article_published_time":"2010-05-02T10:51:02+00:00","article_modified_time":"2010-05-02T16:53:23+00:00","author":"J\u00f6rg Lau","twitter_card":"summary_large_image","twitter_misc":{"Geschrieben von":"J\u00f6rg Lau","Gesch\u00e4tzte Lesezeit":"5\u00a0Minuten"},"schema":{"@context":"https:\/\/schema.org","@graph":[{"@type":"WebPage","@id":"https:\/\/blog.zeit.de\/joerglau\/2010\/05\/02\/warum-ein-burkaverbot-in-deutschland-falsch-ware_3726","url":"https:\/\/blog.zeit.de\/joerglau\/2010\/05\/02\/warum-ein-burkaverbot-in-deutschland-falsch-ware_3726","name":"Warum ein Burkaverbot in Deutschland falsch w\u00e4re - J\u00f6rg Lau","isPartOf":{"@id":"https:\/\/blog.zeit.de\/joerglau\/#website"},"datePublished":"2010-05-02T10:51:02+00:00","dateModified":"2010-05-02T16:53:23+00:00","author":{"@id":"https:\/\/blog.zeit.de\/joerglau\/#\/schema\/person\/55f0be9bfac24815791fbc852b042f57"},"breadcrumb":{"@id":"https:\/\/blog.zeit.de\/joerglau\/2010\/05\/02\/warum-ein-burkaverbot-in-deutschland-falsch-ware_3726#breadcrumb"},"inLanguage":"de","potentialAction":[{"@type":"ReadAction","target":["https:\/\/blog.zeit.de\/joerglau\/2010\/05\/02\/warum-ein-burkaverbot-in-deutschland-falsch-ware_3726"]}]},{"@type":"BreadcrumbList","@id":"https:\/\/blog.zeit.de\/joerglau\/2010\/05\/02\/warum-ein-burkaverbot-in-deutschland-falsch-ware_3726#breadcrumb","itemListElement":[{"@type":"ListItem","position":1,"name":"Startseite","item":"https:\/\/blog.zeit.de\/joerglau"},{"@type":"ListItem","position":2,"name":"Warum ein Burkaverbot in Deutschland falsch w\u00e4re"}]},{"@type":"WebSite","@id":"https:\/\/blog.zeit.de\/joerglau\/#website","url":"https:\/\/blog.zeit.de\/joerglau\/","name":"J\u00f6rg Lau","description":"Ein Blog \u00fcber Religion und Politik","potentialAction":[{"@type":"SearchAction","target":{"@type":"EntryPoint","urlTemplate":"https:\/\/blog.zeit.de\/joerglau\/?s={search_term_string}"},"query-input":"required name=search_term_string"}],"inLanguage":"de"},{"@type":"Person","@id":"https:\/\/blog.zeit.de\/joerglau\/#\/schema\/person\/55f0be9bfac24815791fbc852b042f57","name":"J\u00f6rg Lau","image":{"@type":"ImageObject","inLanguage":"de","@id":"https:\/\/blog.zeit.de\/joerglau\/#\/schema\/person\/image\/","url":"https:\/\/secure.gravatar.com\/avatar\/a5fe39bf4f5335b8bac36eefa0b41467221b1598bfea5f05159a0199e391eed0?s=96&d=mm&r=g","contentUrl":"https:\/\/secure.gravatar.com\/avatar\/a5fe39bf4f5335b8bac36eefa0b41467221b1598bfea5f05159a0199e391eed0?s=96&d=mm&r=g","caption":"J\u00f6rg Lau"},"url":"https:\/\/blog.zeit.de\/joerglau\/author\/joerg-lau"}]}},"jetpack_featured_media_url":"","jetpack_sharing_enabled":true,"jetpack_shortlink":"https:\/\/wp.me\/pG02W-Y6","_links":{"self":[{"href":"https:\/\/blog.zeit.de\/joerglau\/wp-json\/wp\/v2\/posts\/3726","targetHints":{"allow":["GET"]}}],"collection":[{"href":"https:\/\/blog.zeit.de\/joerglau\/wp-json\/wp\/v2\/posts"}],"about":[{"href":"https:\/\/blog.zeit.de\/joerglau\/wp-json\/wp\/v2\/types\/post"}],"author":[{"embeddable":true,"href":"https:\/\/blog.zeit.de\/joerglau\/wp-json\/wp\/v2\/users\/54"}],"replies":[{"embeddable":true,"href":"https:\/\/blog.zeit.de\/joerglau\/wp-json\/wp\/v2\/comments?post=3726"}],"version-history":[{"count":0,"href":"https:\/\/blog.zeit.de\/joerglau\/wp-json\/wp\/v2\/posts\/3726\/revisions"}],"wp:attachment":[{"href":"https:\/\/blog.zeit.de\/joerglau\/wp-json\/wp\/v2\/media?parent=3726"}],"wp:term":[{"taxonomy":"category","embeddable":true,"href":"https:\/\/blog.zeit.de\/joerglau\/wp-json\/wp\/v2\/categories?post=3726"},{"taxonomy":"post_tag","embeddable":true,"href":"https:\/\/blog.zeit.de\/joerglau\/wp-json\/wp\/v2\/tags?post=3726"}],"curies":[{"name":"wp","href":"https:\/\/api.w.org\/{rel}","templated":true}]}}