{"id":374,"date":"2007-03-15T10:44:56","date_gmt":"2007-03-15T08:44:56","guid":{"rendered":"http:\/\/blog.zeit.de\/joerglau\/2007\/03\/15\/das-manifest-der-sakularen-muslime_374"},"modified":"2007-03-15T10:44:56","modified_gmt":"2007-03-15T08:44:56","slug":"das-manifest-der-sakularen-muslime","status":"publish","type":"post","link":"https:\/\/blog.zeit.de\/joerglau\/2007\/03\/15\/das-manifest-der-sakularen-muslime_374","title":{"rendered":"Das Manifest der s\u00e4kularen Muslime"},"content":{"rendered":"<p>Bei einer Tagung in Florida Anfang M\u00e4rz ist das unten stehende Manifest veranscheidet worden. (<a href=\"http:\/\/www.secularislam.org\/blog\/SI_Blog.php\">Mehr hier.<\/a>) Eine Video-Aufzeichnung der Verlesung der Deklaration durch Ibn Warraq:<\/p>\n<p><object width=\"425\" height=\"350\"><param name=\"movie\" value=\"http:\/\/www.youtube.com\/v\/aXGz7QVq4sA\"><\/param><param name=\"wmode\" value=\"transparent\"><\/param><\/object><\/p>\n<p>We are secular Muslims, and secular persons of Muslim societies. We are believers, doubters, and unbelievers, brought together by a great struggle, not between the West and Islam, but between the free and the unfree.<\/p>\n<p>We affirm the inviolable freedom of the individual conscience. We believe in the equality of all human persons.<\/p>\n<p>We insist upon the separation of religion from state and the observance of universal human rights.<\/p>\n<p>We find traditions of liberty, rationality, and tolerance in the rich histories of pre-Islamic and Islamic societies. These values do not belong to the West or the East; they are the common moral heritage of humankind.<\/p>\n<p>We see no colonialism, racism, or so-called \u201cIslamaphobia\u201d in submitting Islamic practices to criticism or condemnation when they violate human reason or rights.<\/p>\n<p>We call on the governments of the world to<\/p>\n<p>reject Sharia law, fatwa courts, clerical rule, and state-sanctioned religion in all their forms; oppose all penalties for blasphemy and apostacy, in accordance with Article 18 of the Universal Declaration of Human rights;<\/p>\n<p>eliminate practices, such as female circumcision, honor killing, forced veiling, and forced marriage, that further the oppression of women;<\/p>\n<p>protect sexual and gender minorities from persecution and violence;<\/p>\n<p>reform sectarian education that teaches intolerance and bigotry towards non-Muslims;<\/p>\n<p>and foster an open public sphere in which all matters may be discussed without coercion or intimidation.<\/p>\n<p>We demand the release of Islam from its captivity to the totalitarian ambitions of power-hungry men and the rigid strictures of orthodoxy.<\/p>\n<p>We enjoin academics and thinkers everywhere to embark on a fearless examination of the origins and sources of Islam, and to promulgate the ideals of free scientific and spiritual inquiry through cross-cultural translation, publishing, and the mass media.<\/p>\n<p>We say to Muslim believers: there is a noble future for Islam as a personal faith, not a political doctrine;<\/p>\n<p>to Christians, Jews, Buddhists, Hindus, Baha\u2019is, and all members of non-Muslim faith communities: we stand with you as free and equal citizens;<\/p>\n<p>and to nonbelievers: we defend your unqualified liberty to question and dissent.<\/p>\n<p>Before any of us is a member of the Umma, the Body of Christ, or the Chosen People, we are all members of the community of conscience, the people who must chose for themselves.<\/p>\n<p>Endorsed by:<\/p>\n<p>Ayaan Hirsi Ali<br \/>\nMagdi Allam<br \/>\nMithal Al-Alusi<br \/>\nShaker Al-Nabulsi<br \/>\nNonie Darwish<br \/>\nAfhin Ellian<br \/>\nTawfik Hamid<br \/>\nShahriar Kabir<br \/>\nHasan Mahmud<br \/>\nWafa Sultan<br \/>\nAmir Taheri<br \/>\nIbn Warraq<br \/>\nManda Zand Ervin<br \/>\nBanafsheh Zand-Bonazzi<\/p>\n","protected":false},"excerpt":{"rendered":"<p>Bei einer Tagung in Florida Anfang M\u00e4rz ist das unten stehende Manifest veranscheidet worden. (Mehr hier.) Eine Video-Aufzeichnung der Verlesung der Deklaration durch Ibn Warraq: We are secular Muslims, and secular persons of Muslim societies. We are believers, doubters, and unbelievers, brought together by a great struggle, not between the West and Islam, but between [&hellip;]<\/p>\n","protected":false},"author":54,"featured_media":0,"comment_status":"open","ping_status":"closed","sticky":false,"template":"","format":"standard","meta":{"jetpack_post_was_ever_published":false,"footnotes":""},"categories":[155,157],"tags":[],"class_list":["post-374","post","type-post","status-publish","format-standard","hentry","category-debatte","category-die-freunde-und-die-feinde-des-islams"],"yoast_head":"<!-- This site is optimized with the Yoast SEO plugin v21.0 - https:\/\/yoast.com\/wordpress\/plugins\/seo\/ -->\n<title>Das Manifest der s\u00e4kularen Muslime - J\u00f6rg Lau<\/title>\n<meta name=\"robots\" content=\"index, follow, max-snippet:-1, max-image-preview:large, max-video-preview:-1\" \/>\n<link rel=\"canonical\" href=\"https:\/\/blog.zeit.de\/joerglau\/2007\/03\/15\/das-manifest-der-sakularen-muslime_374\" \/>\n<meta property=\"og:locale\" content=\"de_DE\" \/>\n<meta property=\"og:type\" content=\"article\" \/>\n<meta property=\"og:title\" content=\"Das Manifest der s\u00e4kularen Muslime - J\u00f6rg Lau\" \/>\n<meta property=\"og:description\" content=\"Bei einer Tagung in Florida Anfang M\u00e4rz ist das unten stehende Manifest veranscheidet worden. (Mehr hier.) Eine Video-Aufzeichnung der Verlesung der Deklaration durch Ibn Warraq: We are secular Muslims, and secular persons of Muslim societies. We are believers, doubters, and unbelievers, brought together by a great struggle, not between the West and Islam, but between [&hellip;]\" \/>\n<meta property=\"og:url\" content=\"https:\/\/blog.zeit.de\/joerglau\/2007\/03\/15\/das-manifest-der-sakularen-muslime_374\" \/>\n<meta property=\"og:site_name\" content=\"J\u00f6rg Lau\" \/>\n<meta property=\"article:published_time\" content=\"2007-03-15T08:44:56+00:00\" \/>\n<meta name=\"author\" content=\"J\u00f6rg Lau\" \/>\n<meta name=\"twitter:card\" content=\"summary_large_image\" \/>\n<meta name=\"twitter:label1\" content=\"Geschrieben von\" \/>\n\t<meta name=\"twitter:data1\" content=\"J\u00f6rg Lau\" \/>\n\t<meta name=\"twitter:label2\" content=\"Gesch\u00e4tzte Lesezeit\" \/>\n\t<meta name=\"twitter:data2\" content=\"2\u00a0Minuten\" \/>\n<script type=\"application\/ld+json\" class=\"yoast-schema-graph\">{\"@context\":\"https:\/\/schema.org\",\"@graph\":[{\"@type\":\"WebPage\",\"@id\":\"https:\/\/blog.zeit.de\/joerglau\/2007\/03\/15\/das-manifest-der-sakularen-muslime_374\",\"url\":\"https:\/\/blog.zeit.de\/joerglau\/2007\/03\/15\/das-manifest-der-sakularen-muslime_374\",\"name\":\"Das Manifest der s\u00e4kularen Muslime - J\u00f6rg Lau\",\"isPartOf\":{\"@id\":\"https:\/\/blog.zeit.de\/joerglau\/#website\"},\"datePublished\":\"2007-03-15T08:44:56+00:00\",\"dateModified\":\"2007-03-15T08:44:56+00:00\",\"author\":{\"@id\":\"https:\/\/blog.zeit.de\/joerglau\/#\/schema\/person\/55f0be9bfac24815791fbc852b042f57\"},\"breadcrumb\":{\"@id\":\"https:\/\/blog.zeit.de\/joerglau\/2007\/03\/15\/das-manifest-der-sakularen-muslime_374#breadcrumb\"},\"inLanguage\":\"de\",\"potentialAction\":[{\"@type\":\"ReadAction\",\"target\":[\"https:\/\/blog.zeit.de\/joerglau\/2007\/03\/15\/das-manifest-der-sakularen-muslime_374\"]}]},{\"@type\":\"BreadcrumbList\",\"@id\":\"https:\/\/blog.zeit.de\/joerglau\/2007\/03\/15\/das-manifest-der-sakularen-muslime_374#breadcrumb\",\"itemListElement\":[{\"@type\":\"ListItem\",\"position\":1,\"name\":\"Startseite\",\"item\":\"https:\/\/blog.zeit.de\/joerglau\"},{\"@type\":\"ListItem\",\"position\":2,\"name\":\"Das Manifest der s\u00e4kularen Muslime\"}]},{\"@type\":\"WebSite\",\"@id\":\"https:\/\/blog.zeit.de\/joerglau\/#website\",\"url\":\"https:\/\/blog.zeit.de\/joerglau\/\",\"name\":\"J\u00f6rg Lau\",\"description\":\"Ein Blog \u00fcber Religion und Politik\",\"potentialAction\":[{\"@type\":\"SearchAction\",\"target\":{\"@type\":\"EntryPoint\",\"urlTemplate\":\"https:\/\/blog.zeit.de\/joerglau\/?s={search_term_string}\"},\"query-input\":\"required name=search_term_string\"}],\"inLanguage\":\"de\"},{\"@type\":\"Person\",\"@id\":\"https:\/\/blog.zeit.de\/joerglau\/#\/schema\/person\/55f0be9bfac24815791fbc852b042f57\",\"name\":\"J\u00f6rg Lau\",\"image\":{\"@type\":\"ImageObject\",\"inLanguage\":\"de\",\"@id\":\"https:\/\/blog.zeit.de\/joerglau\/#\/schema\/person\/image\/\",\"url\":\"https:\/\/secure.gravatar.com\/avatar\/a5fe39bf4f5335b8bac36eefa0b41467221b1598bfea5f05159a0199e391eed0?s=96&d=mm&r=g\",\"contentUrl\":\"https:\/\/secure.gravatar.com\/avatar\/a5fe39bf4f5335b8bac36eefa0b41467221b1598bfea5f05159a0199e391eed0?s=96&d=mm&r=g\",\"caption\":\"J\u00f6rg Lau\"},\"url\":\"https:\/\/blog.zeit.de\/joerglau\/author\/joerg-lau\"}]}<\/script>\n<!-- \/ Yoast SEO plugin. -->","yoast_head_json":{"title":"Das Manifest der s\u00e4kularen Muslime - J\u00f6rg Lau","robots":{"index":"index","follow":"follow","max-snippet":"max-snippet:-1","max-image-preview":"max-image-preview:large","max-video-preview":"max-video-preview:-1"},"canonical":"https:\/\/blog.zeit.de\/joerglau\/2007\/03\/15\/das-manifest-der-sakularen-muslime_374","og_locale":"de_DE","og_type":"article","og_title":"Das Manifest der s\u00e4kularen Muslime - J\u00f6rg Lau","og_description":"Bei einer Tagung in Florida Anfang M\u00e4rz ist das unten stehende Manifest veranscheidet worden. (Mehr hier.) Eine Video-Aufzeichnung der Verlesung der Deklaration durch Ibn Warraq: We are secular Muslims, and secular persons of Muslim societies. We are believers, doubters, and unbelievers, brought together by a great struggle, not between the West and Islam, but between [&hellip;]","og_url":"https:\/\/blog.zeit.de\/joerglau\/2007\/03\/15\/das-manifest-der-sakularen-muslime_374","og_site_name":"J\u00f6rg Lau","article_published_time":"2007-03-15T08:44:56+00:00","author":"J\u00f6rg Lau","twitter_card":"summary_large_image","twitter_misc":{"Geschrieben von":"J\u00f6rg Lau","Gesch\u00e4tzte Lesezeit":"2\u00a0Minuten"},"schema":{"@context":"https:\/\/schema.org","@graph":[{"@type":"WebPage","@id":"https:\/\/blog.zeit.de\/joerglau\/2007\/03\/15\/das-manifest-der-sakularen-muslime_374","url":"https:\/\/blog.zeit.de\/joerglau\/2007\/03\/15\/das-manifest-der-sakularen-muslime_374","name":"Das Manifest der s\u00e4kularen Muslime - J\u00f6rg Lau","isPartOf":{"@id":"https:\/\/blog.zeit.de\/joerglau\/#website"},"datePublished":"2007-03-15T08:44:56+00:00","dateModified":"2007-03-15T08:44:56+00:00","author":{"@id":"https:\/\/blog.zeit.de\/joerglau\/#\/schema\/person\/55f0be9bfac24815791fbc852b042f57"},"breadcrumb":{"@id":"https:\/\/blog.zeit.de\/joerglau\/2007\/03\/15\/das-manifest-der-sakularen-muslime_374#breadcrumb"},"inLanguage":"de","potentialAction":[{"@type":"ReadAction","target":["https:\/\/blog.zeit.de\/joerglau\/2007\/03\/15\/das-manifest-der-sakularen-muslime_374"]}]},{"@type":"BreadcrumbList","@id":"https:\/\/blog.zeit.de\/joerglau\/2007\/03\/15\/das-manifest-der-sakularen-muslime_374#breadcrumb","itemListElement":[{"@type":"ListItem","position":1,"name":"Startseite","item":"https:\/\/blog.zeit.de\/joerglau"},{"@type":"ListItem","position":2,"name":"Das Manifest der s\u00e4kularen Muslime"}]},{"@type":"WebSite","@id":"https:\/\/blog.zeit.de\/joerglau\/#website","url":"https:\/\/blog.zeit.de\/joerglau\/","name":"J\u00f6rg Lau","description":"Ein Blog \u00fcber Religion und Politik","potentialAction":[{"@type":"SearchAction","target":{"@type":"EntryPoint","urlTemplate":"https:\/\/blog.zeit.de\/joerglau\/?s={search_term_string}"},"query-input":"required name=search_term_string"}],"inLanguage":"de"},{"@type":"Person","@id":"https:\/\/blog.zeit.de\/joerglau\/#\/schema\/person\/55f0be9bfac24815791fbc852b042f57","name":"J\u00f6rg Lau","image":{"@type":"ImageObject","inLanguage":"de","@id":"https:\/\/blog.zeit.de\/joerglau\/#\/schema\/person\/image\/","url":"https:\/\/secure.gravatar.com\/avatar\/a5fe39bf4f5335b8bac36eefa0b41467221b1598bfea5f05159a0199e391eed0?s=96&d=mm&r=g","contentUrl":"https:\/\/secure.gravatar.com\/avatar\/a5fe39bf4f5335b8bac36eefa0b41467221b1598bfea5f05159a0199e391eed0?s=96&d=mm&r=g","caption":"J\u00f6rg Lau"},"url":"https:\/\/blog.zeit.de\/joerglau\/author\/joerg-lau"}]}},"jetpack_featured_media_url":"","jetpack_sharing_enabled":true,"jetpack_shortlink":"https:\/\/wp.me\/pG02W-62","_links":{"self":[{"href":"https:\/\/blog.zeit.de\/joerglau\/wp-json\/wp\/v2\/posts\/374","targetHints":{"allow":["GET"]}}],"collection":[{"href":"https:\/\/blog.zeit.de\/joerglau\/wp-json\/wp\/v2\/posts"}],"about":[{"href":"https:\/\/blog.zeit.de\/joerglau\/wp-json\/wp\/v2\/types\/post"}],"author":[{"embeddable":true,"href":"https:\/\/blog.zeit.de\/joerglau\/wp-json\/wp\/v2\/users\/54"}],"replies":[{"embeddable":true,"href":"https:\/\/blog.zeit.de\/joerglau\/wp-json\/wp\/v2\/comments?post=374"}],"version-history":[{"count":0,"href":"https:\/\/blog.zeit.de\/joerglau\/wp-json\/wp\/v2\/posts\/374\/revisions"}],"wp:attachment":[{"href":"https:\/\/blog.zeit.de\/joerglau\/wp-json\/wp\/v2\/media?parent=374"}],"wp:term":[{"taxonomy":"category","embeddable":true,"href":"https:\/\/blog.zeit.de\/joerglau\/wp-json\/wp\/v2\/categories?post=374"},{"taxonomy":"post_tag","embeddable":true,"href":"https:\/\/blog.zeit.de\/joerglau\/wp-json\/wp\/v2\/tags?post=374"}],"curies":[{"name":"wp","href":"https:\/\/api.w.org\/{rel}","templated":true}]}}