{"id":3760,"date":"2010-05-12T11:46:40","date_gmt":"2010-05-12T09:46:40","guid":{"rendered":"http:\/\/blog.zeit.de\/joerglau\/?p=3760"},"modified":"2010-05-12T11:46:40","modified_gmt":"2010-05-12T09:46:40","slug":"interview-mit-drei-neuen-teilnehmerinnen-aus-der-islamkonferenz","status":"publish","type":"post","link":"https:\/\/blog.zeit.de\/joerglau\/2010\/05\/12\/interview-mit-drei-neuen-teilnehmerinnen-aus-der-islamkonferenz_3760","title":{"rendered":"Interview mit drei neuen Teilnehmerinnen aus der Islamkonferenz"},"content":{"rendered":"<p>Zusammen mit meinem Kollegen Martin Spiewak habe ich drei neue Teilnehmerinnen der Deutschen Islamkonferenz interviewt. Die Islamkonferenz wird am kommenden Montag in die zweite Runde gehen.<br \/>\nHier ein Auszug (das ganze Gespr\u00e4ch heute im Feuilleton der gedruckten Ausgabe):<\/p>\n<p>ZEIT: Sind Muslime schnell beleidigt?<br \/>\n<a href=\"http:\/\/de.wikipedia.org\/wiki\/Hamideh_Mohagheghi\">Hamideh Mohagheghi<\/a>: Ja!<br \/>\n<a href=\"http:\/\/www.deutsche-islam-konferenz.de\/nn_1875050\/SharedDocs\/Diskussion\/DE\/DIK\/MedienPolitik\/Kommentare\/KommentarMasrar\/kommentar-sineb-el-masrar-inhalt.html\">Sineb El Masrar<\/a>: (nickt) Manchmal ja.<br \/>\n<a href=\"http:\/\/www2.uni-erfurt.de\/islamwissenschaft\/lehrstuhl_team\/armina_omerika\/armina_omerika.html\">Armina Omerika<\/a>: Wir Muslime glauben uns immer rechtfertigen zu m\u00fcssen. Doch statt berechtigte Kritik zu diskutieren oder auch mit inhaltlichen Debatten auf unberechtigte Kritiken zu antworten, wird sie oft pauschal abgewehrt mit dem Argument, das habe alles nichts mit dem Islam zu tun. Egal, ob es sich um Gewalt handelt oder um Zwangsheiraten. Gleichzeitig idealisiert man die eigene Re\u00adli\u00adgion und verkl\u00e4rt die Geschichte. Da hei\u00dft es dann: Wie harmonisch lebten doch damals alle Religionen in Andalusien unter muslimischer Herrschaft zusammen. Oder man beschw\u00f6rt die islamische Wissenschaft des Mittelalters. Dabei sollte man sich fragen, warum die islamischen L\u00e4nder heute wissenschaftlich keine Rolle spielen.<br \/>\nMohagheghi: Uns fehlt eine Debattenkultur\u2008\u2026<br \/>\nOmerika: \u2026\u2008auch ein bisschen mehr Humor und Selbstironie w\u00fcrden uns gut tun.<br \/>\nMohagheghi: Stimmt. Aber wo sollen die Muslime das alles gelernt haben? Die meisten Migranten hier sind gutherzige und gl\u00e4ubige Menschen, aber \u00fcber ihren Glauben haben sie nie viel nachgedacht. Pl\u00f6tzlich m\u00fcssen sie sich zu politischer Gewalt \u00e4u\u00dfern oder theologische Fragen beantworten. Da muss man sich nicht wundern, dass da oft haarstr\u00e4ubende Antworten kommen.<br \/>\nOmerika: Ich bemerke auch eine gro\u00dfe Angst vor der Vielfalt. Dabei machen die verschiedenen nationalen, kulturellen und konfessionellen Str\u00f6mungen den Islam gerade aus, auch in Deutschland.<\/p>\n","protected":false},"excerpt":{"rendered":"<p>Zusammen mit meinem Kollegen Martin Spiewak habe ich drei neue Teilnehmerinnen der Deutschen Islamkonferenz interviewt. Die Islamkonferenz wird am kommenden Montag in die zweite Runde gehen. Hier ein Auszug (das ganze Gespr\u00e4ch heute im Feuilleton der gedruckten Ausgabe): ZEIT: Sind Muslime schnell beleidigt? Hamideh Mohagheghi: Ja! Sineb El Masrar: (nickt) Manchmal ja. Armina Omerika: Wir [&hellip;]<\/p>\n","protected":false},"author":54,"featured_media":0,"comment_status":"open","ping_status":"closed","sticky":false,"template":"","format":"standard","meta":{"jetpack_post_was_ever_published":false,"footnotes":""},"categories":[157],"tags":[],"class_list":["post-3760","post","type-post","status-publish","format-standard","hentry","category-die-freunde-und-die-feinde-des-islams"],"yoast_head":"<!-- This site is optimized with the Yoast SEO plugin v21.0 - https:\/\/yoast.com\/wordpress\/plugins\/seo\/ -->\n<title>Interview mit drei neuen Teilnehmerinnen aus der Islamkonferenz - J\u00f6rg Lau<\/title>\n<meta name=\"robots\" content=\"index, follow, max-snippet:-1, max-image-preview:large, max-video-preview:-1\" \/>\n<link rel=\"canonical\" href=\"https:\/\/blog.zeit.de\/joerglau\/2010\/05\/12\/interview-mit-drei-neuen-teilnehmerinnen-aus-der-islamkonferenz_3760\" \/>\n<meta property=\"og:locale\" content=\"de_DE\" \/>\n<meta property=\"og:type\" content=\"article\" \/>\n<meta property=\"og:title\" content=\"Interview mit drei neuen Teilnehmerinnen aus der Islamkonferenz - J\u00f6rg Lau\" \/>\n<meta property=\"og:description\" content=\"Zusammen mit meinem Kollegen Martin Spiewak habe ich drei neue Teilnehmerinnen der Deutschen Islamkonferenz interviewt. Die Islamkonferenz wird am kommenden Montag in die zweite Runde gehen. Hier ein Auszug (das ganze Gespr\u00e4ch heute im Feuilleton der gedruckten Ausgabe): ZEIT: Sind Muslime schnell beleidigt? Hamideh Mohagheghi: Ja! Sineb El Masrar: (nickt) Manchmal ja. Armina Omerika: Wir [&hellip;]\" \/>\n<meta property=\"og:url\" content=\"https:\/\/blog.zeit.de\/joerglau\/2010\/05\/12\/interview-mit-drei-neuen-teilnehmerinnen-aus-der-islamkonferenz_3760\" \/>\n<meta property=\"og:site_name\" content=\"J\u00f6rg Lau\" \/>\n<meta property=\"article:published_time\" content=\"2010-05-12T09:46:40+00:00\" \/>\n<meta name=\"author\" content=\"J\u00f6rg Lau\" \/>\n<meta name=\"twitter:card\" content=\"summary_large_image\" \/>\n<meta name=\"twitter:label1\" content=\"Geschrieben von\" \/>\n\t<meta name=\"twitter:data1\" content=\"J\u00f6rg Lau\" \/>\n\t<meta name=\"twitter:label2\" content=\"Gesch\u00e4tzte Lesezeit\" \/>\n\t<meta name=\"twitter:data2\" content=\"1\u00a0Minute\" \/>\n<script type=\"application\/ld+json\" class=\"yoast-schema-graph\">{\"@context\":\"https:\/\/schema.org\",\"@graph\":[{\"@type\":\"WebPage\",\"@id\":\"https:\/\/blog.zeit.de\/joerglau\/2010\/05\/12\/interview-mit-drei-neuen-teilnehmerinnen-aus-der-islamkonferenz_3760\",\"url\":\"https:\/\/blog.zeit.de\/joerglau\/2010\/05\/12\/interview-mit-drei-neuen-teilnehmerinnen-aus-der-islamkonferenz_3760\",\"name\":\"Interview mit drei neuen Teilnehmerinnen aus der Islamkonferenz - J\u00f6rg Lau\",\"isPartOf\":{\"@id\":\"https:\/\/blog.zeit.de\/joerglau\/#website\"},\"datePublished\":\"2010-05-12T09:46:40+00:00\",\"dateModified\":\"2010-05-12T09:46:40+00:00\",\"author\":{\"@id\":\"https:\/\/blog.zeit.de\/joerglau\/#\/schema\/person\/55f0be9bfac24815791fbc852b042f57\"},\"breadcrumb\":{\"@id\":\"https:\/\/blog.zeit.de\/joerglau\/2010\/05\/12\/interview-mit-drei-neuen-teilnehmerinnen-aus-der-islamkonferenz_3760#breadcrumb\"},\"inLanguage\":\"de\",\"potentialAction\":[{\"@type\":\"ReadAction\",\"target\":[\"https:\/\/blog.zeit.de\/joerglau\/2010\/05\/12\/interview-mit-drei-neuen-teilnehmerinnen-aus-der-islamkonferenz_3760\"]}]},{\"@type\":\"BreadcrumbList\",\"@id\":\"https:\/\/blog.zeit.de\/joerglau\/2010\/05\/12\/interview-mit-drei-neuen-teilnehmerinnen-aus-der-islamkonferenz_3760#breadcrumb\",\"itemListElement\":[{\"@type\":\"ListItem\",\"position\":1,\"name\":\"Startseite\",\"item\":\"https:\/\/blog.zeit.de\/joerglau\"},{\"@type\":\"ListItem\",\"position\":2,\"name\":\"Interview mit drei neuen Teilnehmerinnen aus der Islamkonferenz\"}]},{\"@type\":\"WebSite\",\"@id\":\"https:\/\/blog.zeit.de\/joerglau\/#website\",\"url\":\"https:\/\/blog.zeit.de\/joerglau\/\",\"name\":\"J\u00f6rg Lau\",\"description\":\"Ein Blog \u00fcber Religion und Politik\",\"potentialAction\":[{\"@type\":\"SearchAction\",\"target\":{\"@type\":\"EntryPoint\",\"urlTemplate\":\"https:\/\/blog.zeit.de\/joerglau\/?s={search_term_string}\"},\"query-input\":\"required name=search_term_string\"}],\"inLanguage\":\"de\"},{\"@type\":\"Person\",\"@id\":\"https:\/\/blog.zeit.de\/joerglau\/#\/schema\/person\/55f0be9bfac24815791fbc852b042f57\",\"name\":\"J\u00f6rg Lau\",\"image\":{\"@type\":\"ImageObject\",\"inLanguage\":\"de\",\"@id\":\"https:\/\/blog.zeit.de\/joerglau\/#\/schema\/person\/image\/\",\"url\":\"https:\/\/secure.gravatar.com\/avatar\/a5fe39bf4f5335b8bac36eefa0b41467221b1598bfea5f05159a0199e391eed0?s=96&d=mm&r=g\",\"contentUrl\":\"https:\/\/secure.gravatar.com\/avatar\/a5fe39bf4f5335b8bac36eefa0b41467221b1598bfea5f05159a0199e391eed0?s=96&d=mm&r=g\",\"caption\":\"J\u00f6rg Lau\"},\"url\":\"https:\/\/blog.zeit.de\/joerglau\/author\/joerg-lau\"}]}<\/script>\n<!-- \/ Yoast SEO plugin. -->","yoast_head_json":{"title":"Interview mit drei neuen Teilnehmerinnen aus der Islamkonferenz - J\u00f6rg Lau","robots":{"index":"index","follow":"follow","max-snippet":"max-snippet:-1","max-image-preview":"max-image-preview:large","max-video-preview":"max-video-preview:-1"},"canonical":"https:\/\/blog.zeit.de\/joerglau\/2010\/05\/12\/interview-mit-drei-neuen-teilnehmerinnen-aus-der-islamkonferenz_3760","og_locale":"de_DE","og_type":"article","og_title":"Interview mit drei neuen Teilnehmerinnen aus der Islamkonferenz - J\u00f6rg Lau","og_description":"Zusammen mit meinem Kollegen Martin Spiewak habe ich drei neue Teilnehmerinnen der Deutschen Islamkonferenz interviewt. Die Islamkonferenz wird am kommenden Montag in die zweite Runde gehen. Hier ein Auszug (das ganze Gespr\u00e4ch heute im Feuilleton der gedruckten Ausgabe): ZEIT: Sind Muslime schnell beleidigt? Hamideh Mohagheghi: Ja! Sineb El Masrar: (nickt) Manchmal ja. Armina Omerika: Wir [&hellip;]","og_url":"https:\/\/blog.zeit.de\/joerglau\/2010\/05\/12\/interview-mit-drei-neuen-teilnehmerinnen-aus-der-islamkonferenz_3760","og_site_name":"J\u00f6rg Lau","article_published_time":"2010-05-12T09:46:40+00:00","author":"J\u00f6rg Lau","twitter_card":"summary_large_image","twitter_misc":{"Geschrieben von":"J\u00f6rg Lau","Gesch\u00e4tzte Lesezeit":"1\u00a0Minute"},"schema":{"@context":"https:\/\/schema.org","@graph":[{"@type":"WebPage","@id":"https:\/\/blog.zeit.de\/joerglau\/2010\/05\/12\/interview-mit-drei-neuen-teilnehmerinnen-aus-der-islamkonferenz_3760","url":"https:\/\/blog.zeit.de\/joerglau\/2010\/05\/12\/interview-mit-drei-neuen-teilnehmerinnen-aus-der-islamkonferenz_3760","name":"Interview mit drei neuen Teilnehmerinnen aus der Islamkonferenz - J\u00f6rg Lau","isPartOf":{"@id":"https:\/\/blog.zeit.de\/joerglau\/#website"},"datePublished":"2010-05-12T09:46:40+00:00","dateModified":"2010-05-12T09:46:40+00:00","author":{"@id":"https:\/\/blog.zeit.de\/joerglau\/#\/schema\/person\/55f0be9bfac24815791fbc852b042f57"},"breadcrumb":{"@id":"https:\/\/blog.zeit.de\/joerglau\/2010\/05\/12\/interview-mit-drei-neuen-teilnehmerinnen-aus-der-islamkonferenz_3760#breadcrumb"},"inLanguage":"de","potentialAction":[{"@type":"ReadAction","target":["https:\/\/blog.zeit.de\/joerglau\/2010\/05\/12\/interview-mit-drei-neuen-teilnehmerinnen-aus-der-islamkonferenz_3760"]}]},{"@type":"BreadcrumbList","@id":"https:\/\/blog.zeit.de\/joerglau\/2010\/05\/12\/interview-mit-drei-neuen-teilnehmerinnen-aus-der-islamkonferenz_3760#breadcrumb","itemListElement":[{"@type":"ListItem","position":1,"name":"Startseite","item":"https:\/\/blog.zeit.de\/joerglau"},{"@type":"ListItem","position":2,"name":"Interview mit drei neuen Teilnehmerinnen aus der Islamkonferenz"}]},{"@type":"WebSite","@id":"https:\/\/blog.zeit.de\/joerglau\/#website","url":"https:\/\/blog.zeit.de\/joerglau\/","name":"J\u00f6rg Lau","description":"Ein Blog \u00fcber Religion und Politik","potentialAction":[{"@type":"SearchAction","target":{"@type":"EntryPoint","urlTemplate":"https:\/\/blog.zeit.de\/joerglau\/?s={search_term_string}"},"query-input":"required name=search_term_string"}],"inLanguage":"de"},{"@type":"Person","@id":"https:\/\/blog.zeit.de\/joerglau\/#\/schema\/person\/55f0be9bfac24815791fbc852b042f57","name":"J\u00f6rg Lau","image":{"@type":"ImageObject","inLanguage":"de","@id":"https:\/\/blog.zeit.de\/joerglau\/#\/schema\/person\/image\/","url":"https:\/\/secure.gravatar.com\/avatar\/a5fe39bf4f5335b8bac36eefa0b41467221b1598bfea5f05159a0199e391eed0?s=96&d=mm&r=g","contentUrl":"https:\/\/secure.gravatar.com\/avatar\/a5fe39bf4f5335b8bac36eefa0b41467221b1598bfea5f05159a0199e391eed0?s=96&d=mm&r=g","caption":"J\u00f6rg Lau"},"url":"https:\/\/blog.zeit.de\/joerglau\/author\/joerg-lau"}]}},"jetpack_featured_media_url":"","jetpack_sharing_enabled":true,"jetpack_shortlink":"https:\/\/wp.me\/pG02W-YE","_links":{"self":[{"href":"https:\/\/blog.zeit.de\/joerglau\/wp-json\/wp\/v2\/posts\/3760","targetHints":{"allow":["GET"]}}],"collection":[{"href":"https:\/\/blog.zeit.de\/joerglau\/wp-json\/wp\/v2\/posts"}],"about":[{"href":"https:\/\/blog.zeit.de\/joerglau\/wp-json\/wp\/v2\/types\/post"}],"author":[{"embeddable":true,"href":"https:\/\/blog.zeit.de\/joerglau\/wp-json\/wp\/v2\/users\/54"}],"replies":[{"embeddable":true,"href":"https:\/\/blog.zeit.de\/joerglau\/wp-json\/wp\/v2\/comments?post=3760"}],"version-history":[{"count":0,"href":"https:\/\/blog.zeit.de\/joerglau\/wp-json\/wp\/v2\/posts\/3760\/revisions"}],"wp:attachment":[{"href":"https:\/\/blog.zeit.de\/joerglau\/wp-json\/wp\/v2\/media?parent=3760"}],"wp:term":[{"taxonomy":"category","embeddable":true,"href":"https:\/\/blog.zeit.de\/joerglau\/wp-json\/wp\/v2\/categories?post=3760"},{"taxonomy":"post_tag","embeddable":true,"href":"https:\/\/blog.zeit.de\/joerglau\/wp-json\/wp\/v2\/tags?post=3760"}],"curies":[{"name":"wp","href":"https:\/\/api.w.org\/{rel}","templated":true}]}}