{"id":3765,"date":"2010-05-12T15:30:53","date_gmt":"2010-05-12T13:30:53","guid":{"rendered":"http:\/\/blog.zeit.de\/joerglau\/?p=3765"},"modified":"2010-05-14T19:01:28","modified_gmt":"2010-05-14T17:01:28","slug":"warum-die-islamkonferenz-auch-ohne-den-zentralrat-der-muslime-auskommt","status":"publish","type":"post","link":"https:\/\/blog.zeit.de\/joerglau\/2010\/05\/12\/warum-die-islamkonferenz-auch-ohne-den-zentralrat-der-muslime-auskommt_3765","title":{"rendered":"Warum die Islamkonferenz auch ohne den &#8222;Zentralrat der Muslime&#8220; auskommt"},"content":{"rendered":"<p>Am kommenden Montag will Innenminister Thomas de Maizi\u00e8re die zweite Rundes der Deutschen Islam Konferenz feierlich im Berliner Palais am Festungsgraben lancieren. Heute lie\u00df der &#8222;Zentralrat der Muslime in Deutschland&#8220; (ZMD) verk\u00fcnden, der f\u00fcr ihn reservierte Stuhl werde leer bleiben. Was soll eine DIK ohne den ZMD?<\/p>\n<p>In Wahrheit steht nicht der Sinn der Islamkonferenz in Frage, sondern die Legitimation des so genannten &#8222;Zentralrats&#8220;. Denn andere, teils gr\u00f6\u00dfere, Verb\u00e4nde nehmen weiter teil &#8211; wie etwa die t\u00fcrkische Ditib, die Aleviten, der Verband Islamischer Kulturzentren und der Verband bosnischer Muslime. Ausserdem dabei: eine hochkar\u00e4tige Auswahl von 10 nicht organisierten Muslimen, darunter Theologen, Islamwissenschaftler, Anw\u00e4lte und andere zivilgesellschaftliche Akteure.<\/p>\n<p>Der pomp\u00f6se Name &#8222;Zentralrat&#8220; &#8211; in Anlehnung an den Zentralrat der Juden gew\u00e4hlt &#8211; war immer schon Anma\u00dfung. Nichts ist &#8222;zentral&#8220; an der Schirmorganisation, die sch\u00e4tzungsweise kaum zehn Prozent der hiesigen Muslime vertritt (nach\u00a0 Studien, auf die sich das Innenministerium beruft, sogar nur maximal 3 Prozent) . Auf der F\u00fchrungsebene dominieren deutsche Konvertiten wie der Vorsitzende Ayyub Axel K\u00f6hler, im Hintergrund agieren zwielichtige Figuren wie der ehemalige Chef der &#8222;Islamischen Gemeinde in Deutschland&#8220;, Ibrahim El Zayat, der im Verdacht steht, der Muslimbruderschaft anzugeh\u00f6ren.Was von K\u00f6hlers F\u00fchrungsstil zu halten ist, zeigte sich im Jahr 2007, als er\u00a0 El Zayat einfach mit ins Plenum der Islamkonferenz einschleuste, gegen den Willen der deutschen Beh\u00f6rden.<\/p>\n<p>Der ZMD kann keineswegs f\u00fcr die Mehrheit der Muslime in Deutschland sprechen. Er ist ein Relikt aus der Zeit, als der deutsche Staat und die Medien sich wenig auskannten mit den hier lebenden Muslimen. Man suchte h\u00e4nderingend Ansprechpartner, und da kam man bei fl\u00fcchtigem Googlen eben immer auf den ZMD mit seinen wenigen sprechf\u00e4higen K\u00f6pfen: Nadeem Elyas, Ayyub Axel K\u00f6hler, Aiman Mazyek.<\/p>\n<p>Diese Zeit ist vorbei &#8211; und zwar dank der Islamkonferenz. Der Islam in Deutschland hat angefangen, selbst sprechen zu lernen: Aus den t\u00fcrkisch dominierten Verb\u00e4nden sind einige K\u00f6pfe hervorgegangen, die kompetent und eloquent Rede und Antwort stehen k\u00f6nnen &#8211; Bekir Alboga von der Ditib, Ali Ertan Toprak f\u00fcr die Aleviten zum Beispiel.<\/p>\n<p>Immer mehr &#8222;Kulturmuslime&#8220; melden sich zu Wort, weil sie sich nicht von den stockkonservativen Verb\u00e4nden vertreten f\u00fchlen. Marokkaner, Bosnier und Iraner haben eigene Pers\u00f6nlichkeiten, die f\u00fcr die Vielfalt des Islams hierzulande stehen. Und auch die vielen Stimmen &#8211; sehr oft Frauen -, die sich kritisch mit dem islamischen Erben befassen,\u00a0 sind hier zu nennen: von der frommen Schiitin Hamideh Mohagheghi \u00fcber liberale Sunniten wie Lamya Kaddor oder Hilal Sezgin bis zu radikalfeministischen Kritikerinnen wie Seyran Ates und Necla Kelek reicht das Spektrum. Untereinander sind sich manche spinnefeind &#8211; aber das zeigt ja gerade, dass Deutschland im realen Pluralismus des islamischen Lebens in Europa angekommen ist.<\/p>\n<p>Wir haben in der aktuellen Nummer der Zeit ein Interview mit drei neuen Teilnehmerinnen der Islamkonferenz. Alle drei sind nicht organisiert. Sie reden unverkrampft \u00fcber ihren Glauben, \u00fcber die Mi\u00dfst\u00e4nde und das Sch\u00f6ne an der islamischen Spiritualit\u00e4t. Ihre Familien stammen aus Marokko, dem Iran und Bosnien. Sie sind unterschiedlich stark religi\u00f6s, eine von ihnen tr\u00e4gt Kopftuch, die anderen nicht &#8211; und doch kann man sehr gut miteinander reden. Sie sind alle auf ihre eigene Art Musliminnen &#8211; und sie gehen nicht in die Moscheen der M\u00e4nner. Diese Frauen sind die Zukunft des Islam in Deutschland.\u00a0 Nicht die wichtigtuerischen Herren in den Verb\u00e4nden. Der Innenminister tut recht daran, ihnen eine Stimme zu geben in der Konferenz. Ein reiches Stimmengewirr hat die Verb\u00e4nde an den Rand gedr\u00fcckt &#8211; und das ist gut so!<\/p>\n<p>Nat\u00fcrlich leiden die (meist) Herren darunter, dass ihre Vereine nicht umstandslos als quasi-Kirchen anerkannt werden (obwohl sie auch immer wieder behaupten, genau das wollten sie vermeiden, weil es unmuslimisch sei). Und nur so ist die beleidigte und unpolitische Aktion des ZMD jetzt zu verstehen:<\/p>\n<p><em>&#8222;Die DIK II ist in der jetzigen Form ein unverbindlicher Debattier-Club. Der ZMD wird unter diesen Bedingungen an der DIK II nicht teilnehmen&#8220;<\/em>, hei\u00dft es in der Pressemitteilung.<\/p>\n<p><em>&#8222;Die DIK ist und bleibt eine von der Bundesregierung verordnete Konferenz. Der Staat versucht sich \u00fcber die Selbstorganisation der faktischen islamischen Religionsgemeinschaften hinwegzusetzen. &#8230;<\/em><\/p>\n<p><em>Das BMI ist nicht bereit im Rahmen der Islamkonferenz zusammen mit den legitimierten muslimischen Organisationen und den Vertretern der L\u00e4nder im Rahmen einer Arbeitsgruppe einen Fahrplan zu entwickeln, der zur Anerkennung als Religionsgemeinschaft f\u00fchrt.&#8220;<\/em><\/p>\n<p>Die Islamverb\u00e4nde k\u00f6nnen nicht als Religionsgemeinschaften im vollen sind der deutschen Verfassung\u00a0 anerkannt werden. Sie haben keine direkten Mitglieder. Ihre Repr\u00e4sentationsstrukutren sind wenig transparent und demokratisch. Sie haben keine theologische Kompetenz, um als Partner des Staates bei der Entwickung von Curricula helfen zu k\u00f6nnen. Teilweise (Ditib) h\u00e4ngen sie viel zu sehr vom Ausland ab. Sie m\u00fcssten sich neu aufstellen, um das zu erreichen. Der Koordinierungsrat der Muslime war kein Aufbruch in diese Richtung, sondern einfach nur eine weitere Dachorganisation \u00fcber schon bestehenden Dachorganisationen.<\/p>\n<p>Vielleicht ist das ganze Aufhebens um den K\u00f6perschaftsstatus ohnehin eine Sackgasse: Denn die dringenden Bed\u00fcrfnisse der Muslime hierzulande &#8211; Religionsunterricht und Imamausbildung, Lehrst\u00fchle f\u00fcr islamische Theologie &#8211; kann man auch unterhalb dieser rechtlichen Schwelle regeln. Erfolgreiche Feldversuche &#8211; etwa in Niedersachsen &#8211; weisen in diese Richtung.<\/p>\n<p>Der ZMD hat sich verzockt. Er wollte dem Innenminister eine rechtliche Aufwertung abtrotzen, ohne sich selbst vorher zu reformieren. Thomas de Maizi\u00e8re ist darauf nicht hereingefallen. Sein Ansatz, die Islamkonferenz pragmatischer zu gestalten, ist richtig: Islamunterricht und Imamausbildung beschleunigen, \u00fcber Geschlechtergerechtigkeit reden, Islamfeindlichkeit und Islamismus als Zusammenhang debattieren. Das ist ein gutes Programm. Es l\u00e4\u00dft sich auch ohne den Zentrarat der Muslime bearbeiten. Vielleicht sogar besser.<\/p>\n","protected":false},"excerpt":{"rendered":"<p>Am kommenden Montag will Innenminister Thomas de Maizi\u00e8re die zweite Rundes der Deutschen Islam Konferenz feierlich im Berliner Palais am Festungsgraben lancieren. Heute lie\u00df der &#8222;Zentralrat der Muslime in Deutschland&#8220; (ZMD) verk\u00fcnden, der f\u00fcr ihn reservierte Stuhl werde leer bleiben. Was soll eine DIK ohne den ZMD? In Wahrheit steht nicht der Sinn der Islamkonferenz [&hellip;]<\/p>\n","protected":false},"author":54,"featured_media":0,"comment_status":"open","ping_status":"closed","sticky":false,"template":"","format":"standard","meta":{"jetpack_post_was_ever_published":false,"footnotes":""},"categories":[157,163],"tags":[],"class_list":["post-3765","post","type-post","status-publish","format-standard","hentry","category-die-freunde-und-die-feinde-des-islams","category-integration"],"yoast_head":"<!-- This site is optimized with the Yoast SEO plugin v21.0 - https:\/\/yoast.com\/wordpress\/plugins\/seo\/ -->\n<title>Warum die Islamkonferenz auch ohne den &quot;Zentralrat der Muslime&quot; auskommt - J\u00f6rg Lau<\/title>\n<meta name=\"robots\" content=\"index, follow, max-snippet:-1, max-image-preview:large, max-video-preview:-1\" \/>\n<link rel=\"canonical\" href=\"https:\/\/blog.zeit.de\/joerglau\/2010\/05\/12\/warum-die-islamkonferenz-auch-ohne-den-zentralrat-der-muslime-auskommt_3765\" \/>\n<meta property=\"og:locale\" content=\"de_DE\" \/>\n<meta property=\"og:type\" content=\"article\" \/>\n<meta property=\"og:title\" content=\"Warum die Islamkonferenz auch ohne den &quot;Zentralrat der Muslime&quot; auskommt - J\u00f6rg Lau\" \/>\n<meta property=\"og:description\" content=\"Am kommenden Montag will Innenminister Thomas de Maizi\u00e8re die zweite Rundes der Deutschen Islam Konferenz feierlich im Berliner Palais am Festungsgraben lancieren. Heute lie\u00df der &#8222;Zentralrat der Muslime in Deutschland&#8220; (ZMD) verk\u00fcnden, der f\u00fcr ihn reservierte Stuhl werde leer bleiben. Was soll eine DIK ohne den ZMD? In Wahrheit steht nicht der Sinn der Islamkonferenz [&hellip;]\" \/>\n<meta property=\"og:url\" content=\"https:\/\/blog.zeit.de\/joerglau\/2010\/05\/12\/warum-die-islamkonferenz-auch-ohne-den-zentralrat-der-muslime-auskommt_3765\" \/>\n<meta property=\"og:site_name\" content=\"J\u00f6rg Lau\" \/>\n<meta property=\"article:published_time\" content=\"2010-05-12T13:30:53+00:00\" \/>\n<meta property=\"article:modified_time\" content=\"2010-05-14T17:01:28+00:00\" \/>\n<meta name=\"author\" content=\"J\u00f6rg Lau\" \/>\n<meta name=\"twitter:card\" content=\"summary_large_image\" \/>\n<meta name=\"twitter:label1\" content=\"Geschrieben von\" \/>\n\t<meta name=\"twitter:data1\" content=\"J\u00f6rg Lau\" \/>\n\t<meta name=\"twitter:label2\" content=\"Gesch\u00e4tzte Lesezeit\" \/>\n\t<meta name=\"twitter:data2\" content=\"5\u00a0Minuten\" \/>\n<script type=\"application\/ld+json\" class=\"yoast-schema-graph\">{\"@context\":\"https:\/\/schema.org\",\"@graph\":[{\"@type\":\"WebPage\",\"@id\":\"https:\/\/blog.zeit.de\/joerglau\/2010\/05\/12\/warum-die-islamkonferenz-auch-ohne-den-zentralrat-der-muslime-auskommt_3765\",\"url\":\"https:\/\/blog.zeit.de\/joerglau\/2010\/05\/12\/warum-die-islamkonferenz-auch-ohne-den-zentralrat-der-muslime-auskommt_3765\",\"name\":\"Warum die Islamkonferenz auch ohne den \\\"Zentralrat der Muslime\\\" auskommt - J\u00f6rg Lau\",\"isPartOf\":{\"@id\":\"https:\/\/blog.zeit.de\/joerglau\/#website\"},\"datePublished\":\"2010-05-12T13:30:53+00:00\",\"dateModified\":\"2010-05-14T17:01:28+00:00\",\"author\":{\"@id\":\"https:\/\/blog.zeit.de\/joerglau\/#\/schema\/person\/55f0be9bfac24815791fbc852b042f57\"},\"breadcrumb\":{\"@id\":\"https:\/\/blog.zeit.de\/joerglau\/2010\/05\/12\/warum-die-islamkonferenz-auch-ohne-den-zentralrat-der-muslime-auskommt_3765#breadcrumb\"},\"inLanguage\":\"de\",\"potentialAction\":[{\"@type\":\"ReadAction\",\"target\":[\"https:\/\/blog.zeit.de\/joerglau\/2010\/05\/12\/warum-die-islamkonferenz-auch-ohne-den-zentralrat-der-muslime-auskommt_3765\"]}]},{\"@type\":\"BreadcrumbList\",\"@id\":\"https:\/\/blog.zeit.de\/joerglau\/2010\/05\/12\/warum-die-islamkonferenz-auch-ohne-den-zentralrat-der-muslime-auskommt_3765#breadcrumb\",\"itemListElement\":[{\"@type\":\"ListItem\",\"position\":1,\"name\":\"Startseite\",\"item\":\"https:\/\/blog.zeit.de\/joerglau\"},{\"@type\":\"ListItem\",\"position\":2,\"name\":\"Warum die Islamkonferenz auch ohne den &#8222;Zentralrat der Muslime&#8220; auskommt\"}]},{\"@type\":\"WebSite\",\"@id\":\"https:\/\/blog.zeit.de\/joerglau\/#website\",\"url\":\"https:\/\/blog.zeit.de\/joerglau\/\",\"name\":\"J\u00f6rg Lau\",\"description\":\"Ein Blog \u00fcber Religion und Politik\",\"potentialAction\":[{\"@type\":\"SearchAction\",\"target\":{\"@type\":\"EntryPoint\",\"urlTemplate\":\"https:\/\/blog.zeit.de\/joerglau\/?s={search_term_string}\"},\"query-input\":\"required name=search_term_string\"}],\"inLanguage\":\"de\"},{\"@type\":\"Person\",\"@id\":\"https:\/\/blog.zeit.de\/joerglau\/#\/schema\/person\/55f0be9bfac24815791fbc852b042f57\",\"name\":\"J\u00f6rg Lau\",\"image\":{\"@type\":\"ImageObject\",\"inLanguage\":\"de\",\"@id\":\"https:\/\/blog.zeit.de\/joerglau\/#\/schema\/person\/image\/\",\"url\":\"https:\/\/secure.gravatar.com\/avatar\/a5fe39bf4f5335b8bac36eefa0b41467221b1598bfea5f05159a0199e391eed0?s=96&d=mm&r=g\",\"contentUrl\":\"https:\/\/secure.gravatar.com\/avatar\/a5fe39bf4f5335b8bac36eefa0b41467221b1598bfea5f05159a0199e391eed0?s=96&d=mm&r=g\",\"caption\":\"J\u00f6rg Lau\"},\"url\":\"https:\/\/blog.zeit.de\/joerglau\/author\/joerg-lau\"}]}<\/script>\n<!-- \/ Yoast SEO plugin. -->","yoast_head_json":{"title":"Warum die Islamkonferenz auch ohne den \"Zentralrat der Muslime\" auskommt - J\u00f6rg Lau","robots":{"index":"index","follow":"follow","max-snippet":"max-snippet:-1","max-image-preview":"max-image-preview:large","max-video-preview":"max-video-preview:-1"},"canonical":"https:\/\/blog.zeit.de\/joerglau\/2010\/05\/12\/warum-die-islamkonferenz-auch-ohne-den-zentralrat-der-muslime-auskommt_3765","og_locale":"de_DE","og_type":"article","og_title":"Warum die Islamkonferenz auch ohne den \"Zentralrat der Muslime\" auskommt - J\u00f6rg Lau","og_description":"Am kommenden Montag will Innenminister Thomas de Maizi\u00e8re die zweite Rundes der Deutschen Islam Konferenz feierlich im Berliner Palais am Festungsgraben lancieren. Heute lie\u00df der &#8222;Zentralrat der Muslime in Deutschland&#8220; (ZMD) verk\u00fcnden, der f\u00fcr ihn reservierte Stuhl werde leer bleiben. Was soll eine DIK ohne den ZMD? In Wahrheit steht nicht der Sinn der Islamkonferenz [&hellip;]","og_url":"https:\/\/blog.zeit.de\/joerglau\/2010\/05\/12\/warum-die-islamkonferenz-auch-ohne-den-zentralrat-der-muslime-auskommt_3765","og_site_name":"J\u00f6rg Lau","article_published_time":"2010-05-12T13:30:53+00:00","article_modified_time":"2010-05-14T17:01:28+00:00","author":"J\u00f6rg Lau","twitter_card":"summary_large_image","twitter_misc":{"Geschrieben von":"J\u00f6rg Lau","Gesch\u00e4tzte Lesezeit":"5\u00a0Minuten"},"schema":{"@context":"https:\/\/schema.org","@graph":[{"@type":"WebPage","@id":"https:\/\/blog.zeit.de\/joerglau\/2010\/05\/12\/warum-die-islamkonferenz-auch-ohne-den-zentralrat-der-muslime-auskommt_3765","url":"https:\/\/blog.zeit.de\/joerglau\/2010\/05\/12\/warum-die-islamkonferenz-auch-ohne-den-zentralrat-der-muslime-auskommt_3765","name":"Warum die Islamkonferenz auch ohne den \"Zentralrat der Muslime\" auskommt - J\u00f6rg Lau","isPartOf":{"@id":"https:\/\/blog.zeit.de\/joerglau\/#website"},"datePublished":"2010-05-12T13:30:53+00:00","dateModified":"2010-05-14T17:01:28+00:00","author":{"@id":"https:\/\/blog.zeit.de\/joerglau\/#\/schema\/person\/55f0be9bfac24815791fbc852b042f57"},"breadcrumb":{"@id":"https:\/\/blog.zeit.de\/joerglau\/2010\/05\/12\/warum-die-islamkonferenz-auch-ohne-den-zentralrat-der-muslime-auskommt_3765#breadcrumb"},"inLanguage":"de","potentialAction":[{"@type":"ReadAction","target":["https:\/\/blog.zeit.de\/joerglau\/2010\/05\/12\/warum-die-islamkonferenz-auch-ohne-den-zentralrat-der-muslime-auskommt_3765"]}]},{"@type":"BreadcrumbList","@id":"https:\/\/blog.zeit.de\/joerglau\/2010\/05\/12\/warum-die-islamkonferenz-auch-ohne-den-zentralrat-der-muslime-auskommt_3765#breadcrumb","itemListElement":[{"@type":"ListItem","position":1,"name":"Startseite","item":"https:\/\/blog.zeit.de\/joerglau"},{"@type":"ListItem","position":2,"name":"Warum die Islamkonferenz auch ohne den &#8222;Zentralrat der Muslime&#8220; auskommt"}]},{"@type":"WebSite","@id":"https:\/\/blog.zeit.de\/joerglau\/#website","url":"https:\/\/blog.zeit.de\/joerglau\/","name":"J\u00f6rg Lau","description":"Ein Blog \u00fcber Religion und Politik","potentialAction":[{"@type":"SearchAction","target":{"@type":"EntryPoint","urlTemplate":"https:\/\/blog.zeit.de\/joerglau\/?s={search_term_string}"},"query-input":"required name=search_term_string"}],"inLanguage":"de"},{"@type":"Person","@id":"https:\/\/blog.zeit.de\/joerglau\/#\/schema\/person\/55f0be9bfac24815791fbc852b042f57","name":"J\u00f6rg Lau","image":{"@type":"ImageObject","inLanguage":"de","@id":"https:\/\/blog.zeit.de\/joerglau\/#\/schema\/person\/image\/","url":"https:\/\/secure.gravatar.com\/avatar\/a5fe39bf4f5335b8bac36eefa0b41467221b1598bfea5f05159a0199e391eed0?s=96&d=mm&r=g","contentUrl":"https:\/\/secure.gravatar.com\/avatar\/a5fe39bf4f5335b8bac36eefa0b41467221b1598bfea5f05159a0199e391eed0?s=96&d=mm&r=g","caption":"J\u00f6rg Lau"},"url":"https:\/\/blog.zeit.de\/joerglau\/author\/joerg-lau"}]}},"jetpack_featured_media_url":"","jetpack_sharing_enabled":true,"jetpack_shortlink":"https:\/\/wp.me\/pG02W-YJ","_links":{"self":[{"href":"https:\/\/blog.zeit.de\/joerglau\/wp-json\/wp\/v2\/posts\/3765","targetHints":{"allow":["GET"]}}],"collection":[{"href":"https:\/\/blog.zeit.de\/joerglau\/wp-json\/wp\/v2\/posts"}],"about":[{"href":"https:\/\/blog.zeit.de\/joerglau\/wp-json\/wp\/v2\/types\/post"}],"author":[{"embeddable":true,"href":"https:\/\/blog.zeit.de\/joerglau\/wp-json\/wp\/v2\/users\/54"}],"replies":[{"embeddable":true,"href":"https:\/\/blog.zeit.de\/joerglau\/wp-json\/wp\/v2\/comments?post=3765"}],"version-history":[{"count":0,"href":"https:\/\/blog.zeit.de\/joerglau\/wp-json\/wp\/v2\/posts\/3765\/revisions"}],"wp:attachment":[{"href":"https:\/\/blog.zeit.de\/joerglau\/wp-json\/wp\/v2\/media?parent=3765"}],"wp:term":[{"taxonomy":"category","embeddable":true,"href":"https:\/\/blog.zeit.de\/joerglau\/wp-json\/wp\/v2\/categories?post=3765"},{"taxonomy":"post_tag","embeddable":true,"href":"https:\/\/blog.zeit.de\/joerglau\/wp-json\/wp\/v2\/tags?post=3765"}],"curies":[{"name":"wp","href":"https:\/\/api.w.org\/{rel}","templated":true}]}}