{"id":3777,"date":"2010-05-17T17:01:45","date_gmt":"2010-05-17T15:01:45","guid":{"rendered":"http:\/\/blog.zeit.de\/joerglau\/?p=3777"},"modified":"2010-05-17T17:12:19","modified_gmt":"2010-05-17T15:12:19","slug":"wie-die-islamkonferenz-gelingen-konnte","status":"publish","type":"post","link":"https:\/\/blog.zeit.de\/joerglau\/2010\/05\/17\/wie-die-islamkonferenz-gelingen-konnte_3777","title":{"rendered":"Wie die Islamkonferenz gelingen k\u00f6nnte"},"content":{"rendered":"<p>Ich komme optimistisch aus der Pressekonferenz der DIK (II), die soeben im Berliner Palais am Festungsgraben zuende gegangen ist.<\/p>\n<p>Der erste Grund daf\u00fcr: Ich glaube, dass Innenminister\u00a0 Thomas de Mazi\u00e8re\u00a0 der Sache gewachsen ist. Am Ende der PK kam eine (ziemlich d\u00e4mliche) Frage, an der man deutlich machen kann, welchen Kr\u00e4ften ein Minister im Zusammenhang der Konferenz ausgesetzt ist. Ein Presse-Kollege fragte den Minister &#8222;jetzt mal ganz pers\u00f6nlich als evangelischen Christen&#8220;, wie er es denn f\u00e4nde, wenn man seine heilige Schrift &#8211; die Bibel &#8211; nach Ankn\u00fcpfungspunkten f\u00fcr Gewalt und Extremismus durchk\u00e4mmen w\u00fcrde, wie es jetzt allenthalben mit dem Koran passiert. Und wie es ja offenbar auch in der DIK beabsichtigt sei, die sich mit der Abgrenzung von Islam und Islamismus besch\u00e4ftigen werde. Das sei doch per se schon beleidigend.<\/p>\n<p>De Maiziere konterte, er lasse sich durchaus fragen, welche Ankn\u00fcpfungspunkte f\u00fcr Gewalt in der Bibel zu finden seien. Die Geschichte des Christentums kenne schlie\u00dflich f\u00fcrchterliche Gewaltzexzesse &#8211; Kreuzz\u00fcge, Religionskriege &#8211; die zum Gl\u00fcck (aber unter welchen Kosten!) \u00fcberwunden seien. Nat\u00fcrlich sei also die Frage nach der Kraft der Religion, Gewalt zu generieren, legitim.<\/p>\n<p>Sehr gut gegeben! Das war weder bigott noch politisch korrekt. Auf solcher Grundlage kann man debattieren.<\/p>\n<p>Zweiter Grund: Die Islamkonferenz ist ohne Islamrat und Zentralrat wom\u00f6glich arbeitsf\u00e4higer als vorher, wie ich <a href=\"https:\/\/blog.zeit.de\/joerglau\/?s=ZMD\">hier schon verschiedentlich<\/a> vertreten habe. Die muslimische Repr\u00e4sentanz ist in der zweiten Runde auf eine breitere Basis gestellt worden. Zu den teilnehmenden t\u00fcrkischen Verb\u00e4nden (Ditib, VIKZ) sind n\u00e4mlich die bosnischen Muslime als einzelner Verband noch hinzugekommen, sowie der Verband marokkanischer Muslime. Ausserdem nimmt die eher sakul\u00e4re TGD (T\u00fcrkische Gemeinde in Deutschland) teil &#8211; eine gewisse Kuriosit\u00e4t, die aber der t\u00fcrkischen Community hier durchaus entspricht. In anderen Worten: Auch ohne Islamrat (i.e. IGMG) und ZMD kann man an einem Konsens \u00fcber Religionsunterricht und Imamausbildung arbeiten. Und ich verwette das H\u00e4uschen meiner Oma darauf, dass mindestens der ZMD dann bald wieder an die T\u00fcr klopfen wird. Wie schon Herbert Wehner so treffend sagte: &#8222;Wer rausgeht, muss auch wieder reinkommen.&#8220;<\/p>\n<p>Der Vertreter der Ditib, der Theologieprofessor Ali Dere, hatte vorher schon erkennen lassen, dass er das Fortbleiben von ZMD und Islamrat nicht als entscheidende Beeintr\u00e4chtigung der Arbeit empfindet. Vielleicht rechnet er sich sogar einen Vorteil dadurch aus?<\/p>\n<p>Der unabh\u00e4ngige Teilnehmer Hamed Abdel-Samad machte in seinem Statement klar, dass dies nicht bedeuten kann, Ditib als der \u00fcbrig gebliebene Gro\u00dfverband \u00fcbernehme nun den ganzen Laden. Er pl\u00e4dierte heftig und \u00fcberzeugend daf\u00fcr, die &#8222;Abnabelung der islamischen Theologie von den Herkunftsl\u00e4ndern&#8220; zu betreiben. Dort sei die Theologie autorit\u00e4tsh\u00f6rig, sagte Abdel-Samad, und das k\u00f6nne hier nicht weiterhelfen. Er beschrieb die Chance der Islamkonferenz als &#8222;ein St\u00fcck islamische Aufkl\u00e4rung&#8220;. Die DIK sei ein &#8222;Verhandlungsprozess&#8220; &#8211; erstens der muslimischen Gruppen mit dem Staat, zweitens aber auch der Muslime untereinander, die sich hier in ihrer Pluralit\u00e4t miteinander auseinander setzen m\u00fcssen. (Ein wichtiger, oft vernachl\u00e4ssigter Punkt: Wo sonst treffen sich Aleviten, Schiiten, Sunniten (aus Bosnien, der T\u00fcrkei, Marokko etc.) und muslimische S\u00e4kulare verschiedenster Couleur?)<\/p>\n<p>Wenn ich recht sehe, hat man sich drei Ziele gesetzt. Erstens: Voraussetzungen schaffen f\u00fcr islamische Theologie und Religionsunterrocht an deutschen Hochschulen bzw. Schulen. Damit verbunden ist die Frage der Anerkennung islamischer Gemeinschaften als Ansprechpartner der staatlichen Stellen (auf L\u00e4nderebene). Es\u00a0 geht dabei nicht darum, &#8222;den Islam anzuerkennen&#8220;, wie es manchmal mi\u00dfverst\u00e4ndlich hei\u00dft. Der Islam ist eine welthistorische Tatsache, und ein weltanschaulich neutraler Staat hat prinzipiell keine Weltreligion anzuerkennen. Auch das Christentum per se ist bei uns nicht &#8222;anerkannt&#8220;, sondern die Konfessionen sind Partner des Staates in ihren konkreten kirchlichen Ausformungen. Dito die j\u00fcdische Vertretung durch Zentralrat und die liberalen Gemeinden.<\/p>\n<p>Es geht also lediglich um die Anforderung an die islamischen Gemeinschaften, die rechtlichen Kriterien f\u00fcr die Kooperation mit dem Staat auf L\u00e4nderebene zu erf\u00fcllen &#8211; also zum Beispiel eine klare Mitgliederstruktur aufzuweisen. Die bisherigen Dachverb\u00e4nde entsprechen dem nicht. Entweder sie reformieren sich und streben Einzelkooperationen an, oder sie formieren sich zu &#8222;Schuras&#8220; wie etwa in Niedersachsen oder Hamburg.<\/p>\n<p>Zweitens: Geschlechtergerechtigkeit vorantreiben. Dazu soll eine Studie erstellt werden \u00fcber die Frage, was an der Benachteiligung von Frauen in islamisch gepr\u00e4gten Communities\u00a0 religi\u00f6s begr\u00fcndet ist &#8211; und was andere Ursachen hat. Das wird f\u00fcr alle Seiten der Debatte spannend.<\/p>\n<p>Drittens: Islamismus definieren und genuine Islamfeindlichkeit von anderen Formen der Xenophobie und des Rassismus abgrenzen. (Dazu h\u00e4tten <a href=\"https:\/\/blog.zeit.de\/joerglau\/?s=Islamophobie\">wir hier einiges beizutragen<\/a>&#8230;)<\/p>\n<p>Man wird also genauso \u00fcber jene islamisch gepr\u00e4gten Rollenbilder sprechen, die M\u00e4dchen und Frauen den Weg zur Gleichberechtigung verbauen, wie \u00fcber die Ablehnung von kopftuchtragenden Frauen durch deutsche Arbeitgeber oder die schlechteren Chancen von Menschen mit t\u00fcrkischen Namen auf dem Wohnungsmarkt.<\/p>\n<p>Das ist eine sehr ehrgeizige Kombination von pragmatischen und gesellschaftspolitisch langfristigen Zielen. Die Islamkonferenz lebt.<\/p>\n<p>Schon vor der Sommerpause tagt der Ausschuss der DIK, der dann konkrete Projektgruppen beauftragen soll.<\/p>\n","protected":false},"excerpt":{"rendered":"<p>Ich komme optimistisch aus der Pressekonferenz der DIK (II), die soeben im Berliner Palais am Festungsgraben zuende gegangen ist. Der erste Grund daf\u00fcr: Ich glaube, dass Innenminister\u00a0 Thomas de Mazi\u00e8re\u00a0 der Sache gewachsen ist. Am Ende der PK kam eine (ziemlich d\u00e4mliche) Frage, an der man deutlich machen kann, welchen Kr\u00e4ften ein Minister im Zusammenhang [&hellip;]<\/p>\n","protected":false},"author":54,"featured_media":0,"comment_status":"open","ping_status":"closed","sticky":false,"template":"","format":"standard","meta":{"jetpack_post_was_ever_published":false,"footnotes":""},"categories":[157],"tags":[],"class_list":["post-3777","post","type-post","status-publish","format-standard","hentry","category-die-freunde-und-die-feinde-des-islams"],"yoast_head":"<!-- This site is optimized with the Yoast SEO plugin v21.0 - https:\/\/yoast.com\/wordpress\/plugins\/seo\/ -->\n<title>Wie die Islamkonferenz gelingen k\u00f6nnte - J\u00f6rg Lau<\/title>\n<meta name=\"robots\" content=\"index, follow, max-snippet:-1, max-image-preview:large, max-video-preview:-1\" \/>\n<link rel=\"canonical\" href=\"https:\/\/blog.zeit.de\/joerglau\/2010\/05\/17\/wie-die-islamkonferenz-gelingen-konnte_3777\" \/>\n<meta property=\"og:locale\" content=\"de_DE\" \/>\n<meta property=\"og:type\" content=\"article\" \/>\n<meta property=\"og:title\" content=\"Wie die Islamkonferenz gelingen k\u00f6nnte - J\u00f6rg Lau\" \/>\n<meta property=\"og:description\" content=\"Ich komme optimistisch aus der Pressekonferenz der DIK (II), die soeben im Berliner Palais am Festungsgraben zuende gegangen ist. Der erste Grund daf\u00fcr: Ich glaube, dass Innenminister\u00a0 Thomas de Mazi\u00e8re\u00a0 der Sache gewachsen ist. Am Ende der PK kam eine (ziemlich d\u00e4mliche) Frage, an der man deutlich machen kann, welchen Kr\u00e4ften ein Minister im Zusammenhang [&hellip;]\" \/>\n<meta property=\"og:url\" content=\"https:\/\/blog.zeit.de\/joerglau\/2010\/05\/17\/wie-die-islamkonferenz-gelingen-konnte_3777\" \/>\n<meta property=\"og:site_name\" content=\"J\u00f6rg Lau\" \/>\n<meta property=\"article:published_time\" content=\"2010-05-17T15:01:45+00:00\" \/>\n<meta property=\"article:modified_time\" content=\"2010-05-17T15:12:19+00:00\" \/>\n<meta name=\"author\" content=\"J\u00f6rg Lau\" \/>\n<meta name=\"twitter:card\" content=\"summary_large_image\" \/>\n<meta name=\"twitter:label1\" content=\"Geschrieben von\" \/>\n\t<meta name=\"twitter:data1\" content=\"J\u00f6rg Lau\" \/>\n\t<meta name=\"twitter:label2\" content=\"Gesch\u00e4tzte Lesezeit\" \/>\n\t<meta name=\"twitter:data2\" content=\"4\u00a0Minuten\" \/>\n<script type=\"application\/ld+json\" class=\"yoast-schema-graph\">{\"@context\":\"https:\/\/schema.org\",\"@graph\":[{\"@type\":\"WebPage\",\"@id\":\"https:\/\/blog.zeit.de\/joerglau\/2010\/05\/17\/wie-die-islamkonferenz-gelingen-konnte_3777\",\"url\":\"https:\/\/blog.zeit.de\/joerglau\/2010\/05\/17\/wie-die-islamkonferenz-gelingen-konnte_3777\",\"name\":\"Wie die Islamkonferenz gelingen k\u00f6nnte - J\u00f6rg Lau\",\"isPartOf\":{\"@id\":\"https:\/\/blog.zeit.de\/joerglau\/#website\"},\"datePublished\":\"2010-05-17T15:01:45+00:00\",\"dateModified\":\"2010-05-17T15:12:19+00:00\",\"author\":{\"@id\":\"https:\/\/blog.zeit.de\/joerglau\/#\/schema\/person\/55f0be9bfac24815791fbc852b042f57\"},\"breadcrumb\":{\"@id\":\"https:\/\/blog.zeit.de\/joerglau\/2010\/05\/17\/wie-die-islamkonferenz-gelingen-konnte_3777#breadcrumb\"},\"inLanguage\":\"de\",\"potentialAction\":[{\"@type\":\"ReadAction\",\"target\":[\"https:\/\/blog.zeit.de\/joerglau\/2010\/05\/17\/wie-die-islamkonferenz-gelingen-konnte_3777\"]}]},{\"@type\":\"BreadcrumbList\",\"@id\":\"https:\/\/blog.zeit.de\/joerglau\/2010\/05\/17\/wie-die-islamkonferenz-gelingen-konnte_3777#breadcrumb\",\"itemListElement\":[{\"@type\":\"ListItem\",\"position\":1,\"name\":\"Startseite\",\"item\":\"https:\/\/blog.zeit.de\/joerglau\"},{\"@type\":\"ListItem\",\"position\":2,\"name\":\"Wie die Islamkonferenz gelingen k\u00f6nnte\"}]},{\"@type\":\"WebSite\",\"@id\":\"https:\/\/blog.zeit.de\/joerglau\/#website\",\"url\":\"https:\/\/blog.zeit.de\/joerglau\/\",\"name\":\"J\u00f6rg Lau\",\"description\":\"Ein Blog \u00fcber Religion und Politik\",\"potentialAction\":[{\"@type\":\"SearchAction\",\"target\":{\"@type\":\"EntryPoint\",\"urlTemplate\":\"https:\/\/blog.zeit.de\/joerglau\/?s={search_term_string}\"},\"query-input\":\"required name=search_term_string\"}],\"inLanguage\":\"de\"},{\"@type\":\"Person\",\"@id\":\"https:\/\/blog.zeit.de\/joerglau\/#\/schema\/person\/55f0be9bfac24815791fbc852b042f57\",\"name\":\"J\u00f6rg Lau\",\"image\":{\"@type\":\"ImageObject\",\"inLanguage\":\"de\",\"@id\":\"https:\/\/blog.zeit.de\/joerglau\/#\/schema\/person\/image\/\",\"url\":\"https:\/\/secure.gravatar.com\/avatar\/a5fe39bf4f5335b8bac36eefa0b41467221b1598bfea5f05159a0199e391eed0?s=96&d=mm&r=g\",\"contentUrl\":\"https:\/\/secure.gravatar.com\/avatar\/a5fe39bf4f5335b8bac36eefa0b41467221b1598bfea5f05159a0199e391eed0?s=96&d=mm&r=g\",\"caption\":\"J\u00f6rg Lau\"},\"url\":\"https:\/\/blog.zeit.de\/joerglau\/author\/joerg-lau\"}]}<\/script>\n<!-- \/ Yoast SEO plugin. -->","yoast_head_json":{"title":"Wie die Islamkonferenz gelingen k\u00f6nnte - J\u00f6rg Lau","robots":{"index":"index","follow":"follow","max-snippet":"max-snippet:-1","max-image-preview":"max-image-preview:large","max-video-preview":"max-video-preview:-1"},"canonical":"https:\/\/blog.zeit.de\/joerglau\/2010\/05\/17\/wie-die-islamkonferenz-gelingen-konnte_3777","og_locale":"de_DE","og_type":"article","og_title":"Wie die Islamkonferenz gelingen k\u00f6nnte - J\u00f6rg Lau","og_description":"Ich komme optimistisch aus der Pressekonferenz der DIK (II), die soeben im Berliner Palais am Festungsgraben zuende gegangen ist. Der erste Grund daf\u00fcr: Ich glaube, dass Innenminister\u00a0 Thomas de Mazi\u00e8re\u00a0 der Sache gewachsen ist. Am Ende der PK kam eine (ziemlich d\u00e4mliche) Frage, an der man deutlich machen kann, welchen Kr\u00e4ften ein Minister im Zusammenhang [&hellip;]","og_url":"https:\/\/blog.zeit.de\/joerglau\/2010\/05\/17\/wie-die-islamkonferenz-gelingen-konnte_3777","og_site_name":"J\u00f6rg Lau","article_published_time":"2010-05-17T15:01:45+00:00","article_modified_time":"2010-05-17T15:12:19+00:00","author":"J\u00f6rg Lau","twitter_card":"summary_large_image","twitter_misc":{"Geschrieben von":"J\u00f6rg Lau","Gesch\u00e4tzte Lesezeit":"4\u00a0Minuten"},"schema":{"@context":"https:\/\/schema.org","@graph":[{"@type":"WebPage","@id":"https:\/\/blog.zeit.de\/joerglau\/2010\/05\/17\/wie-die-islamkonferenz-gelingen-konnte_3777","url":"https:\/\/blog.zeit.de\/joerglau\/2010\/05\/17\/wie-die-islamkonferenz-gelingen-konnte_3777","name":"Wie die Islamkonferenz gelingen k\u00f6nnte - J\u00f6rg Lau","isPartOf":{"@id":"https:\/\/blog.zeit.de\/joerglau\/#website"},"datePublished":"2010-05-17T15:01:45+00:00","dateModified":"2010-05-17T15:12:19+00:00","author":{"@id":"https:\/\/blog.zeit.de\/joerglau\/#\/schema\/person\/55f0be9bfac24815791fbc852b042f57"},"breadcrumb":{"@id":"https:\/\/blog.zeit.de\/joerglau\/2010\/05\/17\/wie-die-islamkonferenz-gelingen-konnte_3777#breadcrumb"},"inLanguage":"de","potentialAction":[{"@type":"ReadAction","target":["https:\/\/blog.zeit.de\/joerglau\/2010\/05\/17\/wie-die-islamkonferenz-gelingen-konnte_3777"]}]},{"@type":"BreadcrumbList","@id":"https:\/\/blog.zeit.de\/joerglau\/2010\/05\/17\/wie-die-islamkonferenz-gelingen-konnte_3777#breadcrumb","itemListElement":[{"@type":"ListItem","position":1,"name":"Startseite","item":"https:\/\/blog.zeit.de\/joerglau"},{"@type":"ListItem","position":2,"name":"Wie die Islamkonferenz gelingen k\u00f6nnte"}]},{"@type":"WebSite","@id":"https:\/\/blog.zeit.de\/joerglau\/#website","url":"https:\/\/blog.zeit.de\/joerglau\/","name":"J\u00f6rg Lau","description":"Ein Blog \u00fcber Religion und Politik","potentialAction":[{"@type":"SearchAction","target":{"@type":"EntryPoint","urlTemplate":"https:\/\/blog.zeit.de\/joerglau\/?s={search_term_string}"},"query-input":"required name=search_term_string"}],"inLanguage":"de"},{"@type":"Person","@id":"https:\/\/blog.zeit.de\/joerglau\/#\/schema\/person\/55f0be9bfac24815791fbc852b042f57","name":"J\u00f6rg Lau","image":{"@type":"ImageObject","inLanguage":"de","@id":"https:\/\/blog.zeit.de\/joerglau\/#\/schema\/person\/image\/","url":"https:\/\/secure.gravatar.com\/avatar\/a5fe39bf4f5335b8bac36eefa0b41467221b1598bfea5f05159a0199e391eed0?s=96&d=mm&r=g","contentUrl":"https:\/\/secure.gravatar.com\/avatar\/a5fe39bf4f5335b8bac36eefa0b41467221b1598bfea5f05159a0199e391eed0?s=96&d=mm&r=g","caption":"J\u00f6rg Lau"},"url":"https:\/\/blog.zeit.de\/joerglau\/author\/joerg-lau"}]}},"jetpack_featured_media_url":"","jetpack_sharing_enabled":true,"jetpack_shortlink":"https:\/\/wp.me\/pG02W-YV","_links":{"self":[{"href":"https:\/\/blog.zeit.de\/joerglau\/wp-json\/wp\/v2\/posts\/3777","targetHints":{"allow":["GET"]}}],"collection":[{"href":"https:\/\/blog.zeit.de\/joerglau\/wp-json\/wp\/v2\/posts"}],"about":[{"href":"https:\/\/blog.zeit.de\/joerglau\/wp-json\/wp\/v2\/types\/post"}],"author":[{"embeddable":true,"href":"https:\/\/blog.zeit.de\/joerglau\/wp-json\/wp\/v2\/users\/54"}],"replies":[{"embeddable":true,"href":"https:\/\/blog.zeit.de\/joerglau\/wp-json\/wp\/v2\/comments?post=3777"}],"version-history":[{"count":0,"href":"https:\/\/blog.zeit.de\/joerglau\/wp-json\/wp\/v2\/posts\/3777\/revisions"}],"wp:attachment":[{"href":"https:\/\/blog.zeit.de\/joerglau\/wp-json\/wp\/v2\/media?parent=3777"}],"wp:term":[{"taxonomy":"category","embeddable":true,"href":"https:\/\/blog.zeit.de\/joerglau\/wp-json\/wp\/v2\/categories?post=3777"},{"taxonomy":"post_tag","embeddable":true,"href":"https:\/\/blog.zeit.de\/joerglau\/wp-json\/wp\/v2\/tags?post=3777"}],"curies":[{"name":"wp","href":"https:\/\/api.w.org\/{rel}","templated":true}]}}