{"id":379,"date":"2007-03-19T13:42:26","date_gmt":"2007-03-19T11:42:26","guid":{"rendered":"http:\/\/blog.zeit.de\/joerglau\/2007\/03\/19\/was-die-iranischen-frauen-wollen_379"},"modified":"2007-03-19T13:42:26","modified_gmt":"2007-03-19T11:42:26","slug":"was-die-iranischen-frauen-wollen","status":"publish","type":"post","link":"https:\/\/blog.zeit.de\/joerglau\/2007\/03\/19\/was-die-iranischen-frauen-wollen_379","title":{"rendered":"Was die iranischen Frauen wollen"},"content":{"rendered":"<p><img decoding=\"async\" id=\"image378\" src=\"https:\/\/blog.zeit.de\/joerglau\/files\/2007\/03\/kar.jpg\" alt=\"kar.jpg\" \/><br \/>\nDie f\u00fchrende iranische Feministin <a href=\"http:\/\/www.roozonline.com\/english\/archives\/2007\/03\/003249.php\">Mehrangiz Kar schreibt in Rooz<\/a>, was die iranischen Frauenrechtlerinnen erreichen wollen, sei &#8222;nicht sehr komplex&#8220;:<\/p>\n<p>&#8211; Sie wollen die diskriminierenden Regeln zur rechtlichen Verantwortlichkeit von M\u00e4nnern und Frauen beseitigen (M\u00e4dchen sind ab 9 strafm\u00fcndig, Jungen ab 15)<br \/>\n&#8211; Sie wollen, dass M\u00e4nner f\u00fcr Eifersuchtsmorde zur Rechenschaft gezogen werden (bislang nicht der Fall)<br \/>\n&#8211; Sie finden es unertr\u00e4glich, dass ein Frauenleben vor dem Gesetz halb so viel wert ist wie das eines Mannes (so betr\u00e4gt die Entsch\u00e4digungszahlung f\u00fcr einen Mord im Fall eines m\u00e4nnlichen Opfers doppelt so viel wie bei einer Frau)<br \/>\n&#8211; ermordet ein Vater sein Kind, wird er nicht hingerichtet. Eine Mutter, die ihr Kind t\u00f6tet, wird aber hingerichtet. Das bringt zum Ausdruck, dass der Vater nach islamischem Recht als Besitzer des Kindes angesehen wird. Auch dies ist f\u00fcr die Feministinnen unertr\u00e4glich<br \/>\n&#8211; M\u00e4nner k\u00f6nnen sich ohne Probleme und ohne Angabe von Gr\u00fcnden scheiden lassen. Frauen m\u00fcssen Beweise liefern und \u00fcberzeugende Gr\u00fcnde f\u00fcr eine Scheidung angeben. Die Scheidung kommt meist nur durch den Abtritt aller finanzieller Anspr\u00fcche durch die Frauen zustande<br \/>\n&#8211; M\u00e4nner k\u00f6nnen ab 15 ohne Zustimmung des Vaters heiraten. Frauen m\u00fcssen in jedem Alter die Zustimmung einholen<br \/>\n&#8211; Die Steinigung, die M\u00e4nner und Frauen bei Ehebruch droht, wird fast nur gegen Frauen angewandt. Sie geh\u00f6rt abgeschafft<br \/>\n&#8211; Die Verfassung der Islamischen Republik erlaubt Frauen die Kandidatur f\u00fcr das Parlament, nicht aber f\u00fcr h\u00f6here politische \u00c4mter wie etwa die Pr\u00e4sidentschaft<\/p>\n","protected":false},"excerpt":{"rendered":"<p>Die f\u00fchrende iranische Feministin Mehrangiz Kar schreibt in Rooz, was die iranischen Frauenrechtlerinnen erreichen wollen, sei &#8222;nicht sehr komplex&#8220;: &#8211; Sie wollen die diskriminierenden Regeln zur rechtlichen Verantwortlichkeit von M\u00e4nnern und Frauen beseitigen (M\u00e4dchen sind ab 9 strafm\u00fcndig, Jungen ab 15) &#8211; Sie wollen, dass M\u00e4nner f\u00fcr Eifersuchtsmorde zur Rechenschaft gezogen werden (bislang nicht der [&hellip;]<\/p>\n","protected":false},"author":54,"featured_media":0,"comment_status":"open","ping_status":"closed","sticky":false,"template":"","format":"standard","meta":{"jetpack_post_was_ever_published":false,"footnotes":""},"categories":[166,170],"tags":[],"class_list":["post-379","post","type-post","status-publish","format-standard","hentry","category-iran","category-menschenrechte"],"yoast_head":"<!-- This site is optimized with the Yoast SEO plugin v21.0 - https:\/\/yoast.com\/wordpress\/plugins\/seo\/ -->\n<title>Was die iranischen Frauen wollen - J\u00f6rg Lau<\/title>\n<meta name=\"robots\" content=\"index, follow, max-snippet:-1, max-image-preview:large, max-video-preview:-1\" \/>\n<link rel=\"canonical\" href=\"https:\/\/blog.zeit.de\/joerglau\/2007\/03\/19\/was-die-iranischen-frauen-wollen_379\" \/>\n<meta property=\"og:locale\" content=\"de_DE\" \/>\n<meta property=\"og:type\" content=\"article\" \/>\n<meta property=\"og:title\" content=\"Was die iranischen Frauen wollen - J\u00f6rg Lau\" \/>\n<meta property=\"og:description\" content=\"Die f\u00fchrende iranische Feministin Mehrangiz Kar schreibt in Rooz, was die iranischen Frauenrechtlerinnen erreichen wollen, sei &#8222;nicht sehr komplex&#8220;: &#8211; Sie wollen die diskriminierenden Regeln zur rechtlichen Verantwortlichkeit von M\u00e4nnern und Frauen beseitigen (M\u00e4dchen sind ab 9 strafm\u00fcndig, Jungen ab 15) &#8211; Sie wollen, dass M\u00e4nner f\u00fcr Eifersuchtsmorde zur Rechenschaft gezogen werden (bislang nicht der [&hellip;]\" \/>\n<meta property=\"og:url\" content=\"https:\/\/blog.zeit.de\/joerglau\/2007\/03\/19\/was-die-iranischen-frauen-wollen_379\" \/>\n<meta property=\"og:site_name\" content=\"J\u00f6rg Lau\" \/>\n<meta property=\"article:published_time\" content=\"2007-03-19T11:42:26+00:00\" \/>\n<meta property=\"og:image\" content=\"https:\/\/blog.zeit.de\/joerglau\/files\/2007\/03\/kar.jpg\" \/>\n<meta name=\"author\" content=\"J\u00f6rg Lau\" \/>\n<meta name=\"twitter:card\" content=\"summary_large_image\" \/>\n<meta name=\"twitter:label1\" content=\"Geschrieben von\" \/>\n\t<meta name=\"twitter:data1\" content=\"J\u00f6rg Lau\" \/>\n\t<meta name=\"twitter:label2\" content=\"Gesch\u00e4tzte Lesezeit\" \/>\n\t<meta name=\"twitter:data2\" content=\"1\u00a0Minute\" \/>\n<script type=\"application\/ld+json\" class=\"yoast-schema-graph\">{\"@context\":\"https:\/\/schema.org\",\"@graph\":[{\"@type\":\"WebPage\",\"@id\":\"https:\/\/blog.zeit.de\/joerglau\/2007\/03\/19\/was-die-iranischen-frauen-wollen_379\",\"url\":\"https:\/\/blog.zeit.de\/joerglau\/2007\/03\/19\/was-die-iranischen-frauen-wollen_379\",\"name\":\"Was die iranischen Frauen wollen - J\u00f6rg Lau\",\"isPartOf\":{\"@id\":\"https:\/\/blog.zeit.de\/joerglau\/#website\"},\"datePublished\":\"2007-03-19T11:42:26+00:00\",\"dateModified\":\"2007-03-19T11:42:26+00:00\",\"author\":{\"@id\":\"https:\/\/blog.zeit.de\/joerglau\/#\/schema\/person\/55f0be9bfac24815791fbc852b042f57\"},\"breadcrumb\":{\"@id\":\"https:\/\/blog.zeit.de\/joerglau\/2007\/03\/19\/was-die-iranischen-frauen-wollen_379#breadcrumb\"},\"inLanguage\":\"de\",\"potentialAction\":[{\"@type\":\"ReadAction\",\"target\":[\"https:\/\/blog.zeit.de\/joerglau\/2007\/03\/19\/was-die-iranischen-frauen-wollen_379\"]}]},{\"@type\":\"BreadcrumbList\",\"@id\":\"https:\/\/blog.zeit.de\/joerglau\/2007\/03\/19\/was-die-iranischen-frauen-wollen_379#breadcrumb\",\"itemListElement\":[{\"@type\":\"ListItem\",\"position\":1,\"name\":\"Startseite\",\"item\":\"https:\/\/blog.zeit.de\/joerglau\"},{\"@type\":\"ListItem\",\"position\":2,\"name\":\"Was die iranischen Frauen wollen\"}]},{\"@type\":\"WebSite\",\"@id\":\"https:\/\/blog.zeit.de\/joerglau\/#website\",\"url\":\"https:\/\/blog.zeit.de\/joerglau\/\",\"name\":\"J\u00f6rg Lau\",\"description\":\"Ein Blog \u00fcber Religion und Politik\",\"potentialAction\":[{\"@type\":\"SearchAction\",\"target\":{\"@type\":\"EntryPoint\",\"urlTemplate\":\"https:\/\/blog.zeit.de\/joerglau\/?s={search_term_string}\"},\"query-input\":\"required name=search_term_string\"}],\"inLanguage\":\"de\"},{\"@type\":\"Person\",\"@id\":\"https:\/\/blog.zeit.de\/joerglau\/#\/schema\/person\/55f0be9bfac24815791fbc852b042f57\",\"name\":\"J\u00f6rg Lau\",\"image\":{\"@type\":\"ImageObject\",\"inLanguage\":\"de\",\"@id\":\"https:\/\/blog.zeit.de\/joerglau\/#\/schema\/person\/image\/\",\"url\":\"https:\/\/secure.gravatar.com\/avatar\/a5fe39bf4f5335b8bac36eefa0b41467221b1598bfea5f05159a0199e391eed0?s=96&d=mm&r=g\",\"contentUrl\":\"https:\/\/secure.gravatar.com\/avatar\/a5fe39bf4f5335b8bac36eefa0b41467221b1598bfea5f05159a0199e391eed0?s=96&d=mm&r=g\",\"caption\":\"J\u00f6rg Lau\"},\"url\":\"https:\/\/blog.zeit.de\/joerglau\/author\/joerg-lau\"}]}<\/script>\n<!-- \/ Yoast SEO plugin. -->","yoast_head_json":{"title":"Was die iranischen Frauen wollen - J\u00f6rg Lau","robots":{"index":"index","follow":"follow","max-snippet":"max-snippet:-1","max-image-preview":"max-image-preview:large","max-video-preview":"max-video-preview:-1"},"canonical":"https:\/\/blog.zeit.de\/joerglau\/2007\/03\/19\/was-die-iranischen-frauen-wollen_379","og_locale":"de_DE","og_type":"article","og_title":"Was die iranischen Frauen wollen - J\u00f6rg Lau","og_description":"Die f\u00fchrende iranische Feministin Mehrangiz Kar schreibt in Rooz, was die iranischen Frauenrechtlerinnen erreichen wollen, sei &#8222;nicht sehr komplex&#8220;: &#8211; Sie wollen die diskriminierenden Regeln zur rechtlichen Verantwortlichkeit von M\u00e4nnern und Frauen beseitigen (M\u00e4dchen sind ab 9 strafm\u00fcndig, Jungen ab 15) &#8211; Sie wollen, dass M\u00e4nner f\u00fcr Eifersuchtsmorde zur Rechenschaft gezogen werden (bislang nicht der [&hellip;]","og_url":"https:\/\/blog.zeit.de\/joerglau\/2007\/03\/19\/was-die-iranischen-frauen-wollen_379","og_site_name":"J\u00f6rg Lau","article_published_time":"2007-03-19T11:42:26+00:00","og_image":[{"url":"https:\/\/blog.zeit.de\/joerglau\/files\/2007\/03\/kar.jpg"}],"author":"J\u00f6rg Lau","twitter_card":"summary_large_image","twitter_misc":{"Geschrieben von":"J\u00f6rg Lau","Gesch\u00e4tzte Lesezeit":"1\u00a0Minute"},"schema":{"@context":"https:\/\/schema.org","@graph":[{"@type":"WebPage","@id":"https:\/\/blog.zeit.de\/joerglau\/2007\/03\/19\/was-die-iranischen-frauen-wollen_379","url":"https:\/\/blog.zeit.de\/joerglau\/2007\/03\/19\/was-die-iranischen-frauen-wollen_379","name":"Was die iranischen Frauen wollen - J\u00f6rg Lau","isPartOf":{"@id":"https:\/\/blog.zeit.de\/joerglau\/#website"},"datePublished":"2007-03-19T11:42:26+00:00","dateModified":"2007-03-19T11:42:26+00:00","author":{"@id":"https:\/\/blog.zeit.de\/joerglau\/#\/schema\/person\/55f0be9bfac24815791fbc852b042f57"},"breadcrumb":{"@id":"https:\/\/blog.zeit.de\/joerglau\/2007\/03\/19\/was-die-iranischen-frauen-wollen_379#breadcrumb"},"inLanguage":"de","potentialAction":[{"@type":"ReadAction","target":["https:\/\/blog.zeit.de\/joerglau\/2007\/03\/19\/was-die-iranischen-frauen-wollen_379"]}]},{"@type":"BreadcrumbList","@id":"https:\/\/blog.zeit.de\/joerglau\/2007\/03\/19\/was-die-iranischen-frauen-wollen_379#breadcrumb","itemListElement":[{"@type":"ListItem","position":1,"name":"Startseite","item":"https:\/\/blog.zeit.de\/joerglau"},{"@type":"ListItem","position":2,"name":"Was die iranischen Frauen wollen"}]},{"@type":"WebSite","@id":"https:\/\/blog.zeit.de\/joerglau\/#website","url":"https:\/\/blog.zeit.de\/joerglau\/","name":"J\u00f6rg Lau","description":"Ein Blog \u00fcber Religion und Politik","potentialAction":[{"@type":"SearchAction","target":{"@type":"EntryPoint","urlTemplate":"https:\/\/blog.zeit.de\/joerglau\/?s={search_term_string}"},"query-input":"required name=search_term_string"}],"inLanguage":"de"},{"@type":"Person","@id":"https:\/\/blog.zeit.de\/joerglau\/#\/schema\/person\/55f0be9bfac24815791fbc852b042f57","name":"J\u00f6rg Lau","image":{"@type":"ImageObject","inLanguage":"de","@id":"https:\/\/blog.zeit.de\/joerglau\/#\/schema\/person\/image\/","url":"https:\/\/secure.gravatar.com\/avatar\/a5fe39bf4f5335b8bac36eefa0b41467221b1598bfea5f05159a0199e391eed0?s=96&d=mm&r=g","contentUrl":"https:\/\/secure.gravatar.com\/avatar\/a5fe39bf4f5335b8bac36eefa0b41467221b1598bfea5f05159a0199e391eed0?s=96&d=mm&r=g","caption":"J\u00f6rg Lau"},"url":"https:\/\/blog.zeit.de\/joerglau\/author\/joerg-lau"}]}},"jetpack_featured_media_url":"","jetpack_sharing_enabled":true,"jetpack_shortlink":"https:\/\/wp.me\/pG02W-67","_links":{"self":[{"href":"https:\/\/blog.zeit.de\/joerglau\/wp-json\/wp\/v2\/posts\/379","targetHints":{"allow":["GET"]}}],"collection":[{"href":"https:\/\/blog.zeit.de\/joerglau\/wp-json\/wp\/v2\/posts"}],"about":[{"href":"https:\/\/blog.zeit.de\/joerglau\/wp-json\/wp\/v2\/types\/post"}],"author":[{"embeddable":true,"href":"https:\/\/blog.zeit.de\/joerglau\/wp-json\/wp\/v2\/users\/54"}],"replies":[{"embeddable":true,"href":"https:\/\/blog.zeit.de\/joerglau\/wp-json\/wp\/v2\/comments?post=379"}],"version-history":[{"count":0,"href":"https:\/\/blog.zeit.de\/joerglau\/wp-json\/wp\/v2\/posts\/379\/revisions"}],"wp:attachment":[{"href":"https:\/\/blog.zeit.de\/joerglau\/wp-json\/wp\/v2\/media?parent=379"}],"wp:term":[{"taxonomy":"category","embeddable":true,"href":"https:\/\/blog.zeit.de\/joerglau\/wp-json\/wp\/v2\/categories?post=379"},{"taxonomy":"post_tag","embeddable":true,"href":"https:\/\/blog.zeit.de\/joerglau\/wp-json\/wp\/v2\/tags?post=379"}],"curies":[{"name":"wp","href":"https:\/\/api.w.org\/{rel}","templated":true}]}}