{"id":3794,"date":"2010-05-20T10:55:22","date_gmt":"2010-05-20T08:55:22","guid":{"rendered":"http:\/\/blog.zeit.de\/joerglau\/?p=3794"},"modified":"2010-05-20T10:55:22","modified_gmt":"2010-05-20T08:55:22","slug":"nazis-machen-mobil-gegen-islamisierung","status":"publish","type":"post","link":"https:\/\/blog.zeit.de\/joerglau\/2010\/05\/20\/nazis-machen-mobil-gegen-islamisierung_3794","title":{"rendered":"Nazis machen mobil gegen &#8222;Islamisierung&#8220;"},"content":{"rendered":"<p>Heute war eine Postwurfsendung der NPD in meinem Briefkasten &#8211; eine 4 Seiten starke Zeitung.<br \/>\nIch wohne in Charlottenburg in einer alten Reihenhaussiedlung. Kein klassisches Neonaziterrain. Die Zeitung setzt denn auch auf ein neues Thema: &#8222;Islamisierung&#8220;.<br \/>\nDas Titelfoto zeigt eine Frau mit Kopftuch. Ein dazu geh\u00f6riger Text versucht mit zweifelhaften Zahlen zu erweisen, dass in wenigen Jahrzehnten Muslime die Mehrheit in Deutschland stellen werden. Falls nicht &#8230; die NPD ein W\u00f6rtchen mitreden wird.<br \/>\nIm Grunde hat der Flyer nur dieses eine Thema: die Verdr\u00e4ngung der Deutschen durch Muslime. Auf der R\u00fcckseite werden Werbematerialen angeboten. Darunter ein T-Shirt in rot-wei\u00dfen Farben mit dem Aufdruck: &#8222;Danke Schweiz! Minarettverbot auch hier!&#8220; Die Grafik: Ein fallendes Minarett.<br \/>\nIm Inneren ist ein Comic zu sehen, der sich wohl an j\u00fcngere Leser wendet. Da sieht man eine Schulklasse mit lauter schwarzen Haarsch\u00f6pfen. Nur ein blonder Junge sitzt in der vordersten Reihe. Er meldet sich, wird aber nie drangenommen. Stattdessen die dunkelhaarigen Kinder, die grotesk falsches Deutsch sprechen und schreiben. Der Lehrer lobt sie daf\u00fcr auch noch. Und der Ausl\u00e4nderbeauftragte &#8222;Zottel&#8220; r\u00fcgt das deutsch-blonde Kind, das sich dar\u00fcber beschwert, als rassistisch.<br \/>\nEs wird das Bild einer korrupten Medien- und Politikelite gezeichnet, die sich heimlich dem Ziel der Islamisierung verschworen hat. Schon das Pl\u00e4doyer f\u00fcr &#8222;Integration&#8220; gilt hier als Indiz f\u00fcr die Zugeh\u00f6rigkeit zu dieser korrupten, vaterlandslosen Clique.<br \/>\nSo geht es immer weiter auf diesen 4 nicht schlecht gemachten Seiten. Nach der \u00c4chtung des Antisemitismus bis weit in die deutsche Rechte hinein (<a href=\"http:\/\/de.wikipedia.org\/wiki\/Martin_Hohmann#Hohmann-Aff.C3.A4re\">-> Homann<\/a>) hat der v\u00f6lkische Rassismus ein neues Thema gefunden, das er f\u00fcr mehrheitsf\u00e4hig h\u00e4lt. Auch in meinem kleinb\u00fcrgerlich-soliden Berliner Westend. Ich glaube, wie ich <a href=\"https:\/\/blog.zeit.de\/joerglau\/2010\/02\/24\/warum-deutschland-keinen-wilders-braucht_3469\">hier verschiedentlich schon geschrieben<\/a> habe, nicht daran, dass die Rechtsextremen das Thema der Integration des Islams werden kapern k\u00f6nnen.<br \/>\nAber sie arbeiten hart daran. Und ihr Diskurs \u00fcber die drohende Islamisierung ist sehr geschickt darum bem\u00fcht, sich mit einer landl\u00e4ufigen Islamkritik zu \u00fcberlappen. Ein Grund mehr, auf genaue Begriffe und klare Argumente zu achten.<\/p>\n","protected":false},"excerpt":{"rendered":"<p>Heute war eine Postwurfsendung der NPD in meinem Briefkasten &#8211; eine 4 Seiten starke Zeitung. Ich wohne in Charlottenburg in einer alten Reihenhaussiedlung. Kein klassisches Neonaziterrain. Die Zeitung setzt denn auch auf ein neues Thema: &#8222;Islamisierung&#8220;. Das Titelfoto zeigt eine Frau mit Kopftuch. Ein dazu geh\u00f6riger Text versucht mit zweifelhaften Zahlen zu erweisen, dass in [&hellip;]<\/p>\n","protected":false},"author":54,"featured_media":0,"comment_status":"open","ping_status":"closed","sticky":false,"template":"","format":"standard","meta":{"jetpack_post_was_ever_published":false,"footnotes":""},"categories":[157],"tags":[],"class_list":["post-3794","post","type-post","status-publish","format-standard","hentry","category-die-freunde-und-die-feinde-des-islams"],"yoast_head":"<!-- This site is optimized with the Yoast SEO plugin v21.0 - https:\/\/yoast.com\/wordpress\/plugins\/seo\/ -->\n<title>Nazis machen mobil gegen &quot;Islamisierung&quot; - J\u00f6rg Lau<\/title>\n<meta name=\"robots\" content=\"index, follow, max-snippet:-1, max-image-preview:large, max-video-preview:-1\" \/>\n<link rel=\"canonical\" href=\"https:\/\/blog.zeit.de\/joerglau\/2010\/05\/20\/nazis-machen-mobil-gegen-islamisierung_3794\" \/>\n<meta property=\"og:locale\" content=\"de_DE\" \/>\n<meta property=\"og:type\" content=\"article\" \/>\n<meta property=\"og:title\" content=\"Nazis machen mobil gegen &quot;Islamisierung&quot; - J\u00f6rg Lau\" \/>\n<meta property=\"og:description\" content=\"Heute war eine Postwurfsendung der NPD in meinem Briefkasten &#8211; eine 4 Seiten starke Zeitung. Ich wohne in Charlottenburg in einer alten Reihenhaussiedlung. Kein klassisches Neonaziterrain. Die Zeitung setzt denn auch auf ein neues Thema: &#8222;Islamisierung&#8220;. Das Titelfoto zeigt eine Frau mit Kopftuch. Ein dazu geh\u00f6riger Text versucht mit zweifelhaften Zahlen zu erweisen, dass in [&hellip;]\" \/>\n<meta property=\"og:url\" content=\"https:\/\/blog.zeit.de\/joerglau\/2010\/05\/20\/nazis-machen-mobil-gegen-islamisierung_3794\" \/>\n<meta property=\"og:site_name\" content=\"J\u00f6rg Lau\" \/>\n<meta property=\"article:published_time\" content=\"2010-05-20T08:55:22+00:00\" \/>\n<meta name=\"author\" content=\"J\u00f6rg Lau\" \/>\n<meta name=\"twitter:card\" content=\"summary_large_image\" \/>\n<meta name=\"twitter:label1\" content=\"Geschrieben von\" \/>\n\t<meta name=\"twitter:data1\" content=\"J\u00f6rg Lau\" \/>\n\t<meta name=\"twitter:label2\" content=\"Gesch\u00e4tzte Lesezeit\" \/>\n\t<meta name=\"twitter:data2\" content=\"2\u00a0Minuten\" \/>\n<script type=\"application\/ld+json\" class=\"yoast-schema-graph\">{\"@context\":\"https:\/\/schema.org\",\"@graph\":[{\"@type\":\"WebPage\",\"@id\":\"https:\/\/blog.zeit.de\/joerglau\/2010\/05\/20\/nazis-machen-mobil-gegen-islamisierung_3794\",\"url\":\"https:\/\/blog.zeit.de\/joerglau\/2010\/05\/20\/nazis-machen-mobil-gegen-islamisierung_3794\",\"name\":\"Nazis machen mobil gegen \\\"Islamisierung\\\" - J\u00f6rg Lau\",\"isPartOf\":{\"@id\":\"https:\/\/blog.zeit.de\/joerglau\/#website\"},\"datePublished\":\"2010-05-20T08:55:22+00:00\",\"dateModified\":\"2010-05-20T08:55:22+00:00\",\"author\":{\"@id\":\"https:\/\/blog.zeit.de\/joerglau\/#\/schema\/person\/55f0be9bfac24815791fbc852b042f57\"},\"breadcrumb\":{\"@id\":\"https:\/\/blog.zeit.de\/joerglau\/2010\/05\/20\/nazis-machen-mobil-gegen-islamisierung_3794#breadcrumb\"},\"inLanguage\":\"de\",\"potentialAction\":[{\"@type\":\"ReadAction\",\"target\":[\"https:\/\/blog.zeit.de\/joerglau\/2010\/05\/20\/nazis-machen-mobil-gegen-islamisierung_3794\"]}]},{\"@type\":\"BreadcrumbList\",\"@id\":\"https:\/\/blog.zeit.de\/joerglau\/2010\/05\/20\/nazis-machen-mobil-gegen-islamisierung_3794#breadcrumb\",\"itemListElement\":[{\"@type\":\"ListItem\",\"position\":1,\"name\":\"Startseite\",\"item\":\"https:\/\/blog.zeit.de\/joerglau\"},{\"@type\":\"ListItem\",\"position\":2,\"name\":\"Nazis machen mobil gegen &#8222;Islamisierung&#8220;\"}]},{\"@type\":\"WebSite\",\"@id\":\"https:\/\/blog.zeit.de\/joerglau\/#website\",\"url\":\"https:\/\/blog.zeit.de\/joerglau\/\",\"name\":\"J\u00f6rg Lau\",\"description\":\"Ein Blog \u00fcber Religion und Politik\",\"potentialAction\":[{\"@type\":\"SearchAction\",\"target\":{\"@type\":\"EntryPoint\",\"urlTemplate\":\"https:\/\/blog.zeit.de\/joerglau\/?s={search_term_string}\"},\"query-input\":\"required name=search_term_string\"}],\"inLanguage\":\"de\"},{\"@type\":\"Person\",\"@id\":\"https:\/\/blog.zeit.de\/joerglau\/#\/schema\/person\/55f0be9bfac24815791fbc852b042f57\",\"name\":\"J\u00f6rg Lau\",\"image\":{\"@type\":\"ImageObject\",\"inLanguage\":\"de\",\"@id\":\"https:\/\/blog.zeit.de\/joerglau\/#\/schema\/person\/image\/\",\"url\":\"https:\/\/secure.gravatar.com\/avatar\/a5fe39bf4f5335b8bac36eefa0b41467221b1598bfea5f05159a0199e391eed0?s=96&d=mm&r=g\",\"contentUrl\":\"https:\/\/secure.gravatar.com\/avatar\/a5fe39bf4f5335b8bac36eefa0b41467221b1598bfea5f05159a0199e391eed0?s=96&d=mm&r=g\",\"caption\":\"J\u00f6rg Lau\"},\"url\":\"https:\/\/blog.zeit.de\/joerglau\/author\/joerg-lau\"}]}<\/script>\n<!-- \/ Yoast SEO plugin. -->","yoast_head_json":{"title":"Nazis machen mobil gegen \"Islamisierung\" - J\u00f6rg Lau","robots":{"index":"index","follow":"follow","max-snippet":"max-snippet:-1","max-image-preview":"max-image-preview:large","max-video-preview":"max-video-preview:-1"},"canonical":"https:\/\/blog.zeit.de\/joerglau\/2010\/05\/20\/nazis-machen-mobil-gegen-islamisierung_3794","og_locale":"de_DE","og_type":"article","og_title":"Nazis machen mobil gegen \"Islamisierung\" - J\u00f6rg Lau","og_description":"Heute war eine Postwurfsendung der NPD in meinem Briefkasten &#8211; eine 4 Seiten starke Zeitung. Ich wohne in Charlottenburg in einer alten Reihenhaussiedlung. Kein klassisches Neonaziterrain. Die Zeitung setzt denn auch auf ein neues Thema: &#8222;Islamisierung&#8220;. Das Titelfoto zeigt eine Frau mit Kopftuch. Ein dazu geh\u00f6riger Text versucht mit zweifelhaften Zahlen zu erweisen, dass in [&hellip;]","og_url":"https:\/\/blog.zeit.de\/joerglau\/2010\/05\/20\/nazis-machen-mobil-gegen-islamisierung_3794","og_site_name":"J\u00f6rg Lau","article_published_time":"2010-05-20T08:55:22+00:00","author":"J\u00f6rg Lau","twitter_card":"summary_large_image","twitter_misc":{"Geschrieben von":"J\u00f6rg Lau","Gesch\u00e4tzte Lesezeit":"2\u00a0Minuten"},"schema":{"@context":"https:\/\/schema.org","@graph":[{"@type":"WebPage","@id":"https:\/\/blog.zeit.de\/joerglau\/2010\/05\/20\/nazis-machen-mobil-gegen-islamisierung_3794","url":"https:\/\/blog.zeit.de\/joerglau\/2010\/05\/20\/nazis-machen-mobil-gegen-islamisierung_3794","name":"Nazis machen mobil gegen \"Islamisierung\" - J\u00f6rg Lau","isPartOf":{"@id":"https:\/\/blog.zeit.de\/joerglau\/#website"},"datePublished":"2010-05-20T08:55:22+00:00","dateModified":"2010-05-20T08:55:22+00:00","author":{"@id":"https:\/\/blog.zeit.de\/joerglau\/#\/schema\/person\/55f0be9bfac24815791fbc852b042f57"},"breadcrumb":{"@id":"https:\/\/blog.zeit.de\/joerglau\/2010\/05\/20\/nazis-machen-mobil-gegen-islamisierung_3794#breadcrumb"},"inLanguage":"de","potentialAction":[{"@type":"ReadAction","target":["https:\/\/blog.zeit.de\/joerglau\/2010\/05\/20\/nazis-machen-mobil-gegen-islamisierung_3794"]}]},{"@type":"BreadcrumbList","@id":"https:\/\/blog.zeit.de\/joerglau\/2010\/05\/20\/nazis-machen-mobil-gegen-islamisierung_3794#breadcrumb","itemListElement":[{"@type":"ListItem","position":1,"name":"Startseite","item":"https:\/\/blog.zeit.de\/joerglau"},{"@type":"ListItem","position":2,"name":"Nazis machen mobil gegen &#8222;Islamisierung&#8220;"}]},{"@type":"WebSite","@id":"https:\/\/blog.zeit.de\/joerglau\/#website","url":"https:\/\/blog.zeit.de\/joerglau\/","name":"J\u00f6rg Lau","description":"Ein Blog \u00fcber Religion und Politik","potentialAction":[{"@type":"SearchAction","target":{"@type":"EntryPoint","urlTemplate":"https:\/\/blog.zeit.de\/joerglau\/?s={search_term_string}"},"query-input":"required name=search_term_string"}],"inLanguage":"de"},{"@type":"Person","@id":"https:\/\/blog.zeit.de\/joerglau\/#\/schema\/person\/55f0be9bfac24815791fbc852b042f57","name":"J\u00f6rg Lau","image":{"@type":"ImageObject","inLanguage":"de","@id":"https:\/\/blog.zeit.de\/joerglau\/#\/schema\/person\/image\/","url":"https:\/\/secure.gravatar.com\/avatar\/a5fe39bf4f5335b8bac36eefa0b41467221b1598bfea5f05159a0199e391eed0?s=96&d=mm&r=g","contentUrl":"https:\/\/secure.gravatar.com\/avatar\/a5fe39bf4f5335b8bac36eefa0b41467221b1598bfea5f05159a0199e391eed0?s=96&d=mm&r=g","caption":"J\u00f6rg Lau"},"url":"https:\/\/blog.zeit.de\/joerglau\/author\/joerg-lau"}]}},"jetpack_featured_media_url":"","jetpack_sharing_enabled":true,"jetpack_shortlink":"https:\/\/wp.me\/pG02W-Zc","_links":{"self":[{"href":"https:\/\/blog.zeit.de\/joerglau\/wp-json\/wp\/v2\/posts\/3794","targetHints":{"allow":["GET"]}}],"collection":[{"href":"https:\/\/blog.zeit.de\/joerglau\/wp-json\/wp\/v2\/posts"}],"about":[{"href":"https:\/\/blog.zeit.de\/joerglau\/wp-json\/wp\/v2\/types\/post"}],"author":[{"embeddable":true,"href":"https:\/\/blog.zeit.de\/joerglau\/wp-json\/wp\/v2\/users\/54"}],"replies":[{"embeddable":true,"href":"https:\/\/blog.zeit.de\/joerglau\/wp-json\/wp\/v2\/comments?post=3794"}],"version-history":[{"count":0,"href":"https:\/\/blog.zeit.de\/joerglau\/wp-json\/wp\/v2\/posts\/3794\/revisions"}],"wp:attachment":[{"href":"https:\/\/blog.zeit.de\/joerglau\/wp-json\/wp\/v2\/media?parent=3794"}],"wp:term":[{"taxonomy":"category","embeddable":true,"href":"https:\/\/blog.zeit.de\/joerglau\/wp-json\/wp\/v2\/categories?post=3794"},{"taxonomy":"post_tag","embeddable":true,"href":"https:\/\/blog.zeit.de\/joerglau\/wp-json\/wp\/v2\/tags?post=3794"}],"curies":[{"name":"wp","href":"https:\/\/api.w.org\/{rel}","templated":true}]}}