{"id":395,"date":"2007-03-23T10:16:06","date_gmt":"2007-03-23T08:16:06","guid":{"rendered":"http:\/\/blog.zeit.de\/joerglau\/2007\/03\/23\/395_395"},"modified":"2007-03-23T10:16:06","modified_gmt":"2007-03-23T08:16:06","slug":"395","status":"publish","type":"post","link":"https:\/\/blog.zeit.de\/joerglau\/2007\/03\/23\/395_395","title":{"rendered":"Das allt\u00e4gliche Grauen im Irak"},"content":{"rendered":"<p>Zum Kontrast mit dem Historienbild unten hier drei allt\u00e4gliche Bilder aus dem Irak von Anfang Januar.<br \/>\nAus dem immer lehrreichen Blog <a href=\"http:\/\/healingiraq.blogspot.com\/\">&#8222;Healing Iraq&#8220;<\/a>:<\/p>\n<p>A view of the dozens of corpses lying in the streets of Baghdad, often for weeks. These scenes of Iraq&#8217;s civil war have become such a daily part of people&#8217;s lives so much that they don&#8217;t bother to remove the bodies. Those were taken in Adhamiya a month ago and the victims were judged as &#8222;strangers&#8220; or &#8222;spies&#8220; before they were shot and thrown with the garbage in the street. People in the neighbourhood just covered them with blankets and moved on. Those bodies are rarely counted in the daily death toll, and when they are counted they&#8217;re just &#8222;unknown corpses.&#8220;<\/p>\n<p><img decoding=\"async\" alt=\"DSCN4706.JPG\" id=\"image394\" style=\"width: 228px; height: 170px\" src=\"https:\/\/blog.zeit.de\/joerglau\/files\/2007\/03\/DSCN4706.JPG\" \/><img decoding=\"async\" alt=\"DSCN4705.JPG\" id=\"image393\" style=\"width: 226px; height: 171px\" src=\"https:\/\/blog.zeit.de\/joerglau\/files\/2007\/03\/DSCN4705.JPG\" \/><img decoding=\"async\" alt=\"DSCN4692.JPG\" id=\"image392\" style=\"width: 226px; height: 170px\" src=\"https:\/\/blog.zeit.de\/joerglau\/files\/2007\/03\/DSCN4692.JPG\" \/><\/p>\n","protected":false},"excerpt":{"rendered":"<p>Zum Kontrast mit dem Historienbild unten hier drei allt\u00e4gliche Bilder aus dem Irak von Anfang Januar. Aus dem immer lehrreichen Blog &#8222;Healing Iraq&#8220;: A view of the dozens of corpses lying in the streets of Baghdad, often for weeks. These scenes of Iraq&#8217;s civil war have become such a daily part of people&#8217;s lives so [&hellip;]<\/p>\n","protected":false},"author":54,"featured_media":0,"comment_status":"open","ping_status":"closed","sticky":false,"template":"","format":"standard","meta":{"jetpack_post_was_ever_published":false,"footnotes":""},"categories":[167],"tags":[],"class_list":["post-395","post","type-post","status-publish","format-standard","hentry","category-islamismus-und-terror"],"yoast_head":"<!-- This site is optimized with the Yoast SEO plugin v21.0 - https:\/\/yoast.com\/wordpress\/plugins\/seo\/ -->\n<title>Das allt\u00e4gliche Grauen im Irak - J\u00f6rg Lau<\/title>\n<meta name=\"robots\" content=\"index, follow, max-snippet:-1, max-image-preview:large, max-video-preview:-1\" \/>\n<link rel=\"canonical\" href=\"https:\/\/blog.zeit.de\/joerglau\/2007\/03\/23\/395_395\" \/>\n<meta property=\"og:locale\" content=\"de_DE\" \/>\n<meta property=\"og:type\" content=\"article\" \/>\n<meta property=\"og:title\" content=\"Das allt\u00e4gliche Grauen im Irak - J\u00f6rg Lau\" \/>\n<meta property=\"og:description\" content=\"Zum Kontrast mit dem Historienbild unten hier drei allt\u00e4gliche Bilder aus dem Irak von Anfang Januar. Aus dem immer lehrreichen Blog &#8222;Healing Iraq&#8220;: A view of the dozens of corpses lying in the streets of Baghdad, often for weeks. These scenes of Iraq&#8217;s civil war have become such a daily part of people&#8217;s lives so [&hellip;]\" \/>\n<meta property=\"og:url\" content=\"https:\/\/blog.zeit.de\/joerglau\/2007\/03\/23\/395_395\" \/>\n<meta property=\"og:site_name\" content=\"J\u00f6rg Lau\" \/>\n<meta property=\"article:published_time\" content=\"2007-03-23T08:16:06+00:00\" \/>\n<meta property=\"og:image\" content=\"https:\/\/blog.zeit.de\/joerglau\/files\/2007\/03\/DSCN4706.JPG\" \/>\n<meta name=\"author\" content=\"J\u00f6rg Lau\" \/>\n<meta name=\"twitter:card\" content=\"summary_large_image\" \/>\n<meta name=\"twitter:label1\" content=\"Geschrieben von\" \/>\n\t<meta name=\"twitter:data1\" content=\"J\u00f6rg Lau\" \/>\n\t<meta name=\"twitter:label2\" content=\"Gesch\u00e4tzte Lesezeit\" \/>\n\t<meta name=\"twitter:data2\" content=\"1\u00a0Minute\" \/>\n<script type=\"application\/ld+json\" class=\"yoast-schema-graph\">{\"@context\":\"https:\/\/schema.org\",\"@graph\":[{\"@type\":\"WebPage\",\"@id\":\"https:\/\/blog.zeit.de\/joerglau\/2007\/03\/23\/395_395\",\"url\":\"https:\/\/blog.zeit.de\/joerglau\/2007\/03\/23\/395_395\",\"name\":\"Das allt\u00e4gliche Grauen im Irak - J\u00f6rg Lau\",\"isPartOf\":{\"@id\":\"https:\/\/blog.zeit.de\/joerglau\/#website\"},\"datePublished\":\"2007-03-23T08:16:06+00:00\",\"dateModified\":\"2007-03-23T08:16:06+00:00\",\"author\":{\"@id\":\"https:\/\/blog.zeit.de\/joerglau\/#\/schema\/person\/55f0be9bfac24815791fbc852b042f57\"},\"breadcrumb\":{\"@id\":\"https:\/\/blog.zeit.de\/joerglau\/2007\/03\/23\/395_395#breadcrumb\"},\"inLanguage\":\"de\",\"potentialAction\":[{\"@type\":\"ReadAction\",\"target\":[\"https:\/\/blog.zeit.de\/joerglau\/2007\/03\/23\/395_395\"]}]},{\"@type\":\"BreadcrumbList\",\"@id\":\"https:\/\/blog.zeit.de\/joerglau\/2007\/03\/23\/395_395#breadcrumb\",\"itemListElement\":[{\"@type\":\"ListItem\",\"position\":1,\"name\":\"Startseite\",\"item\":\"https:\/\/blog.zeit.de\/joerglau\"},{\"@type\":\"ListItem\",\"position\":2,\"name\":\"Das allt\u00e4gliche Grauen im Irak\"}]},{\"@type\":\"WebSite\",\"@id\":\"https:\/\/blog.zeit.de\/joerglau\/#website\",\"url\":\"https:\/\/blog.zeit.de\/joerglau\/\",\"name\":\"J\u00f6rg Lau\",\"description\":\"Ein Blog \u00fcber Religion und Politik\",\"potentialAction\":[{\"@type\":\"SearchAction\",\"target\":{\"@type\":\"EntryPoint\",\"urlTemplate\":\"https:\/\/blog.zeit.de\/joerglau\/?s={search_term_string}\"},\"query-input\":\"required name=search_term_string\"}],\"inLanguage\":\"de\"},{\"@type\":\"Person\",\"@id\":\"https:\/\/blog.zeit.de\/joerglau\/#\/schema\/person\/55f0be9bfac24815791fbc852b042f57\",\"name\":\"J\u00f6rg Lau\",\"image\":{\"@type\":\"ImageObject\",\"inLanguage\":\"de\",\"@id\":\"https:\/\/blog.zeit.de\/joerglau\/#\/schema\/person\/image\/\",\"url\":\"https:\/\/secure.gravatar.com\/avatar\/a5fe39bf4f5335b8bac36eefa0b41467221b1598bfea5f05159a0199e391eed0?s=96&d=mm&r=g\",\"contentUrl\":\"https:\/\/secure.gravatar.com\/avatar\/a5fe39bf4f5335b8bac36eefa0b41467221b1598bfea5f05159a0199e391eed0?s=96&d=mm&r=g\",\"caption\":\"J\u00f6rg Lau\"},\"url\":\"https:\/\/blog.zeit.de\/joerglau\/author\/joerg-lau\"}]}<\/script>\n<!-- \/ Yoast SEO plugin. -->","yoast_head_json":{"title":"Das allt\u00e4gliche Grauen im Irak - J\u00f6rg Lau","robots":{"index":"index","follow":"follow","max-snippet":"max-snippet:-1","max-image-preview":"max-image-preview:large","max-video-preview":"max-video-preview:-1"},"canonical":"https:\/\/blog.zeit.de\/joerglau\/2007\/03\/23\/395_395","og_locale":"de_DE","og_type":"article","og_title":"Das allt\u00e4gliche Grauen im Irak - J\u00f6rg Lau","og_description":"Zum Kontrast mit dem Historienbild unten hier drei allt\u00e4gliche Bilder aus dem Irak von Anfang Januar. Aus dem immer lehrreichen Blog &#8222;Healing Iraq&#8220;: A view of the dozens of corpses lying in the streets of Baghdad, often for weeks. These scenes of Iraq&#8217;s civil war have become such a daily part of people&#8217;s lives so [&hellip;]","og_url":"https:\/\/blog.zeit.de\/joerglau\/2007\/03\/23\/395_395","og_site_name":"J\u00f6rg Lau","article_published_time":"2007-03-23T08:16:06+00:00","og_image":[{"url":"https:\/\/blog.zeit.de\/joerglau\/files\/2007\/03\/DSCN4706.JPG"}],"author":"J\u00f6rg Lau","twitter_card":"summary_large_image","twitter_misc":{"Geschrieben von":"J\u00f6rg Lau","Gesch\u00e4tzte Lesezeit":"1\u00a0Minute"},"schema":{"@context":"https:\/\/schema.org","@graph":[{"@type":"WebPage","@id":"https:\/\/blog.zeit.de\/joerglau\/2007\/03\/23\/395_395","url":"https:\/\/blog.zeit.de\/joerglau\/2007\/03\/23\/395_395","name":"Das allt\u00e4gliche Grauen im Irak - J\u00f6rg Lau","isPartOf":{"@id":"https:\/\/blog.zeit.de\/joerglau\/#website"},"datePublished":"2007-03-23T08:16:06+00:00","dateModified":"2007-03-23T08:16:06+00:00","author":{"@id":"https:\/\/blog.zeit.de\/joerglau\/#\/schema\/person\/55f0be9bfac24815791fbc852b042f57"},"breadcrumb":{"@id":"https:\/\/blog.zeit.de\/joerglau\/2007\/03\/23\/395_395#breadcrumb"},"inLanguage":"de","potentialAction":[{"@type":"ReadAction","target":["https:\/\/blog.zeit.de\/joerglau\/2007\/03\/23\/395_395"]}]},{"@type":"BreadcrumbList","@id":"https:\/\/blog.zeit.de\/joerglau\/2007\/03\/23\/395_395#breadcrumb","itemListElement":[{"@type":"ListItem","position":1,"name":"Startseite","item":"https:\/\/blog.zeit.de\/joerglau"},{"@type":"ListItem","position":2,"name":"Das allt\u00e4gliche Grauen im Irak"}]},{"@type":"WebSite","@id":"https:\/\/blog.zeit.de\/joerglau\/#website","url":"https:\/\/blog.zeit.de\/joerglau\/","name":"J\u00f6rg Lau","description":"Ein Blog \u00fcber Religion und Politik","potentialAction":[{"@type":"SearchAction","target":{"@type":"EntryPoint","urlTemplate":"https:\/\/blog.zeit.de\/joerglau\/?s={search_term_string}"},"query-input":"required name=search_term_string"}],"inLanguage":"de"},{"@type":"Person","@id":"https:\/\/blog.zeit.de\/joerglau\/#\/schema\/person\/55f0be9bfac24815791fbc852b042f57","name":"J\u00f6rg Lau","image":{"@type":"ImageObject","inLanguage":"de","@id":"https:\/\/blog.zeit.de\/joerglau\/#\/schema\/person\/image\/","url":"https:\/\/secure.gravatar.com\/avatar\/a5fe39bf4f5335b8bac36eefa0b41467221b1598bfea5f05159a0199e391eed0?s=96&d=mm&r=g","contentUrl":"https:\/\/secure.gravatar.com\/avatar\/a5fe39bf4f5335b8bac36eefa0b41467221b1598bfea5f05159a0199e391eed0?s=96&d=mm&r=g","caption":"J\u00f6rg Lau"},"url":"https:\/\/blog.zeit.de\/joerglau\/author\/joerg-lau"}]}},"jetpack_featured_media_url":"","jetpack_sharing_enabled":true,"jetpack_shortlink":"https:\/\/wp.me\/sG02W-395","_links":{"self":[{"href":"https:\/\/blog.zeit.de\/joerglau\/wp-json\/wp\/v2\/posts\/395","targetHints":{"allow":["GET"]}}],"collection":[{"href":"https:\/\/blog.zeit.de\/joerglau\/wp-json\/wp\/v2\/posts"}],"about":[{"href":"https:\/\/blog.zeit.de\/joerglau\/wp-json\/wp\/v2\/types\/post"}],"author":[{"embeddable":true,"href":"https:\/\/blog.zeit.de\/joerglau\/wp-json\/wp\/v2\/users\/54"}],"replies":[{"embeddable":true,"href":"https:\/\/blog.zeit.de\/joerglau\/wp-json\/wp\/v2\/comments?post=395"}],"version-history":[{"count":0,"href":"https:\/\/blog.zeit.de\/joerglau\/wp-json\/wp\/v2\/posts\/395\/revisions"}],"wp:attachment":[{"href":"https:\/\/blog.zeit.de\/joerglau\/wp-json\/wp\/v2\/media?parent=395"}],"wp:term":[{"taxonomy":"category","embeddable":true,"href":"https:\/\/blog.zeit.de\/joerglau\/wp-json\/wp\/v2\/categories?post=395"},{"taxonomy":"post_tag","embeddable":true,"href":"https:\/\/blog.zeit.de\/joerglau\/wp-json\/wp\/v2\/tags?post=395"}],"curies":[{"name":"wp","href":"https:\/\/api.w.org\/{rel}","templated":true}]}}