{"id":3959,"date":"2010-06-21T10:18:36","date_gmt":"2010-06-21T08:18:36","guid":{"rendered":"http:\/\/blog.zeit.de\/joerglau\/?p=3959"},"modified":"2010-06-21T10:18:36","modified_gmt":"2010-06-21T08:18:36","slug":"hurriyet-hohe-selbstmordrate-unter-turkischen-frauen","status":"publish","type":"post","link":"https:\/\/blog.zeit.de\/joerglau\/2010\/06\/21\/hurriyet-hohe-selbstmordrate-unter-turkischen-frauen_3959","title":{"rendered":"H\u00fcrriyet: Hohe Selbstmordrate unter t\u00fcrkischen Frauen"},"content":{"rendered":"<p>Damit es nicht immer wieder hei\u00dft, die deutsche Presse ergehe sich allzu gerne in Negativmeldungen \u00fcber Integration und Frauenrechte, hier ein Beispiel aus der t\u00fcrkischen Presse von heute. <a href=\"http:\/\/www.hurriyet.de\/haberler\/saglik\/606212\/suskunluga-son-ver\">H\u00fcrriyet berichtet<\/a>, dass die Selbstmordrate unter t\u00fcrkischen Frauen und M\u00e4dchen doppelt so hoch ist wie bei Deutschen, die Zahl der Suizidversuche gar f\u00fcnf mal h\u00f6her :<\/p>\n<p>\u00abSelbstmord-Alarm\u00bb, hei\u00dft es auf der Titelseite der H\u00dcRRIYET. Laut Zeitung hat \u00abdie Selbstmordrate unter t\u00fcrkischst\u00e4mmigen Frauen in Deutschland besorgniserregende Dimensionen erreicht\u00bb. W\u00e4hrend 100 deutsche Frauen von 100.000 einen Selbstmord begingen, betrage die Zahl unter t\u00fcrkischst\u00e4mmigen Frauen 200. Die Zahl der Suizidversuche unter t\u00fcrkischst\u00e4mmigen M\u00e4dchen sei um das f\u00fcnffache h\u00f6her als unter deutschen. Nach Angaben der Psychologin Meryem Schouler-Ocak seien die Hauptursachen \u00abinnerfamili\u00e4re Gewalt, Kommunikationslosigkeit, Verbote und Zwangsehen\u00bb.<\/p>\n<p>Auch seien der Status als Migrantin und Armut entscheidende Faktoren, so Schouler-Ocak. Anl\u00e4sslich dieser Zahlen wende sich das Forschungsministerium und die Berliner Charit\u00e9 ab heute mit der Kampagne \u00abBeende Dein Schweigen, nicht Dein Leben\u00bb an die gef\u00e4hrdeten Frauen.<\/p>\n","protected":false},"excerpt":{"rendered":"<p>Damit es nicht immer wieder hei\u00dft, die deutsche Presse ergehe sich allzu gerne in Negativmeldungen \u00fcber Integration und Frauenrechte, hier ein Beispiel aus der t\u00fcrkischen Presse von heute. H\u00fcrriyet berichtet, dass die Selbstmordrate unter t\u00fcrkischen Frauen und M\u00e4dchen doppelt so hoch ist wie bei Deutschen, die Zahl der Suizidversuche gar f\u00fcnf mal h\u00f6her : \u00abSelbstmord-Alarm\u00bb, [&hellip;]<\/p>\n","protected":false},"author":54,"featured_media":0,"comment_status":"open","ping_status":"closed","sticky":false,"template":"","format":"standard","meta":{"jetpack_post_was_ever_published":false,"footnotes":""},"categories":[164],"tags":[],"class_list":["post-3959","post","type-post","status-publish","format-standard","hentry","category-integration-und-frauenrechte"],"yoast_head":"<!-- This site is optimized with the Yoast SEO plugin v21.0 - https:\/\/yoast.com\/wordpress\/plugins\/seo\/ -->\n<title>H\u00fcrriyet: Hohe Selbstmordrate unter t\u00fcrkischen Frauen - J\u00f6rg Lau<\/title>\n<meta name=\"robots\" content=\"index, follow, max-snippet:-1, max-image-preview:large, max-video-preview:-1\" \/>\n<link rel=\"canonical\" href=\"https:\/\/blog.zeit.de\/joerglau\/2010\/06\/21\/hurriyet-hohe-selbstmordrate-unter-turkischen-frauen_3959\" \/>\n<meta property=\"og:locale\" content=\"de_DE\" \/>\n<meta property=\"og:type\" content=\"article\" \/>\n<meta property=\"og:title\" content=\"H\u00fcrriyet: Hohe Selbstmordrate unter t\u00fcrkischen Frauen - J\u00f6rg Lau\" \/>\n<meta property=\"og:description\" content=\"Damit es nicht immer wieder hei\u00dft, die deutsche Presse ergehe sich allzu gerne in Negativmeldungen \u00fcber Integration und Frauenrechte, hier ein Beispiel aus der t\u00fcrkischen Presse von heute. H\u00fcrriyet berichtet, dass die Selbstmordrate unter t\u00fcrkischen Frauen und M\u00e4dchen doppelt so hoch ist wie bei Deutschen, die Zahl der Suizidversuche gar f\u00fcnf mal h\u00f6her : \u00abSelbstmord-Alarm\u00bb, [&hellip;]\" \/>\n<meta property=\"og:url\" content=\"https:\/\/blog.zeit.de\/joerglau\/2010\/06\/21\/hurriyet-hohe-selbstmordrate-unter-turkischen-frauen_3959\" \/>\n<meta property=\"og:site_name\" content=\"J\u00f6rg Lau\" \/>\n<meta property=\"article:published_time\" content=\"2010-06-21T08:18:36+00:00\" \/>\n<meta name=\"author\" content=\"J\u00f6rg Lau\" \/>\n<meta name=\"twitter:card\" content=\"summary_large_image\" \/>\n<meta name=\"twitter:label1\" content=\"Geschrieben von\" \/>\n\t<meta name=\"twitter:data1\" content=\"J\u00f6rg Lau\" \/>\n\t<meta name=\"twitter:label2\" content=\"Gesch\u00e4tzte Lesezeit\" \/>\n\t<meta name=\"twitter:data2\" content=\"1\u00a0Minute\" \/>\n<script type=\"application\/ld+json\" class=\"yoast-schema-graph\">{\"@context\":\"https:\/\/schema.org\",\"@graph\":[{\"@type\":\"WebPage\",\"@id\":\"https:\/\/blog.zeit.de\/joerglau\/2010\/06\/21\/hurriyet-hohe-selbstmordrate-unter-turkischen-frauen_3959\",\"url\":\"https:\/\/blog.zeit.de\/joerglau\/2010\/06\/21\/hurriyet-hohe-selbstmordrate-unter-turkischen-frauen_3959\",\"name\":\"H\u00fcrriyet: Hohe Selbstmordrate unter t\u00fcrkischen Frauen - J\u00f6rg Lau\",\"isPartOf\":{\"@id\":\"https:\/\/blog.zeit.de\/joerglau\/#website\"},\"datePublished\":\"2010-06-21T08:18:36+00:00\",\"dateModified\":\"2010-06-21T08:18:36+00:00\",\"author\":{\"@id\":\"https:\/\/blog.zeit.de\/joerglau\/#\/schema\/person\/55f0be9bfac24815791fbc852b042f57\"},\"breadcrumb\":{\"@id\":\"https:\/\/blog.zeit.de\/joerglau\/2010\/06\/21\/hurriyet-hohe-selbstmordrate-unter-turkischen-frauen_3959#breadcrumb\"},\"inLanguage\":\"de\",\"potentialAction\":[{\"@type\":\"ReadAction\",\"target\":[\"https:\/\/blog.zeit.de\/joerglau\/2010\/06\/21\/hurriyet-hohe-selbstmordrate-unter-turkischen-frauen_3959\"]}]},{\"@type\":\"BreadcrumbList\",\"@id\":\"https:\/\/blog.zeit.de\/joerglau\/2010\/06\/21\/hurriyet-hohe-selbstmordrate-unter-turkischen-frauen_3959#breadcrumb\",\"itemListElement\":[{\"@type\":\"ListItem\",\"position\":1,\"name\":\"Startseite\",\"item\":\"https:\/\/blog.zeit.de\/joerglau\"},{\"@type\":\"ListItem\",\"position\":2,\"name\":\"H\u00fcrriyet: Hohe Selbstmordrate unter t\u00fcrkischen Frauen\"}]},{\"@type\":\"WebSite\",\"@id\":\"https:\/\/blog.zeit.de\/joerglau\/#website\",\"url\":\"https:\/\/blog.zeit.de\/joerglau\/\",\"name\":\"J\u00f6rg Lau\",\"description\":\"Ein Blog \u00fcber Religion und Politik\",\"potentialAction\":[{\"@type\":\"SearchAction\",\"target\":{\"@type\":\"EntryPoint\",\"urlTemplate\":\"https:\/\/blog.zeit.de\/joerglau\/?s={search_term_string}\"},\"query-input\":\"required name=search_term_string\"}],\"inLanguage\":\"de\"},{\"@type\":\"Person\",\"@id\":\"https:\/\/blog.zeit.de\/joerglau\/#\/schema\/person\/55f0be9bfac24815791fbc852b042f57\",\"name\":\"J\u00f6rg Lau\",\"image\":{\"@type\":\"ImageObject\",\"inLanguage\":\"de\",\"@id\":\"https:\/\/blog.zeit.de\/joerglau\/#\/schema\/person\/image\/\",\"url\":\"https:\/\/secure.gravatar.com\/avatar\/a5fe39bf4f5335b8bac36eefa0b41467221b1598bfea5f05159a0199e391eed0?s=96&d=mm&r=g\",\"contentUrl\":\"https:\/\/secure.gravatar.com\/avatar\/a5fe39bf4f5335b8bac36eefa0b41467221b1598bfea5f05159a0199e391eed0?s=96&d=mm&r=g\",\"caption\":\"J\u00f6rg Lau\"},\"url\":\"https:\/\/blog.zeit.de\/joerglau\/author\/joerg-lau\"}]}<\/script>\n<!-- \/ Yoast SEO plugin. -->","yoast_head_json":{"title":"H\u00fcrriyet: Hohe Selbstmordrate unter t\u00fcrkischen Frauen - J\u00f6rg Lau","robots":{"index":"index","follow":"follow","max-snippet":"max-snippet:-1","max-image-preview":"max-image-preview:large","max-video-preview":"max-video-preview:-1"},"canonical":"https:\/\/blog.zeit.de\/joerglau\/2010\/06\/21\/hurriyet-hohe-selbstmordrate-unter-turkischen-frauen_3959","og_locale":"de_DE","og_type":"article","og_title":"H\u00fcrriyet: Hohe Selbstmordrate unter t\u00fcrkischen Frauen - J\u00f6rg Lau","og_description":"Damit es nicht immer wieder hei\u00dft, die deutsche Presse ergehe sich allzu gerne in Negativmeldungen \u00fcber Integration und Frauenrechte, hier ein Beispiel aus der t\u00fcrkischen Presse von heute. H\u00fcrriyet berichtet, dass die Selbstmordrate unter t\u00fcrkischen Frauen und M\u00e4dchen doppelt so hoch ist wie bei Deutschen, die Zahl der Suizidversuche gar f\u00fcnf mal h\u00f6her : \u00abSelbstmord-Alarm\u00bb, [&hellip;]","og_url":"https:\/\/blog.zeit.de\/joerglau\/2010\/06\/21\/hurriyet-hohe-selbstmordrate-unter-turkischen-frauen_3959","og_site_name":"J\u00f6rg Lau","article_published_time":"2010-06-21T08:18:36+00:00","author":"J\u00f6rg Lau","twitter_card":"summary_large_image","twitter_misc":{"Geschrieben von":"J\u00f6rg Lau","Gesch\u00e4tzte Lesezeit":"1\u00a0Minute"},"schema":{"@context":"https:\/\/schema.org","@graph":[{"@type":"WebPage","@id":"https:\/\/blog.zeit.de\/joerglau\/2010\/06\/21\/hurriyet-hohe-selbstmordrate-unter-turkischen-frauen_3959","url":"https:\/\/blog.zeit.de\/joerglau\/2010\/06\/21\/hurriyet-hohe-selbstmordrate-unter-turkischen-frauen_3959","name":"H\u00fcrriyet: Hohe Selbstmordrate unter t\u00fcrkischen Frauen - J\u00f6rg Lau","isPartOf":{"@id":"https:\/\/blog.zeit.de\/joerglau\/#website"},"datePublished":"2010-06-21T08:18:36+00:00","dateModified":"2010-06-21T08:18:36+00:00","author":{"@id":"https:\/\/blog.zeit.de\/joerglau\/#\/schema\/person\/55f0be9bfac24815791fbc852b042f57"},"breadcrumb":{"@id":"https:\/\/blog.zeit.de\/joerglau\/2010\/06\/21\/hurriyet-hohe-selbstmordrate-unter-turkischen-frauen_3959#breadcrumb"},"inLanguage":"de","potentialAction":[{"@type":"ReadAction","target":["https:\/\/blog.zeit.de\/joerglau\/2010\/06\/21\/hurriyet-hohe-selbstmordrate-unter-turkischen-frauen_3959"]}]},{"@type":"BreadcrumbList","@id":"https:\/\/blog.zeit.de\/joerglau\/2010\/06\/21\/hurriyet-hohe-selbstmordrate-unter-turkischen-frauen_3959#breadcrumb","itemListElement":[{"@type":"ListItem","position":1,"name":"Startseite","item":"https:\/\/blog.zeit.de\/joerglau"},{"@type":"ListItem","position":2,"name":"H\u00fcrriyet: Hohe Selbstmordrate unter t\u00fcrkischen Frauen"}]},{"@type":"WebSite","@id":"https:\/\/blog.zeit.de\/joerglau\/#website","url":"https:\/\/blog.zeit.de\/joerglau\/","name":"J\u00f6rg Lau","description":"Ein Blog \u00fcber Religion und Politik","potentialAction":[{"@type":"SearchAction","target":{"@type":"EntryPoint","urlTemplate":"https:\/\/blog.zeit.de\/joerglau\/?s={search_term_string}"},"query-input":"required name=search_term_string"}],"inLanguage":"de"},{"@type":"Person","@id":"https:\/\/blog.zeit.de\/joerglau\/#\/schema\/person\/55f0be9bfac24815791fbc852b042f57","name":"J\u00f6rg Lau","image":{"@type":"ImageObject","inLanguage":"de","@id":"https:\/\/blog.zeit.de\/joerglau\/#\/schema\/person\/image\/","url":"https:\/\/secure.gravatar.com\/avatar\/a5fe39bf4f5335b8bac36eefa0b41467221b1598bfea5f05159a0199e391eed0?s=96&d=mm&r=g","contentUrl":"https:\/\/secure.gravatar.com\/avatar\/a5fe39bf4f5335b8bac36eefa0b41467221b1598bfea5f05159a0199e391eed0?s=96&d=mm&r=g","caption":"J\u00f6rg Lau"},"url":"https:\/\/blog.zeit.de\/joerglau\/author\/joerg-lau"}]}},"jetpack_featured_media_url":"","jetpack_sharing_enabled":true,"jetpack_shortlink":"https:\/\/wp.me\/pG02W-11R","_links":{"self":[{"href":"https:\/\/blog.zeit.de\/joerglau\/wp-json\/wp\/v2\/posts\/3959","targetHints":{"allow":["GET"]}}],"collection":[{"href":"https:\/\/blog.zeit.de\/joerglau\/wp-json\/wp\/v2\/posts"}],"about":[{"href":"https:\/\/blog.zeit.de\/joerglau\/wp-json\/wp\/v2\/types\/post"}],"author":[{"embeddable":true,"href":"https:\/\/blog.zeit.de\/joerglau\/wp-json\/wp\/v2\/users\/54"}],"replies":[{"embeddable":true,"href":"https:\/\/blog.zeit.de\/joerglau\/wp-json\/wp\/v2\/comments?post=3959"}],"version-history":[{"count":0,"href":"https:\/\/blog.zeit.de\/joerglau\/wp-json\/wp\/v2\/posts\/3959\/revisions"}],"wp:attachment":[{"href":"https:\/\/blog.zeit.de\/joerglau\/wp-json\/wp\/v2\/media?parent=3959"}],"wp:term":[{"taxonomy":"category","embeddable":true,"href":"https:\/\/blog.zeit.de\/joerglau\/wp-json\/wp\/v2\/categories?post=3959"},{"taxonomy":"post_tag","embeddable":true,"href":"https:\/\/blog.zeit.de\/joerglau\/wp-json\/wp\/v2\/tags?post=3959"}],"curies":[{"name":"wp","href":"https:\/\/api.w.org\/{rel}","templated":true}]}}