{"id":3976,"date":"2010-06-30T10:15:49","date_gmt":"2010-06-30T08:15:49","guid":{"rendered":"http:\/\/blog.zeit.de\/joerglau\/?p=3976"},"modified":"2010-06-30T10:16:34","modified_gmt":"2010-06-30T08:16:34","slug":"fur-ein-neues-verstandnis-des-islamismus","status":"publish","type":"post","link":"https:\/\/blog.zeit.de\/joerglau\/2010\/06\/30\/fur-ein-neues-verstandnis-des-islamismus_3976","title":{"rendered":"F\u00fcr ein neues Verst\u00e4ndnis des Islamismus"},"content":{"rendered":"<p><a href=\"http:\/\/lynch.foreignpolicy.com\/\">Marc Lynch<\/a> hat in Foreign Policy eine <a href=\"http:\/\/www.foreignaffairs.com\/articles\/66468\/marc-lynch\/veiled-truths?page=show\">ausf\u00fchrliche Auseinandersetzung<\/a> mit Tariq Ramadan und seinen Kritikern (vor allem: <a href=\"http:\/\/www.newyorker.com\/arts\/critics\/atlarge\/2010\/06\/07\/100607crat_atlarge_mishra\">Paul Berman<\/a>) vorgelegt. Lynch ist der beste amerikanische Kenner der internen Debatten der Muslimbruderschaft. Sein Blog ist eine hervorragende Quelle \u00fcber Diskussionen in der islamistischen Bewegung.<\/p>\n<p>Sein Pl\u00e4doyer f\u00fcr eine differenzierte Betrachtung des neueren Islamismus &#8211; vor allem unter Ber\u00fccksichtigung der Deutungsk\u00e4mpfe zwischen Salafisten, Al-Kaida und moderateren Teilen der Bewegung (wie der \u00e4gyptischen Muslimbruderschaft und der pal\u00e4stinensischen Hamas) &#8211; scheint mir \u00fcberzeugend. Lynch warnt auch eindringlich davor, allzu viele Hoffnungen auf &#8222;Ex-Muslime&#8220; zu setzen, die vom Mainstream islamischer Gesellschaften isoliert sind, aber in unseren \u00d6ffentlichkeiten gut ankommen, weil sie dem Glauben abgeschworen haben, Israel unterst\u00fctzen und die Au\u00dfenpolitik des Westens verteidigen. Diesen Stimmen ihren Platz zu geben in der \u00f6ffentlichen Debatte, sei kein Ersatz f\u00fcr den Dialog mit denen, die vielleicht keine liberalen, aber doch Demokraten sind &#8211; wie etwa Tariq Ramadan:<\/p>\n<p><em>&#8222;In trying to understand Islamism, two approaches are possible. The first sees Islamism as essentially a single project with multiple variants, in which the similarities are more important than the differences. In this view, the Muslim Brotherhood and al Qaeda represent two points on a common spectrum, divided by tactics rather than by goals. Such an understanding makes it possible &#8212; if not unavoidable &#8212; to see Osama bin Laden lurking in the figure of Ramadan.<\/em><\/p>\n<p><em>The second approach sees consequential distinctions in the ideology and behavior of various Islamist strands. In the years since 9\/11, the United States has moved from the former camp to the latter. The United States&#8216; experience of cooperating with nationalist Iraqi insurgents against al Qaeda in Iraq has led many U.S. policymakers to favor a strategy that identifies differences among Islamists and uses them to accelerate al Qaeda&#8217;s marginalization. Many observers in the United States and elsewhere adopted a similar tack after watching the Muslim Brotherhood contest elections and defend democracy in countries such as Egypt, even as the Brotherhood opposed U.S. foreign policy objectives.<\/em><\/p>\n<p><em>(&#8230;)<\/em><\/p>\n<p><em>Those, such as Berman, who see Islamism as flat and uniform claim that Islamists of all varieties &#8212; despite differences over the use of violence or the value of democratic participation &#8212; ultimately share a commitment to achieving an Islamic state. But this is misleading. There is a vast and important gap between the Salafi vision of enforced social uniformity and the moderate Islamist vision of a democratic state, with civil institutions and the rule of law, populated by devout Muslims. The gap is so great as to render meaningless the notion that all Islamists share a common strategic objective. Ramadan stands on the correct side of this gap, and by extension, he stands on the right side of the most important battle within Islamism today: he is a defender of pragmatism and flexibility, of participation in society, and of Muslims&#8216; becoming full citizens within liberal societies.<\/em><\/p>\n<p><em>Ramadan&#8217;s defense of participation places him opposite the literalists and radicals with whom Berman attempts to link him. The hard core of the Salafi jihadists view all existing Muslim societies as fundamentally, hopelessly corrupt &#8212; part of a <\/em><em>jahiliyya, which means &#8222;age of ignorance,&#8220; from which true Muslims must retreat and isolate themselves. Ramadan, by contrast, calls for change from within. Groups such as the Muslim Brotherhood offer clinics, charities, schools, and other services, while pursuing the <\/em><em>dawa, or &#8222;spiritual outreach.&#8220; Their approach would be familiar to anyone who has engaged with American evangelicals &#8212; the polite conversation, the pamphlets and other literature, the self-presentation as honest and incorruptible. There is an obvious difference between a woman who is forced to wear a veil for fear of acid being thrown in her face and one who does so to show respect for God. But there are other forms of coercion &#8212; peer pressure, societal norms, and economic need &#8212; that can be difficult to detect from the outside. These are topics for serious study.<\/em><\/p>\n<p><em> But Berman does not even try.<\/em><\/p>\n","protected":false},"excerpt":{"rendered":"<p>Marc Lynch hat in Foreign Policy eine ausf\u00fchrliche Auseinandersetzung mit Tariq Ramadan und seinen Kritikern (vor allem: Paul Berman) vorgelegt. Lynch ist der beste amerikanische Kenner der internen Debatten der Muslimbruderschaft. Sein Blog ist eine hervorragende Quelle \u00fcber Diskussionen in der islamistischen Bewegung. Sein Pl\u00e4doyer f\u00fcr eine differenzierte Betrachtung des neueren Islamismus &#8211; vor allem [&hellip;]<\/p>\n","protected":false},"author":54,"featured_media":0,"comment_status":"open","ping_status":"closed","sticky":false,"template":"","format":"standard","meta":{"jetpack_post_was_ever_published":false,"footnotes":""},"categories":[157],"tags":[],"class_list":["post-3976","post","type-post","status-publish","format-standard","hentry","category-die-freunde-und-die-feinde-des-islams"],"yoast_head":"<!-- This site is optimized with the Yoast SEO plugin v21.0 - https:\/\/yoast.com\/wordpress\/plugins\/seo\/ -->\n<title>F\u00fcr ein neues Verst\u00e4ndnis des Islamismus - J\u00f6rg Lau<\/title>\n<meta name=\"robots\" content=\"index, follow, max-snippet:-1, max-image-preview:large, max-video-preview:-1\" \/>\n<link rel=\"canonical\" href=\"https:\/\/blog.zeit.de\/joerglau\/2010\/06\/30\/fur-ein-neues-verstandnis-des-islamismus_3976\" \/>\n<meta property=\"og:locale\" content=\"de_DE\" \/>\n<meta property=\"og:type\" content=\"article\" \/>\n<meta property=\"og:title\" content=\"F\u00fcr ein neues Verst\u00e4ndnis des Islamismus - J\u00f6rg Lau\" \/>\n<meta property=\"og:description\" content=\"Marc Lynch hat in Foreign Policy eine ausf\u00fchrliche Auseinandersetzung mit Tariq Ramadan und seinen Kritikern (vor allem: Paul Berman) vorgelegt. Lynch ist der beste amerikanische Kenner der internen Debatten der Muslimbruderschaft. Sein Blog ist eine hervorragende Quelle \u00fcber Diskussionen in der islamistischen Bewegung. Sein Pl\u00e4doyer f\u00fcr eine differenzierte Betrachtung des neueren Islamismus &#8211; vor allem [&hellip;]\" \/>\n<meta property=\"og:url\" content=\"https:\/\/blog.zeit.de\/joerglau\/2010\/06\/30\/fur-ein-neues-verstandnis-des-islamismus_3976\" \/>\n<meta property=\"og:site_name\" content=\"J\u00f6rg Lau\" \/>\n<meta property=\"article:published_time\" content=\"2010-06-30T08:15:49+00:00\" \/>\n<meta property=\"article:modified_time\" content=\"2010-06-30T08:16:34+00:00\" \/>\n<meta name=\"author\" content=\"J\u00f6rg Lau\" \/>\n<meta name=\"twitter:card\" content=\"summary_large_image\" \/>\n<meta name=\"twitter:label1\" content=\"Geschrieben von\" \/>\n\t<meta name=\"twitter:data1\" content=\"J\u00f6rg Lau\" \/>\n\t<meta name=\"twitter:label2\" content=\"Gesch\u00e4tzte Lesezeit\" \/>\n\t<meta name=\"twitter:data2\" content=\"3\u00a0Minuten\" \/>\n<script type=\"application\/ld+json\" class=\"yoast-schema-graph\">{\"@context\":\"https:\/\/schema.org\",\"@graph\":[{\"@type\":\"WebPage\",\"@id\":\"https:\/\/blog.zeit.de\/joerglau\/2010\/06\/30\/fur-ein-neues-verstandnis-des-islamismus_3976\",\"url\":\"https:\/\/blog.zeit.de\/joerglau\/2010\/06\/30\/fur-ein-neues-verstandnis-des-islamismus_3976\",\"name\":\"F\u00fcr ein neues Verst\u00e4ndnis des Islamismus - J\u00f6rg Lau\",\"isPartOf\":{\"@id\":\"https:\/\/blog.zeit.de\/joerglau\/#website\"},\"datePublished\":\"2010-06-30T08:15:49+00:00\",\"dateModified\":\"2010-06-30T08:16:34+00:00\",\"author\":{\"@id\":\"https:\/\/blog.zeit.de\/joerglau\/#\/schema\/person\/55f0be9bfac24815791fbc852b042f57\"},\"breadcrumb\":{\"@id\":\"https:\/\/blog.zeit.de\/joerglau\/2010\/06\/30\/fur-ein-neues-verstandnis-des-islamismus_3976#breadcrumb\"},\"inLanguage\":\"de\",\"potentialAction\":[{\"@type\":\"ReadAction\",\"target\":[\"https:\/\/blog.zeit.de\/joerglau\/2010\/06\/30\/fur-ein-neues-verstandnis-des-islamismus_3976\"]}]},{\"@type\":\"BreadcrumbList\",\"@id\":\"https:\/\/blog.zeit.de\/joerglau\/2010\/06\/30\/fur-ein-neues-verstandnis-des-islamismus_3976#breadcrumb\",\"itemListElement\":[{\"@type\":\"ListItem\",\"position\":1,\"name\":\"Startseite\",\"item\":\"https:\/\/blog.zeit.de\/joerglau\"},{\"@type\":\"ListItem\",\"position\":2,\"name\":\"F\u00fcr ein neues Verst\u00e4ndnis des Islamismus\"}]},{\"@type\":\"WebSite\",\"@id\":\"https:\/\/blog.zeit.de\/joerglau\/#website\",\"url\":\"https:\/\/blog.zeit.de\/joerglau\/\",\"name\":\"J\u00f6rg Lau\",\"description\":\"Ein Blog \u00fcber Religion und Politik\",\"potentialAction\":[{\"@type\":\"SearchAction\",\"target\":{\"@type\":\"EntryPoint\",\"urlTemplate\":\"https:\/\/blog.zeit.de\/joerglau\/?s={search_term_string}\"},\"query-input\":\"required name=search_term_string\"}],\"inLanguage\":\"de\"},{\"@type\":\"Person\",\"@id\":\"https:\/\/blog.zeit.de\/joerglau\/#\/schema\/person\/55f0be9bfac24815791fbc852b042f57\",\"name\":\"J\u00f6rg Lau\",\"image\":{\"@type\":\"ImageObject\",\"inLanguage\":\"de\",\"@id\":\"https:\/\/blog.zeit.de\/joerglau\/#\/schema\/person\/image\/\",\"url\":\"https:\/\/secure.gravatar.com\/avatar\/a5fe39bf4f5335b8bac36eefa0b41467221b1598bfea5f05159a0199e391eed0?s=96&d=mm&r=g\",\"contentUrl\":\"https:\/\/secure.gravatar.com\/avatar\/a5fe39bf4f5335b8bac36eefa0b41467221b1598bfea5f05159a0199e391eed0?s=96&d=mm&r=g\",\"caption\":\"J\u00f6rg Lau\"},\"url\":\"https:\/\/blog.zeit.de\/joerglau\/author\/joerg-lau\"}]}<\/script>\n<!-- \/ Yoast SEO plugin. -->","yoast_head_json":{"title":"F\u00fcr ein neues Verst\u00e4ndnis des Islamismus - J\u00f6rg Lau","robots":{"index":"index","follow":"follow","max-snippet":"max-snippet:-1","max-image-preview":"max-image-preview:large","max-video-preview":"max-video-preview:-1"},"canonical":"https:\/\/blog.zeit.de\/joerglau\/2010\/06\/30\/fur-ein-neues-verstandnis-des-islamismus_3976","og_locale":"de_DE","og_type":"article","og_title":"F\u00fcr ein neues Verst\u00e4ndnis des Islamismus - J\u00f6rg Lau","og_description":"Marc Lynch hat in Foreign Policy eine ausf\u00fchrliche Auseinandersetzung mit Tariq Ramadan und seinen Kritikern (vor allem: Paul Berman) vorgelegt. Lynch ist der beste amerikanische Kenner der internen Debatten der Muslimbruderschaft. Sein Blog ist eine hervorragende Quelle \u00fcber Diskussionen in der islamistischen Bewegung. Sein Pl\u00e4doyer f\u00fcr eine differenzierte Betrachtung des neueren Islamismus &#8211; vor allem [&hellip;]","og_url":"https:\/\/blog.zeit.de\/joerglau\/2010\/06\/30\/fur-ein-neues-verstandnis-des-islamismus_3976","og_site_name":"J\u00f6rg Lau","article_published_time":"2010-06-30T08:15:49+00:00","article_modified_time":"2010-06-30T08:16:34+00:00","author":"J\u00f6rg Lau","twitter_card":"summary_large_image","twitter_misc":{"Geschrieben von":"J\u00f6rg Lau","Gesch\u00e4tzte Lesezeit":"3\u00a0Minuten"},"schema":{"@context":"https:\/\/schema.org","@graph":[{"@type":"WebPage","@id":"https:\/\/blog.zeit.de\/joerglau\/2010\/06\/30\/fur-ein-neues-verstandnis-des-islamismus_3976","url":"https:\/\/blog.zeit.de\/joerglau\/2010\/06\/30\/fur-ein-neues-verstandnis-des-islamismus_3976","name":"F\u00fcr ein neues Verst\u00e4ndnis des Islamismus - J\u00f6rg Lau","isPartOf":{"@id":"https:\/\/blog.zeit.de\/joerglau\/#website"},"datePublished":"2010-06-30T08:15:49+00:00","dateModified":"2010-06-30T08:16:34+00:00","author":{"@id":"https:\/\/blog.zeit.de\/joerglau\/#\/schema\/person\/55f0be9bfac24815791fbc852b042f57"},"breadcrumb":{"@id":"https:\/\/blog.zeit.de\/joerglau\/2010\/06\/30\/fur-ein-neues-verstandnis-des-islamismus_3976#breadcrumb"},"inLanguage":"de","potentialAction":[{"@type":"ReadAction","target":["https:\/\/blog.zeit.de\/joerglau\/2010\/06\/30\/fur-ein-neues-verstandnis-des-islamismus_3976"]}]},{"@type":"BreadcrumbList","@id":"https:\/\/blog.zeit.de\/joerglau\/2010\/06\/30\/fur-ein-neues-verstandnis-des-islamismus_3976#breadcrumb","itemListElement":[{"@type":"ListItem","position":1,"name":"Startseite","item":"https:\/\/blog.zeit.de\/joerglau"},{"@type":"ListItem","position":2,"name":"F\u00fcr ein neues Verst\u00e4ndnis des Islamismus"}]},{"@type":"WebSite","@id":"https:\/\/blog.zeit.de\/joerglau\/#website","url":"https:\/\/blog.zeit.de\/joerglau\/","name":"J\u00f6rg Lau","description":"Ein Blog \u00fcber Religion und Politik","potentialAction":[{"@type":"SearchAction","target":{"@type":"EntryPoint","urlTemplate":"https:\/\/blog.zeit.de\/joerglau\/?s={search_term_string}"},"query-input":"required name=search_term_string"}],"inLanguage":"de"},{"@type":"Person","@id":"https:\/\/blog.zeit.de\/joerglau\/#\/schema\/person\/55f0be9bfac24815791fbc852b042f57","name":"J\u00f6rg Lau","image":{"@type":"ImageObject","inLanguage":"de","@id":"https:\/\/blog.zeit.de\/joerglau\/#\/schema\/person\/image\/","url":"https:\/\/secure.gravatar.com\/avatar\/a5fe39bf4f5335b8bac36eefa0b41467221b1598bfea5f05159a0199e391eed0?s=96&d=mm&r=g","contentUrl":"https:\/\/secure.gravatar.com\/avatar\/a5fe39bf4f5335b8bac36eefa0b41467221b1598bfea5f05159a0199e391eed0?s=96&d=mm&r=g","caption":"J\u00f6rg Lau"},"url":"https:\/\/blog.zeit.de\/joerglau\/author\/joerg-lau"}]}},"jetpack_featured_media_url":"","jetpack_sharing_enabled":true,"jetpack_shortlink":"https:\/\/wp.me\/pG02W-128","_links":{"self":[{"href":"https:\/\/blog.zeit.de\/joerglau\/wp-json\/wp\/v2\/posts\/3976","targetHints":{"allow":["GET"]}}],"collection":[{"href":"https:\/\/blog.zeit.de\/joerglau\/wp-json\/wp\/v2\/posts"}],"about":[{"href":"https:\/\/blog.zeit.de\/joerglau\/wp-json\/wp\/v2\/types\/post"}],"author":[{"embeddable":true,"href":"https:\/\/blog.zeit.de\/joerglau\/wp-json\/wp\/v2\/users\/54"}],"replies":[{"embeddable":true,"href":"https:\/\/blog.zeit.de\/joerglau\/wp-json\/wp\/v2\/comments?post=3976"}],"version-history":[{"count":0,"href":"https:\/\/blog.zeit.de\/joerglau\/wp-json\/wp\/v2\/posts\/3976\/revisions"}],"wp:attachment":[{"href":"https:\/\/blog.zeit.de\/joerglau\/wp-json\/wp\/v2\/media?parent=3976"}],"wp:term":[{"taxonomy":"category","embeddable":true,"href":"https:\/\/blog.zeit.de\/joerglau\/wp-json\/wp\/v2\/categories?post=3976"},{"taxonomy":"post_tag","embeddable":true,"href":"https:\/\/blog.zeit.de\/joerglau\/wp-json\/wp\/v2\/tags?post=3976"}],"curies":[{"name":"wp","href":"https:\/\/api.w.org\/{rel}","templated":true}]}}