{"id":4042,"date":"2010-07-21T13:45:22","date_gmt":"2010-07-21T11:45:22","guid":{"rendered":"http:\/\/blog.zeit.de\/joerglau\/?p=4042"},"modified":"2010-07-21T13:49:29","modified_gmt":"2010-07-21T11:49:29","slug":"noch-einmal-warum-islamische-theologie-an-deutschen-unis","status":"publish","type":"post","link":"https:\/\/blog.zeit.de\/joerglau\/2010\/07\/21\/noch-einmal-warum-islamische-theologie-an-deutschen-unis_4042","title":{"rendered":"Noch einmal: Warum Islamische Theologie an deutschen Unis?"},"content":{"rendered":"<p>Der Betreiber von <a href=\"http:\/\/nicsbloghaus.org\/2010\/07\/21\/lau-vs-ahadi\/\">&#8222;Nics Bloghaus&#8220;<\/a> mischt sich nun vermittelnd in den <a href=\"https:\/\/blog.zeit.de\/joerglau\/2010\/07\/19\/warum-islamische-theologie-antwort-auf-mina-ahadi_4026\">Streit zwischen Mina Ahadi und mir<\/a> \u00fcber die Notwendigkeit islamisch-theologischer Forschung an deutschen Unis ein:<\/p>\n<p><em>&#8222;Letztlich geht es doch darum, dass sich der Staat sehr wohl in die Belange und Lehren der Religionsgemeinschaft einmischen m\u00f6chte (oder muss). Und es geht um die Frage, ob \u00fcberhaupt noch irgendeine Religion in eine plurale und s\u00e4kulare Gesellschaft passt. Diese Frage umgeht J\u00f6rg Lau beflissentlich. Aber damit ist er nicht allein.<\/em><\/p>\n<p><em>Solange es gl\u00e4ubige Menschen gibt, muss ihnen das Recht auf Religionsaus\u00fcbung gew\u00e4hrt sein. Da wir in einer pluralen (in einer s\u00e4kularen ganz sicher nicht) Gesellschaft leben, bedarf es Mittel und Methoden, die Religionsfreiheit sowohl als positive als auch als negative Freiheit aufrecht zu erhalten. Ob dazu unbedingt eine \u201cwissenschaftliche\u201d theologische Ausbildung an deutschen Universit\u00e4ten z\u00e4hlt, mag dahingestellt sein. Meiner Meinung nach kann das unter dem Dach einer Universit\u00e4t passieren; aber finanziert werden sollte das zu 100% von den Glaubensgemeinschaften und nicht von den Steuerzahlern.&#8220;<\/em><\/p>\n<p>Die Frage<em>, ob &#8222;noch irgendeine Religion&#8220;<\/em> in eine s\u00e4kulare Gesellschaft passt, finde ich verwegen. Die s\u00e4kularste Gesellschaft im Westen \u2013\u00a0 die USA \u2013 ist\u00a0 die religi\u00f6seste. Religion ist auch in der Moderne eine Tatsache des sozialen Lebens, sie geht auch nicht weg, sie ver\u00e4ndert sich blo\u00df (wird einerseits radikaler, fundamentalistischer, andererseits diffundiert sie zu reiner Ethik).<\/p>\n<p>Religionsfreiheit ist die b\u00fcrgerliche Urfreiheit, und zwar positive wie negative, auch das ist eine amerikanische Lektion. In Amerika wurde die Religion so freigesetzt zur Entfaltung, der Kampf f\u00fcr Religionsfreiheit war ein Kampf der Kirchen, in Europa war der Kampf um Religionsfreiheit einer gegen die Kirchen.<\/p>\n<p><em>Dieser Kampf ist gewonnen.<\/em> Zum Wohl der Kirchen und der Gesellschaft. Es gibt keine Einschr\u00e4nkung der negativen Religionsfreiheit in Deutschland. Auch als Muslim kann man hier unbehelligt Atheist sein oder Agnostiker, oder man kann konvertieren. In Deutschland war die Kooperation von Kirchen und Staat ein Mittel zur Zivilisierung der christlichen Religion &#8211; die das allerdings auch bitter n\u00f6tig hatte (-&gt;Religionskriege). Es handelt sich um ein erfolgreiches Modell zur Einhegung der Religion. Erfolgreicher in meinen Augen als das amerikanische (schrecklich viel Einfluss von Kirchen, Sekten etc auf den politischen Prozess, home schooling, &#8222;Sch\u00f6pfungslehre&#8220;) und das franz\u00f6sische (dort beneidet man uns um unsere politischen Mittel, mit den Kirchen und Religionen Deals zu machen).<\/p>\n<p>Die Privatisierung der islamischen Theologie, die Nic und Ahadi vorschlagen, halte ich nicht f\u00fcr w\u00fcnschenswert. Die haben wir schon, sie bedeutet endlosen Einfluss f\u00fcr ausl\u00e4ndische M\u00e4chte (T\u00fcrkei -&gt; Ditib, Saudis, Ghom, Al-Azhar etc.).<\/p>\n<p>Und dabei habe ich noch gar nicht \u00fcber den kulturpr\u00e4genden Einfluss der deutschen Theologie auf die Wissenschaften und die Universit\u00e4ten hierzulande gesprochen: der deutsche Idealismus und die Romantik als Projekte von protestantischen Theologen, Schleiermachers Aufkl\u00e4rung des Christentums, die Leben-Jesu-Forschung, die historisch-kritische Bibellket\u00fcre, ja der ganze Orientalismus als Nebenprojekt der protestantischen Universit\u00e4tstheologie &#8211; all das spricht f\u00fcr das deutsche Modell einer akademischen Theologie. Warum nicht die Muslime darin aufnehmen?<\/p>\n","protected":false},"excerpt":{"rendered":"<p>Der Betreiber von &#8222;Nics Bloghaus&#8220; mischt sich nun vermittelnd in den Streit zwischen Mina Ahadi und mir \u00fcber die Notwendigkeit islamisch-theologischer Forschung an deutschen Unis ein: &#8222;Letztlich geht es doch darum, dass sich der Staat sehr wohl in die Belange und Lehren der Religionsgemeinschaft einmischen m\u00f6chte (oder muss). Und es geht um die Frage, ob [&hellip;]<\/p>\n","protected":false},"author":54,"featured_media":0,"comment_status":"open","ping_status":"closed","sticky":false,"template":"","format":"standard","meta":{"jetpack_post_was_ever_published":false,"footnotes":""},"categories":[157],"tags":[],"class_list":["post-4042","post","type-post","status-publish","format-standard","hentry","category-die-freunde-und-die-feinde-des-islams"],"yoast_head":"<!-- This site is optimized with the Yoast SEO plugin v21.0 - https:\/\/yoast.com\/wordpress\/plugins\/seo\/ -->\n<title>Noch einmal: Warum Islamische Theologie an deutschen Unis? - J\u00f6rg Lau<\/title>\n<meta name=\"robots\" content=\"index, follow, max-snippet:-1, max-image-preview:large, max-video-preview:-1\" \/>\n<link rel=\"canonical\" href=\"https:\/\/blog.zeit.de\/joerglau\/2010\/07\/21\/noch-einmal-warum-islamische-theologie-an-deutschen-unis_4042\" \/>\n<meta property=\"og:locale\" content=\"de_DE\" \/>\n<meta property=\"og:type\" content=\"article\" \/>\n<meta property=\"og:title\" content=\"Noch einmal: Warum Islamische Theologie an deutschen Unis? - J\u00f6rg Lau\" \/>\n<meta property=\"og:description\" content=\"Der Betreiber von &#8222;Nics Bloghaus&#8220; mischt sich nun vermittelnd in den Streit zwischen Mina Ahadi und mir \u00fcber die Notwendigkeit islamisch-theologischer Forschung an deutschen Unis ein: &#8222;Letztlich geht es doch darum, dass sich der Staat sehr wohl in die Belange und Lehren der Religionsgemeinschaft einmischen m\u00f6chte (oder muss). Und es geht um die Frage, ob [&hellip;]\" \/>\n<meta property=\"og:url\" content=\"https:\/\/blog.zeit.de\/joerglau\/2010\/07\/21\/noch-einmal-warum-islamische-theologie-an-deutschen-unis_4042\" \/>\n<meta property=\"og:site_name\" content=\"J\u00f6rg Lau\" \/>\n<meta property=\"article:published_time\" content=\"2010-07-21T11:45:22+00:00\" \/>\n<meta property=\"article:modified_time\" content=\"2010-07-21T11:49:29+00:00\" \/>\n<meta name=\"author\" content=\"J\u00f6rg Lau\" \/>\n<meta name=\"twitter:card\" content=\"summary_large_image\" \/>\n<meta name=\"twitter:label1\" content=\"Geschrieben von\" \/>\n\t<meta name=\"twitter:data1\" content=\"J\u00f6rg Lau\" \/>\n\t<meta name=\"twitter:label2\" content=\"Gesch\u00e4tzte Lesezeit\" \/>\n\t<meta name=\"twitter:data2\" content=\"3\u00a0Minuten\" \/>\n<script type=\"application\/ld+json\" class=\"yoast-schema-graph\">{\"@context\":\"https:\/\/schema.org\",\"@graph\":[{\"@type\":\"WebPage\",\"@id\":\"https:\/\/blog.zeit.de\/joerglau\/2010\/07\/21\/noch-einmal-warum-islamische-theologie-an-deutschen-unis_4042\",\"url\":\"https:\/\/blog.zeit.de\/joerglau\/2010\/07\/21\/noch-einmal-warum-islamische-theologie-an-deutschen-unis_4042\",\"name\":\"Noch einmal: Warum Islamische Theologie an deutschen Unis? - J\u00f6rg Lau\",\"isPartOf\":{\"@id\":\"https:\/\/blog.zeit.de\/joerglau\/#website\"},\"datePublished\":\"2010-07-21T11:45:22+00:00\",\"dateModified\":\"2010-07-21T11:49:29+00:00\",\"author\":{\"@id\":\"https:\/\/blog.zeit.de\/joerglau\/#\/schema\/person\/55f0be9bfac24815791fbc852b042f57\"},\"breadcrumb\":{\"@id\":\"https:\/\/blog.zeit.de\/joerglau\/2010\/07\/21\/noch-einmal-warum-islamische-theologie-an-deutschen-unis_4042#breadcrumb\"},\"inLanguage\":\"de\",\"potentialAction\":[{\"@type\":\"ReadAction\",\"target\":[\"https:\/\/blog.zeit.de\/joerglau\/2010\/07\/21\/noch-einmal-warum-islamische-theologie-an-deutschen-unis_4042\"]}]},{\"@type\":\"BreadcrumbList\",\"@id\":\"https:\/\/blog.zeit.de\/joerglau\/2010\/07\/21\/noch-einmal-warum-islamische-theologie-an-deutschen-unis_4042#breadcrumb\",\"itemListElement\":[{\"@type\":\"ListItem\",\"position\":1,\"name\":\"Startseite\",\"item\":\"https:\/\/blog.zeit.de\/joerglau\"},{\"@type\":\"ListItem\",\"position\":2,\"name\":\"Noch einmal: Warum Islamische Theologie an deutschen Unis?\"}]},{\"@type\":\"WebSite\",\"@id\":\"https:\/\/blog.zeit.de\/joerglau\/#website\",\"url\":\"https:\/\/blog.zeit.de\/joerglau\/\",\"name\":\"J\u00f6rg Lau\",\"description\":\"Ein Blog \u00fcber Religion und Politik\",\"potentialAction\":[{\"@type\":\"SearchAction\",\"target\":{\"@type\":\"EntryPoint\",\"urlTemplate\":\"https:\/\/blog.zeit.de\/joerglau\/?s={search_term_string}\"},\"query-input\":\"required name=search_term_string\"}],\"inLanguage\":\"de\"},{\"@type\":\"Person\",\"@id\":\"https:\/\/blog.zeit.de\/joerglau\/#\/schema\/person\/55f0be9bfac24815791fbc852b042f57\",\"name\":\"J\u00f6rg Lau\",\"image\":{\"@type\":\"ImageObject\",\"inLanguage\":\"de\",\"@id\":\"https:\/\/blog.zeit.de\/joerglau\/#\/schema\/person\/image\/\",\"url\":\"https:\/\/secure.gravatar.com\/avatar\/a5fe39bf4f5335b8bac36eefa0b41467221b1598bfea5f05159a0199e391eed0?s=96&d=mm&r=g\",\"contentUrl\":\"https:\/\/secure.gravatar.com\/avatar\/a5fe39bf4f5335b8bac36eefa0b41467221b1598bfea5f05159a0199e391eed0?s=96&d=mm&r=g\",\"caption\":\"J\u00f6rg Lau\"},\"url\":\"https:\/\/blog.zeit.de\/joerglau\/author\/joerg-lau\"}]}<\/script>\n<!-- \/ Yoast SEO plugin. -->","yoast_head_json":{"title":"Noch einmal: Warum Islamische Theologie an deutschen Unis? - J\u00f6rg Lau","robots":{"index":"index","follow":"follow","max-snippet":"max-snippet:-1","max-image-preview":"max-image-preview:large","max-video-preview":"max-video-preview:-1"},"canonical":"https:\/\/blog.zeit.de\/joerglau\/2010\/07\/21\/noch-einmal-warum-islamische-theologie-an-deutschen-unis_4042","og_locale":"de_DE","og_type":"article","og_title":"Noch einmal: Warum Islamische Theologie an deutschen Unis? - J\u00f6rg Lau","og_description":"Der Betreiber von &#8222;Nics Bloghaus&#8220; mischt sich nun vermittelnd in den Streit zwischen Mina Ahadi und mir \u00fcber die Notwendigkeit islamisch-theologischer Forschung an deutschen Unis ein: &#8222;Letztlich geht es doch darum, dass sich der Staat sehr wohl in die Belange und Lehren der Religionsgemeinschaft einmischen m\u00f6chte (oder muss). Und es geht um die Frage, ob [&hellip;]","og_url":"https:\/\/blog.zeit.de\/joerglau\/2010\/07\/21\/noch-einmal-warum-islamische-theologie-an-deutschen-unis_4042","og_site_name":"J\u00f6rg Lau","article_published_time":"2010-07-21T11:45:22+00:00","article_modified_time":"2010-07-21T11:49:29+00:00","author":"J\u00f6rg Lau","twitter_card":"summary_large_image","twitter_misc":{"Geschrieben von":"J\u00f6rg Lau","Gesch\u00e4tzte Lesezeit":"3\u00a0Minuten"},"schema":{"@context":"https:\/\/schema.org","@graph":[{"@type":"WebPage","@id":"https:\/\/blog.zeit.de\/joerglau\/2010\/07\/21\/noch-einmal-warum-islamische-theologie-an-deutschen-unis_4042","url":"https:\/\/blog.zeit.de\/joerglau\/2010\/07\/21\/noch-einmal-warum-islamische-theologie-an-deutschen-unis_4042","name":"Noch einmal: Warum Islamische Theologie an deutschen Unis? - J\u00f6rg Lau","isPartOf":{"@id":"https:\/\/blog.zeit.de\/joerglau\/#website"},"datePublished":"2010-07-21T11:45:22+00:00","dateModified":"2010-07-21T11:49:29+00:00","author":{"@id":"https:\/\/blog.zeit.de\/joerglau\/#\/schema\/person\/55f0be9bfac24815791fbc852b042f57"},"breadcrumb":{"@id":"https:\/\/blog.zeit.de\/joerglau\/2010\/07\/21\/noch-einmal-warum-islamische-theologie-an-deutschen-unis_4042#breadcrumb"},"inLanguage":"de","potentialAction":[{"@type":"ReadAction","target":["https:\/\/blog.zeit.de\/joerglau\/2010\/07\/21\/noch-einmal-warum-islamische-theologie-an-deutschen-unis_4042"]}]},{"@type":"BreadcrumbList","@id":"https:\/\/blog.zeit.de\/joerglau\/2010\/07\/21\/noch-einmal-warum-islamische-theologie-an-deutschen-unis_4042#breadcrumb","itemListElement":[{"@type":"ListItem","position":1,"name":"Startseite","item":"https:\/\/blog.zeit.de\/joerglau"},{"@type":"ListItem","position":2,"name":"Noch einmal: Warum Islamische Theologie an deutschen Unis?"}]},{"@type":"WebSite","@id":"https:\/\/blog.zeit.de\/joerglau\/#website","url":"https:\/\/blog.zeit.de\/joerglau\/","name":"J\u00f6rg Lau","description":"Ein Blog \u00fcber Religion und Politik","potentialAction":[{"@type":"SearchAction","target":{"@type":"EntryPoint","urlTemplate":"https:\/\/blog.zeit.de\/joerglau\/?s={search_term_string}"},"query-input":"required name=search_term_string"}],"inLanguage":"de"},{"@type":"Person","@id":"https:\/\/blog.zeit.de\/joerglau\/#\/schema\/person\/55f0be9bfac24815791fbc852b042f57","name":"J\u00f6rg Lau","image":{"@type":"ImageObject","inLanguage":"de","@id":"https:\/\/blog.zeit.de\/joerglau\/#\/schema\/person\/image\/","url":"https:\/\/secure.gravatar.com\/avatar\/a5fe39bf4f5335b8bac36eefa0b41467221b1598bfea5f05159a0199e391eed0?s=96&d=mm&r=g","contentUrl":"https:\/\/secure.gravatar.com\/avatar\/a5fe39bf4f5335b8bac36eefa0b41467221b1598bfea5f05159a0199e391eed0?s=96&d=mm&r=g","caption":"J\u00f6rg Lau"},"url":"https:\/\/blog.zeit.de\/joerglau\/author\/joerg-lau"}]}},"jetpack_featured_media_url":"","jetpack_sharing_enabled":true,"jetpack_shortlink":"https:\/\/wp.me\/pG02W-13c","_links":{"self":[{"href":"https:\/\/blog.zeit.de\/joerglau\/wp-json\/wp\/v2\/posts\/4042","targetHints":{"allow":["GET"]}}],"collection":[{"href":"https:\/\/blog.zeit.de\/joerglau\/wp-json\/wp\/v2\/posts"}],"about":[{"href":"https:\/\/blog.zeit.de\/joerglau\/wp-json\/wp\/v2\/types\/post"}],"author":[{"embeddable":true,"href":"https:\/\/blog.zeit.de\/joerglau\/wp-json\/wp\/v2\/users\/54"}],"replies":[{"embeddable":true,"href":"https:\/\/blog.zeit.de\/joerglau\/wp-json\/wp\/v2\/comments?post=4042"}],"version-history":[{"count":0,"href":"https:\/\/blog.zeit.de\/joerglau\/wp-json\/wp\/v2\/posts\/4042\/revisions"}],"wp:attachment":[{"href":"https:\/\/blog.zeit.de\/joerglau\/wp-json\/wp\/v2\/media?parent=4042"}],"wp:term":[{"taxonomy":"category","embeddable":true,"href":"https:\/\/blog.zeit.de\/joerglau\/wp-json\/wp\/v2\/categories?post=4042"},{"taxonomy":"post_tag","embeddable":true,"href":"https:\/\/blog.zeit.de\/joerglau\/wp-json\/wp\/v2\/tags?post=4042"}],"curies":[{"name":"wp","href":"https:\/\/api.w.org\/{rel}","templated":true}]}}