{"id":4057,"date":"2010-07-25T18:46:21","date_gmt":"2010-07-25T16:46:21","guid":{"rendered":"http:\/\/blog.zeit.de\/joerglau\/?p=4057"},"modified":"2010-07-25T18:46:21","modified_gmt":"2010-07-25T16:46:21","slug":"deutschland-nimmt-50-iranische-oppositionelle-auf","status":"publish","type":"post","link":"https:\/\/blog.zeit.de\/joerglau\/2010\/07\/25\/deutschland-nimmt-50-iranische-oppositionelle-auf_4057","title":{"rendered":"Deutschland nimmt 50 iranische Oppositionelle auf"},"content":{"rendered":"<p>Vor einigen Monaten habe ich <a href=\"https:\/\/blog.zeit.de\/joerglau\/2010\/04\/29\/lasst-deutschland-die-iranischen-oppositionellen-im-stich_3714\">hier<\/a> gefragt, ob Deutschland die iranischen Oppositionellen aus der &#8222;gr\u00fcnen Bewegung&#8220; im Stich l\u00e4sst. Mir war von einigen Menschenrechtsaktivisten signalisiert worden, dass die Bundesrepublik sehr z\u00f6gerlich agierte im Fall einiger Dissidenten, die in der T\u00fcrkei dahinvegetieren.<br \/>\nDas Bundesinnenministerium schien damals nicht gewillt, \u00fcber wenige Einzelf\u00e4lle hinaus zu helfen. Kaum zwanzig Iraner sollten in Deutschland Asyl bekommen, und auch deren Verfahren liefen schleppend.<br \/>\nDar\u00fcber habe ich in der <a href=\"https:\/\/blog.zeit.de\/joerglau\/2010\/04\/29\/lasst-deutschland-die-iranischen-oppositionellen-im-stich_3714\">ZEIT<\/a> berichtet. Auch der SPIEGEL griff den Fall auf. (Als erster hatte allerdings ein Kollege der ARD, <a href=\"http:\/\/www.tagesthemen.de\/multimedia\/video\/video667944.html\">Stefan Buchen vom NDR<\/a>, auf das Schicksal der Fl\u00fcchtlinge aufmerksam gemacht.)<br \/>\nJetzt l\u00e4sst sich ein Zwischenerfolg vermelden: Das Innenministerium <a href=\"http:\/\/www.spiegel.de\/politik\/deutschland\/0,1518,708315,00.html\">best\u00e4tigt Berichte<\/a>, nach denen zun\u00e4chst 50 Oppositionelle in Deutschland Aufnahme finden sollen. Die ersten sind bereits in Deutschland.<br \/>\nSo etwas macht einen dann doch froh.<\/p>\n","protected":false},"excerpt":{"rendered":"<p>Vor einigen Monaten habe ich hier gefragt, ob Deutschland die iranischen Oppositionellen aus der &#8222;gr\u00fcnen Bewegung&#8220; im Stich l\u00e4sst. Mir war von einigen Menschenrechtsaktivisten signalisiert worden, dass die Bundesrepublik sehr z\u00f6gerlich agierte im Fall einiger Dissidenten, die in der T\u00fcrkei dahinvegetieren. Das Bundesinnenministerium schien damals nicht gewillt, \u00fcber wenige Einzelf\u00e4lle hinaus zu helfen. Kaum zwanzig [&hellip;]<\/p>\n","protected":false},"author":54,"featured_media":0,"comment_status":"open","ping_status":"closed","sticky":false,"template":"","format":"standard","meta":{"jetpack_post_was_ever_published":false,"footnotes":""},"categories":[166,170],"tags":[],"class_list":["post-4057","post","type-post","status-publish","format-standard","hentry","category-iran","category-menschenrechte"],"yoast_head":"<!-- This site is optimized with the Yoast SEO plugin v21.0 - https:\/\/yoast.com\/wordpress\/plugins\/seo\/ -->\n<title>Deutschland nimmt 50 iranische Oppositionelle auf - J\u00f6rg Lau<\/title>\n<meta name=\"robots\" content=\"index, follow, max-snippet:-1, max-image-preview:large, max-video-preview:-1\" \/>\n<link rel=\"canonical\" href=\"https:\/\/blog.zeit.de\/joerglau\/2010\/07\/25\/deutschland-nimmt-50-iranische-oppositionelle-auf_4057\" \/>\n<meta property=\"og:locale\" content=\"de_DE\" \/>\n<meta property=\"og:type\" content=\"article\" \/>\n<meta property=\"og:title\" content=\"Deutschland nimmt 50 iranische Oppositionelle auf - J\u00f6rg Lau\" \/>\n<meta property=\"og:description\" content=\"Vor einigen Monaten habe ich hier gefragt, ob Deutschland die iranischen Oppositionellen aus der &#8222;gr\u00fcnen Bewegung&#8220; im Stich l\u00e4sst. Mir war von einigen Menschenrechtsaktivisten signalisiert worden, dass die Bundesrepublik sehr z\u00f6gerlich agierte im Fall einiger Dissidenten, die in der T\u00fcrkei dahinvegetieren. Das Bundesinnenministerium schien damals nicht gewillt, \u00fcber wenige Einzelf\u00e4lle hinaus zu helfen. Kaum zwanzig [&hellip;]\" \/>\n<meta property=\"og:url\" content=\"https:\/\/blog.zeit.de\/joerglau\/2010\/07\/25\/deutschland-nimmt-50-iranische-oppositionelle-auf_4057\" \/>\n<meta property=\"og:site_name\" content=\"J\u00f6rg Lau\" \/>\n<meta property=\"article:published_time\" content=\"2010-07-25T16:46:21+00:00\" \/>\n<meta name=\"author\" content=\"J\u00f6rg Lau\" \/>\n<meta name=\"twitter:card\" content=\"summary_large_image\" \/>\n<meta name=\"twitter:label1\" content=\"Geschrieben von\" \/>\n\t<meta name=\"twitter:data1\" content=\"J\u00f6rg Lau\" \/>\n\t<meta name=\"twitter:label2\" content=\"Gesch\u00e4tzte Lesezeit\" \/>\n\t<meta name=\"twitter:data2\" content=\"1\u00a0Minute\" \/>\n<script type=\"application\/ld+json\" class=\"yoast-schema-graph\">{\"@context\":\"https:\/\/schema.org\",\"@graph\":[{\"@type\":\"WebPage\",\"@id\":\"https:\/\/blog.zeit.de\/joerglau\/2010\/07\/25\/deutschland-nimmt-50-iranische-oppositionelle-auf_4057\",\"url\":\"https:\/\/blog.zeit.de\/joerglau\/2010\/07\/25\/deutschland-nimmt-50-iranische-oppositionelle-auf_4057\",\"name\":\"Deutschland nimmt 50 iranische Oppositionelle auf - J\u00f6rg Lau\",\"isPartOf\":{\"@id\":\"https:\/\/blog.zeit.de\/joerglau\/#website\"},\"datePublished\":\"2010-07-25T16:46:21+00:00\",\"dateModified\":\"2010-07-25T16:46:21+00:00\",\"author\":{\"@id\":\"https:\/\/blog.zeit.de\/joerglau\/#\/schema\/person\/55f0be9bfac24815791fbc852b042f57\"},\"breadcrumb\":{\"@id\":\"https:\/\/blog.zeit.de\/joerglau\/2010\/07\/25\/deutschland-nimmt-50-iranische-oppositionelle-auf_4057#breadcrumb\"},\"inLanguage\":\"de\",\"potentialAction\":[{\"@type\":\"ReadAction\",\"target\":[\"https:\/\/blog.zeit.de\/joerglau\/2010\/07\/25\/deutschland-nimmt-50-iranische-oppositionelle-auf_4057\"]}]},{\"@type\":\"BreadcrumbList\",\"@id\":\"https:\/\/blog.zeit.de\/joerglau\/2010\/07\/25\/deutschland-nimmt-50-iranische-oppositionelle-auf_4057#breadcrumb\",\"itemListElement\":[{\"@type\":\"ListItem\",\"position\":1,\"name\":\"Startseite\",\"item\":\"https:\/\/blog.zeit.de\/joerglau\"},{\"@type\":\"ListItem\",\"position\":2,\"name\":\"Deutschland nimmt 50 iranische Oppositionelle auf\"}]},{\"@type\":\"WebSite\",\"@id\":\"https:\/\/blog.zeit.de\/joerglau\/#website\",\"url\":\"https:\/\/blog.zeit.de\/joerglau\/\",\"name\":\"J\u00f6rg Lau\",\"description\":\"Ein Blog \u00fcber Religion und Politik\",\"potentialAction\":[{\"@type\":\"SearchAction\",\"target\":{\"@type\":\"EntryPoint\",\"urlTemplate\":\"https:\/\/blog.zeit.de\/joerglau\/?s={search_term_string}\"},\"query-input\":\"required name=search_term_string\"}],\"inLanguage\":\"de\"},{\"@type\":\"Person\",\"@id\":\"https:\/\/blog.zeit.de\/joerglau\/#\/schema\/person\/55f0be9bfac24815791fbc852b042f57\",\"name\":\"J\u00f6rg Lau\",\"image\":{\"@type\":\"ImageObject\",\"inLanguage\":\"de\",\"@id\":\"https:\/\/blog.zeit.de\/joerglau\/#\/schema\/person\/image\/\",\"url\":\"https:\/\/secure.gravatar.com\/avatar\/a5fe39bf4f5335b8bac36eefa0b41467221b1598bfea5f05159a0199e391eed0?s=96&d=mm&r=g\",\"contentUrl\":\"https:\/\/secure.gravatar.com\/avatar\/a5fe39bf4f5335b8bac36eefa0b41467221b1598bfea5f05159a0199e391eed0?s=96&d=mm&r=g\",\"caption\":\"J\u00f6rg Lau\"},\"url\":\"https:\/\/blog.zeit.de\/joerglau\/author\/joerg-lau\"}]}<\/script>\n<!-- \/ Yoast SEO plugin. -->","yoast_head_json":{"title":"Deutschland nimmt 50 iranische Oppositionelle auf - J\u00f6rg Lau","robots":{"index":"index","follow":"follow","max-snippet":"max-snippet:-1","max-image-preview":"max-image-preview:large","max-video-preview":"max-video-preview:-1"},"canonical":"https:\/\/blog.zeit.de\/joerglau\/2010\/07\/25\/deutschland-nimmt-50-iranische-oppositionelle-auf_4057","og_locale":"de_DE","og_type":"article","og_title":"Deutschland nimmt 50 iranische Oppositionelle auf - J\u00f6rg Lau","og_description":"Vor einigen Monaten habe ich hier gefragt, ob Deutschland die iranischen Oppositionellen aus der &#8222;gr\u00fcnen Bewegung&#8220; im Stich l\u00e4sst. Mir war von einigen Menschenrechtsaktivisten signalisiert worden, dass die Bundesrepublik sehr z\u00f6gerlich agierte im Fall einiger Dissidenten, die in der T\u00fcrkei dahinvegetieren. Das Bundesinnenministerium schien damals nicht gewillt, \u00fcber wenige Einzelf\u00e4lle hinaus zu helfen. Kaum zwanzig [&hellip;]","og_url":"https:\/\/blog.zeit.de\/joerglau\/2010\/07\/25\/deutschland-nimmt-50-iranische-oppositionelle-auf_4057","og_site_name":"J\u00f6rg Lau","article_published_time":"2010-07-25T16:46:21+00:00","author":"J\u00f6rg Lau","twitter_card":"summary_large_image","twitter_misc":{"Geschrieben von":"J\u00f6rg Lau","Gesch\u00e4tzte Lesezeit":"1\u00a0Minute"},"schema":{"@context":"https:\/\/schema.org","@graph":[{"@type":"WebPage","@id":"https:\/\/blog.zeit.de\/joerglau\/2010\/07\/25\/deutschland-nimmt-50-iranische-oppositionelle-auf_4057","url":"https:\/\/blog.zeit.de\/joerglau\/2010\/07\/25\/deutschland-nimmt-50-iranische-oppositionelle-auf_4057","name":"Deutschland nimmt 50 iranische Oppositionelle auf - J\u00f6rg Lau","isPartOf":{"@id":"https:\/\/blog.zeit.de\/joerglau\/#website"},"datePublished":"2010-07-25T16:46:21+00:00","dateModified":"2010-07-25T16:46:21+00:00","author":{"@id":"https:\/\/blog.zeit.de\/joerglau\/#\/schema\/person\/55f0be9bfac24815791fbc852b042f57"},"breadcrumb":{"@id":"https:\/\/blog.zeit.de\/joerglau\/2010\/07\/25\/deutschland-nimmt-50-iranische-oppositionelle-auf_4057#breadcrumb"},"inLanguage":"de","potentialAction":[{"@type":"ReadAction","target":["https:\/\/blog.zeit.de\/joerglau\/2010\/07\/25\/deutschland-nimmt-50-iranische-oppositionelle-auf_4057"]}]},{"@type":"BreadcrumbList","@id":"https:\/\/blog.zeit.de\/joerglau\/2010\/07\/25\/deutschland-nimmt-50-iranische-oppositionelle-auf_4057#breadcrumb","itemListElement":[{"@type":"ListItem","position":1,"name":"Startseite","item":"https:\/\/blog.zeit.de\/joerglau"},{"@type":"ListItem","position":2,"name":"Deutschland nimmt 50 iranische Oppositionelle auf"}]},{"@type":"WebSite","@id":"https:\/\/blog.zeit.de\/joerglau\/#website","url":"https:\/\/blog.zeit.de\/joerglau\/","name":"J\u00f6rg Lau","description":"Ein Blog \u00fcber Religion und Politik","potentialAction":[{"@type":"SearchAction","target":{"@type":"EntryPoint","urlTemplate":"https:\/\/blog.zeit.de\/joerglau\/?s={search_term_string}"},"query-input":"required name=search_term_string"}],"inLanguage":"de"},{"@type":"Person","@id":"https:\/\/blog.zeit.de\/joerglau\/#\/schema\/person\/55f0be9bfac24815791fbc852b042f57","name":"J\u00f6rg Lau","image":{"@type":"ImageObject","inLanguage":"de","@id":"https:\/\/blog.zeit.de\/joerglau\/#\/schema\/person\/image\/","url":"https:\/\/secure.gravatar.com\/avatar\/a5fe39bf4f5335b8bac36eefa0b41467221b1598bfea5f05159a0199e391eed0?s=96&d=mm&r=g","contentUrl":"https:\/\/secure.gravatar.com\/avatar\/a5fe39bf4f5335b8bac36eefa0b41467221b1598bfea5f05159a0199e391eed0?s=96&d=mm&r=g","caption":"J\u00f6rg Lau"},"url":"https:\/\/blog.zeit.de\/joerglau\/author\/joerg-lau"}]}},"jetpack_featured_media_url":"","jetpack_sharing_enabled":true,"jetpack_shortlink":"https:\/\/wp.me\/pG02W-13r","_links":{"self":[{"href":"https:\/\/blog.zeit.de\/joerglau\/wp-json\/wp\/v2\/posts\/4057","targetHints":{"allow":["GET"]}}],"collection":[{"href":"https:\/\/blog.zeit.de\/joerglau\/wp-json\/wp\/v2\/posts"}],"about":[{"href":"https:\/\/blog.zeit.de\/joerglau\/wp-json\/wp\/v2\/types\/post"}],"author":[{"embeddable":true,"href":"https:\/\/blog.zeit.de\/joerglau\/wp-json\/wp\/v2\/users\/54"}],"replies":[{"embeddable":true,"href":"https:\/\/blog.zeit.de\/joerglau\/wp-json\/wp\/v2\/comments?post=4057"}],"version-history":[{"count":0,"href":"https:\/\/blog.zeit.de\/joerglau\/wp-json\/wp\/v2\/posts\/4057\/revisions"}],"wp:attachment":[{"href":"https:\/\/blog.zeit.de\/joerglau\/wp-json\/wp\/v2\/media?parent=4057"}],"wp:term":[{"taxonomy":"category","embeddable":true,"href":"https:\/\/blog.zeit.de\/joerglau\/wp-json\/wp\/v2\/categories?post=4057"},{"taxonomy":"post_tag","embeddable":true,"href":"https:\/\/blog.zeit.de\/joerglau\/wp-json\/wp\/v2\/tags?post=4057"}],"curies":[{"name":"wp","href":"https:\/\/api.w.org\/{rel}","templated":true}]}}