{"id":4080,"date":"2010-08-19T14:55:57","date_gmt":"2010-08-19T12:55:57","guid":{"rendered":"http:\/\/blog.zeit.de\/joerglau\/?p=4080"},"modified":"2010-08-19T14:55:57","modified_gmt":"2010-08-19T12:55:57","slug":"der-moscheeplaner-von-manhattan-spricht","status":"publish","type":"post","link":"https:\/\/blog.zeit.de\/joerglau\/2010\/08\/19\/der-moscheeplaner-von-manhattan-spricht_4080","title":{"rendered":"Der Moscheeplaner von Manhattan spricht"},"content":{"rendered":"<p>Das ist also der Feind! Der Entwickler des &#8222;Community Centers&#8220; in N\u00e4he von Ground Zero, der mittlerweile als &#8222;Moschee am Ground Zero&#8220; so viel Hass entgegenschl\u00e4gt, spricht. Ist Sharif El-Gamal der Botschafter Obama, pardon Osama bin Ladens? (Haha!) Machen Sie sich selbst ein Bild. (Vollst\u00e4ndiges Interview <a href=\"http:\/\/www.ny1.com\/content\/news_beats\/politics\/123935\/story\">hier<\/a>.)<br \/>\nUnd falls meine bescheidene Meinung gefragt ist: Das Ganze stinkt bis \u00fcber den Atlantik nach Xenophobie, Rassismus und (na gut, meinetwegen, ich schreibe das Wort jetzt hin) Islamophobie:<br \/>\n<object width=\"305\" height=\"284\"><param name=\"movie\" value=\"http:\/\/www.thedailybeast.com\/swf\/TheDailyBeastVideoPlayer.swf\"><\/param><param name=\"quality\" value=\"high\"><\/param><param name=\"menu\" value=\"false\"><\/param><param name=\"wmode\" value=\"transparent\"><\/param><param name=\"allowFullScreen\" value=\"true\"><\/param><param name=\"allowScriptAccess\" value=\"always\"><\/param><param name=\"flashvars\" value=\"video=http:\/\/www.tdbimg.com\/files\/2010\/08\/19\/vid-sharif-el-gamal-developer-of-ground-zero-mosque_080016410467.flv&#038;still=http:\/\/www.tdbimg.com\/files\/2010\/08\/19\/img-100819-ny1-mosque-developer_080553675842.jpg&#038;title=GROUND%20ZERO%20MOSQUE%20DEVELOPER%20TALKS\"><\/param><\/object><\/p>\n","protected":false},"excerpt":{"rendered":"<p>Das ist also der Feind! Der Entwickler des &#8222;Community Centers&#8220; in N\u00e4he von Ground Zero, der mittlerweile als &#8222;Moschee am Ground Zero&#8220; so viel Hass entgegenschl\u00e4gt, spricht. Ist Sharif El-Gamal der Botschafter Obama, pardon Osama bin Ladens? (Haha!) Machen Sie sich selbst ein Bild. (Vollst\u00e4ndiges Interview hier.) Und falls meine bescheidene Meinung gefragt ist: Das [&hellip;]<\/p>\n","protected":false},"author":54,"featured_media":0,"comment_status":"open","ping_status":"closed","sticky":false,"template":"","format":"standard","meta":{"jetpack_post_was_ever_published":false,"footnotes":""},"categories":[157,125],"tags":[],"class_list":["post-4080","post","type-post","status-publish","format-standard","hentry","category-die-freunde-und-die-feinde-des-islams","category-usa"],"yoast_head":"<!-- This site is optimized with the Yoast SEO plugin v21.0 - https:\/\/yoast.com\/wordpress\/plugins\/seo\/ -->\n<title>Der Moscheeplaner von Manhattan spricht - J\u00f6rg Lau<\/title>\n<meta name=\"robots\" content=\"index, follow, max-snippet:-1, max-image-preview:large, max-video-preview:-1\" \/>\n<link rel=\"canonical\" href=\"https:\/\/blog.zeit.de\/joerglau\/2010\/08\/19\/der-moscheeplaner-von-manhattan-spricht_4080\" \/>\n<meta property=\"og:locale\" content=\"de_DE\" \/>\n<meta property=\"og:type\" content=\"article\" \/>\n<meta property=\"og:title\" content=\"Der Moscheeplaner von Manhattan spricht - J\u00f6rg Lau\" \/>\n<meta property=\"og:description\" content=\"Das ist also der Feind! Der Entwickler des &#8222;Community Centers&#8220; in N\u00e4he von Ground Zero, der mittlerweile als &#8222;Moschee am Ground Zero&#8220; so viel Hass entgegenschl\u00e4gt, spricht. Ist Sharif El-Gamal der Botschafter Obama, pardon Osama bin Ladens? (Haha!) Machen Sie sich selbst ein Bild. (Vollst\u00e4ndiges Interview hier.) Und falls meine bescheidene Meinung gefragt ist: Das [&hellip;]\" \/>\n<meta property=\"og:url\" content=\"https:\/\/blog.zeit.de\/joerglau\/2010\/08\/19\/der-moscheeplaner-von-manhattan-spricht_4080\" \/>\n<meta property=\"og:site_name\" content=\"J\u00f6rg Lau\" \/>\n<meta property=\"article:published_time\" content=\"2010-08-19T12:55:57+00:00\" \/>\n<meta name=\"author\" content=\"J\u00f6rg Lau\" \/>\n<meta name=\"twitter:card\" content=\"summary_large_image\" \/>\n<meta name=\"twitter:label1\" content=\"Geschrieben von\" \/>\n\t<meta name=\"twitter:data1\" content=\"J\u00f6rg Lau\" \/>\n<script type=\"application\/ld+json\" class=\"yoast-schema-graph\">{\"@context\":\"https:\/\/schema.org\",\"@graph\":[{\"@type\":\"WebPage\",\"@id\":\"https:\/\/blog.zeit.de\/joerglau\/2010\/08\/19\/der-moscheeplaner-von-manhattan-spricht_4080\",\"url\":\"https:\/\/blog.zeit.de\/joerglau\/2010\/08\/19\/der-moscheeplaner-von-manhattan-spricht_4080\",\"name\":\"Der Moscheeplaner von Manhattan spricht - J\u00f6rg Lau\",\"isPartOf\":{\"@id\":\"https:\/\/blog.zeit.de\/joerglau\/#website\"},\"datePublished\":\"2010-08-19T12:55:57+00:00\",\"dateModified\":\"2010-08-19T12:55:57+00:00\",\"author\":{\"@id\":\"https:\/\/blog.zeit.de\/joerglau\/#\/schema\/person\/55f0be9bfac24815791fbc852b042f57\"},\"breadcrumb\":{\"@id\":\"https:\/\/blog.zeit.de\/joerglau\/2010\/08\/19\/der-moscheeplaner-von-manhattan-spricht_4080#breadcrumb\"},\"inLanguage\":\"de\",\"potentialAction\":[{\"@type\":\"ReadAction\",\"target\":[\"https:\/\/blog.zeit.de\/joerglau\/2010\/08\/19\/der-moscheeplaner-von-manhattan-spricht_4080\"]}]},{\"@type\":\"BreadcrumbList\",\"@id\":\"https:\/\/blog.zeit.de\/joerglau\/2010\/08\/19\/der-moscheeplaner-von-manhattan-spricht_4080#breadcrumb\",\"itemListElement\":[{\"@type\":\"ListItem\",\"position\":1,\"name\":\"Startseite\",\"item\":\"https:\/\/blog.zeit.de\/joerglau\"},{\"@type\":\"ListItem\",\"position\":2,\"name\":\"Der Moscheeplaner von Manhattan spricht\"}]},{\"@type\":\"WebSite\",\"@id\":\"https:\/\/blog.zeit.de\/joerglau\/#website\",\"url\":\"https:\/\/blog.zeit.de\/joerglau\/\",\"name\":\"J\u00f6rg Lau\",\"description\":\"Ein Blog \u00fcber Religion und Politik\",\"potentialAction\":[{\"@type\":\"SearchAction\",\"target\":{\"@type\":\"EntryPoint\",\"urlTemplate\":\"https:\/\/blog.zeit.de\/joerglau\/?s={search_term_string}\"},\"query-input\":\"required name=search_term_string\"}],\"inLanguage\":\"de\"},{\"@type\":\"Person\",\"@id\":\"https:\/\/blog.zeit.de\/joerglau\/#\/schema\/person\/55f0be9bfac24815791fbc852b042f57\",\"name\":\"J\u00f6rg Lau\",\"image\":{\"@type\":\"ImageObject\",\"inLanguage\":\"de\",\"@id\":\"https:\/\/blog.zeit.de\/joerglau\/#\/schema\/person\/image\/\",\"url\":\"https:\/\/secure.gravatar.com\/avatar\/a5fe39bf4f5335b8bac36eefa0b41467221b1598bfea5f05159a0199e391eed0?s=96&d=mm&r=g\",\"contentUrl\":\"https:\/\/secure.gravatar.com\/avatar\/a5fe39bf4f5335b8bac36eefa0b41467221b1598bfea5f05159a0199e391eed0?s=96&d=mm&r=g\",\"caption\":\"J\u00f6rg Lau\"},\"url\":\"https:\/\/blog.zeit.de\/joerglau\/author\/joerg-lau\"}]}<\/script>\n<!-- \/ Yoast SEO plugin. -->","yoast_head_json":{"title":"Der Moscheeplaner von Manhattan spricht - J\u00f6rg Lau","robots":{"index":"index","follow":"follow","max-snippet":"max-snippet:-1","max-image-preview":"max-image-preview:large","max-video-preview":"max-video-preview:-1"},"canonical":"https:\/\/blog.zeit.de\/joerglau\/2010\/08\/19\/der-moscheeplaner-von-manhattan-spricht_4080","og_locale":"de_DE","og_type":"article","og_title":"Der Moscheeplaner von Manhattan spricht - J\u00f6rg Lau","og_description":"Das ist also der Feind! Der Entwickler des &#8222;Community Centers&#8220; in N\u00e4he von Ground Zero, der mittlerweile als &#8222;Moschee am Ground Zero&#8220; so viel Hass entgegenschl\u00e4gt, spricht. Ist Sharif El-Gamal der Botschafter Obama, pardon Osama bin Ladens? (Haha!) Machen Sie sich selbst ein Bild. (Vollst\u00e4ndiges Interview hier.) Und falls meine bescheidene Meinung gefragt ist: Das [&hellip;]","og_url":"https:\/\/blog.zeit.de\/joerglau\/2010\/08\/19\/der-moscheeplaner-von-manhattan-spricht_4080","og_site_name":"J\u00f6rg Lau","article_published_time":"2010-08-19T12:55:57+00:00","author":"J\u00f6rg Lau","twitter_card":"summary_large_image","twitter_misc":{"Geschrieben von":"J\u00f6rg Lau"},"schema":{"@context":"https:\/\/schema.org","@graph":[{"@type":"WebPage","@id":"https:\/\/blog.zeit.de\/joerglau\/2010\/08\/19\/der-moscheeplaner-von-manhattan-spricht_4080","url":"https:\/\/blog.zeit.de\/joerglau\/2010\/08\/19\/der-moscheeplaner-von-manhattan-spricht_4080","name":"Der Moscheeplaner von Manhattan spricht - J\u00f6rg Lau","isPartOf":{"@id":"https:\/\/blog.zeit.de\/joerglau\/#website"},"datePublished":"2010-08-19T12:55:57+00:00","dateModified":"2010-08-19T12:55:57+00:00","author":{"@id":"https:\/\/blog.zeit.de\/joerglau\/#\/schema\/person\/55f0be9bfac24815791fbc852b042f57"},"breadcrumb":{"@id":"https:\/\/blog.zeit.de\/joerglau\/2010\/08\/19\/der-moscheeplaner-von-manhattan-spricht_4080#breadcrumb"},"inLanguage":"de","potentialAction":[{"@type":"ReadAction","target":["https:\/\/blog.zeit.de\/joerglau\/2010\/08\/19\/der-moscheeplaner-von-manhattan-spricht_4080"]}]},{"@type":"BreadcrumbList","@id":"https:\/\/blog.zeit.de\/joerglau\/2010\/08\/19\/der-moscheeplaner-von-manhattan-spricht_4080#breadcrumb","itemListElement":[{"@type":"ListItem","position":1,"name":"Startseite","item":"https:\/\/blog.zeit.de\/joerglau"},{"@type":"ListItem","position":2,"name":"Der Moscheeplaner von Manhattan spricht"}]},{"@type":"WebSite","@id":"https:\/\/blog.zeit.de\/joerglau\/#website","url":"https:\/\/blog.zeit.de\/joerglau\/","name":"J\u00f6rg Lau","description":"Ein Blog \u00fcber Religion und Politik","potentialAction":[{"@type":"SearchAction","target":{"@type":"EntryPoint","urlTemplate":"https:\/\/blog.zeit.de\/joerglau\/?s={search_term_string}"},"query-input":"required name=search_term_string"}],"inLanguage":"de"},{"@type":"Person","@id":"https:\/\/blog.zeit.de\/joerglau\/#\/schema\/person\/55f0be9bfac24815791fbc852b042f57","name":"J\u00f6rg Lau","image":{"@type":"ImageObject","inLanguage":"de","@id":"https:\/\/blog.zeit.de\/joerglau\/#\/schema\/person\/image\/","url":"https:\/\/secure.gravatar.com\/avatar\/a5fe39bf4f5335b8bac36eefa0b41467221b1598bfea5f05159a0199e391eed0?s=96&d=mm&r=g","contentUrl":"https:\/\/secure.gravatar.com\/avatar\/a5fe39bf4f5335b8bac36eefa0b41467221b1598bfea5f05159a0199e391eed0?s=96&d=mm&r=g","caption":"J\u00f6rg Lau"},"url":"https:\/\/blog.zeit.de\/joerglau\/author\/joerg-lau"}]}},"jetpack_featured_media_url":"","jetpack_sharing_enabled":true,"jetpack_shortlink":"https:\/\/wp.me\/pG02W-13O","_links":{"self":[{"href":"https:\/\/blog.zeit.de\/joerglau\/wp-json\/wp\/v2\/posts\/4080","targetHints":{"allow":["GET"]}}],"collection":[{"href":"https:\/\/blog.zeit.de\/joerglau\/wp-json\/wp\/v2\/posts"}],"about":[{"href":"https:\/\/blog.zeit.de\/joerglau\/wp-json\/wp\/v2\/types\/post"}],"author":[{"embeddable":true,"href":"https:\/\/blog.zeit.de\/joerglau\/wp-json\/wp\/v2\/users\/54"}],"replies":[{"embeddable":true,"href":"https:\/\/blog.zeit.de\/joerglau\/wp-json\/wp\/v2\/comments?post=4080"}],"version-history":[{"count":0,"href":"https:\/\/blog.zeit.de\/joerglau\/wp-json\/wp\/v2\/posts\/4080\/revisions"}],"wp:attachment":[{"href":"https:\/\/blog.zeit.de\/joerglau\/wp-json\/wp\/v2\/media?parent=4080"}],"wp:term":[{"taxonomy":"category","embeddable":true,"href":"https:\/\/blog.zeit.de\/joerglau\/wp-json\/wp\/v2\/categories?post=4080"},{"taxonomy":"post_tag","embeddable":true,"href":"https:\/\/blog.zeit.de\/joerglau\/wp-json\/wp\/v2\/tags?post=4080"}],"curies":[{"name":"wp","href":"https:\/\/api.w.org\/{rel}","templated":true}]}}