{"id":4084,"date":"2010-08-23T14:22:52","date_gmt":"2010-08-23T12:22:52","guid":{"rendered":"http:\/\/blog.zeit.de\/joerglau\/?p=4084"},"modified":"2010-08-23T14:22:52","modified_gmt":"2010-08-23T12:22:52","slug":"die-frau-hinter-der-cordoba-initiative-spricht","status":"publish","type":"post","link":"https:\/\/blog.zeit.de\/joerglau\/2010\/08\/23\/die-frau-hinter-der-cordoba-initiative-spricht_4084","title":{"rendered":"Die Frau hinter der &#8222;Cordoba Initiative&#8220; spricht"},"content":{"rendered":"<p>Daisy Khan ist die Ehefrau des Imam Rauf, der den Community Center leiten soll, der als &#8222;Ground Zero Mosque&#8220; durch die Presse geht. Sie spricht hier \u00fcber ihre Erfahrung als muslimische Frau aus Kaschmir, die mit 15 Jahren nach Amerika kam. Sie erkl\u00e4rt, was die Cordoba Initiative will. Sie sagt unter anderem auch, sie wolle &#8222;die Sicherheit Israels&#8220; und dass &#8222;Muslime nicht bei der Zunahme des Antisemitismus mitmachen&#8220; (ab 20 Min).<br \/>\nUnd nun ist diese Frau, die demonstrativ nie Kopftuch tr\u00e4gt und mit ihrem Mann schon diverse Reisen im Auftrag des Staates gemacht hat, um in der islamischen Welt f\u00fcr muslimisches Leben in Amerika zu werben, ins Zentrum einer immer hysterischeren Debatte ger\u00fcckt. Sieht so der Feind aus, spricht so der Feind? <\/p>\n<p>Zu ihrem Mann \u00fcbrigens ein <a href=\"http:\/\/www.nytimes.com\/2010\/08\/22\/nyregion\/22imam.html?pagewanted=2&#038;_r=1&#038;hp\">hilfreicher Artikel hier<\/a>.<\/p>\n<p><object classid=\"clsid:d27cdb6e-ae6d-11cf-96b8-444553540000\" codebase=\"http:\/\/download.macromedia.com\/pub\/shockwave\/cabs\/flash\/swflash.cab#version=9,0,0,0\" width=\"400\" height=\"264\" ><param name=\"flashvars\" value=\"webhost=fora.tv&#038;clipid=12170&#038;cliptype=clip\" \/><param name=\"allowScriptAccess\" value=\"always\"  \/><param name=\"allowFullScreen\" value=\"true\" \/><param name=\"movie\" value=\"http:\/\/fora.tv\/embedded_player\" \/><\/object><\/p>\n","protected":false},"excerpt":{"rendered":"<p>Daisy Khan ist die Ehefrau des Imam Rauf, der den Community Center leiten soll, der als &#8222;Ground Zero Mosque&#8220; durch die Presse geht. Sie spricht hier \u00fcber ihre Erfahrung als muslimische Frau aus Kaschmir, die mit 15 Jahren nach Amerika kam. Sie erkl\u00e4rt, was die Cordoba Initiative will. Sie sagt unter anderem auch, sie wolle [&hellip;]<\/p>\n","protected":false},"author":54,"featured_media":0,"comment_status":"open","ping_status":"closed","sticky":false,"template":"","format":"standard","meta":{"jetpack_post_was_ever_published":false,"footnotes":""},"categories":[157],"tags":[],"class_list":["post-4084","post","type-post","status-publish","format-standard","hentry","category-die-freunde-und-die-feinde-des-islams"],"yoast_head":"<!-- This site is optimized with the Yoast SEO plugin v21.0 - https:\/\/yoast.com\/wordpress\/plugins\/seo\/ -->\n<title>Die Frau hinter der &quot;Cordoba Initiative&quot; spricht - J\u00f6rg Lau<\/title>\n<meta name=\"robots\" content=\"index, follow, max-snippet:-1, max-image-preview:large, max-video-preview:-1\" \/>\n<link rel=\"canonical\" href=\"https:\/\/blog.zeit.de\/joerglau\/2010\/08\/23\/die-frau-hinter-der-cordoba-initiative-spricht_4084\" \/>\n<meta property=\"og:locale\" content=\"de_DE\" \/>\n<meta property=\"og:type\" content=\"article\" \/>\n<meta property=\"og:title\" content=\"Die Frau hinter der &quot;Cordoba Initiative&quot; spricht - J\u00f6rg Lau\" \/>\n<meta property=\"og:description\" content=\"Daisy Khan ist die Ehefrau des Imam Rauf, der den Community Center leiten soll, der als &#8222;Ground Zero Mosque&#8220; durch die Presse geht. Sie spricht hier \u00fcber ihre Erfahrung als muslimische Frau aus Kaschmir, die mit 15 Jahren nach Amerika kam. Sie erkl\u00e4rt, was die Cordoba Initiative will. Sie sagt unter anderem auch, sie wolle [&hellip;]\" \/>\n<meta property=\"og:url\" content=\"https:\/\/blog.zeit.de\/joerglau\/2010\/08\/23\/die-frau-hinter-der-cordoba-initiative-spricht_4084\" \/>\n<meta property=\"og:site_name\" content=\"J\u00f6rg Lau\" \/>\n<meta property=\"article:published_time\" content=\"2010-08-23T12:22:52+00:00\" \/>\n<meta name=\"author\" content=\"J\u00f6rg Lau\" \/>\n<meta name=\"twitter:card\" content=\"summary_large_image\" \/>\n<meta name=\"twitter:label1\" content=\"Geschrieben von\" \/>\n\t<meta name=\"twitter:data1\" content=\"J\u00f6rg Lau\" \/>\n\t<meta name=\"twitter:label2\" content=\"Gesch\u00e4tzte Lesezeit\" \/>\n\t<meta name=\"twitter:data2\" content=\"1\u00a0Minute\" \/>\n<script type=\"application\/ld+json\" class=\"yoast-schema-graph\">{\"@context\":\"https:\/\/schema.org\",\"@graph\":[{\"@type\":\"WebPage\",\"@id\":\"https:\/\/blog.zeit.de\/joerglau\/2010\/08\/23\/die-frau-hinter-der-cordoba-initiative-spricht_4084\",\"url\":\"https:\/\/blog.zeit.de\/joerglau\/2010\/08\/23\/die-frau-hinter-der-cordoba-initiative-spricht_4084\",\"name\":\"Die Frau hinter der \\\"Cordoba Initiative\\\" spricht - J\u00f6rg Lau\",\"isPartOf\":{\"@id\":\"https:\/\/blog.zeit.de\/joerglau\/#website\"},\"datePublished\":\"2010-08-23T12:22:52+00:00\",\"dateModified\":\"2010-08-23T12:22:52+00:00\",\"author\":{\"@id\":\"https:\/\/blog.zeit.de\/joerglau\/#\/schema\/person\/55f0be9bfac24815791fbc852b042f57\"},\"breadcrumb\":{\"@id\":\"https:\/\/blog.zeit.de\/joerglau\/2010\/08\/23\/die-frau-hinter-der-cordoba-initiative-spricht_4084#breadcrumb\"},\"inLanguage\":\"de\",\"potentialAction\":[{\"@type\":\"ReadAction\",\"target\":[\"https:\/\/blog.zeit.de\/joerglau\/2010\/08\/23\/die-frau-hinter-der-cordoba-initiative-spricht_4084\"]}]},{\"@type\":\"BreadcrumbList\",\"@id\":\"https:\/\/blog.zeit.de\/joerglau\/2010\/08\/23\/die-frau-hinter-der-cordoba-initiative-spricht_4084#breadcrumb\",\"itemListElement\":[{\"@type\":\"ListItem\",\"position\":1,\"name\":\"Startseite\",\"item\":\"https:\/\/blog.zeit.de\/joerglau\"},{\"@type\":\"ListItem\",\"position\":2,\"name\":\"Die Frau hinter der &#8222;Cordoba Initiative&#8220; spricht\"}]},{\"@type\":\"WebSite\",\"@id\":\"https:\/\/blog.zeit.de\/joerglau\/#website\",\"url\":\"https:\/\/blog.zeit.de\/joerglau\/\",\"name\":\"J\u00f6rg Lau\",\"description\":\"Ein Blog \u00fcber Religion und Politik\",\"potentialAction\":[{\"@type\":\"SearchAction\",\"target\":{\"@type\":\"EntryPoint\",\"urlTemplate\":\"https:\/\/blog.zeit.de\/joerglau\/?s={search_term_string}\"},\"query-input\":\"required name=search_term_string\"}],\"inLanguage\":\"de\"},{\"@type\":\"Person\",\"@id\":\"https:\/\/blog.zeit.de\/joerglau\/#\/schema\/person\/55f0be9bfac24815791fbc852b042f57\",\"name\":\"J\u00f6rg Lau\",\"image\":{\"@type\":\"ImageObject\",\"inLanguage\":\"de\",\"@id\":\"https:\/\/blog.zeit.de\/joerglau\/#\/schema\/person\/image\/\",\"url\":\"https:\/\/secure.gravatar.com\/avatar\/a5fe39bf4f5335b8bac36eefa0b41467221b1598bfea5f05159a0199e391eed0?s=96&d=mm&r=g\",\"contentUrl\":\"https:\/\/secure.gravatar.com\/avatar\/a5fe39bf4f5335b8bac36eefa0b41467221b1598bfea5f05159a0199e391eed0?s=96&d=mm&r=g\",\"caption\":\"J\u00f6rg Lau\"},\"url\":\"https:\/\/blog.zeit.de\/joerglau\/author\/joerg-lau\"}]}<\/script>\n<!-- \/ Yoast SEO plugin. -->","yoast_head_json":{"title":"Die Frau hinter der \"Cordoba Initiative\" spricht - J\u00f6rg Lau","robots":{"index":"index","follow":"follow","max-snippet":"max-snippet:-1","max-image-preview":"max-image-preview:large","max-video-preview":"max-video-preview:-1"},"canonical":"https:\/\/blog.zeit.de\/joerglau\/2010\/08\/23\/die-frau-hinter-der-cordoba-initiative-spricht_4084","og_locale":"de_DE","og_type":"article","og_title":"Die Frau hinter der \"Cordoba Initiative\" spricht - J\u00f6rg Lau","og_description":"Daisy Khan ist die Ehefrau des Imam Rauf, der den Community Center leiten soll, der als &#8222;Ground Zero Mosque&#8220; durch die Presse geht. Sie spricht hier \u00fcber ihre Erfahrung als muslimische Frau aus Kaschmir, die mit 15 Jahren nach Amerika kam. Sie erkl\u00e4rt, was die Cordoba Initiative will. Sie sagt unter anderem auch, sie wolle [&hellip;]","og_url":"https:\/\/blog.zeit.de\/joerglau\/2010\/08\/23\/die-frau-hinter-der-cordoba-initiative-spricht_4084","og_site_name":"J\u00f6rg Lau","article_published_time":"2010-08-23T12:22:52+00:00","author":"J\u00f6rg Lau","twitter_card":"summary_large_image","twitter_misc":{"Geschrieben von":"J\u00f6rg Lau","Gesch\u00e4tzte Lesezeit":"1\u00a0Minute"},"schema":{"@context":"https:\/\/schema.org","@graph":[{"@type":"WebPage","@id":"https:\/\/blog.zeit.de\/joerglau\/2010\/08\/23\/die-frau-hinter-der-cordoba-initiative-spricht_4084","url":"https:\/\/blog.zeit.de\/joerglau\/2010\/08\/23\/die-frau-hinter-der-cordoba-initiative-spricht_4084","name":"Die Frau hinter der \"Cordoba Initiative\" spricht - J\u00f6rg Lau","isPartOf":{"@id":"https:\/\/blog.zeit.de\/joerglau\/#website"},"datePublished":"2010-08-23T12:22:52+00:00","dateModified":"2010-08-23T12:22:52+00:00","author":{"@id":"https:\/\/blog.zeit.de\/joerglau\/#\/schema\/person\/55f0be9bfac24815791fbc852b042f57"},"breadcrumb":{"@id":"https:\/\/blog.zeit.de\/joerglau\/2010\/08\/23\/die-frau-hinter-der-cordoba-initiative-spricht_4084#breadcrumb"},"inLanguage":"de","potentialAction":[{"@type":"ReadAction","target":["https:\/\/blog.zeit.de\/joerglau\/2010\/08\/23\/die-frau-hinter-der-cordoba-initiative-spricht_4084"]}]},{"@type":"BreadcrumbList","@id":"https:\/\/blog.zeit.de\/joerglau\/2010\/08\/23\/die-frau-hinter-der-cordoba-initiative-spricht_4084#breadcrumb","itemListElement":[{"@type":"ListItem","position":1,"name":"Startseite","item":"https:\/\/blog.zeit.de\/joerglau"},{"@type":"ListItem","position":2,"name":"Die Frau hinter der &#8222;Cordoba Initiative&#8220; spricht"}]},{"@type":"WebSite","@id":"https:\/\/blog.zeit.de\/joerglau\/#website","url":"https:\/\/blog.zeit.de\/joerglau\/","name":"J\u00f6rg Lau","description":"Ein Blog \u00fcber Religion und Politik","potentialAction":[{"@type":"SearchAction","target":{"@type":"EntryPoint","urlTemplate":"https:\/\/blog.zeit.de\/joerglau\/?s={search_term_string}"},"query-input":"required name=search_term_string"}],"inLanguage":"de"},{"@type":"Person","@id":"https:\/\/blog.zeit.de\/joerglau\/#\/schema\/person\/55f0be9bfac24815791fbc852b042f57","name":"J\u00f6rg Lau","image":{"@type":"ImageObject","inLanguage":"de","@id":"https:\/\/blog.zeit.de\/joerglau\/#\/schema\/person\/image\/","url":"https:\/\/secure.gravatar.com\/avatar\/a5fe39bf4f5335b8bac36eefa0b41467221b1598bfea5f05159a0199e391eed0?s=96&d=mm&r=g","contentUrl":"https:\/\/secure.gravatar.com\/avatar\/a5fe39bf4f5335b8bac36eefa0b41467221b1598bfea5f05159a0199e391eed0?s=96&d=mm&r=g","caption":"J\u00f6rg Lau"},"url":"https:\/\/blog.zeit.de\/joerglau\/author\/joerg-lau"}]}},"jetpack_featured_media_url":"","jetpack_sharing_enabled":true,"jetpack_shortlink":"https:\/\/wp.me\/pG02W-13S","_links":{"self":[{"href":"https:\/\/blog.zeit.de\/joerglau\/wp-json\/wp\/v2\/posts\/4084","targetHints":{"allow":["GET"]}}],"collection":[{"href":"https:\/\/blog.zeit.de\/joerglau\/wp-json\/wp\/v2\/posts"}],"about":[{"href":"https:\/\/blog.zeit.de\/joerglau\/wp-json\/wp\/v2\/types\/post"}],"author":[{"embeddable":true,"href":"https:\/\/blog.zeit.de\/joerglau\/wp-json\/wp\/v2\/users\/54"}],"replies":[{"embeddable":true,"href":"https:\/\/blog.zeit.de\/joerglau\/wp-json\/wp\/v2\/comments?post=4084"}],"version-history":[{"count":0,"href":"https:\/\/blog.zeit.de\/joerglau\/wp-json\/wp\/v2\/posts\/4084\/revisions"}],"wp:attachment":[{"href":"https:\/\/blog.zeit.de\/joerglau\/wp-json\/wp\/v2\/media?parent=4084"}],"wp:term":[{"taxonomy":"category","embeddable":true,"href":"https:\/\/blog.zeit.de\/joerglau\/wp-json\/wp\/v2\/categories?post=4084"},{"taxonomy":"post_tag","embeddable":true,"href":"https:\/\/blog.zeit.de\/joerglau\/wp-json\/wp\/v2\/tags?post=4084"}],"curies":[{"name":"wp","href":"https:\/\/api.w.org\/{rel}","templated":true}]}}