{"id":4105,"date":"2010-09-06T13:04:45","date_gmt":"2010-09-06T11:04:45","guid":{"rendered":"http:\/\/blog.zeit.de\/joerglau\/?p=4105"},"modified":"2010-09-06T13:19:17","modified_gmt":"2010-09-06T11:19:17","slug":"im-reich-des-widerlichen-kein-kommentar-zu-sarrazin","status":"publish","type":"post","link":"https:\/\/blog.zeit.de\/joerglau\/2010\/09\/06\/im-reich-des-widerlichen-kein-kommentar-zu-sarrazin_4105","title":{"rendered":"Im Reich des Widerlichen: kein Kommentar zu Sarrazin"},"content":{"rendered":"<p>Werte Mitblogger: Zur Sarrazin-Debatte f\u00e4llt mir partout nichts Besseres ein als mein nun auch schon fast ein Jahr <a href=\"https:\/\/blog.zeit.de\/joerglau\/2009\/10\/21\/was-man-in-deutschland-alles-sagen-darf_3159\">alter Text von der Seite 3<\/a> der ZEIT. Steht alles drin, was ich dazu denke.<\/p>\n<p>Als ich ihn vorhin kontrollehalber wiederglesen habe, wurde mir deutlich, dass ich mich lieber weiter zur\u00fcckhalte. \u00dcber Sarrazin II habe ich anl\u00e4\u00dflich von Sarrazin I (Lettre-Interview) alles gesagt, was mir dazu einf\u00e4llt. Meine Schlu\u00dfpointe steht: Die mutlose Politik l\u00e4dt die B\u00fcrger geradezu\u00a0 ein, sie zu verd\u00e4chtigen und zu verachten.<\/p>\n<p>Sarrazin hat seinerzeit mit einem <a href=\"https:\/\/blog.zeit.de\/joerglau\/2009\/11\/03\/thilo-sarrazin-antwortet_3192\">Leserbrief<\/a> darauf geantwortet, der schon von der gleichen urdeutschen Haltung der\u00a0 &#8222;verfolgenden Unschuld&#8220; gepr\u00e4gt war wie seine derzeitigen Reaktionen auf den von ihm selbst kalkuliert inszenierten Tohuwabohu. Peinlich, das. Alles sehr unb\u00fcrgerlich und nicht sehr fein. Aber eben nicht neu und auch darum f\u00fcr mich nicht erg\u00e4nzungsbed\u00fcrftig.<\/p>\n<p>Ich habe das Buch seit etwa f\u00fcnf Wochen in einer mit Wasserzeichen versehenen Datei vorliegen. Jedermann, der das Gebaren des Verlages kennt, wusste von Anfang an, dass es sich um einen geplanten Krawall handelte. Durch den Wirbel um das Lettre-Interview ist man ja erst darauf gekommen, dass hier noch mehr geht. Ich bin froh, dass DIE ZEIT sich dazu nicht hergegeben hat, sondern mit einem kontroversen Interview in die Debatte eingestiegen ist.<\/p>\n<p>Der SPIEGEL hat (parallel mit Bild) die Ausz\u00fcge gedruckt. Jetzt aber stehen die Kollegen offenbar ratlos vor der Debatte, die &#8222;aus dem Ruder gelaufen&#8220; (SPIEGEL von heute) sei. Ich zitiere aus der aktuellen Ausgabe: &#8222;Sarrazin hat die Debatte mit einem falschen Zungenschlag begonnen. Er beschrieb M\u00e4ngel bei der Integration, die tats\u00e4chlich beklagenswert sind, aber er verkn\u00fcpfte sie mit biologstischen Gedankenspielen. Er r\u00e4sonierte \u00fcber die Vererbbarkeit von Intelligenz und schwadronierte \u00fcber ein &#8218;bestimmtes Gen&#8216;, das &#8218;alle Juden teilen&#8216;. Damit war er beim Biologismus und bei der Rassenlehre, und er war im Reich des Widerlichen&#8230; (&#8230;) , hat er sich f\u00fcr den Satz \u00fcber ein j\u00fcdisches Gen entschuldigt. Aber erst einmal hatte ihm die Provokation gefallen, und manchem seiner Anh\u00e4nger vielleicht auch.&#8220;<\/p>\n<p>Tja. Hat dem SPIEGEL die Provokation nur 2 Wochen zuvor nicht auch &#8222;erst einmal&#8220; gefallen? Im &#8222;Reich des Widerlichen&#8220; &#8211; die Formel gef\u00e4llt mir. Ach, man ist so recht froh, dass ihm das mit den Juden passiert ist (wie eine Art Tourette-Syndrom bei deutschen &#8222;Querdenkern&#8220;, nur dass die nicht &#8222;Penis&#8220; rufen m\u00fcssen, sondern &#8222;Jude&#8220;). So kann man den peinlichen Herrn jetzt entsorgen.<\/p>\n<p>Im Lettre-Interview ist alles schon enthalten &#8211; die feine eugenische Note, die Unterschichtenverachtung, die Suggestion, dass Deutschland durch die Fruchtbarkeit der T\u00fcrken und Araber immer d\u00fcmmer wird. Das postume Erschrecken mancher Kollegen ist entweder Unkenntnis oder Heuchelei, ebenso wie die zahlreichen Versuche, das nun unter den Teppich zu kehren mit dem Hinweis, dass er doch bittesch\u00f6n &#8222;kein Genetiker&#8220; (Sarrazin) sei und es ihm prim\u00e4r um die Integration gehe.<\/p>\n<p>Nur eins noch: Dass ein Mann erst in dem Moment ins &#8222;Reich des Widerlichen&#8220; eintritt, in dem er etwas \u00fcber Juden und Gene sagt, w\u00e4hrend er vorher ungestraft und unter gro\u00dfem Gejohle und bed\u00e4chtigem Kopfwiegen des Publikums \u00fcber t\u00fcrkische und arabische Gene bramarbasieren kann &#8211; das kann einem auch zu denken geben.<\/p>\n<p>Ach, soviel zu bedenken&#8230;<\/p>\n","protected":false},"excerpt":{"rendered":"<p>Werte Mitblogger: Zur Sarrazin-Debatte f\u00e4llt mir partout nichts Besseres ein als mein nun auch schon fast ein Jahr alter Text von der Seite 3 der ZEIT. Steht alles drin, was ich dazu denke. Als ich ihn vorhin kontrollehalber wiederglesen habe, wurde mir deutlich, dass ich mich lieber weiter zur\u00fcckhalte. \u00dcber Sarrazin II habe ich anl\u00e4\u00dflich [&hellip;]<\/p>\n","protected":false},"author":54,"featured_media":0,"comment_status":"open","ping_status":"closed","sticky":false,"template":"","format":"standard","meta":{"jetpack_post_was_ever_published":false,"footnotes":""},"categories":[157,169],"tags":[],"class_list":["post-4105","post","type-post","status-publish","format-standard","hentry","category-die-freunde-und-die-feinde-des-islams","category-medienkritik"],"yoast_head":"<!-- This site is optimized with the Yoast SEO plugin v21.0 - https:\/\/yoast.com\/wordpress\/plugins\/seo\/ -->\n<title>Im Reich des Widerlichen: kein Kommentar zu Sarrazin - J\u00f6rg Lau<\/title>\n<meta name=\"robots\" content=\"index, follow, max-snippet:-1, max-image-preview:large, max-video-preview:-1\" \/>\n<link rel=\"canonical\" href=\"https:\/\/blog.zeit.de\/joerglau\/2010\/09\/06\/im-reich-des-widerlichen-kein-kommentar-zu-sarrazin_4105\" \/>\n<meta property=\"og:locale\" content=\"de_DE\" \/>\n<meta property=\"og:type\" content=\"article\" \/>\n<meta property=\"og:title\" content=\"Im Reich des Widerlichen: kein Kommentar zu Sarrazin - J\u00f6rg Lau\" \/>\n<meta property=\"og:description\" content=\"Werte Mitblogger: Zur Sarrazin-Debatte f\u00e4llt mir partout nichts Besseres ein als mein nun auch schon fast ein Jahr alter Text von der Seite 3 der ZEIT. Steht alles drin, was ich dazu denke. Als ich ihn vorhin kontrollehalber wiederglesen habe, wurde mir deutlich, dass ich mich lieber weiter zur\u00fcckhalte. \u00dcber Sarrazin II habe ich anl\u00e4\u00dflich [&hellip;]\" \/>\n<meta property=\"og:url\" content=\"https:\/\/blog.zeit.de\/joerglau\/2010\/09\/06\/im-reich-des-widerlichen-kein-kommentar-zu-sarrazin_4105\" \/>\n<meta property=\"og:site_name\" content=\"J\u00f6rg Lau\" \/>\n<meta property=\"article:published_time\" content=\"2010-09-06T11:04:45+00:00\" \/>\n<meta property=\"article:modified_time\" content=\"2010-09-06T11:19:17+00:00\" \/>\n<meta name=\"author\" content=\"J\u00f6rg Lau\" \/>\n<meta name=\"twitter:card\" content=\"summary_large_image\" \/>\n<meta name=\"twitter:label1\" content=\"Geschrieben von\" \/>\n\t<meta name=\"twitter:data1\" content=\"J\u00f6rg Lau\" \/>\n\t<meta name=\"twitter:label2\" content=\"Gesch\u00e4tzte Lesezeit\" \/>\n\t<meta name=\"twitter:data2\" content=\"3\u00a0Minuten\" \/>\n<script type=\"application\/ld+json\" class=\"yoast-schema-graph\">{\"@context\":\"https:\/\/schema.org\",\"@graph\":[{\"@type\":\"WebPage\",\"@id\":\"https:\/\/blog.zeit.de\/joerglau\/2010\/09\/06\/im-reich-des-widerlichen-kein-kommentar-zu-sarrazin_4105\",\"url\":\"https:\/\/blog.zeit.de\/joerglau\/2010\/09\/06\/im-reich-des-widerlichen-kein-kommentar-zu-sarrazin_4105\",\"name\":\"Im Reich des Widerlichen: kein Kommentar zu Sarrazin - J\u00f6rg Lau\",\"isPartOf\":{\"@id\":\"https:\/\/blog.zeit.de\/joerglau\/#website\"},\"datePublished\":\"2010-09-06T11:04:45+00:00\",\"dateModified\":\"2010-09-06T11:19:17+00:00\",\"author\":{\"@id\":\"https:\/\/blog.zeit.de\/joerglau\/#\/schema\/person\/55f0be9bfac24815791fbc852b042f57\"},\"breadcrumb\":{\"@id\":\"https:\/\/blog.zeit.de\/joerglau\/2010\/09\/06\/im-reich-des-widerlichen-kein-kommentar-zu-sarrazin_4105#breadcrumb\"},\"inLanguage\":\"de\",\"potentialAction\":[{\"@type\":\"ReadAction\",\"target\":[\"https:\/\/blog.zeit.de\/joerglau\/2010\/09\/06\/im-reich-des-widerlichen-kein-kommentar-zu-sarrazin_4105\"]}]},{\"@type\":\"BreadcrumbList\",\"@id\":\"https:\/\/blog.zeit.de\/joerglau\/2010\/09\/06\/im-reich-des-widerlichen-kein-kommentar-zu-sarrazin_4105#breadcrumb\",\"itemListElement\":[{\"@type\":\"ListItem\",\"position\":1,\"name\":\"Startseite\",\"item\":\"https:\/\/blog.zeit.de\/joerglau\"},{\"@type\":\"ListItem\",\"position\":2,\"name\":\"Im Reich des Widerlichen: kein Kommentar zu Sarrazin\"}]},{\"@type\":\"WebSite\",\"@id\":\"https:\/\/blog.zeit.de\/joerglau\/#website\",\"url\":\"https:\/\/blog.zeit.de\/joerglau\/\",\"name\":\"J\u00f6rg Lau\",\"description\":\"Ein Blog \u00fcber Religion und Politik\",\"potentialAction\":[{\"@type\":\"SearchAction\",\"target\":{\"@type\":\"EntryPoint\",\"urlTemplate\":\"https:\/\/blog.zeit.de\/joerglau\/?s={search_term_string}\"},\"query-input\":\"required name=search_term_string\"}],\"inLanguage\":\"de\"},{\"@type\":\"Person\",\"@id\":\"https:\/\/blog.zeit.de\/joerglau\/#\/schema\/person\/55f0be9bfac24815791fbc852b042f57\",\"name\":\"J\u00f6rg Lau\",\"image\":{\"@type\":\"ImageObject\",\"inLanguage\":\"de\",\"@id\":\"https:\/\/blog.zeit.de\/joerglau\/#\/schema\/person\/image\/\",\"url\":\"https:\/\/secure.gravatar.com\/avatar\/a5fe39bf4f5335b8bac36eefa0b41467221b1598bfea5f05159a0199e391eed0?s=96&d=mm&r=g\",\"contentUrl\":\"https:\/\/secure.gravatar.com\/avatar\/a5fe39bf4f5335b8bac36eefa0b41467221b1598bfea5f05159a0199e391eed0?s=96&d=mm&r=g\",\"caption\":\"J\u00f6rg Lau\"},\"url\":\"https:\/\/blog.zeit.de\/joerglau\/author\/joerg-lau\"}]}<\/script>\n<!-- \/ Yoast SEO plugin. -->","yoast_head_json":{"title":"Im Reich des Widerlichen: kein Kommentar zu Sarrazin - J\u00f6rg Lau","robots":{"index":"index","follow":"follow","max-snippet":"max-snippet:-1","max-image-preview":"max-image-preview:large","max-video-preview":"max-video-preview:-1"},"canonical":"https:\/\/blog.zeit.de\/joerglau\/2010\/09\/06\/im-reich-des-widerlichen-kein-kommentar-zu-sarrazin_4105","og_locale":"de_DE","og_type":"article","og_title":"Im Reich des Widerlichen: kein Kommentar zu Sarrazin - J\u00f6rg Lau","og_description":"Werte Mitblogger: Zur Sarrazin-Debatte f\u00e4llt mir partout nichts Besseres ein als mein nun auch schon fast ein Jahr alter Text von der Seite 3 der ZEIT. Steht alles drin, was ich dazu denke. Als ich ihn vorhin kontrollehalber wiederglesen habe, wurde mir deutlich, dass ich mich lieber weiter zur\u00fcckhalte. \u00dcber Sarrazin II habe ich anl\u00e4\u00dflich [&hellip;]","og_url":"https:\/\/blog.zeit.de\/joerglau\/2010\/09\/06\/im-reich-des-widerlichen-kein-kommentar-zu-sarrazin_4105","og_site_name":"J\u00f6rg Lau","article_published_time":"2010-09-06T11:04:45+00:00","article_modified_time":"2010-09-06T11:19:17+00:00","author":"J\u00f6rg Lau","twitter_card":"summary_large_image","twitter_misc":{"Geschrieben von":"J\u00f6rg Lau","Gesch\u00e4tzte Lesezeit":"3\u00a0Minuten"},"schema":{"@context":"https:\/\/schema.org","@graph":[{"@type":"WebPage","@id":"https:\/\/blog.zeit.de\/joerglau\/2010\/09\/06\/im-reich-des-widerlichen-kein-kommentar-zu-sarrazin_4105","url":"https:\/\/blog.zeit.de\/joerglau\/2010\/09\/06\/im-reich-des-widerlichen-kein-kommentar-zu-sarrazin_4105","name":"Im Reich des Widerlichen: kein Kommentar zu Sarrazin - J\u00f6rg Lau","isPartOf":{"@id":"https:\/\/blog.zeit.de\/joerglau\/#website"},"datePublished":"2010-09-06T11:04:45+00:00","dateModified":"2010-09-06T11:19:17+00:00","author":{"@id":"https:\/\/blog.zeit.de\/joerglau\/#\/schema\/person\/55f0be9bfac24815791fbc852b042f57"},"breadcrumb":{"@id":"https:\/\/blog.zeit.de\/joerglau\/2010\/09\/06\/im-reich-des-widerlichen-kein-kommentar-zu-sarrazin_4105#breadcrumb"},"inLanguage":"de","potentialAction":[{"@type":"ReadAction","target":["https:\/\/blog.zeit.de\/joerglau\/2010\/09\/06\/im-reich-des-widerlichen-kein-kommentar-zu-sarrazin_4105"]}]},{"@type":"BreadcrumbList","@id":"https:\/\/blog.zeit.de\/joerglau\/2010\/09\/06\/im-reich-des-widerlichen-kein-kommentar-zu-sarrazin_4105#breadcrumb","itemListElement":[{"@type":"ListItem","position":1,"name":"Startseite","item":"https:\/\/blog.zeit.de\/joerglau"},{"@type":"ListItem","position":2,"name":"Im Reich des Widerlichen: kein Kommentar zu Sarrazin"}]},{"@type":"WebSite","@id":"https:\/\/blog.zeit.de\/joerglau\/#website","url":"https:\/\/blog.zeit.de\/joerglau\/","name":"J\u00f6rg Lau","description":"Ein Blog \u00fcber Religion und Politik","potentialAction":[{"@type":"SearchAction","target":{"@type":"EntryPoint","urlTemplate":"https:\/\/blog.zeit.de\/joerglau\/?s={search_term_string}"},"query-input":"required name=search_term_string"}],"inLanguage":"de"},{"@type":"Person","@id":"https:\/\/blog.zeit.de\/joerglau\/#\/schema\/person\/55f0be9bfac24815791fbc852b042f57","name":"J\u00f6rg Lau","image":{"@type":"ImageObject","inLanguage":"de","@id":"https:\/\/blog.zeit.de\/joerglau\/#\/schema\/person\/image\/","url":"https:\/\/secure.gravatar.com\/avatar\/a5fe39bf4f5335b8bac36eefa0b41467221b1598bfea5f05159a0199e391eed0?s=96&d=mm&r=g","contentUrl":"https:\/\/secure.gravatar.com\/avatar\/a5fe39bf4f5335b8bac36eefa0b41467221b1598bfea5f05159a0199e391eed0?s=96&d=mm&r=g","caption":"J\u00f6rg Lau"},"url":"https:\/\/blog.zeit.de\/joerglau\/author\/joerg-lau"}]}},"jetpack_featured_media_url":"","jetpack_sharing_enabled":true,"jetpack_shortlink":"https:\/\/wp.me\/pG02W-14d","_links":{"self":[{"href":"https:\/\/blog.zeit.de\/joerglau\/wp-json\/wp\/v2\/posts\/4105","targetHints":{"allow":["GET"]}}],"collection":[{"href":"https:\/\/blog.zeit.de\/joerglau\/wp-json\/wp\/v2\/posts"}],"about":[{"href":"https:\/\/blog.zeit.de\/joerglau\/wp-json\/wp\/v2\/types\/post"}],"author":[{"embeddable":true,"href":"https:\/\/blog.zeit.de\/joerglau\/wp-json\/wp\/v2\/users\/54"}],"replies":[{"embeddable":true,"href":"https:\/\/blog.zeit.de\/joerglau\/wp-json\/wp\/v2\/comments?post=4105"}],"version-history":[{"count":0,"href":"https:\/\/blog.zeit.de\/joerglau\/wp-json\/wp\/v2\/posts\/4105\/revisions"}],"wp:attachment":[{"href":"https:\/\/blog.zeit.de\/joerglau\/wp-json\/wp\/v2\/media?parent=4105"}],"wp:term":[{"taxonomy":"category","embeddable":true,"href":"https:\/\/blog.zeit.de\/joerglau\/wp-json\/wp\/v2\/categories?post=4105"},{"taxonomy":"post_tag","embeddable":true,"href":"https:\/\/blog.zeit.de\/joerglau\/wp-json\/wp\/v2\/tags?post=4105"}],"curies":[{"name":"wp","href":"https:\/\/api.w.org\/{rel}","templated":true}]}}