{"id":4120,"date":"2010-09-08T08:50:27","date_gmt":"2010-09-08T06:50:27","guid":{"rendered":"http:\/\/blog.zeit.de\/joerglau\/?p=4120"},"modified":"2010-09-08T08:50:27","modified_gmt":"2010-09-08T06:50:27","slug":"der-imam-der-ground-zero-moschee-spricht","status":"publish","type":"post","link":"https:\/\/blog.zeit.de\/joerglau\/2010\/09\/08\/der-imam-der-ground-zero-moschee-spricht_4120","title":{"rendered":"Der Imam der &#8222;Ground Zero Moschee&#8220; spricht"},"content":{"rendered":"<p>Der New Yorker Imam Rauf hat sich nun nach Wochen zu Wort gemeldet und das Projekt seines &#8222;Community Centers&#8220; (i.e. &#8222;Ground Zero Moschee&#8220;) verteidigt. Er war, wie bekannt, im Auftrag des State Department unterwegs, um Amerika im Nahen Osten zu bewerben.<br \/>\nIn einem Kommentar f\u00fcr die <a href=\"http:\/\/www.nytimes.com\/2010\/09\/08\/opinion\/08mosque.html?_r=1&amp;hp\">New York Times<\/a> erkl\u00e4rt er, warum er nicht nachgeben will und was das Zentrum f\u00fcr eine Aufgabe haben soll. Er verspricht die Finanzierung offenzulegen und k\u00fcndigt an, es werde Gebetsr\u00e4ume f\u00fcr andere Religionen, namentlich Juden und Christen, in dem Zentrum geben, sowie einen Gedenkraum f\u00fcr die Opfer des 11.September.<br \/>\nEr sagt auch, die Verteidigung des Projekts durch Pr\u00e4sident Obama und den B\u00fcrgermeister Bloomberg &#8211; einen Christen und einen Juden &#8211; habe in der islamischen Welt gro\u00dfen Anklang gefunden und helfe, die falschen Meinungen zu bek\u00e4mpfen, Amerika befinde sich auf einem Kreuzzug gegen den Islam. &#8222;<em>It was striking: a Christian president and a Jewish mayor of New York supporting the rights of Muslims. Their statements sent a powerful message about what America stands for, and will be remembered as a milestone in improving American-Muslim relations.&#8220;<\/em><\/p>\n<p>Unterdessen scheinen die prominenten Republikaner kalte F\u00fcsse zu bekommen, was die geplante Krawall-Demo am 11. September am Ground Zero angeht: Newt Gingrich lie\u00df mitteilen, er werde nicht pers\u00f6nlich erschienen und habe von vornherein nur eine Video-Botschaft in Aussicht gestellt. Sarah Palin hat andere Pl\u00e4ne, offenbar zusammen mit Glenn Beck in Alaska. John Bolton wird ein Video schicken. Ach ja, Geert Wilders ist weiterhin angek\u00fcndigt.<\/p>\n<p>Rauf schreibt: <em>&#8222;The wonderful outpouring of support for our right to build this community center from across the social, religious and political spectrum seriously undermines the ability of anti-American radicals to recruit young, impressionable Muslims by falsely claiming that America persecutes Muslims for their faith. These efforts by radicals at distortion endanger our national security and the personal security of Americans worldwide. This is why Americans must not back away from completion of this project. If we do, we cede the discourse and, essentially, our future to radicals on both sides. The paradigm of a clash between the West and the Muslim world will continue, as it has in recent decades at terrible cost. It is a paradigm we must shift.&#8220;<\/em><\/p>\n<p>Ich wiederhole meine Frage: Spricht so der Feind?<\/p>\n<p>Anders gefragt: Wer ist hier der Freiheitsk\u00e4mpfer? Der blondm\u00e4hnige Volkstribun aus Limburg oder dieser Imam?<\/p>\n","protected":false},"excerpt":{"rendered":"<p>Der New Yorker Imam Rauf hat sich nun nach Wochen zu Wort gemeldet und das Projekt seines &#8222;Community Centers&#8220; (i.e. &#8222;Ground Zero Moschee&#8220;) verteidigt. Er war, wie bekannt, im Auftrag des State Department unterwegs, um Amerika im Nahen Osten zu bewerben. In einem Kommentar f\u00fcr die New York Times erkl\u00e4rt er, warum er nicht nachgeben [&hellip;]<\/p>\n","protected":false},"author":54,"featured_media":0,"comment_status":"open","ping_status":"closed","sticky":false,"template":"","format":"standard","meta":{"jetpack_post_was_ever_published":false,"footnotes":""},"categories":[157,125],"tags":[],"class_list":["post-4120","post","type-post","status-publish","format-standard","hentry","category-die-freunde-und-die-feinde-des-islams","category-usa"],"yoast_head":"<!-- This site is optimized with the Yoast SEO plugin v21.0 - https:\/\/yoast.com\/wordpress\/plugins\/seo\/ -->\n<title>Der Imam der &quot;Ground Zero Moschee&quot; spricht - J\u00f6rg Lau<\/title>\n<meta name=\"robots\" content=\"index, follow, max-snippet:-1, max-image-preview:large, max-video-preview:-1\" \/>\n<link rel=\"canonical\" href=\"https:\/\/blog.zeit.de\/joerglau\/2010\/09\/08\/der-imam-der-ground-zero-moschee-spricht_4120\" \/>\n<meta property=\"og:locale\" content=\"de_DE\" \/>\n<meta property=\"og:type\" content=\"article\" \/>\n<meta property=\"og:title\" content=\"Der Imam der &quot;Ground Zero Moschee&quot; spricht - J\u00f6rg Lau\" \/>\n<meta property=\"og:description\" content=\"Der New Yorker Imam Rauf hat sich nun nach Wochen zu Wort gemeldet und das Projekt seines &#8222;Community Centers&#8220; (i.e. &#8222;Ground Zero Moschee&#8220;) verteidigt. Er war, wie bekannt, im Auftrag des State Department unterwegs, um Amerika im Nahen Osten zu bewerben. In einem Kommentar f\u00fcr die New York Times erkl\u00e4rt er, warum er nicht nachgeben [&hellip;]\" \/>\n<meta property=\"og:url\" content=\"https:\/\/blog.zeit.de\/joerglau\/2010\/09\/08\/der-imam-der-ground-zero-moschee-spricht_4120\" \/>\n<meta property=\"og:site_name\" content=\"J\u00f6rg Lau\" \/>\n<meta property=\"article:published_time\" content=\"2010-09-08T06:50:27+00:00\" \/>\n<meta name=\"author\" content=\"J\u00f6rg Lau\" \/>\n<meta name=\"twitter:card\" content=\"summary_large_image\" \/>\n<meta name=\"twitter:label1\" content=\"Geschrieben von\" \/>\n\t<meta name=\"twitter:data1\" content=\"J\u00f6rg Lau\" \/>\n\t<meta name=\"twitter:label2\" content=\"Gesch\u00e4tzte Lesezeit\" \/>\n\t<meta name=\"twitter:data2\" content=\"2\u00a0Minuten\" \/>\n<script type=\"application\/ld+json\" class=\"yoast-schema-graph\">{\"@context\":\"https:\/\/schema.org\",\"@graph\":[{\"@type\":\"WebPage\",\"@id\":\"https:\/\/blog.zeit.de\/joerglau\/2010\/09\/08\/der-imam-der-ground-zero-moschee-spricht_4120\",\"url\":\"https:\/\/blog.zeit.de\/joerglau\/2010\/09\/08\/der-imam-der-ground-zero-moschee-spricht_4120\",\"name\":\"Der Imam der \\\"Ground Zero Moschee\\\" spricht - J\u00f6rg Lau\",\"isPartOf\":{\"@id\":\"https:\/\/blog.zeit.de\/joerglau\/#website\"},\"datePublished\":\"2010-09-08T06:50:27+00:00\",\"dateModified\":\"2010-09-08T06:50:27+00:00\",\"author\":{\"@id\":\"https:\/\/blog.zeit.de\/joerglau\/#\/schema\/person\/55f0be9bfac24815791fbc852b042f57\"},\"breadcrumb\":{\"@id\":\"https:\/\/blog.zeit.de\/joerglau\/2010\/09\/08\/der-imam-der-ground-zero-moschee-spricht_4120#breadcrumb\"},\"inLanguage\":\"de\",\"potentialAction\":[{\"@type\":\"ReadAction\",\"target\":[\"https:\/\/blog.zeit.de\/joerglau\/2010\/09\/08\/der-imam-der-ground-zero-moschee-spricht_4120\"]}]},{\"@type\":\"BreadcrumbList\",\"@id\":\"https:\/\/blog.zeit.de\/joerglau\/2010\/09\/08\/der-imam-der-ground-zero-moschee-spricht_4120#breadcrumb\",\"itemListElement\":[{\"@type\":\"ListItem\",\"position\":1,\"name\":\"Startseite\",\"item\":\"https:\/\/blog.zeit.de\/joerglau\"},{\"@type\":\"ListItem\",\"position\":2,\"name\":\"Der Imam der &#8222;Ground Zero Moschee&#8220; spricht\"}]},{\"@type\":\"WebSite\",\"@id\":\"https:\/\/blog.zeit.de\/joerglau\/#website\",\"url\":\"https:\/\/blog.zeit.de\/joerglau\/\",\"name\":\"J\u00f6rg Lau\",\"description\":\"Ein Blog \u00fcber Religion und Politik\",\"potentialAction\":[{\"@type\":\"SearchAction\",\"target\":{\"@type\":\"EntryPoint\",\"urlTemplate\":\"https:\/\/blog.zeit.de\/joerglau\/?s={search_term_string}\"},\"query-input\":\"required name=search_term_string\"}],\"inLanguage\":\"de\"},{\"@type\":\"Person\",\"@id\":\"https:\/\/blog.zeit.de\/joerglau\/#\/schema\/person\/55f0be9bfac24815791fbc852b042f57\",\"name\":\"J\u00f6rg Lau\",\"image\":{\"@type\":\"ImageObject\",\"inLanguage\":\"de\",\"@id\":\"https:\/\/blog.zeit.de\/joerglau\/#\/schema\/person\/image\/\",\"url\":\"https:\/\/secure.gravatar.com\/avatar\/a5fe39bf4f5335b8bac36eefa0b41467221b1598bfea5f05159a0199e391eed0?s=96&d=mm&r=g\",\"contentUrl\":\"https:\/\/secure.gravatar.com\/avatar\/a5fe39bf4f5335b8bac36eefa0b41467221b1598bfea5f05159a0199e391eed0?s=96&d=mm&r=g\",\"caption\":\"J\u00f6rg Lau\"},\"url\":\"https:\/\/blog.zeit.de\/joerglau\/author\/joerg-lau\"}]}<\/script>\n<!-- \/ Yoast SEO plugin. -->","yoast_head_json":{"title":"Der Imam der \"Ground Zero Moschee\" spricht - J\u00f6rg Lau","robots":{"index":"index","follow":"follow","max-snippet":"max-snippet:-1","max-image-preview":"max-image-preview:large","max-video-preview":"max-video-preview:-1"},"canonical":"https:\/\/blog.zeit.de\/joerglau\/2010\/09\/08\/der-imam-der-ground-zero-moschee-spricht_4120","og_locale":"de_DE","og_type":"article","og_title":"Der Imam der \"Ground Zero Moschee\" spricht - J\u00f6rg Lau","og_description":"Der New Yorker Imam Rauf hat sich nun nach Wochen zu Wort gemeldet und das Projekt seines &#8222;Community Centers&#8220; (i.e. &#8222;Ground Zero Moschee&#8220;) verteidigt. Er war, wie bekannt, im Auftrag des State Department unterwegs, um Amerika im Nahen Osten zu bewerben. In einem Kommentar f\u00fcr die New York Times erkl\u00e4rt er, warum er nicht nachgeben [&hellip;]","og_url":"https:\/\/blog.zeit.de\/joerglau\/2010\/09\/08\/der-imam-der-ground-zero-moschee-spricht_4120","og_site_name":"J\u00f6rg Lau","article_published_time":"2010-09-08T06:50:27+00:00","author":"J\u00f6rg Lau","twitter_card":"summary_large_image","twitter_misc":{"Geschrieben von":"J\u00f6rg Lau","Gesch\u00e4tzte Lesezeit":"2\u00a0Minuten"},"schema":{"@context":"https:\/\/schema.org","@graph":[{"@type":"WebPage","@id":"https:\/\/blog.zeit.de\/joerglau\/2010\/09\/08\/der-imam-der-ground-zero-moschee-spricht_4120","url":"https:\/\/blog.zeit.de\/joerglau\/2010\/09\/08\/der-imam-der-ground-zero-moschee-spricht_4120","name":"Der Imam der \"Ground Zero Moschee\" spricht - J\u00f6rg Lau","isPartOf":{"@id":"https:\/\/blog.zeit.de\/joerglau\/#website"},"datePublished":"2010-09-08T06:50:27+00:00","dateModified":"2010-09-08T06:50:27+00:00","author":{"@id":"https:\/\/blog.zeit.de\/joerglau\/#\/schema\/person\/55f0be9bfac24815791fbc852b042f57"},"breadcrumb":{"@id":"https:\/\/blog.zeit.de\/joerglau\/2010\/09\/08\/der-imam-der-ground-zero-moschee-spricht_4120#breadcrumb"},"inLanguage":"de","potentialAction":[{"@type":"ReadAction","target":["https:\/\/blog.zeit.de\/joerglau\/2010\/09\/08\/der-imam-der-ground-zero-moschee-spricht_4120"]}]},{"@type":"BreadcrumbList","@id":"https:\/\/blog.zeit.de\/joerglau\/2010\/09\/08\/der-imam-der-ground-zero-moschee-spricht_4120#breadcrumb","itemListElement":[{"@type":"ListItem","position":1,"name":"Startseite","item":"https:\/\/blog.zeit.de\/joerglau"},{"@type":"ListItem","position":2,"name":"Der Imam der &#8222;Ground Zero Moschee&#8220; spricht"}]},{"@type":"WebSite","@id":"https:\/\/blog.zeit.de\/joerglau\/#website","url":"https:\/\/blog.zeit.de\/joerglau\/","name":"J\u00f6rg Lau","description":"Ein Blog \u00fcber Religion und Politik","potentialAction":[{"@type":"SearchAction","target":{"@type":"EntryPoint","urlTemplate":"https:\/\/blog.zeit.de\/joerglau\/?s={search_term_string}"},"query-input":"required name=search_term_string"}],"inLanguage":"de"},{"@type":"Person","@id":"https:\/\/blog.zeit.de\/joerglau\/#\/schema\/person\/55f0be9bfac24815791fbc852b042f57","name":"J\u00f6rg Lau","image":{"@type":"ImageObject","inLanguage":"de","@id":"https:\/\/blog.zeit.de\/joerglau\/#\/schema\/person\/image\/","url":"https:\/\/secure.gravatar.com\/avatar\/a5fe39bf4f5335b8bac36eefa0b41467221b1598bfea5f05159a0199e391eed0?s=96&d=mm&r=g","contentUrl":"https:\/\/secure.gravatar.com\/avatar\/a5fe39bf4f5335b8bac36eefa0b41467221b1598bfea5f05159a0199e391eed0?s=96&d=mm&r=g","caption":"J\u00f6rg Lau"},"url":"https:\/\/blog.zeit.de\/joerglau\/author\/joerg-lau"}]}},"jetpack_featured_media_url":"","jetpack_sharing_enabled":true,"jetpack_shortlink":"https:\/\/wp.me\/pG02W-14s","_links":{"self":[{"href":"https:\/\/blog.zeit.de\/joerglau\/wp-json\/wp\/v2\/posts\/4120","targetHints":{"allow":["GET"]}}],"collection":[{"href":"https:\/\/blog.zeit.de\/joerglau\/wp-json\/wp\/v2\/posts"}],"about":[{"href":"https:\/\/blog.zeit.de\/joerglau\/wp-json\/wp\/v2\/types\/post"}],"author":[{"embeddable":true,"href":"https:\/\/blog.zeit.de\/joerglau\/wp-json\/wp\/v2\/users\/54"}],"replies":[{"embeddable":true,"href":"https:\/\/blog.zeit.de\/joerglau\/wp-json\/wp\/v2\/comments?post=4120"}],"version-history":[{"count":0,"href":"https:\/\/blog.zeit.de\/joerglau\/wp-json\/wp\/v2\/posts\/4120\/revisions"}],"wp:attachment":[{"href":"https:\/\/blog.zeit.de\/joerglau\/wp-json\/wp\/v2\/media?parent=4120"}],"wp:term":[{"taxonomy":"category","embeddable":true,"href":"https:\/\/blog.zeit.de\/joerglau\/wp-json\/wp\/v2\/categories?post=4120"},{"taxonomy":"post_tag","embeddable":true,"href":"https:\/\/blog.zeit.de\/joerglau\/wp-json\/wp\/v2\/tags?post=4120"}],"curies":[{"name":"wp","href":"https:\/\/api.w.org\/{rel}","templated":true}]}}