{"id":4135,"date":"2010-09-11T16:10:48","date_gmt":"2010-09-11T14:10:48","guid":{"rendered":"http:\/\/blog.zeit.de\/joerglau\/?p=4135"},"modified":"2010-09-11T16:10:48","modified_gmt":"2010-09-11T14:10:48","slug":"wird-amerika-islamfeindlich","status":"publish","type":"post","link":"https:\/\/blog.zeit.de\/joerglau\/2010\/09\/11\/wird-amerika-islamfeindlich_4135","title":{"rendered":"Wird Amerika islamfeindlich?"},"content":{"rendered":"<p><em>Ich habe zusammen mit unserem Washington-Korrespundenten Martin Klingst eine Seite 3 \u00fcber den New Yorker Moscheenstreit zu 9\/11 geschrieben. Der Text aus der aktuellen Ausgabe der Zeit ist jetzt auch online zu lesen:<br \/>\n<\/em><\/p>\n<p><em>Kulturkampf um Moscheebauten \u2013 das war bisher eine europ\u00e4ische Eigenheit, auf die Amerikaner irritiert schau<\/em>ten. Doch jetzt, beinahe ein Jahrzehnt nach den Anschl\u00e4gen, scheint pl\u00f6tzlich nichts mehr gewiss in Amerikas Beziehung zu den Muslimen im eigenen Land.<\/p>\n<p>Im Verh\u00e4ltnis des Westens zum Islam gibt es ein transatlantisches Paradox: Europa mag in der islamischen Welt beliebter sein als Amerika. Doch bei der Integration seiner Muslime hat es viel gr\u00f6\u00dfere Probleme als die USA. Amerika hingegen, durch zwei blutige Kriege in der islamischen Welt au\u00dfenpolitisch diskreditiert, re\u00fcssierte dennoch bei der Integration islamischer Einwanderer. Man k\u00e4mpfte zwar gegen militante Islamisten in \u00dcbersee, doch zu Hause schaute man streng auf die Trennung zwischen Islam und Islamismus. George W. Bush hatte nach dem 11. September 2001 nichts Eiligeres zu tun, als eine Moschee aufzusuchen und zu erkl\u00e4ren, der Islam sei \u00bbeine Religion des Friedens\u00ab. Die Republikanische Partei achtete, solange sie regierte, auf die Differenz von Religion und terroristischer Ideologie. Vorbei. Im Moscheestreit von Manhattan werden die Grenzen verwischt. Mit voller Absicht&#8230;<\/p>\n<p>Mehr <a href=\"http:\/\/www.zeit.de\/2010\/37\/Moschee-Ground-Zero\">hier<\/a>.<\/p>\n","protected":false},"excerpt":{"rendered":"<p>Ich habe zusammen mit unserem Washington-Korrespundenten Martin Klingst eine Seite 3 \u00fcber den New Yorker Moscheenstreit zu 9\/11 geschrieben. Der Text aus der aktuellen Ausgabe der Zeit ist jetzt auch online zu lesen: Kulturkampf um Moscheebauten \u2013 das war bisher eine europ\u00e4ische Eigenheit, auf die Amerikaner irritiert schauten. Doch jetzt, beinahe ein Jahrzehnt nach den [&hellip;]<\/p>\n","protected":false},"author":54,"featured_media":0,"comment_status":"open","ping_status":"closed","sticky":false,"template":"","format":"standard","meta":{"jetpack_post_was_ever_published":false,"footnotes":""},"categories":[157,125],"tags":[],"class_list":["post-4135","post","type-post","status-publish","format-standard","hentry","category-die-freunde-und-die-feinde-des-islams","category-usa"],"yoast_head":"<!-- This site is optimized with the Yoast SEO plugin v21.0 - https:\/\/yoast.com\/wordpress\/plugins\/seo\/ -->\n<title>Wird Amerika islamfeindlich? - J\u00f6rg Lau<\/title>\n<meta name=\"robots\" content=\"index, follow, max-snippet:-1, max-image-preview:large, max-video-preview:-1\" \/>\n<link rel=\"canonical\" href=\"https:\/\/blog.zeit.de\/joerglau\/2010\/09\/11\/wird-amerika-islamfeindlich_4135\" \/>\n<meta property=\"og:locale\" content=\"de_DE\" \/>\n<meta property=\"og:type\" content=\"article\" \/>\n<meta property=\"og:title\" content=\"Wird Amerika islamfeindlich? - J\u00f6rg Lau\" \/>\n<meta property=\"og:description\" content=\"Ich habe zusammen mit unserem Washington-Korrespundenten Martin Klingst eine Seite 3 \u00fcber den New Yorker Moscheenstreit zu 9\/11 geschrieben. Der Text aus der aktuellen Ausgabe der Zeit ist jetzt auch online zu lesen: Kulturkampf um Moscheebauten \u2013 das war bisher eine europ\u00e4ische Eigenheit, auf die Amerikaner irritiert schauten. Doch jetzt, beinahe ein Jahrzehnt nach den [&hellip;]\" \/>\n<meta property=\"og:url\" content=\"https:\/\/blog.zeit.de\/joerglau\/2010\/09\/11\/wird-amerika-islamfeindlich_4135\" \/>\n<meta property=\"og:site_name\" content=\"J\u00f6rg Lau\" \/>\n<meta property=\"article:published_time\" content=\"2010-09-11T14:10:48+00:00\" \/>\n<meta name=\"author\" content=\"J\u00f6rg Lau\" \/>\n<meta name=\"twitter:card\" content=\"summary_large_image\" \/>\n<meta name=\"twitter:label1\" content=\"Geschrieben von\" \/>\n\t<meta name=\"twitter:data1\" content=\"J\u00f6rg Lau\" \/>\n\t<meta name=\"twitter:label2\" content=\"Gesch\u00e4tzte Lesezeit\" \/>\n\t<meta name=\"twitter:data2\" content=\"1\u00a0Minute\" \/>\n<script type=\"application\/ld+json\" class=\"yoast-schema-graph\">{\"@context\":\"https:\/\/schema.org\",\"@graph\":[{\"@type\":\"WebPage\",\"@id\":\"https:\/\/blog.zeit.de\/joerglau\/2010\/09\/11\/wird-amerika-islamfeindlich_4135\",\"url\":\"https:\/\/blog.zeit.de\/joerglau\/2010\/09\/11\/wird-amerika-islamfeindlich_4135\",\"name\":\"Wird Amerika islamfeindlich? - J\u00f6rg Lau\",\"isPartOf\":{\"@id\":\"https:\/\/blog.zeit.de\/joerglau\/#website\"},\"datePublished\":\"2010-09-11T14:10:48+00:00\",\"dateModified\":\"2010-09-11T14:10:48+00:00\",\"author\":{\"@id\":\"https:\/\/blog.zeit.de\/joerglau\/#\/schema\/person\/55f0be9bfac24815791fbc852b042f57\"},\"breadcrumb\":{\"@id\":\"https:\/\/blog.zeit.de\/joerglau\/2010\/09\/11\/wird-amerika-islamfeindlich_4135#breadcrumb\"},\"inLanguage\":\"de\",\"potentialAction\":[{\"@type\":\"ReadAction\",\"target\":[\"https:\/\/blog.zeit.de\/joerglau\/2010\/09\/11\/wird-amerika-islamfeindlich_4135\"]}]},{\"@type\":\"BreadcrumbList\",\"@id\":\"https:\/\/blog.zeit.de\/joerglau\/2010\/09\/11\/wird-amerika-islamfeindlich_4135#breadcrumb\",\"itemListElement\":[{\"@type\":\"ListItem\",\"position\":1,\"name\":\"Startseite\",\"item\":\"https:\/\/blog.zeit.de\/joerglau\"},{\"@type\":\"ListItem\",\"position\":2,\"name\":\"Wird Amerika islamfeindlich?\"}]},{\"@type\":\"WebSite\",\"@id\":\"https:\/\/blog.zeit.de\/joerglau\/#website\",\"url\":\"https:\/\/blog.zeit.de\/joerglau\/\",\"name\":\"J\u00f6rg Lau\",\"description\":\"Ein Blog \u00fcber Religion und Politik\",\"potentialAction\":[{\"@type\":\"SearchAction\",\"target\":{\"@type\":\"EntryPoint\",\"urlTemplate\":\"https:\/\/blog.zeit.de\/joerglau\/?s={search_term_string}\"},\"query-input\":\"required name=search_term_string\"}],\"inLanguage\":\"de\"},{\"@type\":\"Person\",\"@id\":\"https:\/\/blog.zeit.de\/joerglau\/#\/schema\/person\/55f0be9bfac24815791fbc852b042f57\",\"name\":\"J\u00f6rg Lau\",\"image\":{\"@type\":\"ImageObject\",\"inLanguage\":\"de\",\"@id\":\"https:\/\/blog.zeit.de\/joerglau\/#\/schema\/person\/image\/\",\"url\":\"https:\/\/secure.gravatar.com\/avatar\/a5fe39bf4f5335b8bac36eefa0b41467221b1598bfea5f05159a0199e391eed0?s=96&d=mm&r=g\",\"contentUrl\":\"https:\/\/secure.gravatar.com\/avatar\/a5fe39bf4f5335b8bac36eefa0b41467221b1598bfea5f05159a0199e391eed0?s=96&d=mm&r=g\",\"caption\":\"J\u00f6rg Lau\"},\"url\":\"https:\/\/blog.zeit.de\/joerglau\/author\/joerg-lau\"}]}<\/script>\n<!-- \/ Yoast SEO plugin. -->","yoast_head_json":{"title":"Wird Amerika islamfeindlich? - J\u00f6rg Lau","robots":{"index":"index","follow":"follow","max-snippet":"max-snippet:-1","max-image-preview":"max-image-preview:large","max-video-preview":"max-video-preview:-1"},"canonical":"https:\/\/blog.zeit.de\/joerglau\/2010\/09\/11\/wird-amerika-islamfeindlich_4135","og_locale":"de_DE","og_type":"article","og_title":"Wird Amerika islamfeindlich? - J\u00f6rg Lau","og_description":"Ich habe zusammen mit unserem Washington-Korrespundenten Martin Klingst eine Seite 3 \u00fcber den New Yorker Moscheenstreit zu 9\/11 geschrieben. Der Text aus der aktuellen Ausgabe der Zeit ist jetzt auch online zu lesen: Kulturkampf um Moscheebauten \u2013 das war bisher eine europ\u00e4ische Eigenheit, auf die Amerikaner irritiert schauten. Doch jetzt, beinahe ein Jahrzehnt nach den [&hellip;]","og_url":"https:\/\/blog.zeit.de\/joerglau\/2010\/09\/11\/wird-amerika-islamfeindlich_4135","og_site_name":"J\u00f6rg Lau","article_published_time":"2010-09-11T14:10:48+00:00","author":"J\u00f6rg Lau","twitter_card":"summary_large_image","twitter_misc":{"Geschrieben von":"J\u00f6rg Lau","Gesch\u00e4tzte Lesezeit":"1\u00a0Minute"},"schema":{"@context":"https:\/\/schema.org","@graph":[{"@type":"WebPage","@id":"https:\/\/blog.zeit.de\/joerglau\/2010\/09\/11\/wird-amerika-islamfeindlich_4135","url":"https:\/\/blog.zeit.de\/joerglau\/2010\/09\/11\/wird-amerika-islamfeindlich_4135","name":"Wird Amerika islamfeindlich? - J\u00f6rg Lau","isPartOf":{"@id":"https:\/\/blog.zeit.de\/joerglau\/#website"},"datePublished":"2010-09-11T14:10:48+00:00","dateModified":"2010-09-11T14:10:48+00:00","author":{"@id":"https:\/\/blog.zeit.de\/joerglau\/#\/schema\/person\/55f0be9bfac24815791fbc852b042f57"},"breadcrumb":{"@id":"https:\/\/blog.zeit.de\/joerglau\/2010\/09\/11\/wird-amerika-islamfeindlich_4135#breadcrumb"},"inLanguage":"de","potentialAction":[{"@type":"ReadAction","target":["https:\/\/blog.zeit.de\/joerglau\/2010\/09\/11\/wird-amerika-islamfeindlich_4135"]}]},{"@type":"BreadcrumbList","@id":"https:\/\/blog.zeit.de\/joerglau\/2010\/09\/11\/wird-amerika-islamfeindlich_4135#breadcrumb","itemListElement":[{"@type":"ListItem","position":1,"name":"Startseite","item":"https:\/\/blog.zeit.de\/joerglau"},{"@type":"ListItem","position":2,"name":"Wird Amerika islamfeindlich?"}]},{"@type":"WebSite","@id":"https:\/\/blog.zeit.de\/joerglau\/#website","url":"https:\/\/blog.zeit.de\/joerglau\/","name":"J\u00f6rg Lau","description":"Ein Blog \u00fcber Religion und Politik","potentialAction":[{"@type":"SearchAction","target":{"@type":"EntryPoint","urlTemplate":"https:\/\/blog.zeit.de\/joerglau\/?s={search_term_string}"},"query-input":"required name=search_term_string"}],"inLanguage":"de"},{"@type":"Person","@id":"https:\/\/blog.zeit.de\/joerglau\/#\/schema\/person\/55f0be9bfac24815791fbc852b042f57","name":"J\u00f6rg Lau","image":{"@type":"ImageObject","inLanguage":"de","@id":"https:\/\/blog.zeit.de\/joerglau\/#\/schema\/person\/image\/","url":"https:\/\/secure.gravatar.com\/avatar\/a5fe39bf4f5335b8bac36eefa0b41467221b1598bfea5f05159a0199e391eed0?s=96&d=mm&r=g","contentUrl":"https:\/\/secure.gravatar.com\/avatar\/a5fe39bf4f5335b8bac36eefa0b41467221b1598bfea5f05159a0199e391eed0?s=96&d=mm&r=g","caption":"J\u00f6rg Lau"},"url":"https:\/\/blog.zeit.de\/joerglau\/author\/joerg-lau"}]}},"jetpack_featured_media_url":"","jetpack_sharing_enabled":true,"jetpack_shortlink":"https:\/\/wp.me\/pG02W-14H","_links":{"self":[{"href":"https:\/\/blog.zeit.de\/joerglau\/wp-json\/wp\/v2\/posts\/4135","targetHints":{"allow":["GET"]}}],"collection":[{"href":"https:\/\/blog.zeit.de\/joerglau\/wp-json\/wp\/v2\/posts"}],"about":[{"href":"https:\/\/blog.zeit.de\/joerglau\/wp-json\/wp\/v2\/types\/post"}],"author":[{"embeddable":true,"href":"https:\/\/blog.zeit.de\/joerglau\/wp-json\/wp\/v2\/users\/54"}],"replies":[{"embeddable":true,"href":"https:\/\/blog.zeit.de\/joerglau\/wp-json\/wp\/v2\/comments?post=4135"}],"version-history":[{"count":0,"href":"https:\/\/blog.zeit.de\/joerglau\/wp-json\/wp\/v2\/posts\/4135\/revisions"}],"wp:attachment":[{"href":"https:\/\/blog.zeit.de\/joerglau\/wp-json\/wp\/v2\/media?parent=4135"}],"wp:term":[{"taxonomy":"category","embeddable":true,"href":"https:\/\/blog.zeit.de\/joerglau\/wp-json\/wp\/v2\/categories?post=4135"},{"taxonomy":"post_tag","embeddable":true,"href":"https:\/\/blog.zeit.de\/joerglau\/wp-json\/wp\/v2\/tags?post=4135"}],"curies":[{"name":"wp","href":"https:\/\/api.w.org\/{rel}","templated":true}]}}