{"id":4155,"date":"2010-09-20T16:50:16","date_gmt":"2010-09-20T14:50:16","guid":{"rendered":"http:\/\/blog.zeit.de\/joerglau\/?p=4155"},"modified":"2010-09-20T16:50:16","modified_gmt":"2010-09-20T14:50:16","slug":"antimuslimismus","status":"publish","type":"post","link":"https:\/\/blog.zeit.de\/joerglau\/2010\/09\/20\/antimuslimismus_4155","title":{"rendered":"Antimuslimismus?"},"content":{"rendered":"<p>Habe ich&#8217;s nicht <a href=\"https:\/\/blog.zeit.de\/joerglau\/2008\/05\/29\/warum-der-begriff-islamophobie-nichts-taugt-obwohl-es-eine-arge-islamfeindlichkeit-gibt-und-warum-es-in-diesem-blog-doch-weitergeht_1185\">gesagt<\/a>? Der Begriff der &#8222;Islamophobie&#8220; taugt nichts, obwohl es eine arge und steigende Islamfeindlichkeit gibt. Nicht nur hierzulande, sondern in weiten Teilen der westlichen Welt (Willkommen im Club, <a href=\"http:\/\/expo.se\/2010\/48_3363.html\">Schweden<\/a>!)<\/p>\n<p>Armin Pfahl-Traugber macht in der <a href=\"https:\/\/blog.zeit.de\/joerglau\/2008\/05\/29\/warum-der-begriff-islamophobie-nichts-taugt-obwohl-es-eine-arge-islamfeindlichkeit-gibt-und-warum-es-in-diesem-blog-doch-weitergeht_1185\">taz<\/a> eine \u00e4hnliche Unterschiedung wie ich damals in meinem Text:<\/p>\n<p><em>Mit einer Ablehnung des Islam muss sich nicht automatisch eine Ablehnung von Muslimen verbinden. Dies zeigen sogar die Daten der GMF-Studie selbst: W\u00e4hrend zwar eine Mehrheit von 65,9 Prozent im Jahre 2003 der Aussage widersprachen: &#8222;Die muslimische Kultur passt durchaus in unsere westliche Welt&#8220;, wiesen 65,6 Prozent zugleich die Aussage: &#8222;Bei Personen muslimischen Glaubens bin ich misstrauischer&#8220;, weit von sich.<\/em><\/p>\n<p><em>Auch andere empirische Studien zeigen, dass es zwar eine deutliche Zunahme von Kritik und Ressentiments gegen den Islam gibt. Das geht aber nicht automatisch mit einer wachsenden Feindseligkeit gegen Muslime einher. Sowohl empirische wie theoretische Argumente sprechen daher dagegen, pauschal von &#8222;Islamophobie&#8220; zu reden.<\/em><\/p>\n<p><em>Besser sollte man vielleicht von &#8222;Antimuslimismus&#8220; oder &#8222;Muslimenfeindschaft&#8220; sprechen. Diese beiden synonymen Begriffe zielen auf die Feindseligkeit gegen\u00fcber Muslimen als Muslime ab. Es handelt sich hier nicht um einen blo\u00dfen Streit um Worte, die Bezeichnungen stehen vielmehr f\u00fcr unterschiedliche Inhalte. Wenn von &#8222;Antimuslimismus&#8220; die Rede ist, dann ist jedenfalls klar, dass es dabei nicht um die Kritik an der muslimischen Religion geht, wie immer rational und begr\u00fcndet diese auch sein mag.<\/em><\/p>\n<p>Allerdings muss ich nahc den letzten Wochen sagen: <em>Ich hoffe sehr,<\/em> dass das noch stimmt, dass es also eine Kritik an der Religion des Islam, ihren Traditionen und Werten gibt, die sich nicht automatisch in eine Muslimfeindlichkeit umsetzt. Zweifel und weitere Beobachtung dringend geboten.<\/p>\n","protected":false},"excerpt":{"rendered":"<p>Habe ich&#8217;s nicht gesagt? Der Begriff der &#8222;Islamophobie&#8220; taugt nichts, obwohl es eine arge und steigende Islamfeindlichkeit gibt. Nicht nur hierzulande, sondern in weiten Teilen der westlichen Welt (Willkommen im Club, Schweden!) Armin Pfahl-Traugber macht in der taz eine \u00e4hnliche Unterschiedung wie ich damals in meinem Text: Mit einer Ablehnung des Islam muss sich nicht [&hellip;]<\/p>\n","protected":false},"author":54,"featured_media":0,"comment_status":"open","ping_status":"closed","sticky":false,"template":"","format":"standard","meta":{"jetpack_post_was_ever_published":false,"footnotes":""},"categories":[155,157],"tags":[],"class_list":["post-4155","post","type-post","status-publish","format-standard","hentry","category-debatte","category-die-freunde-und-die-feinde-des-islams"],"yoast_head":"<!-- This site is optimized with the Yoast SEO plugin v21.0 - https:\/\/yoast.com\/wordpress\/plugins\/seo\/ -->\n<title>Antimuslimismus? - J\u00f6rg Lau<\/title>\n<meta name=\"robots\" content=\"index, follow, max-snippet:-1, max-image-preview:large, max-video-preview:-1\" \/>\n<link rel=\"canonical\" href=\"https:\/\/blog.zeit.de\/joerglau\/2010\/09\/20\/antimuslimismus_4155\" \/>\n<meta property=\"og:locale\" content=\"de_DE\" \/>\n<meta property=\"og:type\" content=\"article\" \/>\n<meta property=\"og:title\" content=\"Antimuslimismus? - J\u00f6rg Lau\" \/>\n<meta property=\"og:description\" content=\"Habe ich&#8217;s nicht gesagt? Der Begriff der &#8222;Islamophobie&#8220; taugt nichts, obwohl es eine arge und steigende Islamfeindlichkeit gibt. Nicht nur hierzulande, sondern in weiten Teilen der westlichen Welt (Willkommen im Club, Schweden!) Armin Pfahl-Traugber macht in der taz eine \u00e4hnliche Unterschiedung wie ich damals in meinem Text: Mit einer Ablehnung des Islam muss sich nicht [&hellip;]\" \/>\n<meta property=\"og:url\" content=\"https:\/\/blog.zeit.de\/joerglau\/2010\/09\/20\/antimuslimismus_4155\" \/>\n<meta property=\"og:site_name\" content=\"J\u00f6rg Lau\" \/>\n<meta property=\"article:published_time\" content=\"2010-09-20T14:50:16+00:00\" \/>\n<meta name=\"author\" content=\"J\u00f6rg Lau\" \/>\n<meta name=\"twitter:card\" content=\"summary_large_image\" \/>\n<meta name=\"twitter:label1\" content=\"Geschrieben von\" \/>\n\t<meta name=\"twitter:data1\" content=\"J\u00f6rg Lau\" \/>\n\t<meta name=\"twitter:label2\" content=\"Gesch\u00e4tzte Lesezeit\" \/>\n\t<meta name=\"twitter:data2\" content=\"1\u00a0Minute\" \/>\n<script type=\"application\/ld+json\" class=\"yoast-schema-graph\">{\"@context\":\"https:\/\/schema.org\",\"@graph\":[{\"@type\":\"WebPage\",\"@id\":\"https:\/\/blog.zeit.de\/joerglau\/2010\/09\/20\/antimuslimismus_4155\",\"url\":\"https:\/\/blog.zeit.de\/joerglau\/2010\/09\/20\/antimuslimismus_4155\",\"name\":\"Antimuslimismus? - J\u00f6rg Lau\",\"isPartOf\":{\"@id\":\"https:\/\/blog.zeit.de\/joerglau\/#website\"},\"datePublished\":\"2010-09-20T14:50:16+00:00\",\"dateModified\":\"2010-09-20T14:50:16+00:00\",\"author\":{\"@id\":\"https:\/\/blog.zeit.de\/joerglau\/#\/schema\/person\/55f0be9bfac24815791fbc852b042f57\"},\"breadcrumb\":{\"@id\":\"https:\/\/blog.zeit.de\/joerglau\/2010\/09\/20\/antimuslimismus_4155#breadcrumb\"},\"inLanguage\":\"de\",\"potentialAction\":[{\"@type\":\"ReadAction\",\"target\":[\"https:\/\/blog.zeit.de\/joerglau\/2010\/09\/20\/antimuslimismus_4155\"]}]},{\"@type\":\"BreadcrumbList\",\"@id\":\"https:\/\/blog.zeit.de\/joerglau\/2010\/09\/20\/antimuslimismus_4155#breadcrumb\",\"itemListElement\":[{\"@type\":\"ListItem\",\"position\":1,\"name\":\"Startseite\",\"item\":\"https:\/\/blog.zeit.de\/joerglau\"},{\"@type\":\"ListItem\",\"position\":2,\"name\":\"Antimuslimismus?\"}]},{\"@type\":\"WebSite\",\"@id\":\"https:\/\/blog.zeit.de\/joerglau\/#website\",\"url\":\"https:\/\/blog.zeit.de\/joerglau\/\",\"name\":\"J\u00f6rg Lau\",\"description\":\"Ein Blog \u00fcber Religion und Politik\",\"potentialAction\":[{\"@type\":\"SearchAction\",\"target\":{\"@type\":\"EntryPoint\",\"urlTemplate\":\"https:\/\/blog.zeit.de\/joerglau\/?s={search_term_string}\"},\"query-input\":\"required name=search_term_string\"}],\"inLanguage\":\"de\"},{\"@type\":\"Person\",\"@id\":\"https:\/\/blog.zeit.de\/joerglau\/#\/schema\/person\/55f0be9bfac24815791fbc852b042f57\",\"name\":\"J\u00f6rg Lau\",\"image\":{\"@type\":\"ImageObject\",\"inLanguage\":\"de\",\"@id\":\"https:\/\/blog.zeit.de\/joerglau\/#\/schema\/person\/image\/\",\"url\":\"https:\/\/secure.gravatar.com\/avatar\/a5fe39bf4f5335b8bac36eefa0b41467221b1598bfea5f05159a0199e391eed0?s=96&d=mm&r=g\",\"contentUrl\":\"https:\/\/secure.gravatar.com\/avatar\/a5fe39bf4f5335b8bac36eefa0b41467221b1598bfea5f05159a0199e391eed0?s=96&d=mm&r=g\",\"caption\":\"J\u00f6rg Lau\"},\"url\":\"https:\/\/blog.zeit.de\/joerglau\/author\/joerg-lau\"}]}<\/script>\n<!-- \/ Yoast SEO plugin. -->","yoast_head_json":{"title":"Antimuslimismus? - J\u00f6rg Lau","robots":{"index":"index","follow":"follow","max-snippet":"max-snippet:-1","max-image-preview":"max-image-preview:large","max-video-preview":"max-video-preview:-1"},"canonical":"https:\/\/blog.zeit.de\/joerglau\/2010\/09\/20\/antimuslimismus_4155","og_locale":"de_DE","og_type":"article","og_title":"Antimuslimismus? - J\u00f6rg Lau","og_description":"Habe ich&#8217;s nicht gesagt? Der Begriff der &#8222;Islamophobie&#8220; taugt nichts, obwohl es eine arge und steigende Islamfeindlichkeit gibt. Nicht nur hierzulande, sondern in weiten Teilen der westlichen Welt (Willkommen im Club, Schweden!) Armin Pfahl-Traugber macht in der taz eine \u00e4hnliche Unterschiedung wie ich damals in meinem Text: Mit einer Ablehnung des Islam muss sich nicht [&hellip;]","og_url":"https:\/\/blog.zeit.de\/joerglau\/2010\/09\/20\/antimuslimismus_4155","og_site_name":"J\u00f6rg Lau","article_published_time":"2010-09-20T14:50:16+00:00","author":"J\u00f6rg Lau","twitter_card":"summary_large_image","twitter_misc":{"Geschrieben von":"J\u00f6rg Lau","Gesch\u00e4tzte Lesezeit":"1\u00a0Minute"},"schema":{"@context":"https:\/\/schema.org","@graph":[{"@type":"WebPage","@id":"https:\/\/blog.zeit.de\/joerglau\/2010\/09\/20\/antimuslimismus_4155","url":"https:\/\/blog.zeit.de\/joerglau\/2010\/09\/20\/antimuslimismus_4155","name":"Antimuslimismus? - J\u00f6rg Lau","isPartOf":{"@id":"https:\/\/blog.zeit.de\/joerglau\/#website"},"datePublished":"2010-09-20T14:50:16+00:00","dateModified":"2010-09-20T14:50:16+00:00","author":{"@id":"https:\/\/blog.zeit.de\/joerglau\/#\/schema\/person\/55f0be9bfac24815791fbc852b042f57"},"breadcrumb":{"@id":"https:\/\/blog.zeit.de\/joerglau\/2010\/09\/20\/antimuslimismus_4155#breadcrumb"},"inLanguage":"de","potentialAction":[{"@type":"ReadAction","target":["https:\/\/blog.zeit.de\/joerglau\/2010\/09\/20\/antimuslimismus_4155"]}]},{"@type":"BreadcrumbList","@id":"https:\/\/blog.zeit.de\/joerglau\/2010\/09\/20\/antimuslimismus_4155#breadcrumb","itemListElement":[{"@type":"ListItem","position":1,"name":"Startseite","item":"https:\/\/blog.zeit.de\/joerglau"},{"@type":"ListItem","position":2,"name":"Antimuslimismus?"}]},{"@type":"WebSite","@id":"https:\/\/blog.zeit.de\/joerglau\/#website","url":"https:\/\/blog.zeit.de\/joerglau\/","name":"J\u00f6rg Lau","description":"Ein Blog \u00fcber Religion und Politik","potentialAction":[{"@type":"SearchAction","target":{"@type":"EntryPoint","urlTemplate":"https:\/\/blog.zeit.de\/joerglau\/?s={search_term_string}"},"query-input":"required name=search_term_string"}],"inLanguage":"de"},{"@type":"Person","@id":"https:\/\/blog.zeit.de\/joerglau\/#\/schema\/person\/55f0be9bfac24815791fbc852b042f57","name":"J\u00f6rg Lau","image":{"@type":"ImageObject","inLanguage":"de","@id":"https:\/\/blog.zeit.de\/joerglau\/#\/schema\/person\/image\/","url":"https:\/\/secure.gravatar.com\/avatar\/a5fe39bf4f5335b8bac36eefa0b41467221b1598bfea5f05159a0199e391eed0?s=96&d=mm&r=g","contentUrl":"https:\/\/secure.gravatar.com\/avatar\/a5fe39bf4f5335b8bac36eefa0b41467221b1598bfea5f05159a0199e391eed0?s=96&d=mm&r=g","caption":"J\u00f6rg Lau"},"url":"https:\/\/blog.zeit.de\/joerglau\/author\/joerg-lau"}]}},"jetpack_featured_media_url":"","jetpack_sharing_enabled":true,"jetpack_shortlink":"https:\/\/wp.me\/pG02W-151","_links":{"self":[{"href":"https:\/\/blog.zeit.de\/joerglau\/wp-json\/wp\/v2\/posts\/4155","targetHints":{"allow":["GET"]}}],"collection":[{"href":"https:\/\/blog.zeit.de\/joerglau\/wp-json\/wp\/v2\/posts"}],"about":[{"href":"https:\/\/blog.zeit.de\/joerglau\/wp-json\/wp\/v2\/types\/post"}],"author":[{"embeddable":true,"href":"https:\/\/blog.zeit.de\/joerglau\/wp-json\/wp\/v2\/users\/54"}],"replies":[{"embeddable":true,"href":"https:\/\/blog.zeit.de\/joerglau\/wp-json\/wp\/v2\/comments?post=4155"}],"version-history":[{"count":0,"href":"https:\/\/blog.zeit.de\/joerglau\/wp-json\/wp\/v2\/posts\/4155\/revisions"}],"wp:attachment":[{"href":"https:\/\/blog.zeit.de\/joerglau\/wp-json\/wp\/v2\/media?parent=4155"}],"wp:term":[{"taxonomy":"category","embeddable":true,"href":"https:\/\/blog.zeit.de\/joerglau\/wp-json\/wp\/v2\/categories?post=4155"},{"taxonomy":"post_tag","embeddable":true,"href":"https:\/\/blog.zeit.de\/joerglau\/wp-json\/wp\/v2\/tags?post=4155"}],"curies":[{"name":"wp","href":"https:\/\/api.w.org\/{rel}","templated":true}]}}