{"id":416,"date":"2007-04-16T12:42:29","date_gmt":"2007-04-16T10:42:29","guid":{"rendered":"http:\/\/blog.zeit.de\/joerglau\/2007\/04\/16\/agyptischer-blogger-warum-ich-weiter-fur-die-freiheit-kampfe_416"},"modified":"2007-04-16T12:42:29","modified_gmt":"2007-04-16T10:42:29","slug":"agyptischer-blogger-warum-ich-weiter-fur-die-freiheit-kampfe","status":"publish","type":"post","link":"https:\/\/blog.zeit.de\/joerglau\/2007\/04\/16\/agyptischer-blogger-warum-ich-weiter-fur-die-freiheit-kampfe_416","title":{"rendered":"\u00c4gyptischer Blogger: Warum ich weiter f\u00fcr die Freiheit k\u00e4mpfe"},"content":{"rendered":"<p>Der wegen Beleidigung des Islams (und des \u00e4gyptischen Pr\u00e4sidenten) zu vier Jahren haft verurteilte \u00e4gyptische Blogger Kareem Amer spricht in diesem Interview \u00fcber die Gr\u00fcnde f\u00fcr seine Verfolgung durch die Al-Azhar Universit\u00e4t.<br \/>\nEr sagt auch, dass er (&#8222;bis zum Ende&#8220;) weiter f\u00fcr die Meinungsfreiheit in \u00c4gypten eintreten wird.<br \/>\nKareem Amer hat die Praxis der Al-Azhar, m\u00e4nnliche und weibliche Studenten zu separieren, &#8222;Geschlechterapartheid&#8220; genannt.<br \/>\nEr hat die Kungelei der Universit\u00e4tsf\u00fchrung mit dem \u00e4gyptischen Regime angeprangert.<br \/>\nUnd er hat unerschrocken darauf beharrt, an der Universit\u00e4t frei denken und seine Meinung \u00e4ussern zu d\u00fcrfen.<br \/>\nDas hat der Universit\u00e4t gereicht, um ihn unsch\u00e4dlich machen zu wollen.<br \/>\nKareems Anw\u00e4ltin berichtet unterdessen, dass ihr Versuch, in Berufung zu gehen, <a href=\"http:\/\/www.ifex.org\/en\/content\/view\/full\/82524\/\">systematisch vereitelt wird<\/a>.<br \/>\nHier das INTERVIEW, das im letzten Sommer, bereits Monate vor der Verhaftung, aufgezeichnet wurde. Ein Dokument des Mutes und einer erstaunlichen intellektuellen Klarheit:<\/p>\n<p><objec! width=\"425\" height=\"350\"><param name=\"movie\" value=\"http:\/\/www.youtube.com\/v\/-H4008-uVjE\"><\/param><param name=\"wmode\" value=\"transparent\"><\/param><\/object><\/p>\n","protected":false},"excerpt":{"rendered":"<p>Der wegen Beleidigung des Islams (und des \u00e4gyptischen Pr\u00e4sidenten) zu vier Jahren haft verurteilte \u00e4gyptische Blogger Kareem Amer spricht in diesem Interview \u00fcber die Gr\u00fcnde f\u00fcr seine Verfolgung durch die Al-Azhar Universit\u00e4t. Er sagt auch, dass er (&#8222;bis zum Ende&#8220;) weiter f\u00fcr die Meinungsfreiheit in \u00c4gypten eintreten wird. Kareem Amer hat die Praxis der Al-Azhar, [&hellip;]<\/p>\n","protected":false},"author":54,"featured_media":0,"comment_status":"open","ping_status":"closed","sticky":false,"template":"","format":"standard","meta":{"jetpack_post_was_ever_published":false,"footnotes":""},"categories":[170],"tags":[],"class_list":["post-416","post","type-post","status-publish","format-standard","hentry","category-menschenrechte"],"yoast_head":"<!-- This site is optimized with the Yoast SEO plugin v21.0 - https:\/\/yoast.com\/wordpress\/plugins\/seo\/ -->\n<title>\u00c4gyptischer Blogger: Warum ich weiter f\u00fcr die Freiheit k\u00e4mpfe - J\u00f6rg Lau<\/title>\n<meta name=\"robots\" content=\"index, follow, max-snippet:-1, max-image-preview:large, max-video-preview:-1\" \/>\n<link rel=\"canonical\" href=\"https:\/\/blog.zeit.de\/joerglau\/2007\/04\/16\/agyptischer-blogger-warum-ich-weiter-fur-die-freiheit-kampfe_416\" \/>\n<meta property=\"og:locale\" content=\"de_DE\" \/>\n<meta property=\"og:type\" content=\"article\" \/>\n<meta property=\"og:title\" content=\"\u00c4gyptischer Blogger: Warum ich weiter f\u00fcr die Freiheit k\u00e4mpfe - J\u00f6rg Lau\" \/>\n<meta property=\"og:description\" content=\"Der wegen Beleidigung des Islams (und des \u00e4gyptischen Pr\u00e4sidenten) zu vier Jahren haft verurteilte \u00e4gyptische Blogger Kareem Amer spricht in diesem Interview \u00fcber die Gr\u00fcnde f\u00fcr seine Verfolgung durch die Al-Azhar Universit\u00e4t. Er sagt auch, dass er (&#8222;bis zum Ende&#8220;) weiter f\u00fcr die Meinungsfreiheit in \u00c4gypten eintreten wird. Kareem Amer hat die Praxis der Al-Azhar, [&hellip;]\" \/>\n<meta property=\"og:url\" content=\"https:\/\/blog.zeit.de\/joerglau\/2007\/04\/16\/agyptischer-blogger-warum-ich-weiter-fur-die-freiheit-kampfe_416\" \/>\n<meta property=\"og:site_name\" content=\"J\u00f6rg Lau\" \/>\n<meta property=\"article:published_time\" content=\"2007-04-16T10:42:29+00:00\" \/>\n<meta name=\"author\" content=\"J\u00f6rg Lau\" \/>\n<meta name=\"twitter:card\" content=\"summary_large_image\" \/>\n<meta name=\"twitter:label1\" content=\"Geschrieben von\" \/>\n\t<meta name=\"twitter:data1\" content=\"J\u00f6rg Lau\" \/>\n\t<meta name=\"twitter:label2\" content=\"Gesch\u00e4tzte Lesezeit\" \/>\n\t<meta name=\"twitter:data2\" content=\"1\u00a0Minute\" \/>\n<script type=\"application\/ld+json\" class=\"yoast-schema-graph\">{\"@context\":\"https:\/\/schema.org\",\"@graph\":[{\"@type\":\"WebPage\",\"@id\":\"https:\/\/blog.zeit.de\/joerglau\/2007\/04\/16\/agyptischer-blogger-warum-ich-weiter-fur-die-freiheit-kampfe_416\",\"url\":\"https:\/\/blog.zeit.de\/joerglau\/2007\/04\/16\/agyptischer-blogger-warum-ich-weiter-fur-die-freiheit-kampfe_416\",\"name\":\"\u00c4gyptischer Blogger: Warum ich weiter f\u00fcr die Freiheit k\u00e4mpfe - J\u00f6rg Lau\",\"isPartOf\":{\"@id\":\"https:\/\/blog.zeit.de\/joerglau\/#website\"},\"datePublished\":\"2007-04-16T10:42:29+00:00\",\"dateModified\":\"2007-04-16T10:42:29+00:00\",\"author\":{\"@id\":\"https:\/\/blog.zeit.de\/joerglau\/#\/schema\/person\/55f0be9bfac24815791fbc852b042f57\"},\"breadcrumb\":{\"@id\":\"https:\/\/blog.zeit.de\/joerglau\/2007\/04\/16\/agyptischer-blogger-warum-ich-weiter-fur-die-freiheit-kampfe_416#breadcrumb\"},\"inLanguage\":\"de\",\"potentialAction\":[{\"@type\":\"ReadAction\",\"target\":[\"https:\/\/blog.zeit.de\/joerglau\/2007\/04\/16\/agyptischer-blogger-warum-ich-weiter-fur-die-freiheit-kampfe_416\"]}]},{\"@type\":\"BreadcrumbList\",\"@id\":\"https:\/\/blog.zeit.de\/joerglau\/2007\/04\/16\/agyptischer-blogger-warum-ich-weiter-fur-die-freiheit-kampfe_416#breadcrumb\",\"itemListElement\":[{\"@type\":\"ListItem\",\"position\":1,\"name\":\"Startseite\",\"item\":\"https:\/\/blog.zeit.de\/joerglau\"},{\"@type\":\"ListItem\",\"position\":2,\"name\":\"\u00c4gyptischer Blogger: Warum ich weiter f\u00fcr die Freiheit k\u00e4mpfe\"}]},{\"@type\":\"WebSite\",\"@id\":\"https:\/\/blog.zeit.de\/joerglau\/#website\",\"url\":\"https:\/\/blog.zeit.de\/joerglau\/\",\"name\":\"J\u00f6rg Lau\",\"description\":\"Ein Blog \u00fcber Religion und Politik\",\"potentialAction\":[{\"@type\":\"SearchAction\",\"target\":{\"@type\":\"EntryPoint\",\"urlTemplate\":\"https:\/\/blog.zeit.de\/joerglau\/?s={search_term_string}\"},\"query-input\":\"required name=search_term_string\"}],\"inLanguage\":\"de\"},{\"@type\":\"Person\",\"@id\":\"https:\/\/blog.zeit.de\/joerglau\/#\/schema\/person\/55f0be9bfac24815791fbc852b042f57\",\"name\":\"J\u00f6rg Lau\",\"image\":{\"@type\":\"ImageObject\",\"inLanguage\":\"de\",\"@id\":\"https:\/\/blog.zeit.de\/joerglau\/#\/schema\/person\/image\/\",\"url\":\"https:\/\/secure.gravatar.com\/avatar\/a5fe39bf4f5335b8bac36eefa0b41467221b1598bfea5f05159a0199e391eed0?s=96&d=mm&r=g\",\"contentUrl\":\"https:\/\/secure.gravatar.com\/avatar\/a5fe39bf4f5335b8bac36eefa0b41467221b1598bfea5f05159a0199e391eed0?s=96&d=mm&r=g\",\"caption\":\"J\u00f6rg Lau\"},\"url\":\"https:\/\/blog.zeit.de\/joerglau\/author\/joerg-lau\"}]}<\/script>\n<!-- \/ Yoast SEO plugin. -->","yoast_head_json":{"title":"\u00c4gyptischer Blogger: Warum ich weiter f\u00fcr die Freiheit k\u00e4mpfe - J\u00f6rg Lau","robots":{"index":"index","follow":"follow","max-snippet":"max-snippet:-1","max-image-preview":"max-image-preview:large","max-video-preview":"max-video-preview:-1"},"canonical":"https:\/\/blog.zeit.de\/joerglau\/2007\/04\/16\/agyptischer-blogger-warum-ich-weiter-fur-die-freiheit-kampfe_416","og_locale":"de_DE","og_type":"article","og_title":"\u00c4gyptischer Blogger: Warum ich weiter f\u00fcr die Freiheit k\u00e4mpfe - J\u00f6rg Lau","og_description":"Der wegen Beleidigung des Islams (und des \u00e4gyptischen Pr\u00e4sidenten) zu vier Jahren haft verurteilte \u00e4gyptische Blogger Kareem Amer spricht in diesem Interview \u00fcber die Gr\u00fcnde f\u00fcr seine Verfolgung durch die Al-Azhar Universit\u00e4t. Er sagt auch, dass er (&#8222;bis zum Ende&#8220;) weiter f\u00fcr die Meinungsfreiheit in \u00c4gypten eintreten wird. Kareem Amer hat die Praxis der Al-Azhar, [&hellip;]","og_url":"https:\/\/blog.zeit.de\/joerglau\/2007\/04\/16\/agyptischer-blogger-warum-ich-weiter-fur-die-freiheit-kampfe_416","og_site_name":"J\u00f6rg Lau","article_published_time":"2007-04-16T10:42:29+00:00","author":"J\u00f6rg Lau","twitter_card":"summary_large_image","twitter_misc":{"Geschrieben von":"J\u00f6rg Lau","Gesch\u00e4tzte Lesezeit":"1\u00a0Minute"},"schema":{"@context":"https:\/\/schema.org","@graph":[{"@type":"WebPage","@id":"https:\/\/blog.zeit.de\/joerglau\/2007\/04\/16\/agyptischer-blogger-warum-ich-weiter-fur-die-freiheit-kampfe_416","url":"https:\/\/blog.zeit.de\/joerglau\/2007\/04\/16\/agyptischer-blogger-warum-ich-weiter-fur-die-freiheit-kampfe_416","name":"\u00c4gyptischer Blogger: Warum ich weiter f\u00fcr die Freiheit k\u00e4mpfe - J\u00f6rg Lau","isPartOf":{"@id":"https:\/\/blog.zeit.de\/joerglau\/#website"},"datePublished":"2007-04-16T10:42:29+00:00","dateModified":"2007-04-16T10:42:29+00:00","author":{"@id":"https:\/\/blog.zeit.de\/joerglau\/#\/schema\/person\/55f0be9bfac24815791fbc852b042f57"},"breadcrumb":{"@id":"https:\/\/blog.zeit.de\/joerglau\/2007\/04\/16\/agyptischer-blogger-warum-ich-weiter-fur-die-freiheit-kampfe_416#breadcrumb"},"inLanguage":"de","potentialAction":[{"@type":"ReadAction","target":["https:\/\/blog.zeit.de\/joerglau\/2007\/04\/16\/agyptischer-blogger-warum-ich-weiter-fur-die-freiheit-kampfe_416"]}]},{"@type":"BreadcrumbList","@id":"https:\/\/blog.zeit.de\/joerglau\/2007\/04\/16\/agyptischer-blogger-warum-ich-weiter-fur-die-freiheit-kampfe_416#breadcrumb","itemListElement":[{"@type":"ListItem","position":1,"name":"Startseite","item":"https:\/\/blog.zeit.de\/joerglau"},{"@type":"ListItem","position":2,"name":"\u00c4gyptischer Blogger: Warum ich weiter f\u00fcr die Freiheit k\u00e4mpfe"}]},{"@type":"WebSite","@id":"https:\/\/blog.zeit.de\/joerglau\/#website","url":"https:\/\/blog.zeit.de\/joerglau\/","name":"J\u00f6rg Lau","description":"Ein Blog \u00fcber Religion und Politik","potentialAction":[{"@type":"SearchAction","target":{"@type":"EntryPoint","urlTemplate":"https:\/\/blog.zeit.de\/joerglau\/?s={search_term_string}"},"query-input":"required name=search_term_string"}],"inLanguage":"de"},{"@type":"Person","@id":"https:\/\/blog.zeit.de\/joerglau\/#\/schema\/person\/55f0be9bfac24815791fbc852b042f57","name":"J\u00f6rg Lau","image":{"@type":"ImageObject","inLanguage":"de","@id":"https:\/\/blog.zeit.de\/joerglau\/#\/schema\/person\/image\/","url":"https:\/\/secure.gravatar.com\/avatar\/a5fe39bf4f5335b8bac36eefa0b41467221b1598bfea5f05159a0199e391eed0?s=96&d=mm&r=g","contentUrl":"https:\/\/secure.gravatar.com\/avatar\/a5fe39bf4f5335b8bac36eefa0b41467221b1598bfea5f05159a0199e391eed0?s=96&d=mm&r=g","caption":"J\u00f6rg Lau"},"url":"https:\/\/blog.zeit.de\/joerglau\/author\/joerg-lau"}]}},"jetpack_featured_media_url":"","jetpack_sharing_enabled":true,"jetpack_shortlink":"https:\/\/wp.me\/pG02W-6I","_links":{"self":[{"href":"https:\/\/blog.zeit.de\/joerglau\/wp-json\/wp\/v2\/posts\/416","targetHints":{"allow":["GET"]}}],"collection":[{"href":"https:\/\/blog.zeit.de\/joerglau\/wp-json\/wp\/v2\/posts"}],"about":[{"href":"https:\/\/blog.zeit.de\/joerglau\/wp-json\/wp\/v2\/types\/post"}],"author":[{"embeddable":true,"href":"https:\/\/blog.zeit.de\/joerglau\/wp-json\/wp\/v2\/users\/54"}],"replies":[{"embeddable":true,"href":"https:\/\/blog.zeit.de\/joerglau\/wp-json\/wp\/v2\/comments?post=416"}],"version-history":[{"count":0,"href":"https:\/\/blog.zeit.de\/joerglau\/wp-json\/wp\/v2\/posts\/416\/revisions"}],"wp:attachment":[{"href":"https:\/\/blog.zeit.de\/joerglau\/wp-json\/wp\/v2\/media?parent=416"}],"wp:term":[{"taxonomy":"category","embeddable":true,"href":"https:\/\/blog.zeit.de\/joerglau\/wp-json\/wp\/v2\/categories?post=416"},{"taxonomy":"post_tag","embeddable":true,"href":"https:\/\/blog.zeit.de\/joerglau\/wp-json\/wp\/v2\/tags?post=416"}],"curies":[{"name":"wp","href":"https:\/\/api.w.org\/{rel}","templated":true}]}}