{"id":4166,"date":"2010-09-23T12:06:27","date_gmt":"2010-09-23T10:06:27","guid":{"rendered":"http:\/\/blog.zeit.de\/joerglau\/?p=4166"},"modified":"2010-09-23T17:04:24","modified_gmt":"2010-09-23T15:04:24","slug":"populismus-aus-angst-vor-dem-volk","status":"publish","type":"post","link":"https:\/\/blog.zeit.de\/joerglau\/2010\/09\/23\/populismus-aus-angst-vor-dem-volk_4166","title":{"rendered":"Populismus aus Angst vor dem Volk"},"content":{"rendered":"<p>Ich kann die Angst riechen, hier im Berliner Regierungsviertel. Ihr bei\u00dfender Geruch str\u00f6mt aus Zeilen wie diesen, die Sigmar Gabriel vor wenigen Tagen <a href=\"http:\/\/www.spiegel.de\/politik\/deutschland\/0,1518,718233-2,00.html\">Spiegel Online<\/a> diktiert hat:<\/p>\n<p><em>&#8222;Wer auf Dauer\u00a0alle Integrationsangebote ablehnt, der kann ebenso wenig in\u00a0Deutschland bleiben wie vom Ausland bezahlte Hassprediger in\u00a0Moscheen.&#8220;<\/em><\/p>\n<p>Er hatte offenbar das Gef\u00fchl, nach Wochen der Kritik an Sarrazin auch mal zu beweisen, dass er kein Weichei ist, dass er auch mal was &#8222;gegen Ausl\u00e4nder&#8220; sagen kann. Dumme Spr\u00fccheklopferei als Antwort auf eine Debatte, die dem Vorsitzenden zu entgleiten droht? Denn bekanntermassen sind viele in der SPD der Meinung, dass Sarrazin &#8222;doch irgendwie Recht hat&#8220;, wenn er blo\u00df die Hobbygenetik weggelassen h\u00e4tte und es vielleicht ein bisschen netter gesagt h\u00e4tte. Sowas kommt unter anderem davon, wenn man jahrelang die Debatte \u00fcber Integration und Islam verpennt, liebe SPD.<\/p>\n<p>Jetzt aber nachholen zu wollen, indem man einerseits Sarrazin als &#8222;Herrenreiter&#8220; \u00a0und geistigen Erben der Eugenik \u00fcberf\u00fchrt, wie letzte Woche in der ZEIT geschehen, andererseits aber Spr\u00fcche klopft, die suggerieren, der Mann habe eben doch irgendwo Recht &#8211; das ist wirklich fatal.<\/p>\n<p>&#8222;Integrationsverweigerer&#8220; und &#8222;vom Ausland bezahlte Hassprediger&#8220; in einen Satz zu mischen, hei\u00dft das Gesch\u00e4ft derjenigen zu betreiben, vor denen man Angst hat.<\/p>\n<p>Da stellt sich doch dem Publikum die Frage: Ach, wenn es denn so viele Integrationsverweigerer im Lande gibt (in dem auch die SPD zuletzt elf Jahre regiert hat), warum erfahren wir das jetzt &#8211; und was hat denn die SPD in der Regierung dagegen getan? Und warum gibt es \u00fcberhaupt &#8222;vom Ausland bezahlte Hassprediger&#8220; bei uns, wie Gabriel suggeriert? Hat der SPD-Innenminister Schily etwa nichts dagegen getan? (Doch, hat er, aber Gabriel ist offenbar zu faul, das jetzt zu erkl\u00e4ren&#8230;)<\/p>\n<p>Kurz gesagt: Der Angstgeruch, der hier durchs Regierungsviertel schweift, macht mir Angst. Nicht nur die SPD str\u00f6mt ihn aus, von allen Seiten h\u00f6rt man Spr\u00fcche, die signalisieren sollen, dass man den Sarrazin doof findet, sich aber \u00a0nicht zu schade w\u00e4re, auch mal was gegen die da, die Ausl\u00e4nder, die Muslime zu machen.<\/p>\n<p>Das macht einen Witz aus der besonnenen Politik der letzten Jahre, in der Gef\u00fchl und H\u00e4rte, F\u00f6rdern und Fordern \u00a0keine Gegens\u00e4tze mehr waren.<\/p>\n<p>Gefragt ist jetzt F\u00fchrerschaft im Verteidigen dieser Errungenschaft, keine Spr\u00fcche, um dem vermuteten dumpfen Volkswillen zu schmeicheln. Gefragt sind politische F\u00fchrer, die den Leuten mehr zutrauen.<\/p>\n","protected":false},"excerpt":{"rendered":"<p>Ich kann die Angst riechen, hier im Berliner Regierungsviertel. Ihr bei\u00dfender Geruch str\u00f6mt aus Zeilen wie diesen, die Sigmar Gabriel vor wenigen Tagen Spiegel Online diktiert hat: &#8222;Wer auf Dauer\u00a0alle Integrationsangebote ablehnt, der kann ebenso wenig in\u00a0Deutschland bleiben wie vom Ausland bezahlte Hassprediger in\u00a0Moscheen.&#8220; Er hatte offenbar das Gef\u00fchl, nach Wochen der Kritik an Sarrazin [&hellip;]<\/p>\n","protected":false},"author":54,"featured_media":0,"comment_status":"open","ping_status":"closed","sticky":false,"template":"","format":"standard","meta":{"jetpack_post_was_ever_published":false,"footnotes":""},"categories":[155,157],"tags":[],"class_list":["post-4166","post","type-post","status-publish","format-standard","hentry","category-debatte","category-die-freunde-und-die-feinde-des-islams"],"yoast_head":"<!-- This site is optimized with the Yoast SEO plugin v21.0 - https:\/\/yoast.com\/wordpress\/plugins\/seo\/ -->\n<title>Populismus aus Angst vor dem Volk - J\u00f6rg Lau<\/title>\n<meta name=\"robots\" content=\"index, follow, max-snippet:-1, max-image-preview:large, max-video-preview:-1\" \/>\n<link rel=\"canonical\" href=\"https:\/\/blog.zeit.de\/joerglau\/2010\/09\/23\/populismus-aus-angst-vor-dem-volk_4166\" \/>\n<meta property=\"og:locale\" content=\"de_DE\" \/>\n<meta property=\"og:type\" content=\"article\" \/>\n<meta property=\"og:title\" content=\"Populismus aus Angst vor dem Volk - J\u00f6rg Lau\" \/>\n<meta property=\"og:description\" content=\"Ich kann die Angst riechen, hier im Berliner Regierungsviertel. Ihr bei\u00dfender Geruch str\u00f6mt aus Zeilen wie diesen, die Sigmar Gabriel vor wenigen Tagen Spiegel Online diktiert hat: &#8222;Wer auf Dauer\u00a0alle Integrationsangebote ablehnt, der kann ebenso wenig in\u00a0Deutschland bleiben wie vom Ausland bezahlte Hassprediger in\u00a0Moscheen.&#8220; Er hatte offenbar das Gef\u00fchl, nach Wochen der Kritik an Sarrazin [&hellip;]\" \/>\n<meta property=\"og:url\" content=\"https:\/\/blog.zeit.de\/joerglau\/2010\/09\/23\/populismus-aus-angst-vor-dem-volk_4166\" \/>\n<meta property=\"og:site_name\" content=\"J\u00f6rg Lau\" \/>\n<meta property=\"article:published_time\" content=\"2010-09-23T10:06:27+00:00\" \/>\n<meta property=\"article:modified_time\" content=\"2010-09-23T15:04:24+00:00\" \/>\n<meta name=\"author\" content=\"J\u00f6rg Lau\" \/>\n<meta name=\"twitter:card\" content=\"summary_large_image\" \/>\n<meta name=\"twitter:label1\" content=\"Geschrieben von\" \/>\n\t<meta name=\"twitter:data1\" content=\"J\u00f6rg Lau\" \/>\n\t<meta name=\"twitter:label2\" content=\"Gesch\u00e4tzte Lesezeit\" \/>\n\t<meta name=\"twitter:data2\" content=\"2\u00a0Minuten\" \/>\n<script type=\"application\/ld+json\" class=\"yoast-schema-graph\">{\"@context\":\"https:\/\/schema.org\",\"@graph\":[{\"@type\":\"WebPage\",\"@id\":\"https:\/\/blog.zeit.de\/joerglau\/2010\/09\/23\/populismus-aus-angst-vor-dem-volk_4166\",\"url\":\"https:\/\/blog.zeit.de\/joerglau\/2010\/09\/23\/populismus-aus-angst-vor-dem-volk_4166\",\"name\":\"Populismus aus Angst vor dem Volk - J\u00f6rg Lau\",\"isPartOf\":{\"@id\":\"https:\/\/blog.zeit.de\/joerglau\/#website\"},\"datePublished\":\"2010-09-23T10:06:27+00:00\",\"dateModified\":\"2010-09-23T15:04:24+00:00\",\"author\":{\"@id\":\"https:\/\/blog.zeit.de\/joerglau\/#\/schema\/person\/55f0be9bfac24815791fbc852b042f57\"},\"breadcrumb\":{\"@id\":\"https:\/\/blog.zeit.de\/joerglau\/2010\/09\/23\/populismus-aus-angst-vor-dem-volk_4166#breadcrumb\"},\"inLanguage\":\"de\",\"potentialAction\":[{\"@type\":\"ReadAction\",\"target\":[\"https:\/\/blog.zeit.de\/joerglau\/2010\/09\/23\/populismus-aus-angst-vor-dem-volk_4166\"]}]},{\"@type\":\"BreadcrumbList\",\"@id\":\"https:\/\/blog.zeit.de\/joerglau\/2010\/09\/23\/populismus-aus-angst-vor-dem-volk_4166#breadcrumb\",\"itemListElement\":[{\"@type\":\"ListItem\",\"position\":1,\"name\":\"Startseite\",\"item\":\"https:\/\/blog.zeit.de\/joerglau\"},{\"@type\":\"ListItem\",\"position\":2,\"name\":\"Populismus aus Angst vor dem Volk\"}]},{\"@type\":\"WebSite\",\"@id\":\"https:\/\/blog.zeit.de\/joerglau\/#website\",\"url\":\"https:\/\/blog.zeit.de\/joerglau\/\",\"name\":\"J\u00f6rg Lau\",\"description\":\"Ein Blog \u00fcber Religion und Politik\",\"potentialAction\":[{\"@type\":\"SearchAction\",\"target\":{\"@type\":\"EntryPoint\",\"urlTemplate\":\"https:\/\/blog.zeit.de\/joerglau\/?s={search_term_string}\"},\"query-input\":\"required name=search_term_string\"}],\"inLanguage\":\"de\"},{\"@type\":\"Person\",\"@id\":\"https:\/\/blog.zeit.de\/joerglau\/#\/schema\/person\/55f0be9bfac24815791fbc852b042f57\",\"name\":\"J\u00f6rg Lau\",\"image\":{\"@type\":\"ImageObject\",\"inLanguage\":\"de\",\"@id\":\"https:\/\/blog.zeit.de\/joerglau\/#\/schema\/person\/image\/\",\"url\":\"https:\/\/secure.gravatar.com\/avatar\/a5fe39bf4f5335b8bac36eefa0b41467221b1598bfea5f05159a0199e391eed0?s=96&d=mm&r=g\",\"contentUrl\":\"https:\/\/secure.gravatar.com\/avatar\/a5fe39bf4f5335b8bac36eefa0b41467221b1598bfea5f05159a0199e391eed0?s=96&d=mm&r=g\",\"caption\":\"J\u00f6rg Lau\"},\"url\":\"https:\/\/blog.zeit.de\/joerglau\/author\/joerg-lau\"}]}<\/script>\n<!-- \/ Yoast SEO plugin. -->","yoast_head_json":{"title":"Populismus aus Angst vor dem Volk - J\u00f6rg Lau","robots":{"index":"index","follow":"follow","max-snippet":"max-snippet:-1","max-image-preview":"max-image-preview:large","max-video-preview":"max-video-preview:-1"},"canonical":"https:\/\/blog.zeit.de\/joerglau\/2010\/09\/23\/populismus-aus-angst-vor-dem-volk_4166","og_locale":"de_DE","og_type":"article","og_title":"Populismus aus Angst vor dem Volk - J\u00f6rg Lau","og_description":"Ich kann die Angst riechen, hier im Berliner Regierungsviertel. Ihr bei\u00dfender Geruch str\u00f6mt aus Zeilen wie diesen, die Sigmar Gabriel vor wenigen Tagen Spiegel Online diktiert hat: &#8222;Wer auf Dauer\u00a0alle Integrationsangebote ablehnt, der kann ebenso wenig in\u00a0Deutschland bleiben wie vom Ausland bezahlte Hassprediger in\u00a0Moscheen.&#8220; Er hatte offenbar das Gef\u00fchl, nach Wochen der Kritik an Sarrazin [&hellip;]","og_url":"https:\/\/blog.zeit.de\/joerglau\/2010\/09\/23\/populismus-aus-angst-vor-dem-volk_4166","og_site_name":"J\u00f6rg Lau","article_published_time":"2010-09-23T10:06:27+00:00","article_modified_time":"2010-09-23T15:04:24+00:00","author":"J\u00f6rg Lau","twitter_card":"summary_large_image","twitter_misc":{"Geschrieben von":"J\u00f6rg Lau","Gesch\u00e4tzte Lesezeit":"2\u00a0Minuten"},"schema":{"@context":"https:\/\/schema.org","@graph":[{"@type":"WebPage","@id":"https:\/\/blog.zeit.de\/joerglau\/2010\/09\/23\/populismus-aus-angst-vor-dem-volk_4166","url":"https:\/\/blog.zeit.de\/joerglau\/2010\/09\/23\/populismus-aus-angst-vor-dem-volk_4166","name":"Populismus aus Angst vor dem Volk - J\u00f6rg Lau","isPartOf":{"@id":"https:\/\/blog.zeit.de\/joerglau\/#website"},"datePublished":"2010-09-23T10:06:27+00:00","dateModified":"2010-09-23T15:04:24+00:00","author":{"@id":"https:\/\/blog.zeit.de\/joerglau\/#\/schema\/person\/55f0be9bfac24815791fbc852b042f57"},"breadcrumb":{"@id":"https:\/\/blog.zeit.de\/joerglau\/2010\/09\/23\/populismus-aus-angst-vor-dem-volk_4166#breadcrumb"},"inLanguage":"de","potentialAction":[{"@type":"ReadAction","target":["https:\/\/blog.zeit.de\/joerglau\/2010\/09\/23\/populismus-aus-angst-vor-dem-volk_4166"]}]},{"@type":"BreadcrumbList","@id":"https:\/\/blog.zeit.de\/joerglau\/2010\/09\/23\/populismus-aus-angst-vor-dem-volk_4166#breadcrumb","itemListElement":[{"@type":"ListItem","position":1,"name":"Startseite","item":"https:\/\/blog.zeit.de\/joerglau"},{"@type":"ListItem","position":2,"name":"Populismus aus Angst vor dem Volk"}]},{"@type":"WebSite","@id":"https:\/\/blog.zeit.de\/joerglau\/#website","url":"https:\/\/blog.zeit.de\/joerglau\/","name":"J\u00f6rg Lau","description":"Ein Blog \u00fcber Religion und Politik","potentialAction":[{"@type":"SearchAction","target":{"@type":"EntryPoint","urlTemplate":"https:\/\/blog.zeit.de\/joerglau\/?s={search_term_string}"},"query-input":"required name=search_term_string"}],"inLanguage":"de"},{"@type":"Person","@id":"https:\/\/blog.zeit.de\/joerglau\/#\/schema\/person\/55f0be9bfac24815791fbc852b042f57","name":"J\u00f6rg Lau","image":{"@type":"ImageObject","inLanguage":"de","@id":"https:\/\/blog.zeit.de\/joerglau\/#\/schema\/person\/image\/","url":"https:\/\/secure.gravatar.com\/avatar\/a5fe39bf4f5335b8bac36eefa0b41467221b1598bfea5f05159a0199e391eed0?s=96&d=mm&r=g","contentUrl":"https:\/\/secure.gravatar.com\/avatar\/a5fe39bf4f5335b8bac36eefa0b41467221b1598bfea5f05159a0199e391eed0?s=96&d=mm&r=g","caption":"J\u00f6rg Lau"},"url":"https:\/\/blog.zeit.de\/joerglau\/author\/joerg-lau"}]}},"jetpack_featured_media_url":"","jetpack_sharing_enabled":true,"jetpack_shortlink":"https:\/\/wp.me\/pG02W-15c","_links":{"self":[{"href":"https:\/\/blog.zeit.de\/joerglau\/wp-json\/wp\/v2\/posts\/4166","targetHints":{"allow":["GET"]}}],"collection":[{"href":"https:\/\/blog.zeit.de\/joerglau\/wp-json\/wp\/v2\/posts"}],"about":[{"href":"https:\/\/blog.zeit.de\/joerglau\/wp-json\/wp\/v2\/types\/post"}],"author":[{"embeddable":true,"href":"https:\/\/blog.zeit.de\/joerglau\/wp-json\/wp\/v2\/users\/54"}],"replies":[{"embeddable":true,"href":"https:\/\/blog.zeit.de\/joerglau\/wp-json\/wp\/v2\/comments?post=4166"}],"version-history":[{"count":0,"href":"https:\/\/blog.zeit.de\/joerglau\/wp-json\/wp\/v2\/posts\/4166\/revisions"}],"wp:attachment":[{"href":"https:\/\/blog.zeit.de\/joerglau\/wp-json\/wp\/v2\/media?parent=4166"}],"wp:term":[{"taxonomy":"category","embeddable":true,"href":"https:\/\/blog.zeit.de\/joerglau\/wp-json\/wp\/v2\/categories?post=4166"},{"taxonomy":"post_tag","embeddable":true,"href":"https:\/\/blog.zeit.de\/joerglau\/wp-json\/wp\/v2\/tags?post=4166"}],"curies":[{"name":"wp","href":"https:\/\/api.w.org\/{rel}","templated":true}]}}