{"id":4197,"date":"2010-10-03T11:29:43","date_gmt":"2010-10-03T09:29:43","guid":{"rendered":"http:\/\/blog.zeit.de\/joerglau\/?p=4197"},"modified":"2010-10-03T11:31:37","modified_gmt":"2010-10-03T09:31:37","slug":"roland-koch-gegen-sarrazin","status":"publish","type":"post","link":"https:\/\/blog.zeit.de\/joerglau\/2010\/10\/03\/roland-koch-gegen-sarrazin_4197","title":{"rendered":"Roland Koch gegen Sarrazin"},"content":{"rendered":"<p>Interview zum Thema &#8222;Konservativ&#8220; heute in der FAZ. Roland Koch:<\/p>\n<p><em>&#8222;Wenn Leuten wie Sarrazin die Diskussion \u00fcberlassen wird, dann werden Konservative verlieren. Sarrazins Standpunkt ist ja am Ende nicht akzeptabel f\u00fcr aufgekl\u00e4rte Konservative. Eine kluge Analyse mit unertr\u00e4glichen Folgerungen ist keine konservative Politik. Obendrein ist diese Analyse noch nicht einmal klug, eher ein Beispiel f\u00fcr die intellektuelle Ladehemmung, die in Deutschland meistens daf\u00fcr sorgt, dass verquaster Unsinn herauskommt, wenn einer mal konservative Standpunkte offensiv vertreten m\u00f6chte. H\u00e4tte Sarrazin die letzten drei Kapitel nicht geschrieben, dann h\u00e4tte er eine interessante wissenschaftliche Analyse eines Tatbestands vorgelegt. Aber so ist es dumpfer Biologismus. Davor graust mir. Das ist aus meiner Sicht gegen das Verst\u00e4ndnis von Menschenw\u00fcrde, das gerade Konservative haben. &#8230; Aus der Sicht eines Konservativen zerst\u00f6rt jemand, der so vorgeht wie er, die Diskussion. Er ist ein klassisches Beispiel f\u00fcr jene, die am Ende daf\u00fcr sorgen werden, dass eine konservative Debatte nicht mehr stattfindet.&#8220;<\/em><\/p>\n<p>H\u00f6rt, h\u00f6rt.<em><br \/>\n<\/em><\/p>\n","protected":false},"excerpt":{"rendered":"<p>Interview zum Thema &#8222;Konservativ&#8220; heute in der FAZ. Roland Koch: &#8222;Wenn Leuten wie Sarrazin die Diskussion \u00fcberlassen wird, dann werden Konservative verlieren. Sarrazins Standpunkt ist ja am Ende nicht akzeptabel f\u00fcr aufgekl\u00e4rte Konservative. Eine kluge Analyse mit unertr\u00e4glichen Folgerungen ist keine konservative Politik. Obendrein ist diese Analyse noch nicht einmal klug, eher ein Beispiel f\u00fcr [&hellip;]<\/p>\n","protected":false},"author":54,"featured_media":0,"comment_status":"open","ping_status":"closed","sticky":false,"template":"","format":"standard","meta":{"jetpack_post_was_ever_published":false,"footnotes":""},"categories":[155,157],"tags":[],"class_list":["post-4197","post","type-post","status-publish","format-standard","hentry","category-debatte","category-die-freunde-und-die-feinde-des-islams"],"yoast_head":"<!-- This site is optimized with the Yoast SEO plugin v21.0 - https:\/\/yoast.com\/wordpress\/plugins\/seo\/ -->\n<title>Roland Koch gegen Sarrazin - J\u00f6rg Lau<\/title>\n<meta name=\"robots\" content=\"index, follow, max-snippet:-1, max-image-preview:large, max-video-preview:-1\" \/>\n<link rel=\"canonical\" href=\"https:\/\/blog.zeit.de\/joerglau\/2010\/10\/03\/roland-koch-gegen-sarrazin_4197\" \/>\n<meta property=\"og:locale\" content=\"de_DE\" \/>\n<meta property=\"og:type\" content=\"article\" \/>\n<meta property=\"og:title\" content=\"Roland Koch gegen Sarrazin - J\u00f6rg Lau\" \/>\n<meta property=\"og:description\" content=\"Interview zum Thema &#8222;Konservativ&#8220; heute in der FAZ. Roland Koch: &#8222;Wenn Leuten wie Sarrazin die Diskussion \u00fcberlassen wird, dann werden Konservative verlieren. Sarrazins Standpunkt ist ja am Ende nicht akzeptabel f\u00fcr aufgekl\u00e4rte Konservative. Eine kluge Analyse mit unertr\u00e4glichen Folgerungen ist keine konservative Politik. Obendrein ist diese Analyse noch nicht einmal klug, eher ein Beispiel f\u00fcr [&hellip;]\" \/>\n<meta property=\"og:url\" content=\"https:\/\/blog.zeit.de\/joerglau\/2010\/10\/03\/roland-koch-gegen-sarrazin_4197\" \/>\n<meta property=\"og:site_name\" content=\"J\u00f6rg Lau\" \/>\n<meta property=\"article:published_time\" content=\"2010-10-03T09:29:43+00:00\" \/>\n<meta property=\"article:modified_time\" content=\"2010-10-03T09:31:37+00:00\" \/>\n<meta name=\"author\" content=\"J\u00f6rg Lau\" \/>\n<meta name=\"twitter:card\" content=\"summary_large_image\" \/>\n<meta name=\"twitter:label1\" content=\"Geschrieben von\" \/>\n\t<meta name=\"twitter:data1\" content=\"J\u00f6rg Lau\" \/>\n\t<meta name=\"twitter:label2\" content=\"Gesch\u00e4tzte Lesezeit\" \/>\n\t<meta name=\"twitter:data2\" content=\"1\u00a0Minute\" \/>\n<script type=\"application\/ld+json\" class=\"yoast-schema-graph\">{\"@context\":\"https:\/\/schema.org\",\"@graph\":[{\"@type\":\"WebPage\",\"@id\":\"https:\/\/blog.zeit.de\/joerglau\/2010\/10\/03\/roland-koch-gegen-sarrazin_4197\",\"url\":\"https:\/\/blog.zeit.de\/joerglau\/2010\/10\/03\/roland-koch-gegen-sarrazin_4197\",\"name\":\"Roland Koch gegen Sarrazin - J\u00f6rg Lau\",\"isPartOf\":{\"@id\":\"https:\/\/blog.zeit.de\/joerglau\/#website\"},\"datePublished\":\"2010-10-03T09:29:43+00:00\",\"dateModified\":\"2010-10-03T09:31:37+00:00\",\"author\":{\"@id\":\"https:\/\/blog.zeit.de\/joerglau\/#\/schema\/person\/55f0be9bfac24815791fbc852b042f57\"},\"breadcrumb\":{\"@id\":\"https:\/\/blog.zeit.de\/joerglau\/2010\/10\/03\/roland-koch-gegen-sarrazin_4197#breadcrumb\"},\"inLanguage\":\"de\",\"potentialAction\":[{\"@type\":\"ReadAction\",\"target\":[\"https:\/\/blog.zeit.de\/joerglau\/2010\/10\/03\/roland-koch-gegen-sarrazin_4197\"]}]},{\"@type\":\"BreadcrumbList\",\"@id\":\"https:\/\/blog.zeit.de\/joerglau\/2010\/10\/03\/roland-koch-gegen-sarrazin_4197#breadcrumb\",\"itemListElement\":[{\"@type\":\"ListItem\",\"position\":1,\"name\":\"Startseite\",\"item\":\"https:\/\/blog.zeit.de\/joerglau\"},{\"@type\":\"ListItem\",\"position\":2,\"name\":\"Roland Koch gegen Sarrazin\"}]},{\"@type\":\"WebSite\",\"@id\":\"https:\/\/blog.zeit.de\/joerglau\/#website\",\"url\":\"https:\/\/blog.zeit.de\/joerglau\/\",\"name\":\"J\u00f6rg Lau\",\"description\":\"Ein Blog \u00fcber Religion und Politik\",\"potentialAction\":[{\"@type\":\"SearchAction\",\"target\":{\"@type\":\"EntryPoint\",\"urlTemplate\":\"https:\/\/blog.zeit.de\/joerglau\/?s={search_term_string}\"},\"query-input\":\"required name=search_term_string\"}],\"inLanguage\":\"de\"},{\"@type\":\"Person\",\"@id\":\"https:\/\/blog.zeit.de\/joerglau\/#\/schema\/person\/55f0be9bfac24815791fbc852b042f57\",\"name\":\"J\u00f6rg Lau\",\"image\":{\"@type\":\"ImageObject\",\"inLanguage\":\"de\",\"@id\":\"https:\/\/blog.zeit.de\/joerglau\/#\/schema\/person\/image\/\",\"url\":\"https:\/\/secure.gravatar.com\/avatar\/a5fe39bf4f5335b8bac36eefa0b41467221b1598bfea5f05159a0199e391eed0?s=96&d=mm&r=g\",\"contentUrl\":\"https:\/\/secure.gravatar.com\/avatar\/a5fe39bf4f5335b8bac36eefa0b41467221b1598bfea5f05159a0199e391eed0?s=96&d=mm&r=g\",\"caption\":\"J\u00f6rg Lau\"},\"url\":\"https:\/\/blog.zeit.de\/joerglau\/author\/joerg-lau\"}]}<\/script>\n<!-- \/ Yoast SEO plugin. -->","yoast_head_json":{"title":"Roland Koch gegen Sarrazin - J\u00f6rg Lau","robots":{"index":"index","follow":"follow","max-snippet":"max-snippet:-1","max-image-preview":"max-image-preview:large","max-video-preview":"max-video-preview:-1"},"canonical":"https:\/\/blog.zeit.de\/joerglau\/2010\/10\/03\/roland-koch-gegen-sarrazin_4197","og_locale":"de_DE","og_type":"article","og_title":"Roland Koch gegen Sarrazin - J\u00f6rg Lau","og_description":"Interview zum Thema &#8222;Konservativ&#8220; heute in der FAZ. Roland Koch: &#8222;Wenn Leuten wie Sarrazin die Diskussion \u00fcberlassen wird, dann werden Konservative verlieren. Sarrazins Standpunkt ist ja am Ende nicht akzeptabel f\u00fcr aufgekl\u00e4rte Konservative. Eine kluge Analyse mit unertr\u00e4glichen Folgerungen ist keine konservative Politik. Obendrein ist diese Analyse noch nicht einmal klug, eher ein Beispiel f\u00fcr [&hellip;]","og_url":"https:\/\/blog.zeit.de\/joerglau\/2010\/10\/03\/roland-koch-gegen-sarrazin_4197","og_site_name":"J\u00f6rg Lau","article_published_time":"2010-10-03T09:29:43+00:00","article_modified_time":"2010-10-03T09:31:37+00:00","author":"J\u00f6rg Lau","twitter_card":"summary_large_image","twitter_misc":{"Geschrieben von":"J\u00f6rg Lau","Gesch\u00e4tzte Lesezeit":"1\u00a0Minute"},"schema":{"@context":"https:\/\/schema.org","@graph":[{"@type":"WebPage","@id":"https:\/\/blog.zeit.de\/joerglau\/2010\/10\/03\/roland-koch-gegen-sarrazin_4197","url":"https:\/\/blog.zeit.de\/joerglau\/2010\/10\/03\/roland-koch-gegen-sarrazin_4197","name":"Roland Koch gegen Sarrazin - J\u00f6rg Lau","isPartOf":{"@id":"https:\/\/blog.zeit.de\/joerglau\/#website"},"datePublished":"2010-10-03T09:29:43+00:00","dateModified":"2010-10-03T09:31:37+00:00","author":{"@id":"https:\/\/blog.zeit.de\/joerglau\/#\/schema\/person\/55f0be9bfac24815791fbc852b042f57"},"breadcrumb":{"@id":"https:\/\/blog.zeit.de\/joerglau\/2010\/10\/03\/roland-koch-gegen-sarrazin_4197#breadcrumb"},"inLanguage":"de","potentialAction":[{"@type":"ReadAction","target":["https:\/\/blog.zeit.de\/joerglau\/2010\/10\/03\/roland-koch-gegen-sarrazin_4197"]}]},{"@type":"BreadcrumbList","@id":"https:\/\/blog.zeit.de\/joerglau\/2010\/10\/03\/roland-koch-gegen-sarrazin_4197#breadcrumb","itemListElement":[{"@type":"ListItem","position":1,"name":"Startseite","item":"https:\/\/blog.zeit.de\/joerglau"},{"@type":"ListItem","position":2,"name":"Roland Koch gegen Sarrazin"}]},{"@type":"WebSite","@id":"https:\/\/blog.zeit.de\/joerglau\/#website","url":"https:\/\/blog.zeit.de\/joerglau\/","name":"J\u00f6rg Lau","description":"Ein Blog \u00fcber Religion und Politik","potentialAction":[{"@type":"SearchAction","target":{"@type":"EntryPoint","urlTemplate":"https:\/\/blog.zeit.de\/joerglau\/?s={search_term_string}"},"query-input":"required name=search_term_string"}],"inLanguage":"de"},{"@type":"Person","@id":"https:\/\/blog.zeit.de\/joerglau\/#\/schema\/person\/55f0be9bfac24815791fbc852b042f57","name":"J\u00f6rg Lau","image":{"@type":"ImageObject","inLanguage":"de","@id":"https:\/\/blog.zeit.de\/joerglau\/#\/schema\/person\/image\/","url":"https:\/\/secure.gravatar.com\/avatar\/a5fe39bf4f5335b8bac36eefa0b41467221b1598bfea5f05159a0199e391eed0?s=96&d=mm&r=g","contentUrl":"https:\/\/secure.gravatar.com\/avatar\/a5fe39bf4f5335b8bac36eefa0b41467221b1598bfea5f05159a0199e391eed0?s=96&d=mm&r=g","caption":"J\u00f6rg Lau"},"url":"https:\/\/blog.zeit.de\/joerglau\/author\/joerg-lau"}]}},"jetpack_featured_media_url":"","jetpack_sharing_enabled":true,"jetpack_shortlink":"https:\/\/wp.me\/pG02W-15H","_links":{"self":[{"href":"https:\/\/blog.zeit.de\/joerglau\/wp-json\/wp\/v2\/posts\/4197","targetHints":{"allow":["GET"]}}],"collection":[{"href":"https:\/\/blog.zeit.de\/joerglau\/wp-json\/wp\/v2\/posts"}],"about":[{"href":"https:\/\/blog.zeit.de\/joerglau\/wp-json\/wp\/v2\/types\/post"}],"author":[{"embeddable":true,"href":"https:\/\/blog.zeit.de\/joerglau\/wp-json\/wp\/v2\/users\/54"}],"replies":[{"embeddable":true,"href":"https:\/\/blog.zeit.de\/joerglau\/wp-json\/wp\/v2\/comments?post=4197"}],"version-history":[{"count":3,"href":"https:\/\/blog.zeit.de\/joerglau\/wp-json\/wp\/v2\/posts\/4197\/revisions"}],"predecessor-version":[{"id":4199,"href":"https:\/\/blog.zeit.de\/joerglau\/wp-json\/wp\/v2\/posts\/4197\/revisions\/4199"}],"wp:attachment":[{"href":"https:\/\/blog.zeit.de\/joerglau\/wp-json\/wp\/v2\/media?parent=4197"}],"wp:term":[{"taxonomy":"category","embeddable":true,"href":"https:\/\/blog.zeit.de\/joerglau\/wp-json\/wp\/v2\/categories?post=4197"},{"taxonomy":"post_tag","embeddable":true,"href":"https:\/\/blog.zeit.de\/joerglau\/wp-json\/wp\/v2\/tags?post=4197"}],"curies":[{"name":"wp","href":"https:\/\/api.w.org\/{rel}","templated":true}]}}