{"id":4214,"date":"2010-10-05T17:37:33","date_gmt":"2010-10-05T15:37:33","guid":{"rendered":"http:\/\/blog.zeit.de\/joerglau\/?p=4214"},"modified":"2010-10-05T17:40:10","modified_gmt":"2010-10-05T15:40:10","slug":"wieviel-islam-vertragt-deutschland","status":"publish","type":"post","link":"https:\/\/blog.zeit.de\/joerglau\/2010\/10\/05\/wieviel-islam-vertragt-deutschland_4214","title":{"rendered":"Wieviel Islam vertr\u00e4gt Deutschland?"},"content":{"rendered":"<p>Und wieviel Fakten die BILD?<\/p>\n<p>Das ist ja hier nicht das BILD-Blog. Aber die Kollegen mit den gro\u00dfen Buchstaben haben heute diese geniale Zeile gemacht: Wieviel Islam vertr\u00e4gt Deutschland? Und weil sie dazu einen &#8222;<a href=\"http:\/\/www.bild.de\/BILD\/politik\/2010\/10\/05\/islam-gehoert-zu-deutschland\/hg-fakten-zum-islam\/bild-klaert-auf.html\">Fakten-Check<\/a>&#8220; versprechen, muss ich hier doch noch einmal auf BILD eingehen.<\/p>\n<p>Da findet sich zum Beispiel dieses &#8222;Faktum&#8220;:<\/p>\n<p><strong><strong>\u2022 <\/strong>Jede 10. muslimische Sch\u00fclerin bleibt dem Schwimmunterricht fern.<\/strong><\/p>\n<p>Quelle ist<strong> <\/strong>angeblich der Bericht des BAMF \u00fcber <a href=\"http:\/\/www.bmi.bund.de\/SharedDocs\/Downloads\/DE\/Themen\/Politik_Gesellschaft\/DIK\/vollversion_studie_muslim_leben_deutschland_.pdf?__blob=publicationFile\">Muslimisches Leben in Deutschland<\/a>. Nun habe ich den k\u00fcrzlich auch nochmal durchgeschaut und kenne die einschl\u00e4gige Stelle.<\/p>\n<p>Da findet sich diese Tabelle:<\/p>\n<p><a href=\"https:\/\/blog.zeit.de\/joerglau\/files\/2010\/10\/Bild-3.png\"><img loading=\"lazy\" decoding=\"async\" class=\"alignnone size-full wp-image-4215\" src=\"https:\/\/blog.zeit.de\/joerglau\/files\/2010\/10\/Bild-3.png\" alt=\"\" width=\"447\" height=\"343\" srcset=\"https:\/\/blog.zeit.de\/joerglau\/files\/2010\/10\/Bild-3.png 745w, https:\/\/blog.zeit.de\/joerglau\/files\/2010\/10\/Bild-3-300x229.png 300w\" sizes=\"auto, (max-width: 447px) 100vw, 447px\" \/><\/a><\/p>\n<p>Aus der Tabelle geht hervor, dass ganze 1,9 Prozent der muslimischen M\u00e4dchen den gemischtgeschlechtlichen Schwimmunterricht aus &#8222;religi\u00f6sen Gr\u00fcnden&#8220; meiden.<\/p>\n<p>Die Autoren der Studie schreiben:<\/p>\n<p>&#8222;Im Vergleich zum Sportunterricht nehmen proportional deutlich weniger Sch\u00fcler sowohl muslimischen als auch sonstigen Glaubens am gemischtgeschlechtlichen Schwimmunterricht teil (Tabelle 27).<br \/>\nUrsache ist haupts\u00e4chlich, dass kein gemischtgeschlechtlicher Schwimmunterricht angeboten wird. Religi\u00f6se sowie sonstige Gr\u00fcnde f\u00fcr das Fernbleiben werden wie beim Sportunterricht kaum genannt. M\u00e4dchen nehmen tendenziell ebenso h\u00e4ufig am gemischtgeschlechtlichen Schwimmunterricht teil wie Jungen.&#8220;<\/p>\n<p>In anderen Worten: Jede f\u00fcnfzigste muslimische Sch\u00fclerin bleibt dem Schwimmunterricht aus religi\u00f6sen Gr\u00fcnden fern. Es gibt keine signifikante Abweichung zu religi\u00f6sen Vorbehalten im Vergleich zu anderen Religionsgemeinschaften.<\/p>\n<p>Oder noch klarer: Das Problem existiert nicht. Non-issue. Eine urban legend des Einwanderungslandes.<\/p>\n<p>Wir haben wei\u00df Gott genug Probleme (Arbeitslosigkeit, Bildungsversagen, Machotum). M\u00fcssen wir auch noch welche erfinden?<\/p>\n","protected":false},"excerpt":{"rendered":"<p>Und wieviel Fakten die BILD? Das ist ja hier nicht das BILD-Blog. Aber die Kollegen mit den gro\u00dfen Buchstaben haben heute diese geniale Zeile gemacht: Wieviel Islam vertr\u00e4gt Deutschland? Und weil sie dazu einen &#8222;Fakten-Check&#8220; versprechen, muss ich hier doch noch einmal auf BILD eingehen. Da findet sich zum Beispiel dieses &#8222;Faktum&#8220;: \u2022 Jede 10. [&hellip;]<\/p>\n","protected":false},"author":54,"featured_media":0,"comment_status":"open","ping_status":"closed","sticky":false,"template":"","format":"standard","meta":{"jetpack_post_was_ever_published":false,"footnotes":""},"categories":[155,157],"tags":[],"class_list":["post-4214","post","type-post","status-publish","format-standard","hentry","category-debatte","category-die-freunde-und-die-feinde-des-islams"],"yoast_head":"<!-- This site is optimized with the Yoast SEO plugin v21.0 - https:\/\/yoast.com\/wordpress\/plugins\/seo\/ -->\n<title>Wieviel Islam vertr\u00e4gt Deutschland? - J\u00f6rg Lau<\/title>\n<meta name=\"robots\" content=\"index, follow, max-snippet:-1, max-image-preview:large, max-video-preview:-1\" \/>\n<link rel=\"canonical\" href=\"https:\/\/blog.zeit.de\/joerglau\/2010\/10\/05\/wieviel-islam-vertragt-deutschland_4214\" \/>\n<meta property=\"og:locale\" content=\"de_DE\" \/>\n<meta property=\"og:type\" content=\"article\" \/>\n<meta property=\"og:title\" content=\"Wieviel Islam vertr\u00e4gt Deutschland? - J\u00f6rg Lau\" \/>\n<meta property=\"og:description\" content=\"Und wieviel Fakten die BILD? Das ist ja hier nicht das BILD-Blog. Aber die Kollegen mit den gro\u00dfen Buchstaben haben heute diese geniale Zeile gemacht: Wieviel Islam vertr\u00e4gt Deutschland? Und weil sie dazu einen &#8222;Fakten-Check&#8220; versprechen, muss ich hier doch noch einmal auf BILD eingehen. Da findet sich zum Beispiel dieses &#8222;Faktum&#8220;: \u2022 Jede 10. [&hellip;]\" \/>\n<meta property=\"og:url\" content=\"https:\/\/blog.zeit.de\/joerglau\/2010\/10\/05\/wieviel-islam-vertragt-deutschland_4214\" \/>\n<meta property=\"og:site_name\" content=\"J\u00f6rg Lau\" \/>\n<meta property=\"article:published_time\" content=\"2010-10-05T15:37:33+00:00\" \/>\n<meta property=\"article:modified_time\" content=\"2010-10-05T15:40:10+00:00\" \/>\n<meta property=\"og:image\" content=\"https:\/\/blog.zeit.de\/joerglau\/files\/2010\/10\/Bild-3.png\" \/>\n<meta name=\"author\" content=\"J\u00f6rg Lau\" \/>\n<meta name=\"twitter:card\" content=\"summary_large_image\" \/>\n<meta name=\"twitter:label1\" content=\"Geschrieben von\" \/>\n\t<meta name=\"twitter:data1\" content=\"J\u00f6rg Lau\" \/>\n\t<meta name=\"twitter:label2\" content=\"Gesch\u00e4tzte Lesezeit\" \/>\n\t<meta name=\"twitter:data2\" content=\"1\u00a0Minute\" \/>\n<script type=\"application\/ld+json\" class=\"yoast-schema-graph\">{\"@context\":\"https:\/\/schema.org\",\"@graph\":[{\"@type\":\"WebPage\",\"@id\":\"https:\/\/blog.zeit.de\/joerglau\/2010\/10\/05\/wieviel-islam-vertragt-deutschland_4214\",\"url\":\"https:\/\/blog.zeit.de\/joerglau\/2010\/10\/05\/wieviel-islam-vertragt-deutschland_4214\",\"name\":\"Wieviel Islam vertr\u00e4gt Deutschland? - J\u00f6rg Lau\",\"isPartOf\":{\"@id\":\"https:\/\/blog.zeit.de\/joerglau\/#website\"},\"datePublished\":\"2010-10-05T15:37:33+00:00\",\"dateModified\":\"2010-10-05T15:40:10+00:00\",\"author\":{\"@id\":\"https:\/\/blog.zeit.de\/joerglau\/#\/schema\/person\/55f0be9bfac24815791fbc852b042f57\"},\"breadcrumb\":{\"@id\":\"https:\/\/blog.zeit.de\/joerglau\/2010\/10\/05\/wieviel-islam-vertragt-deutschland_4214#breadcrumb\"},\"inLanguage\":\"de\",\"potentialAction\":[{\"@type\":\"ReadAction\",\"target\":[\"https:\/\/blog.zeit.de\/joerglau\/2010\/10\/05\/wieviel-islam-vertragt-deutschland_4214\"]}]},{\"@type\":\"BreadcrumbList\",\"@id\":\"https:\/\/blog.zeit.de\/joerglau\/2010\/10\/05\/wieviel-islam-vertragt-deutschland_4214#breadcrumb\",\"itemListElement\":[{\"@type\":\"ListItem\",\"position\":1,\"name\":\"Startseite\",\"item\":\"https:\/\/blog.zeit.de\/joerglau\"},{\"@type\":\"ListItem\",\"position\":2,\"name\":\"Wieviel Islam vertr\u00e4gt Deutschland?\"}]},{\"@type\":\"WebSite\",\"@id\":\"https:\/\/blog.zeit.de\/joerglau\/#website\",\"url\":\"https:\/\/blog.zeit.de\/joerglau\/\",\"name\":\"J\u00f6rg Lau\",\"description\":\"Ein Blog \u00fcber Religion und Politik\",\"potentialAction\":[{\"@type\":\"SearchAction\",\"target\":{\"@type\":\"EntryPoint\",\"urlTemplate\":\"https:\/\/blog.zeit.de\/joerglau\/?s={search_term_string}\"},\"query-input\":\"required name=search_term_string\"}],\"inLanguage\":\"de\"},{\"@type\":\"Person\",\"@id\":\"https:\/\/blog.zeit.de\/joerglau\/#\/schema\/person\/55f0be9bfac24815791fbc852b042f57\",\"name\":\"J\u00f6rg Lau\",\"image\":{\"@type\":\"ImageObject\",\"inLanguage\":\"de\",\"@id\":\"https:\/\/blog.zeit.de\/joerglau\/#\/schema\/person\/image\/\",\"url\":\"https:\/\/secure.gravatar.com\/avatar\/a5fe39bf4f5335b8bac36eefa0b41467221b1598bfea5f05159a0199e391eed0?s=96&d=mm&r=g\",\"contentUrl\":\"https:\/\/secure.gravatar.com\/avatar\/a5fe39bf4f5335b8bac36eefa0b41467221b1598bfea5f05159a0199e391eed0?s=96&d=mm&r=g\",\"caption\":\"J\u00f6rg Lau\"},\"url\":\"https:\/\/blog.zeit.de\/joerglau\/author\/joerg-lau\"}]}<\/script>\n<!-- \/ Yoast SEO plugin. -->","yoast_head_json":{"title":"Wieviel Islam vertr\u00e4gt Deutschland? - J\u00f6rg Lau","robots":{"index":"index","follow":"follow","max-snippet":"max-snippet:-1","max-image-preview":"max-image-preview:large","max-video-preview":"max-video-preview:-1"},"canonical":"https:\/\/blog.zeit.de\/joerglau\/2010\/10\/05\/wieviel-islam-vertragt-deutschland_4214","og_locale":"de_DE","og_type":"article","og_title":"Wieviel Islam vertr\u00e4gt Deutschland? - J\u00f6rg Lau","og_description":"Und wieviel Fakten die BILD? Das ist ja hier nicht das BILD-Blog. Aber die Kollegen mit den gro\u00dfen Buchstaben haben heute diese geniale Zeile gemacht: Wieviel Islam vertr\u00e4gt Deutschland? Und weil sie dazu einen &#8222;Fakten-Check&#8220; versprechen, muss ich hier doch noch einmal auf BILD eingehen. Da findet sich zum Beispiel dieses &#8222;Faktum&#8220;: \u2022 Jede 10. [&hellip;]","og_url":"https:\/\/blog.zeit.de\/joerglau\/2010\/10\/05\/wieviel-islam-vertragt-deutschland_4214","og_site_name":"J\u00f6rg Lau","article_published_time":"2010-10-05T15:37:33+00:00","article_modified_time":"2010-10-05T15:40:10+00:00","og_image":[{"url":"https:\/\/blog.zeit.de\/joerglau\/files\/2010\/10\/Bild-3.png"}],"author":"J\u00f6rg Lau","twitter_card":"summary_large_image","twitter_misc":{"Geschrieben von":"J\u00f6rg Lau","Gesch\u00e4tzte Lesezeit":"1\u00a0Minute"},"schema":{"@context":"https:\/\/schema.org","@graph":[{"@type":"WebPage","@id":"https:\/\/blog.zeit.de\/joerglau\/2010\/10\/05\/wieviel-islam-vertragt-deutschland_4214","url":"https:\/\/blog.zeit.de\/joerglau\/2010\/10\/05\/wieviel-islam-vertragt-deutschland_4214","name":"Wieviel Islam vertr\u00e4gt Deutschland? - J\u00f6rg Lau","isPartOf":{"@id":"https:\/\/blog.zeit.de\/joerglau\/#website"},"datePublished":"2010-10-05T15:37:33+00:00","dateModified":"2010-10-05T15:40:10+00:00","author":{"@id":"https:\/\/blog.zeit.de\/joerglau\/#\/schema\/person\/55f0be9bfac24815791fbc852b042f57"},"breadcrumb":{"@id":"https:\/\/blog.zeit.de\/joerglau\/2010\/10\/05\/wieviel-islam-vertragt-deutschland_4214#breadcrumb"},"inLanguage":"de","potentialAction":[{"@type":"ReadAction","target":["https:\/\/blog.zeit.de\/joerglau\/2010\/10\/05\/wieviel-islam-vertragt-deutschland_4214"]}]},{"@type":"BreadcrumbList","@id":"https:\/\/blog.zeit.de\/joerglau\/2010\/10\/05\/wieviel-islam-vertragt-deutschland_4214#breadcrumb","itemListElement":[{"@type":"ListItem","position":1,"name":"Startseite","item":"https:\/\/blog.zeit.de\/joerglau"},{"@type":"ListItem","position":2,"name":"Wieviel Islam vertr\u00e4gt Deutschland?"}]},{"@type":"WebSite","@id":"https:\/\/blog.zeit.de\/joerglau\/#website","url":"https:\/\/blog.zeit.de\/joerglau\/","name":"J\u00f6rg Lau","description":"Ein Blog \u00fcber Religion und Politik","potentialAction":[{"@type":"SearchAction","target":{"@type":"EntryPoint","urlTemplate":"https:\/\/blog.zeit.de\/joerglau\/?s={search_term_string}"},"query-input":"required name=search_term_string"}],"inLanguage":"de"},{"@type":"Person","@id":"https:\/\/blog.zeit.de\/joerglau\/#\/schema\/person\/55f0be9bfac24815791fbc852b042f57","name":"J\u00f6rg Lau","image":{"@type":"ImageObject","inLanguage":"de","@id":"https:\/\/blog.zeit.de\/joerglau\/#\/schema\/person\/image\/","url":"https:\/\/secure.gravatar.com\/avatar\/a5fe39bf4f5335b8bac36eefa0b41467221b1598bfea5f05159a0199e391eed0?s=96&d=mm&r=g","contentUrl":"https:\/\/secure.gravatar.com\/avatar\/a5fe39bf4f5335b8bac36eefa0b41467221b1598bfea5f05159a0199e391eed0?s=96&d=mm&r=g","caption":"J\u00f6rg Lau"},"url":"https:\/\/blog.zeit.de\/joerglau\/author\/joerg-lau"}]}},"jetpack_featured_media_url":"","jetpack_sharing_enabled":true,"jetpack_shortlink":"https:\/\/wp.me\/pG02W-15Y","_links":{"self":[{"href":"https:\/\/blog.zeit.de\/joerglau\/wp-json\/wp\/v2\/posts\/4214","targetHints":{"allow":["GET"]}}],"collection":[{"href":"https:\/\/blog.zeit.de\/joerglau\/wp-json\/wp\/v2\/posts"}],"about":[{"href":"https:\/\/blog.zeit.de\/joerglau\/wp-json\/wp\/v2\/types\/post"}],"author":[{"embeddable":true,"href":"https:\/\/blog.zeit.de\/joerglau\/wp-json\/wp\/v2\/users\/54"}],"replies":[{"embeddable":true,"href":"https:\/\/blog.zeit.de\/joerglau\/wp-json\/wp\/v2\/comments?post=4214"}],"version-history":[{"count":3,"href":"https:\/\/blog.zeit.de\/joerglau\/wp-json\/wp\/v2\/posts\/4214\/revisions"}],"predecessor-version":[{"id":4218,"href":"https:\/\/blog.zeit.de\/joerglau\/wp-json\/wp\/v2\/posts\/4214\/revisions\/4218"}],"wp:attachment":[{"href":"https:\/\/blog.zeit.de\/joerglau\/wp-json\/wp\/v2\/media?parent=4214"}],"wp:term":[{"taxonomy":"category","embeddable":true,"href":"https:\/\/blog.zeit.de\/joerglau\/wp-json\/wp\/v2\/categories?post=4214"},{"taxonomy":"post_tag","embeddable":true,"href":"https:\/\/blog.zeit.de\/joerglau\/wp-json\/wp\/v2\/tags?post=4214"}],"curies":[{"name":"wp","href":"https:\/\/api.w.org\/{rel}","templated":true}]}}