{"id":4219,"date":"2010-10-07T11:51:49","date_gmt":"2010-10-07T09:51:49","guid":{"rendered":"http:\/\/blog.zeit.de\/joerglau\/?p=4219"},"modified":"2010-10-08T17:38:24","modified_gmt":"2010-10-08T15:38:24","slug":"deutschenfeindlichkeit-an-berliner-schulen","status":"publish","type":"post","link":"https:\/\/blog.zeit.de\/joerglau\/2010\/10\/07\/deutschenfeindlichkeit-an-berliner-schulen_4219","title":{"rendered":"Deutschenfeindlichkeit an Berliner Schulen"},"content":{"rendered":"<p><em>Mein Beitrag aus der Zeit von heute \u00fcber die Vorf\u00e4lle an Berliner Schulen und den Versuch der Lehrergewerkschaft, sich einen Begriff von dem Problem des &#8222;Deutschenhasses&#8220; t\u00fcrkisch- und arabischst\u00e4mmiger Sch\u00fcler zu machen. Es ist nicht meine erste Auseinandersetzung mit <a href=\"https:\/\/blog.zeit.de\/joerglau\/2009\/09\/11\/pathos-des-eigensinns_2993\">diesem Thema<\/a>:<\/em><\/p>\n<p>Es liegt ein Hauch von Panik in der Luft, als die Lehrerin endlich zu sprechen beginnt. Sie schluckt. Sie sagt: \u00bbIch bekomme immer mehr Ehrfurcht und Respekt vor diesem Thema.\u00ab Dieses Thema, das ist die \u00bbsogenannte Deutschenfeindlichkeit\u00ab ihrer t\u00fcrkisch- und arabischst\u00e4mmigen Sch\u00fcler.<\/p>\n<p>Kein Wunder, dass die Lehrerin so beklommen ist. Nur zwei Stra\u00dfen entfernt vom Tagungsort hetzt der Rechtspopulist Geert Wilders (siehe Seite 12\/13) gegen Muslime, die angeblich Deutschland durch Masseneinwanderung unterwerfen wollen. Die Lehrerin, die ihr halbes Leben an einer Schule in Neuk\u00f6lln verbracht hat, will mit der politisierenden Islamophobie nichts zu tun haben. Dies hier ist eine Veranstaltung des multikulturellen Ausschusses der linken Gewerkschaft Erziehung und Wissenschaft (GEW). Die Furcht, eine ohnehin schon hysterische Debatte noch weiter anzuheizen, f\u00fcllt den Raum.<br \/>\nZwei Mitglieder des GEW-Ausschusses f\u00fcr multikulturelle Angelegenheiten, Andrea Posor und Christian Meyer, hatten in einem Artikel f\u00fcr die Berliner Lehrerzeitung Alarm geschlagen, in den zunehmend segregierten Schulen verst\u00e4rke sich das Mobbing gegen deutsche Sch\u00fcler. Dieser bereits vor einem Jahr erschienene Hilferuf l\u00f6ste so heftige Diskussionen unter den Lehrern aus, dass man sich, wenn auch unter gro\u00dfen ideologischen Bauchschmerzen, entschloss, eine Tagung zum Thema einzuberufen. Alles selbstverst\u00e4ndlich hochseri\u00f6s, abgesichert mit Rassismusexperten, Migrantenvertretern, Bildungsforschern. Zu gro\u00df ist die Angst, selbst unter Rassis\u00admus\u00adverdacht zu geraten.<br \/>\nAber am Ende schaut dann eben alles auf diese Frau, die von der P\u00f6belei berichtet, der deutsche Sch\u00fcler \u2013 und Lehrer \u2013 ausgesetzt sind. Sie lehrt seit mehr als zwanzig Jahren an der Otto-Hahn-Gesamtschule im Stadtteil Neuk\u00f6lln und hei\u00dft Mechthild Unverzagt.<br \/>\n\u00bbIst ja irre, dass die auch noch diesen Nachnamen hat\u00ab, flachst ein Lehrerkollege in der hintersten Reihe vor lauter Anspannung. Dann redet Frau Unverzagt, und sofort wird es leise im vollen Tagungsraum des Berliner GEW-Hauses.<br \/>\nSie spricht von \u00bbGhettoisierungstendenzen\u00ab in Neuk\u00f6lln, einem sogenannten \u00bbA-Bezirk\u00ab (\u00bbA\u00ab f\u00fcr Alte, Arbeitslose, Ausl\u00e4nder, Alleinerziehende). An ihrer Schule seien \u00fcber 80 Prozent der Kinder \u00bbnichtdeutscher Herkunftssprache\u00ab, die gro\u00dfe Mehrheit davon t\u00fcrkisch- oder arabischst\u00e4mmig. Fast alle Familien seien arm, viele zerr\u00fcttet. Die t\u00fcrkischen und arabischen Sch\u00fcler seien tonangebend in ihrer Respekt\u00adlosig\u00adkeit gegen\u00fcber Lehrern. Sie bek\u00e4men daf\u00fcr Anerkennung unter ihresgleichen und st\u00e4rkten so ihr Selbstwertgef\u00fchl: \u00bbWenn es bei uns mal sogenannten Unterricht gibt, erleben sie Misserfolge. Also tun sie alles, um ihn zu sabotieren.\u00ab Die deutschen Kinder h\u00e4tten als kleine Minderheit \u00bballe Qualit\u00e4ten, die ein Opfer haben muss\u00ab. Sie m\u00fcssten lernen, \u00bbsich unsichtbar zu machen\u00ab. Sie wollten w\u00e4hrend der Pausen nicht mehr auf den Schulhof, weil drau\u00dfen nur ein Spie\u00dfrutenlauf mit Beschimpfungen und Drohungen auf sie warte. Nicht nur deutsche, auch leistungsbereite t\u00fcrkische und arabische Sch\u00fcler w\u00fcrden von den Wortf\u00fchrern niedergemacht. Ein t\u00fcrkischer Junge, der zu den guten Sch\u00fclern z\u00e4hle, werde als \u00bbschwul\u00ab beschimpft: \u00bbJeder, der irgendwas erreichen will in der Schule, ist der Gegner. Es wird alles gemobbt, was anders ist.\u00ab Auch sie selber ist in dem\u00fctigender und sexistischer Weise angemacht worden.<br \/>\nEs dauert eine Weile, bis die Teilnehmer sich nach Unverzagts Schilderungen fangen. An diesem Samstagmorgen kann man erleben, wie schwer es manchen Linken immer noch f\u00e4llt, offen von den Konflikten des Einwanderungslandes zu reden. Eine Professorin f\u00fcr Rassismusforschung versucht nachzuweisen, dass die \u00bbstrukturell benachteiligten Sch\u00fcler\u00ab t\u00fcrkischer oder arabischer Herkunft per definitionem nicht zum Rassismus f\u00e4hig seien, weil sie ja eine machtlose Minderheit darstellten. Nach dem Bericht von Mechthild Unverzagt wirkt das einigerma\u00dfen bizarr. \u00bbDiese Kinder waren noch nie in einer Minderheitensituation\u00ab, erwidert die Lehrerin.<br \/>\nVielleicht liegt ja darin das Problem. Chris\u00adtian Meyer, selber Lehrer an der Hector-Peterson-Gesamtschule in Kreuzberg und einer der beiden Autoren des Artikels, der die Debatte ins Rollen brachte, spricht von der \u00bbdoppelten Segregationsfalle\u00ab: Nicht nur die Deutschen ziehen aus den \u00bbA-Bezirken\u00ab weg, sondern auch die bildungsbewussten Migranten. Die verbliebenen Sch\u00fcler \u00bbkompensieren Frustrationen und Per\u00adspek\u00adtiv\u00adlosig\u00adkeit durch Macho-Gehabe\u00ab. Sie definierten sich stolz als Nichtdeutsche und blickten verachtend auf Deutsche als Ungl\u00e4ubige, \u00bbSchweinefleischfresser\u00ab und \u2013 wenn es sich um M\u00e4dchen handelt \u2013 \u00bbSchlampen\u00ab. Die trotzige Selbstausgrenzung von Losern, die sich an noch Schw\u00e4cheren abarbeiten, ist f\u00fcr sich nichts Neues \u2013 nur dass die Schw\u00e4cheren jetzt in manchen Berliner Kiezen Deutsche sind. Jagen nicht anderswo deutsche Rechtsradikale Juden, Linke und alles irgendwie Fremde?<br \/>\nMancher bei der Tagung neigt dazu, die Sache allzu schnell wegzuerkl\u00e4ren. Bei dem Verhalten der Jugendlichen m\u00fcsse es sich wohl um die \u00bbR\u00fcckgabe erlebter eigener Diskriminierung\u00ab handeln, sagt ein Teilnehmer. Sofort sind Beispiele zur Hand, bei denen M\u00e4dchen mit Kopft\u00fcchern diskriminiert und arabische Jungs nicht in die Disco gelassen werden. Ein Teilnehmer fordert daraufhin mehr \u00bbLehrer mit Migrationshintergrund\u00ab, andere verlangen eine Nachschulung der P\u00e4dagogen in \u00bbinterkultureller Kompetenz\u00ab, erg\u00e4nzt um die M\u00f6glichkeit f\u00fcr \u00bbausgebrannte Kollegen, sich fr\u00fch pensionieren zu lassen\u00ab. Und auf einmal wendet sich der Verdacht gegen die Lehrer, die von ihrer Ohnmacht erz\u00e4hlt hatten: Sind sie einfach zu wenig \u00bbkultursensibel\u00ab?<br \/>\nChristian Meyer l\u00e4sst das nicht auf sich sitzen. Seit \u00fcber 30 Jahren ist er an der Schule in Kreuzberg, und er hat einen \u00bbinterkulturellen Kalender\u00ab produziert, der die Feste aller Religionen verzeichnet: \u00bbWir haben T\u00fcrkischunterricht, wir machen Fahrten in die T\u00fcrkei, Lehrer haben T\u00fcrkisch gelernt. Gegen die Segregation kommen wir aber mit mehr Interkulturalit\u00e4t alleine nicht an.\u00ab<br \/>\nMeyer macht sich Sorgen, dass neuerdings die religi\u00f6se Differenz zunehmend zur Selbststigmatisierung benutzt wird. Und er m\u00f6chte, dass gerade diejenigen verstehen, wie alarmierend das ist, die sich f\u00fcr die Integration des Islams einsetzen. Wenn die Religion zum Mittel der Abgrenzung wird, spielt das am Ende gerade denjenigen in die H\u00e4nde, die sich darin einig sind, dass der Islam mit westlichen Werten unvereinbar sei: Hasspredigern und Islamophoben.<br \/>\nDas Unbehagen, Deutsche als Opfer von Diskriminierung zu thematisieren, bleibt bei der Tagung bis zum Ende. Mechthild Unverzagt sagt schlie\u00dflich fast reum\u00fctig, sie wolle den politisierten Begriff der Deutschenfeindlichkeit \u00bbnicht mehr h\u00f6ren\u00ab. Sie will sich nicht vor den Karren der Demagogen spannen lassen, die auch ohne Kenntnis der Verh\u00e4ltnisse per Ferndiagnose schon \u00bbden Islam\u00ab als Ursache ausgemacht haben. Aber sie m\u00f6chte doch, dass man zur Kenntnis nimmt, dass ausgerechnet sie, die engagierte Lehrerin, den Hass der Verlierer abbekommt, der dieser Gesellschaft im Ganzen gilt.<br \/>\nWas tun? Gewerkschafter sind nie lange verlegen, Rezepte gegen Benachteiligung zu formulieren. Eine bessere Schule, ganztags und mit mehr Ausstattung, wurde dann auch gefordert, neue Unterrichtsformen, interreligi\u00f6s ausgebildete Lehrer, eine gr\u00f6\u00dfere soziale Mischung. Also genau das, was an der einst als hoffnungslos geltenden R\u00fctli-Schule die Wende gebracht hat. \u00bbEs ist ein Verbrechen, wie das Potenzial dieser Kinder verschwendet wird\u00ab, sagte Mechthild Unverzagt, so als m\u00fcsse sie noch einmal klarstellen, dass die Sch\u00fcler nicht ihre Gegner sind. \u00bbWir brauchen eine Lobby\u00ab, sagt sie fast flehend.<br \/>\nF\u00fcr Lehrer wie Mechthild Unverzagt und Christian Meyer ist es wichtig, in der \u00d6ffentlichkeit Geh\u00f6r zu finden. Sie f\u00fchlen sich alleingelassen. Sie brauchen keine Belehrung \u00fcber die sozialen Ursachen des Mobbings, dem sie und andere ausgesetzt sind. Sie brauchen die Anerkennung, dass bestimmte Verhaltensweisen inakzeptabel sind, auch unter schlimmsten Bedingungen. Und so sind sie am Ende erleichtert, dass die Gewerkschaft die Angst vor der eigenen Courage \u00fcberwunden hat.<br \/>\nDen Kampf mit der neu erstarkenden Rechten in Deutschland und Europa kann man auch so sehen: Wenn dieses Land eine Linke hat, die den \u00f6ffentlichen Raum gegen jeden Rassismus verteidigt \u2013 auch den von Nichtdeutschen \u2013, haben Rechtspopulisten ein Thema weniger.<\/p>\n","protected":false},"excerpt":{"rendered":"<p>Mein Beitrag aus der Zeit von heute \u00fcber die Vorf\u00e4lle an Berliner Schulen und den Versuch der Lehrergewerkschaft, sich einen Begriff von dem Problem des &#8222;Deutschenhasses&#8220; t\u00fcrkisch- und arabischst\u00e4mmiger Sch\u00fcler zu machen. Es ist nicht meine erste Auseinandersetzung mit diesem Thema: Es liegt ein Hauch von Panik in der Luft, als die Lehrerin endlich zu [&hellip;]<\/p>\n","protected":false},"author":54,"featured_media":0,"comment_status":"closed","ping_status":"closed","sticky":false,"template":"","format":"standard","meta":{"jetpack_post_was_ever_published":false,"footnotes":""},"categories":[157,163],"tags":[],"class_list":["post-4219","post","type-post","status-publish","format-standard","hentry","category-die-freunde-und-die-feinde-des-islams","category-integration"],"yoast_head":"<!-- This site is optimized with the Yoast SEO plugin v21.0 - https:\/\/yoast.com\/wordpress\/plugins\/seo\/ -->\n<title>Deutschenfeindlichkeit an Berliner Schulen - J\u00f6rg Lau<\/title>\n<meta name=\"robots\" content=\"index, follow, max-snippet:-1, max-image-preview:large, max-video-preview:-1\" \/>\n<link rel=\"canonical\" href=\"https:\/\/blog.zeit.de\/joerglau\/2010\/10\/07\/deutschenfeindlichkeit-an-berliner-schulen_4219\" \/>\n<meta property=\"og:locale\" content=\"de_DE\" \/>\n<meta property=\"og:type\" content=\"article\" \/>\n<meta property=\"og:title\" content=\"Deutschenfeindlichkeit an Berliner Schulen - J\u00f6rg Lau\" \/>\n<meta property=\"og:description\" content=\"Mein Beitrag aus der Zeit von heute \u00fcber die Vorf\u00e4lle an Berliner Schulen und den Versuch der Lehrergewerkschaft, sich einen Begriff von dem Problem des &#8222;Deutschenhasses&#8220; t\u00fcrkisch- und arabischst\u00e4mmiger Sch\u00fcler zu machen. Es ist nicht meine erste Auseinandersetzung mit diesem Thema: Es liegt ein Hauch von Panik in der Luft, als die Lehrerin endlich zu [&hellip;]\" \/>\n<meta property=\"og:url\" content=\"https:\/\/blog.zeit.de\/joerglau\/2010\/10\/07\/deutschenfeindlichkeit-an-berliner-schulen_4219\" \/>\n<meta property=\"og:site_name\" content=\"J\u00f6rg Lau\" \/>\n<meta property=\"article:published_time\" content=\"2010-10-07T09:51:49+00:00\" \/>\n<meta property=\"article:modified_time\" content=\"2010-10-08T15:38:24+00:00\" \/>\n<meta name=\"author\" content=\"J\u00f6rg Lau\" \/>\n<meta name=\"twitter:card\" content=\"summary_large_image\" \/>\n<meta name=\"twitter:label1\" content=\"Geschrieben von\" \/>\n\t<meta name=\"twitter:data1\" content=\"J\u00f6rg Lau\" \/>\n\t<meta name=\"twitter:label2\" content=\"Gesch\u00e4tzte Lesezeit\" \/>\n\t<meta name=\"twitter:data2\" content=\"7\u00a0Minuten\" \/>\n<script type=\"application\/ld+json\" class=\"yoast-schema-graph\">{\"@context\":\"https:\/\/schema.org\",\"@graph\":[{\"@type\":\"WebPage\",\"@id\":\"https:\/\/blog.zeit.de\/joerglau\/2010\/10\/07\/deutschenfeindlichkeit-an-berliner-schulen_4219\",\"url\":\"https:\/\/blog.zeit.de\/joerglau\/2010\/10\/07\/deutschenfeindlichkeit-an-berliner-schulen_4219\",\"name\":\"Deutschenfeindlichkeit an Berliner Schulen - J\u00f6rg Lau\",\"isPartOf\":{\"@id\":\"https:\/\/blog.zeit.de\/joerglau\/#website\"},\"datePublished\":\"2010-10-07T09:51:49+00:00\",\"dateModified\":\"2010-10-08T15:38:24+00:00\",\"author\":{\"@id\":\"https:\/\/blog.zeit.de\/joerglau\/#\/schema\/person\/55f0be9bfac24815791fbc852b042f57\"},\"breadcrumb\":{\"@id\":\"https:\/\/blog.zeit.de\/joerglau\/2010\/10\/07\/deutschenfeindlichkeit-an-berliner-schulen_4219#breadcrumb\"},\"inLanguage\":\"de\",\"potentialAction\":[{\"@type\":\"ReadAction\",\"target\":[\"https:\/\/blog.zeit.de\/joerglau\/2010\/10\/07\/deutschenfeindlichkeit-an-berliner-schulen_4219\"]}]},{\"@type\":\"BreadcrumbList\",\"@id\":\"https:\/\/blog.zeit.de\/joerglau\/2010\/10\/07\/deutschenfeindlichkeit-an-berliner-schulen_4219#breadcrumb\",\"itemListElement\":[{\"@type\":\"ListItem\",\"position\":1,\"name\":\"Startseite\",\"item\":\"https:\/\/blog.zeit.de\/joerglau\"},{\"@type\":\"ListItem\",\"position\":2,\"name\":\"Deutschenfeindlichkeit an Berliner Schulen\"}]},{\"@type\":\"WebSite\",\"@id\":\"https:\/\/blog.zeit.de\/joerglau\/#website\",\"url\":\"https:\/\/blog.zeit.de\/joerglau\/\",\"name\":\"J\u00f6rg Lau\",\"description\":\"Ein Blog \u00fcber Religion und Politik\",\"potentialAction\":[{\"@type\":\"SearchAction\",\"target\":{\"@type\":\"EntryPoint\",\"urlTemplate\":\"https:\/\/blog.zeit.de\/joerglau\/?s={search_term_string}\"},\"query-input\":\"required name=search_term_string\"}],\"inLanguage\":\"de\"},{\"@type\":\"Person\",\"@id\":\"https:\/\/blog.zeit.de\/joerglau\/#\/schema\/person\/55f0be9bfac24815791fbc852b042f57\",\"name\":\"J\u00f6rg Lau\",\"image\":{\"@type\":\"ImageObject\",\"inLanguage\":\"de\",\"@id\":\"https:\/\/blog.zeit.de\/joerglau\/#\/schema\/person\/image\/\",\"url\":\"https:\/\/secure.gravatar.com\/avatar\/a5fe39bf4f5335b8bac36eefa0b41467221b1598bfea5f05159a0199e391eed0?s=96&d=mm&r=g\",\"contentUrl\":\"https:\/\/secure.gravatar.com\/avatar\/a5fe39bf4f5335b8bac36eefa0b41467221b1598bfea5f05159a0199e391eed0?s=96&d=mm&r=g\",\"caption\":\"J\u00f6rg Lau\"},\"url\":\"https:\/\/blog.zeit.de\/joerglau\/author\/joerg-lau\"}]}<\/script>\n<!-- \/ Yoast SEO plugin. -->","yoast_head_json":{"title":"Deutschenfeindlichkeit an Berliner Schulen - J\u00f6rg Lau","robots":{"index":"index","follow":"follow","max-snippet":"max-snippet:-1","max-image-preview":"max-image-preview:large","max-video-preview":"max-video-preview:-1"},"canonical":"https:\/\/blog.zeit.de\/joerglau\/2010\/10\/07\/deutschenfeindlichkeit-an-berliner-schulen_4219","og_locale":"de_DE","og_type":"article","og_title":"Deutschenfeindlichkeit an Berliner Schulen - J\u00f6rg Lau","og_description":"Mein Beitrag aus der Zeit von heute \u00fcber die Vorf\u00e4lle an Berliner Schulen und den Versuch der Lehrergewerkschaft, sich einen Begriff von dem Problem des &#8222;Deutschenhasses&#8220; t\u00fcrkisch- und arabischst\u00e4mmiger Sch\u00fcler zu machen. Es ist nicht meine erste Auseinandersetzung mit diesem Thema: Es liegt ein Hauch von Panik in der Luft, als die Lehrerin endlich zu [&hellip;]","og_url":"https:\/\/blog.zeit.de\/joerglau\/2010\/10\/07\/deutschenfeindlichkeit-an-berliner-schulen_4219","og_site_name":"J\u00f6rg Lau","article_published_time":"2010-10-07T09:51:49+00:00","article_modified_time":"2010-10-08T15:38:24+00:00","author":"J\u00f6rg Lau","twitter_card":"summary_large_image","twitter_misc":{"Geschrieben von":"J\u00f6rg Lau","Gesch\u00e4tzte Lesezeit":"7\u00a0Minuten"},"schema":{"@context":"https:\/\/schema.org","@graph":[{"@type":"WebPage","@id":"https:\/\/blog.zeit.de\/joerglau\/2010\/10\/07\/deutschenfeindlichkeit-an-berliner-schulen_4219","url":"https:\/\/blog.zeit.de\/joerglau\/2010\/10\/07\/deutschenfeindlichkeit-an-berliner-schulen_4219","name":"Deutschenfeindlichkeit an Berliner Schulen - J\u00f6rg Lau","isPartOf":{"@id":"https:\/\/blog.zeit.de\/joerglau\/#website"},"datePublished":"2010-10-07T09:51:49+00:00","dateModified":"2010-10-08T15:38:24+00:00","author":{"@id":"https:\/\/blog.zeit.de\/joerglau\/#\/schema\/person\/55f0be9bfac24815791fbc852b042f57"},"breadcrumb":{"@id":"https:\/\/blog.zeit.de\/joerglau\/2010\/10\/07\/deutschenfeindlichkeit-an-berliner-schulen_4219#breadcrumb"},"inLanguage":"de","potentialAction":[{"@type":"ReadAction","target":["https:\/\/blog.zeit.de\/joerglau\/2010\/10\/07\/deutschenfeindlichkeit-an-berliner-schulen_4219"]}]},{"@type":"BreadcrumbList","@id":"https:\/\/blog.zeit.de\/joerglau\/2010\/10\/07\/deutschenfeindlichkeit-an-berliner-schulen_4219#breadcrumb","itemListElement":[{"@type":"ListItem","position":1,"name":"Startseite","item":"https:\/\/blog.zeit.de\/joerglau"},{"@type":"ListItem","position":2,"name":"Deutschenfeindlichkeit an Berliner Schulen"}]},{"@type":"WebSite","@id":"https:\/\/blog.zeit.de\/joerglau\/#website","url":"https:\/\/blog.zeit.de\/joerglau\/","name":"J\u00f6rg Lau","description":"Ein Blog \u00fcber Religion und Politik","potentialAction":[{"@type":"SearchAction","target":{"@type":"EntryPoint","urlTemplate":"https:\/\/blog.zeit.de\/joerglau\/?s={search_term_string}"},"query-input":"required name=search_term_string"}],"inLanguage":"de"},{"@type":"Person","@id":"https:\/\/blog.zeit.de\/joerglau\/#\/schema\/person\/55f0be9bfac24815791fbc852b042f57","name":"J\u00f6rg Lau","image":{"@type":"ImageObject","inLanguage":"de","@id":"https:\/\/blog.zeit.de\/joerglau\/#\/schema\/person\/image\/","url":"https:\/\/secure.gravatar.com\/avatar\/a5fe39bf4f5335b8bac36eefa0b41467221b1598bfea5f05159a0199e391eed0?s=96&d=mm&r=g","contentUrl":"https:\/\/secure.gravatar.com\/avatar\/a5fe39bf4f5335b8bac36eefa0b41467221b1598bfea5f05159a0199e391eed0?s=96&d=mm&r=g","caption":"J\u00f6rg Lau"},"url":"https:\/\/blog.zeit.de\/joerglau\/author\/joerg-lau"}]}},"jetpack_featured_media_url":"","jetpack_sharing_enabled":true,"jetpack_shortlink":"https:\/\/wp.me\/pG02W-163","_links":{"self":[{"href":"https:\/\/blog.zeit.de\/joerglau\/wp-json\/wp\/v2\/posts\/4219","targetHints":{"allow":["GET"]}}],"collection":[{"href":"https:\/\/blog.zeit.de\/joerglau\/wp-json\/wp\/v2\/posts"}],"about":[{"href":"https:\/\/blog.zeit.de\/joerglau\/wp-json\/wp\/v2\/types\/post"}],"author":[{"embeddable":true,"href":"https:\/\/blog.zeit.de\/joerglau\/wp-json\/wp\/v2\/users\/54"}],"replies":[{"embeddable":true,"href":"https:\/\/blog.zeit.de\/joerglau\/wp-json\/wp\/v2\/comments?post=4219"}],"version-history":[{"count":4,"href":"https:\/\/blog.zeit.de\/joerglau\/wp-json\/wp\/v2\/posts\/4219\/revisions"}],"predecessor-version":[{"id":4225,"href":"https:\/\/blog.zeit.de\/joerglau\/wp-json\/wp\/v2\/posts\/4219\/revisions\/4225"}],"wp:attachment":[{"href":"https:\/\/blog.zeit.de\/joerglau\/wp-json\/wp\/v2\/media?parent=4219"}],"wp:term":[{"taxonomy":"category","embeddable":true,"href":"https:\/\/blog.zeit.de\/joerglau\/wp-json\/wp\/v2\/categories?post=4219"},{"taxonomy":"post_tag","embeddable":true,"href":"https:\/\/blog.zeit.de\/joerglau\/wp-json\/wp\/v2\/tags?post=4219"}],"curies":[{"name":"wp","href":"https:\/\/api.w.org\/{rel}","templated":true}]}}